{"id":27546,"date":"2016-03-31T14:03:51","date_gmt":"2016-03-31T12:03:51","guid":{"rendered":"https:\/\/nueva.hijasdejesus.org\/plans-for-the-3rd-international-encounter-of-the-lay\/"},"modified":"2016-03-31T14:03:51","modified_gmt":"2016-03-31T12:03:51","slug":"plans-for-the-3rd-international-encounter-of-the-lay","status":"publish","type":"post","link":"https:\/\/hijasdejesus.org\/en\/plans-for-the-3rd-international-encounter-of-the-lay\/","title":{"rendered":"Plans for the 3rd International Encounter of the Lay"},"content":{"rendered":"<\/p>\n<p>Good day everyone!<br \/>I am Eleazar D. Solas (Caesar) from the Philippines. I was one of the participants of the 2nd International Encounter of the Lay in Belo Horizonte, Brazil last 2012.<br \/>Following this beautiful tradition of the Family of St. Mother Candida, we (the lay in the Philippine Region of Indico-Pacific Province), initiate plans for the 3rd International Encounter which we hope to hold here in the Philippines. We hope to involve all of you in this planning process.<br \/>Thus, please give us your comments with regard to our initial theme and objectives. Please send us your suggestions, additions or affirmations. We will truly be glad to hear from all of you.<br \/>Please indicate your NAME and COUNTRY, along with your reply.<br \/>Thank you! Obrigada! Gracias! Salamat!<\/p>\n<p>This is our proposed THEME:<br \/>Shared Mission: Family of Mother Candida United by her Charism and Spirituality<br \/>These are our OBJECTIVES:<br \/>1. To reflect and deepen our understanding and appreciation of Shared Mission in our lives as members of the family of Mother Candida (taken from the Letter of the Superior General to the Lay No. 7)<br \/>2. To heartily accept the call of the Church to be \u201cthe family of Mother Candida\u201d in the two distinct vocations (taken from 17th GC No. 24)<br \/>3. To strengthen networks and sense of union among the members of the family of Mother Candida (taken from the Final Words of the Superior General during the 2nd IEL)<br \/>Below are the members of the team, together with our Provincial Superior, Sr. Thelma Barbarona (seated at the center). This was taken during our first meeting.<\/p>\n","protected":false},"excerpt":{"rendered":"<p>Good day everyone!I am Eleazar D. Solas (Caesar) from the Philippines. I was one of the participants of the 2nd International Encounter of the Lay in Belo Horizonte, Brazil last 2012.Following this beautiful tradition of the Family of St. Mother Candida, we (the lay in the Philippine Region of Indico-Pacific Province), initiate plans for the [&hellip;]<\/p>\n","protected":false},"author":28,"featured_media":7082,"comment_status":"","ping_status":"closed","sticky":false,"template":"","format":"standard","meta":{"_et_pb_use_builder":"","_et_pb_old_content":"","_et_gb_content_width":"","footnotes":"","_links_to":"","_links_to_target":""},"categories":[538,412],"tags":[],"class_list":["post-27546","post","type-post","status-publish","format-standard","has-post-thumbnail","hentry","category-lay-people","category-news"],"yoast_head":"<!-- This site is optimized with the Yoast SEO plugin v27.5 - https:\/\/yoast.com\/product\/yoast-seo-wordpress\/ -->\n<title>Plans for the 3rd International Encounter of the Lay - Hijas de Jes\u00fas<\/title>\n<meta name=\"robots\" content=\"index, follow, max-snippet:-1, max-image-preview:large, max-video-preview:-1\" \/>\n<link rel=\"canonical\" href=\"https:\/\/hijasdejesus.org\/en\/plans-for-the-3rd-international-encounter-of-the-lay\/\" \/>\n<meta property=\"og:locale\" content=\"en_US\" \/>\n<meta property=\"og:type\" content=\"article\" \/>\n<meta property=\"og:title\" content=\"Plans for the 3rd International Encounter of the Lay - Hijas de Jes\u00fas\" \/>\n<meta property=\"og:description\" content=\"Good day everyone!I am Eleazar D. Solas (Caesar) from the Philippines. I was one of the participants of the 2nd International Encounter of the Lay in Belo Horizonte, Brazil last 2012.Following this beautiful tradition of the Family of St. Mother Candida, we (the lay in the Philippine Region of Indico-Pacific Province), initiate plans for the [&hellip;]\" \/>\n<meta property=\"og:url\" content=\"https:\/\/hijasdejesus.org\/en\/plans-for-the-3rd-international-encounter-of-the-lay\/\" \/>\n<meta property=\"og:site_name\" content=\"Hijas de Jes\u00fas\" \/>\n<meta property=\"article:publisher\" content=\"https:\/\/www.facebook.com\/hijasdejesusenelmundo\/\" \/>\n<meta property=\"article:published_time\" content=\"2016-03-31T12:03:51+00:00\" \/>\n<meta property=\"og:image\" content=\"https:\/\/hijasdejesus.org\/wp-content\/uploads\/2016\/03\/core_group.jpg\" \/>\n\t<meta property=\"og:image:width\" content=\"526\" \/>\n\t<meta property=\"og:image:height\" content=\"394\" \/>\n\t<meta property=\"og:image:type\" content=\"image\/jpeg\" \/>\n<meta name=\"author\" content=\"Webmaster\" \/>\n<meta name=\"twitter:card\" content=\"summary_large_image\" \/>\n<meta name=\"twitter:creator\" content=\"@hijasdjesus\" \/>\n<meta name=\"twitter:site\" content=\"@hijasdjesus\" \/>\n<meta name=\"twitter:label1\" content=\"Written by\" \/>\n\t<meta name=\"twitter:data1\" content=\"Webmaster\" \/>\n\t<meta name=\"twitter:label2\" content=\"Est. reading time\" \/>\n\t<meta name=\"twitter:data2\" content=\"1 minute\" \/>\n<script type=\"application\/ld+json\" class=\"yoast-schema-graph\">{\"@context\":\"https:\\\/\\\/schema.org\",\"@graph\":[{\"@type\":\"Article\",\"@id\":\"https:\\\/\\\/hijasdejesus.org\\\/en\\\/plans-for-the-3rd-international-encounter-of-the-lay\\\/#article\",\"isPartOf\":{\"@id\":\"https:\\\/\\\/hijasdejesus.org\\\/en\\\/plans-for-the-3rd-international-encounter-of-the-lay\\\/\"},\"author\":{\"name\":\"Webmaster\",\"@id\":\"https:\\\/\\\/hijasdejesus.org\\\/en\\\/#\\\/schema\\\/person\\\/ce4455965da733f2791f23b6ec14e9b6\"},\"headline\":\"Plans for the 3rd International Encounter of the Lay\",\"datePublished\":\"2016-03-31T12:03:51+00:00\",\"mainEntityOfPage\":{\"@id\":\"https:\\\/\\\/hijasdejesus.org\\\/en\\\/plans-for-the-3rd-international-encounter-of-the-lay\\\/\"},\"wordCount\":270,\"publisher\":{\"@id\":\"https:\\\/\\\/hijasdejesus.org\\\/en\\\/#organization\"},\"image\":{\"@id\":\"https:\\\/\\\/hijasdejesus.org\\\/en\\\/plans-for-the-3rd-international-encounter-of-the-lay\\\/#primaryimage\"},\"thumbnailUrl\":\"https:\\\/\\\/hijasdejesus.org\\\/wp-content\\\/uploads\\\/2016\\\/03\\\/core_group.jpg\",\"articleSection\":[\"lay people\",\"News\"],\"inLanguage\":\"en-US\"},{\"@type\":\"WebPage\",\"@id\":\"https:\\\/\\\/hijasdejesus.org\\\/en\\\/plans-for-the-3rd-international-encounter-of-the-lay\\\/\",\"url\":\"https:\\\/\\\/hijasdejesus.org\\\/en\\\/plans-for-the-3rd-international-encounter-of-the-lay\\\/\",\"name\":\"Plans for the 3rd International Encounter of the Lay - Hijas de Jes\u00fas\",\"isPartOf\":{\"@id\":\"https:\\\/\\\/hijasdejesus.org\\\/en\\\/#website\"},\"primaryImageOfPage\":{\"@id\":\"https:\\\/\\\/hijasdejesus.org\\\/en\\\/plans-for-the-3rd-international-encounter-of-the-lay\\\/#primaryimage\"},\"image\":{\"@id\":\"https:\\\/\\\/hijasdejesus.org\\\/en\\\/plans-for-the-3rd-international-encounter-of-the-lay\\\/#primaryimage\"},\"thumbnailUrl\":\"https:\\\/\\\/hijasdejesus.org\\\/wp-content\\\/uploads\\\/2016\\\/03\\\/core_group.jpg\",\"datePublished\":\"2016-03-31T12:03:51+00:00\",\"breadcrumb\":{\"@id\":\"https:\\\/\\\/hijasdejesus.org\\\/en\\\/plans-for-the-3rd-international-encounter-of-the-lay\\\/#breadcrumb\"},\"inLanguage\":\"en-US\",\"potentialAction\":[{\"@type\":\"ReadAction\",\"target\":[\"https:\\\/\\\/hijasdejesus.org\\\/en\\\/plans-for-the-3rd-international-encounter-of-the-lay\\\/\"]}]},{\"@type\":\"ImageObject\",\"inLanguage\":\"en-US\",\"@id\":\"https:\\\/\\\/hijasdejesus.org\\\/en\\\/plans-for-the-3rd-international-encounter-of-the-lay\\\/#primaryimage\",\"url\":\"https:\\\/\\\/hijasdejesus.org\\\/wp-content\\\/uploads\\\/2016\\\/03\\\/core_group.jpg\",\"contentUrl\":\"https:\\\/\\\/hijasdejesus.org\\\/wp-content\\\/uploads\\\/2016\\\/03\\\/core_group.jpg\",\"width\":526,\"height\":394},{\"@type\":\"BreadcrumbList\",\"@id\":\"https:\\\/\\\/hijasdejesus.org\\\/en\\\/plans-for-the-3rd-international-encounter-of-the-lay\\\/#breadcrumb\",\"itemListElement\":[{\"@type\":\"ListItem\",\"position\":1,\"name\":\"Portada\",\"item\":\"https:\\\/\\\/hijasdejesus.org\\\/en\\\/\"},{\"@type\":\"ListItem\",\"position\":2,\"name\":\"Plans for the 3rd International Encounter of the Lay\"}]},{\"@type\":\"WebSite\",\"@id\":\"https:\\\/\\\/hijasdejesus.org\\\/en\\\/#website\",\"url\":\"https:\\\/\\\/hijasdejesus.org\\\/en\\\/\",\"name\":\"Hijas de Jes\u00fas\",\"description\":\"Despertamos a Jes\u00fas en el coraz\u00f3n, sacando lo mejor de las personas. Somos una congregaci\u00f3n religiosa ignaciana fundada por la Madre Candida\",\"publisher\":{\"@id\":\"https:\\\/\\\/hijasdejesus.org\\\/en\\\/#organization\"},\"potentialAction\":[{\"@type\":\"SearchAction\",\"target\":{\"@type\":\"EntryPoint\",\"urlTemplate\":\"https:\\\/\\\/hijasdejesus.org\\\/en\\\/?s={search_term_string}\"},\"query-input\":{\"@type\":\"PropertyValueSpecification\",\"valueRequired\":true,\"valueName\":\"search_term_string\"}}],\"inLanguage\":\"en-US\"},{\"@type\":\"Organization\",\"@id\":\"https:\\\/\\\/hijasdejesus.org\\\/en\\\/#organization\",\"name\":\"Hijas de Jes\u00fas\",\"url\":\"https:\\\/\\\/hijasdejesus.org\\\/en\\\/\",\"logo\":{\"@type\":\"ImageObject\",\"inLanguage\":\"en-US\",\"@id\":\"https:\\\/\\\/hijasdejesus.org\\\/en\\\/#\\\/schema\\\/logo\\\/image\\\/\",\"url\":\"https:\\\/\\\/hijasdejesus.org\\\/wp-content\\\/uploads\\\/2023\\\/01\\\/Hijas-de-Jesus_hor-A7C957.png\",\"contentUrl\":\"https:\\\/\\\/hijasdejesus.org\\\/wp-content\\\/uploads\\\/2023\\\/01\\\/Hijas-de-Jesus_hor-A7C957.png\",\"width\":700,\"height\":360,\"caption\":\"Hijas de Jes\u00fas\"},\"image\":{\"@id\":\"https:\\\/\\\/hijasdejesus.org\\\/en\\\/#\\\/schema\\\/logo\\\/image\\\/\"},\"sameAs\":[\"https:\\\/\\\/www.facebook.com\\\/hijasdejesusenelmundo\\\/\",\"https:\\\/\\\/x.com\\\/hijasdjesus\"]},{\"@type\":\"Person\",\"@id\":\"https:\\\/\\\/hijasdejesus.org\\\/en\\\/#\\\/schema\\\/person\\\/ce4455965da733f2791f23b6ec14e9b6\",\"name\":\"Webmaster\",\"image\":{\"@type\":\"ImageObject\",\"inLanguage\":\"en-US\",\"@id\":\"https:\\\/\\\/secure.gravatar.com\\\/avatar\\\/cfd0acaac86c3981d541d2e99a0ffb7b6d33a5ac8989a62f5518b9e0f7ee128a?s=96&d=mm&r=g\",\"url\":\"https:\\\/\\\/secure.gravatar.com\\\/avatar\\\/cfd0acaac86c3981d541d2e99a0ffb7b6d33a5ac8989a62f5518b9e0f7ee128a?s=96&d=mm&r=g\",\"contentUrl\":\"https:\\\/\\\/secure.gravatar.com\\\/avatar\\\/cfd0acaac86c3981d541d2e99a0ffb7b6d33a5ac8989a62f5518b9e0f7ee128a?s=96&d=mm&r=g\",\"caption\":\"Webmaster\"},\"url\":\"https:\\\/\\\/hijasdejesus.org\\\/en\\\/author\\\/webmaster\\\/\"}]}<\/script>\n<!-- \/ Yoast SEO plugin. -->","yoast_head_json":{"title":"Plans for the 3rd International Encounter of the Lay - Hijas de Jes\u00fas","robots":{"index":"index","follow":"follow","max-snippet":"max-snippet:-1","max-image-preview":"max-image-preview:large","max-video-preview":"max-video-preview:-1"},"canonical":"https:\/\/hijasdejesus.org\/en\/plans-for-the-3rd-international-encounter-of-the-lay\/","og_locale":"en_US","og_type":"article","og_title":"Plans for the 3rd International Encounter of the Lay - Hijas de Jes\u00fas","og_description":"Good day everyone!I am Eleazar D. Solas (Caesar) from the Philippines. I was one of the participants of the 2nd International Encounter of the Lay in Belo Horizonte, Brazil last 2012.Following this beautiful tradition of the Family of St. Mother Candida, we (the lay in the Philippine Region of Indico-Pacific Province), initiate plans for the [&hellip;]","og_url":"https:\/\/hijasdejesus.org\/en\/plans-for-the-3rd-international-encounter-of-the-lay\/","og_site_name":"Hijas de Jes\u00fas","article_publisher":"https:\/\/www.facebook.com\/hijasdejesusenelmundo\/","article_published_time":"2016-03-31T12:03:51+00:00","og_image":[{"width":526,"height":394,"url":"https:\/\/hijasdejesus.org\/wp-content\/uploads\/2016\/03\/core_group.jpg","type":"image\/jpeg"}],"author":"Webmaster","twitter_card":"summary_large_image","twitter_creator":"@hijasdjesus","twitter_site":"@hijasdjesus","twitter_misc":{"Written by":"Webmaster","Est. reading time":"1 minute"},"schema":{"@context":"https:\/\/schema.org","@graph":[{"@type":"Article","@id":"https:\/\/hijasdejesus.org\/en\/plans-for-the-3rd-international-encounter-of-the-lay\/#article","isPartOf":{"@id":"https:\/\/hijasdejesus.org\/en\/plans-for-the-3rd-international-encounter-of-the-lay\/"},"author":{"name":"Webmaster","@id":"https:\/\/hijasdejesus.org\/en\/#\/schema\/person\/ce4455965da733f2791f23b6ec14e9b6"},"headline":"Plans for the 3rd International Encounter of the Lay","datePublished":"2016-03-31T12:03:51+00:00","mainEntityOfPage":{"@id":"https:\/\/hijasdejesus.org\/en\/plans-for-the-3rd-international-encounter-of-the-lay\/"},"wordCount":270,"publisher":{"@id":"https:\/\/hijasdejesus.org\/en\/#organization"},"image":{"@id":"https:\/\/hijasdejesus.org\/en\/plans-for-the-3rd-international-encounter-of-the-lay\/#primaryimage"},"thumbnailUrl":"https:\/\/hijasdejesus.org\/wp-content\/uploads\/2016\/03\/core_group.jpg","articleSection":["lay people","News"],"inLanguage":"en-US"},{"@type":"WebPage","@id":"https:\/\/hijasdejesus.org\/en\/plans-for-the-3rd-international-encounter-of-the-lay\/","url":"https:\/\/hijasdejesus.org\/en\/plans-for-the-3rd-international-encounter-of-the-lay\/","name":"Plans for the 3rd International Encounter of the Lay - Hijas de Jes\u00fas","isPartOf":{"@id":"https:\/\/hijasdejesus.org\/en\/#website"},"primaryImageOfPage":{"@id":"https:\/\/hijasdejesus.org\/en\/plans-for-the-3rd-international-encounter-of-the-lay\/#primaryimage"},"image":{"@id":"https:\/\/hijasdejesus.org\/en\/plans-for-the-3rd-international-encounter-of-the-lay\/#primaryimage"},"thumbnailUrl":"https:\/\/hijasdejesus.org\/wp-content\/uploads\/2016\/03\/core_group.jpg","datePublished":"2016-03-31T12:03:51+00:00","breadcrumb":{"@id":"https:\/\/hijasdejesus.org\/en\/plans-for-the-3rd-international-encounter-of-the-lay\/#breadcrumb"},"inLanguage":"en-US","potentialAction":[{"@type":"ReadAction","target":["https:\/\/hijasdejesus.org\/en\/plans-for-the-3rd-international-encounter-of-the-lay\/"]}]},{"@type":"ImageObject","inLanguage":"en-US","@id":"https:\/\/hijasdejesus.org\/en\/plans-for-the-3rd-international-encounter-of-the-lay\/#primaryimage","url":"https:\/\/hijasdejesus.org\/wp-content\/uploads\/2016\/03\/core_group.jpg","contentUrl":"https:\/\/hijasdejesus.org\/wp-content\/uploads\/2016\/03\/core_group.jpg","width":526,"height":394},{"@type":"BreadcrumbList","@id":"https:\/\/hijasdejesus.org\/en\/plans-for-the-3rd-international-encounter-of-the-lay\/#breadcrumb","itemListElement":[{"@type":"ListItem","position":1,"name":"Portada","item":"https:\/\/hijasdejesus.org\/en\/"},{"@type":"ListItem","position":2,"name":"Plans for the 3rd International Encounter of the Lay"}]},{"@type":"WebSite","@id":"https:\/\/hijasdejesus.org\/en\/#website","url":"https:\/\/hijasdejesus.org\/en\/","name":"Hijas de Jes\u00fas","description":"Despertamos a Jes\u00fas en el coraz\u00f3n, sacando lo mejor de las personas. Somos una congregaci\u00f3n religiosa ignaciana fundada por la Madre Candida","publisher":{"@id":"https:\/\/hijasdejesus.org\/en\/#organization"},"potentialAction":[{"@type":"SearchAction","target":{"@type":"EntryPoint","urlTemplate":"https:\/\/hijasdejesus.org\/en\/?s={search_term_string}"},"query-input":{"@type":"PropertyValueSpecification","valueRequired":true,"valueName":"search_term_string"}}],"inLanguage":"en-US"},{"@type":"Organization","@id":"https:\/\/hijasdejesus.org\/en\/#organization","name":"Hijas de Jes\u00fas","url":"https:\/\/hijasdejesus.org\/en\/","logo":{"@type":"ImageObject","inLanguage":"en-US","@id":"https:\/\/hijasdejesus.org\/en\/#\/schema\/logo\/image\/","url":"https:\/\/hijasdejesus.org\/wp-content\/uploads\/2023\/01\/Hijas-de-Jesus_hor-A7C957.png","contentUrl":"https:\/\/hijasdejesus.org\/wp-content\/uploads\/2023\/01\/Hijas-de-Jesus_hor-A7C957.png","width":700,"height":360,"caption":"Hijas de Jes\u00fas"},"image":{"@id":"https:\/\/hijasdejesus.org\/en\/#\/schema\/logo\/image\/"},"sameAs":["https:\/\/www.facebook.com\/hijasdejesusenelmundo\/","https:\/\/x.com\/hijasdjesus"]},{"@type":"Person","@id":"https:\/\/hijasdejesus.org\/en\/#\/schema\/person\/ce4455965da733f2791f23b6ec14e9b6","name":"Webmaster","image":{"@type":"ImageObject","inLanguage":"en-US","@id":"https:\/\/secure.gravatar.com\/avatar\/cfd0acaac86c3981d541d2e99a0ffb7b6d33a5ac8989a62f5518b9e0f7ee128a?s=96&d=mm&r=g","url":"https:\/\/secure.gravatar.com\/avatar\/cfd0acaac86c3981d541d2e99a0ffb7b6d33a5ac8989a62f5518b9e0f7ee128a?s=96&d=mm&r=g","contentUrl":"https:\/\/secure.gravatar.com\/avatar\/cfd0acaac86c3981d541d2e99a0ffb7b6d33a5ac8989a62f5518b9e0f7ee128a?s=96&d=mm&r=g","caption":"Webmaster"},"url":"https:\/\/hijasdejesus.org\/en\/author\/webmaster\/"}]}},"_links":{"self":[{"href":"https:\/\/hijasdejesus.org\/en\/wp-json\/wp\/v2\/posts\/27546","targetHints":{"allow":["GET"]}}],"collection":[{"href":"https:\/\/hijasdejesus.org\/en\/wp-json\/wp\/v2\/posts"}],"about":[{"href":"https:\/\/hijasdejesus.org\/en\/wp-json\/wp\/v2\/types\/post"}],"author":[{"embeddable":true,"href":"https:\/\/hijasdejesus.org\/en\/wp-json\/wp\/v2\/users\/28"}],"replies":[{"embeddable":true,"href":"https:\/\/hijasdejesus.org\/en\/wp-json\/wp\/v2\/comments?post=27546"}],"version-history":[{"count":0,"href":"https:\/\/hijasdejesus.org\/en\/wp-json\/wp\/v2\/posts\/27546\/revisions"}],"wp:featuredmedia":[{"embeddable":true,"href":"https:\/\/hijasdejesus.org\/en\/wp-json\/wp\/v2\/media\/7082"}],"wp:attachment":[{"href":"https:\/\/hijasdejesus.org\/en\/wp-json\/wp\/v2\/media?parent=27546"}],"wp:term":[{"taxonomy":"category","embeddable":true,"href":"https:\/\/hijasdejesus.org\/en\/wp-json\/wp\/v2\/categories?post=27546"},{"taxonomy":"post_tag","embeddable":true,"href":"https:\/\/hijasdejesus.org\/en\/wp-json\/wp\/v2\/tags?post=27546"}],"curies":[{"name":"wp","href":"https:\/\/api.w.org\/{rel}","templated":true}]}}