{"id":27606,"date":"2016-04-20T10:28:35","date_gmt":"2016-04-20T08:28:35","guid":{"rendered":"https:\/\/nueva.hijasdejesus.org\/initial-plans-for-3rd-international-encounter-of-the-lay\/"},"modified":"2016-04-20T10:28:35","modified_gmt":"2016-04-20T08:28:35","slug":"initial-plans-for-3rd-international-encounter-of-the-lay","status":"publish","type":"post","link":"https:\/\/hijasdejesus.org\/en\/initial-plans-for-3rd-international-encounter-of-the-lay\/","title":{"rendered":"INITIAL PLANS FOR 3RD INTERNATIONAL ENCOUNTER OF THE LAY"},"content":{"rendered":"<p>A group of lay collaborators and educators from the different mission areas and schools of the Hijas de Jesus Congregation in the Philippines came together to meet last March 12 \u2013 13, 2016 at the Manresa Retreat House in Banawe, Quezon City. The meeting was focused on the initial planning for the 3rd International Encounter of the Lay which was tentatively proposed to be held in the Philippines in 2018. <br \/>In order for the group to be grounded, a brief background regarding the formation of F.I. \u2013 Lay Integration Team was traced. Moreover, a story was told on how the previous international lay encounters were presented by those who have personally experienced the said encounters. To have direction, Mr. Eleazar D. Solas, as the facilitator, determined the priority matters to be tackled, which include the possible venue, activities, itinerary, and working committees. The group had a brainstorming on the theme and objectives based on the challenges presented in the 2nd IEL, the 17th General Congregation and the Letter of Mother General to the Lay No. 7. <br \/>It was noted that the 1st International Lay Encounter was held in Salamanca, Spain in 2006 with the theme: Tracing the Footsteps of Mother Candida. Several years later, in 2012, the 2nd International Lay Encounter was held in Belo Horizonte, Brazil which focused on the theme: Charism, Life and Mission in the Style of Saint Candida Maria de Jesus. For the 3rd International Lay Encounter, the team proposed the following:<\/p>\n<p>THEME:<br \/><strong>Shared Mission: Family of Mother Candida United by her Charism and Spirituality<\/strong><\/p>\n<p>OBJECTIVES:<br \/>1. To reflect and deepen our understanding and appreciation of Shared Mission in our lives as members of the family of Mother Candida (taken from the Letter of the Superior General to the Lay No. 7)<br \/>2. To heartily accept the call of the Church to be \u201cthe family of Mother Candida\u201d in the two distinct vocations (taken from 17th GC No. 24)<br \/>3. To strengthen networks and sense of union among the members of the family of Mother Candida (taken from the Final Words of the Superior General during the 2nd IEL)<\/p>\n<p>These initial theme and objectives are open for further discussion and recommendations of other lay groups who follow the charism of Mother Candida from all parts of the world. The team requests that the lay groups in other FI provinces\/ countries will comment and make suggestions on the presented theme and objectives. (Comments may be sent to Mr. Eleazar D. at <strong><a href=\"mailto:caesarcmf@gmail.com\" target=\"_blank\" rel=\"noopener\">caesarcmf@gmail.com<\/a><\/strong> or to the Facebook group of Laicos Leigos Lays Espiritualidad\u00a0 M. C\u00e1ndida at <strong><a href=\"https:\/\/www.facebook.com\/groups\/487604741274798\" target=\"_blank\" rel=\"noopener\">https:\/\/www.facebook.com\/groups\/487604741274798<\/a><\/strong>). The suggestions of other lay groups are very significant in planning the contents and activities to be included in the said event.\u00a0 The team hopes to receive these suggestions before its next meeting on July 2016. <br \/>The group is facilitated by Mr. Eleazar D. Solas of Manresa School with the guidance of Sr. Emelinda C. Falsis, FI, who represents the F.I. sisters in the team. The other members of the organizing team are Beny F. Castillon, Brenda T. Garces, Christopher D. Lagong, Francis N. Esmetalda, Krisna C. Gregorios, Marites A. Bola\u00f1os, Rodilla L. Tumanda, and Yolanda N. Cruz. Other members who were not able to join the initial meeting are Noreen Yu-Tan, Dr. Linda Que, and Melissa A. Kuo.<\/p>\n","protected":false},"excerpt":{"rendered":"<p>A group of lay collaborators and educators from the different mission areas and schools of the Hijas de Jesus Congregation in the Philippines came together to meet last March 12 \u2013 13, 2016 at the Manresa Retreat House in Banawe, Quezon City. The meeting was focused on the initial planning for the 3rd International Encounter [&hellip;]<\/p>\n","protected":false},"author":28,"featured_media":12523,"comment_status":"","ping_status":"closed","sticky":false,"template":"","format":"standard","meta":{"_et_pb_use_builder":"","_et_pb_old_content":"","_et_gb_content_width":"","footnotes":"","_links_to":"","_links_to_target":""},"categories":[554,538,412],"tags":[],"class_list":["post-27606","post","type-post","status-publish","format-standard","has-post-thumbnail","hentry","category-indico-pacific","category-lay-people","category-news"],"yoast_head":"<!-- This site is optimized with the Yoast SEO plugin v27.5 - https:\/\/yoast.com\/product\/yoast-seo-wordpress\/ -->\n<title>INITIAL PLANS FOR 3RD INTERNATIONAL ENCOUNTER OF THE LAY - Hijas de Jes\u00fas<\/title>\n<meta name=\"robots\" content=\"index, follow, max-snippet:-1, max-image-preview:large, max-video-preview:-1\" \/>\n<link rel=\"canonical\" href=\"https:\/\/hijasdejesus.org\/en\/initial-plans-for-3rd-international-encounter-of-the-lay\/\" \/>\n<meta property=\"og:locale\" content=\"en_US\" \/>\n<meta property=\"og:type\" content=\"article\" \/>\n<meta property=\"og:title\" content=\"INITIAL PLANS FOR 3RD INTERNATIONAL ENCOUNTER OF THE LAY - Hijas de Jes\u00fas\" \/>\n<meta property=\"og:description\" content=\"A group of lay collaborators and educators from the different mission areas and schools of the Hijas de Jesus Congregation in the Philippines came together to meet last March 12 \u2013 13, 2016 at the Manresa Retreat House in Banawe, Quezon City. The meeting was focused on the initial planning for the 3rd International Encounter [&hellip;]\" \/>\n<meta property=\"og:url\" content=\"https:\/\/hijasdejesus.org\/en\/initial-plans-for-3rd-international-encounter-of-the-lay\/\" \/>\n<meta property=\"og:site_name\" content=\"Hijas de Jes\u00fas\" \/>\n<meta property=\"article:publisher\" content=\"https:\/\/www.facebook.com\/hijasdejesusenelmundo\/\" \/>\n<meta property=\"article:published_time\" content=\"2016-04-20T08:28:35+00:00\" \/>\n<meta property=\"og:image\" content=\"https:\/\/hijasdejesus.org\/wp-content\/uploads\/2016\/04\/core_group.jpg\" \/>\n\t<meta property=\"og:image:width\" content=\"1\" \/>\n\t<meta property=\"og:image:height\" content=\"1\" \/>\n\t<meta property=\"og:image:type\" content=\"image\/jpeg\" \/>\n<meta name=\"author\" content=\"Webmaster\" \/>\n<meta name=\"twitter:card\" content=\"summary_large_image\" \/>\n<meta name=\"twitter:creator\" content=\"@hijasdjesus\" \/>\n<meta name=\"twitter:site\" content=\"@hijasdjesus\" \/>\n<meta name=\"twitter:label1\" content=\"Written by\" \/>\n\t<meta name=\"twitter:data1\" content=\"Webmaster\" \/>\n\t<meta name=\"twitter:label2\" content=\"Est. reading time\" \/>\n\t<meta name=\"twitter:data2\" content=\"3 minutes\" \/>\n<script type=\"application\/ld+json\" class=\"yoast-schema-graph\">{\"@context\":\"https:\\\/\\\/schema.org\",\"@graph\":[{\"@type\":\"Article\",\"@id\":\"https:\\\/\\\/hijasdejesus.org\\\/en\\\/initial-plans-for-3rd-international-encounter-of-the-lay\\\/#article\",\"isPartOf\":{\"@id\":\"https:\\\/\\\/hijasdejesus.org\\\/en\\\/initial-plans-for-3rd-international-encounter-of-the-lay\\\/\"},\"author\":{\"name\":\"Webmaster\",\"@id\":\"https:\\\/\\\/hijasdejesus.org\\\/en\\\/#\\\/schema\\\/person\\\/ce4455965da733f2791f23b6ec14e9b6\"},\"headline\":\"INITIAL PLANS FOR 3RD INTERNATIONAL ENCOUNTER OF THE LAY\",\"datePublished\":\"2016-04-20T08:28:35+00:00\",\"mainEntityOfPage\":{\"@id\":\"https:\\\/\\\/hijasdejesus.org\\\/en\\\/initial-plans-for-3rd-international-encounter-of-the-lay\\\/\"},\"wordCount\":552,\"publisher\":{\"@id\":\"https:\\\/\\\/hijasdejesus.org\\\/en\\\/#organization\"},\"image\":{\"@id\":\"https:\\\/\\\/hijasdejesus.org\\\/en\\\/initial-plans-for-3rd-international-encounter-of-the-lay\\\/#primaryimage\"},\"thumbnailUrl\":\"https:\\\/\\\/hijasdejesus.org\\\/wp-content\\\/uploads\\\/2016\\\/04\\\/core_group.jpg\",\"articleSection\":[\"Indico-Pacific\",\"lay people\",\"News\"],\"inLanguage\":\"en-US\"},{\"@type\":\"WebPage\",\"@id\":\"https:\\\/\\\/hijasdejesus.org\\\/en\\\/initial-plans-for-3rd-international-encounter-of-the-lay\\\/\",\"url\":\"https:\\\/\\\/hijasdejesus.org\\\/en\\\/initial-plans-for-3rd-international-encounter-of-the-lay\\\/\",\"name\":\"INITIAL PLANS FOR 3RD INTERNATIONAL ENCOUNTER OF THE LAY - Hijas de Jes\u00fas\",\"isPartOf\":{\"@id\":\"https:\\\/\\\/hijasdejesus.org\\\/en\\\/#website\"},\"primaryImageOfPage\":{\"@id\":\"https:\\\/\\\/hijasdejesus.org\\\/en\\\/initial-plans-for-3rd-international-encounter-of-the-lay\\\/#primaryimage\"},\"image\":{\"@id\":\"https:\\\/\\\/hijasdejesus.org\\\/en\\\/initial-plans-for-3rd-international-encounter-of-the-lay\\\/#primaryimage\"},\"thumbnailUrl\":\"https:\\\/\\\/hijasdejesus.org\\\/wp-content\\\/uploads\\\/2016\\\/04\\\/core_group.jpg\",\"datePublished\":\"2016-04-20T08:28:35+00:00\",\"breadcrumb\":{\"@id\":\"https:\\\/\\\/hijasdejesus.org\\\/en\\\/initial-plans-for-3rd-international-encounter-of-the-lay\\\/#breadcrumb\"},\"inLanguage\":\"en-US\",\"potentialAction\":[{\"@type\":\"ReadAction\",\"target\":[\"https:\\\/\\\/hijasdejesus.org\\\/en\\\/initial-plans-for-3rd-international-encounter-of-the-lay\\\/\"]}]},{\"@type\":\"ImageObject\",\"inLanguage\":\"en-US\",\"@id\":\"https:\\\/\\\/hijasdejesus.org\\\/en\\\/initial-plans-for-3rd-international-encounter-of-the-lay\\\/#primaryimage\",\"url\":\"https:\\\/\\\/hijasdejesus.org\\\/wp-content\\\/uploads\\\/2016\\\/04\\\/core_group.jpg\",\"contentUrl\":\"https:\\\/\\\/hijasdejesus.org\\\/wp-content\\\/uploads\\\/2016\\\/04\\\/core_group.jpg\"},{\"@type\":\"BreadcrumbList\",\"@id\":\"https:\\\/\\\/hijasdejesus.org\\\/en\\\/initial-plans-for-3rd-international-encounter-of-the-lay\\\/#breadcrumb\",\"itemListElement\":[{\"@type\":\"ListItem\",\"position\":1,\"name\":\"Portada\",\"item\":\"https:\\\/\\\/hijasdejesus.org\\\/en\\\/\"},{\"@type\":\"ListItem\",\"position\":2,\"name\":\"INITIAL PLANS FOR 3RD INTERNATIONAL ENCOUNTER OF THE LAY\"}]},{\"@type\":\"WebSite\",\"@id\":\"https:\\\/\\\/hijasdejesus.org\\\/en\\\/#website\",\"url\":\"https:\\\/\\\/hijasdejesus.org\\\/en\\\/\",\"name\":\"Hijas de Jes\u00fas\",\"description\":\"Despertamos a Jes\u00fas en el coraz\u00f3n, sacando lo mejor de las personas. Somos una congregaci\u00f3n religiosa ignaciana fundada por la Madre Candida\",\"publisher\":{\"@id\":\"https:\\\/\\\/hijasdejesus.org\\\/en\\\/#organization\"},\"potentialAction\":[{\"@type\":\"SearchAction\",\"target\":{\"@type\":\"EntryPoint\",\"urlTemplate\":\"https:\\\/\\\/hijasdejesus.org\\\/en\\\/?s={search_term_string}\"},\"query-input\":{\"@type\":\"PropertyValueSpecification\",\"valueRequired\":true,\"valueName\":\"search_term_string\"}}],\"inLanguage\":\"en-US\"},{\"@type\":\"Organization\",\"@id\":\"https:\\\/\\\/hijasdejesus.org\\\/en\\\/#organization\",\"name\":\"Hijas de Jes\u00fas\",\"url\":\"https:\\\/\\\/hijasdejesus.org\\\/en\\\/\",\"logo\":{\"@type\":\"ImageObject\",\"inLanguage\":\"en-US\",\"@id\":\"https:\\\/\\\/hijasdejesus.org\\\/en\\\/#\\\/schema\\\/logo\\\/image\\\/\",\"url\":\"https:\\\/\\\/hijasdejesus.org\\\/wp-content\\\/uploads\\\/2023\\\/01\\\/Hijas-de-Jesus_hor-A7C957.png\",\"contentUrl\":\"https:\\\/\\\/hijasdejesus.org\\\/wp-content\\\/uploads\\\/2023\\\/01\\\/Hijas-de-Jesus_hor-A7C957.png\",\"width\":700,\"height\":360,\"caption\":\"Hijas de Jes\u00fas\"},\"image\":{\"@id\":\"https:\\\/\\\/hijasdejesus.org\\\/en\\\/#\\\/schema\\\/logo\\\/image\\\/\"},\"sameAs\":[\"https:\\\/\\\/www.facebook.com\\\/hijasdejesusenelmundo\\\/\",\"https:\\\/\\\/x.com\\\/hijasdjesus\"]},{\"@type\":\"Person\",\"@id\":\"https:\\\/\\\/hijasdejesus.org\\\/en\\\/#\\\/schema\\\/person\\\/ce4455965da733f2791f23b6ec14e9b6\",\"name\":\"Webmaster\",\"image\":{\"@type\":\"ImageObject\",\"inLanguage\":\"en-US\",\"@id\":\"https:\\\/\\\/secure.gravatar.com\\\/avatar\\\/cfd0acaac86c3981d541d2e99a0ffb7b6d33a5ac8989a62f5518b9e0f7ee128a?s=96&d=mm&r=g\",\"url\":\"https:\\\/\\\/secure.gravatar.com\\\/avatar\\\/cfd0acaac86c3981d541d2e99a0ffb7b6d33a5ac8989a62f5518b9e0f7ee128a?s=96&d=mm&r=g\",\"contentUrl\":\"https:\\\/\\\/secure.gravatar.com\\\/avatar\\\/cfd0acaac86c3981d541d2e99a0ffb7b6d33a5ac8989a62f5518b9e0f7ee128a?s=96&d=mm&r=g\",\"caption\":\"Webmaster\"},\"url\":\"https:\\\/\\\/hijasdejesus.org\\\/en\\\/author\\\/webmaster\\\/\"}]}<\/script>\n<!-- \/ Yoast SEO plugin. -->","yoast_head_json":{"title":"INITIAL PLANS FOR 3RD INTERNATIONAL ENCOUNTER OF THE LAY - Hijas de Jes\u00fas","robots":{"index":"index","follow":"follow","max-snippet":"max-snippet:-1","max-image-preview":"max-image-preview:large","max-video-preview":"max-video-preview:-1"},"canonical":"https:\/\/hijasdejesus.org\/en\/initial-plans-for-3rd-international-encounter-of-the-lay\/","og_locale":"en_US","og_type":"article","og_title":"INITIAL PLANS FOR 3RD INTERNATIONAL ENCOUNTER OF THE LAY - Hijas de Jes\u00fas","og_description":"A group of lay collaborators and educators from the different mission areas and schools of the Hijas de Jesus Congregation in the Philippines came together to meet last March 12 \u2013 13, 2016 at the Manresa Retreat House in Banawe, Quezon City. The meeting was focused on the initial planning for the 3rd International Encounter [&hellip;]","og_url":"https:\/\/hijasdejesus.org\/en\/initial-plans-for-3rd-international-encounter-of-the-lay\/","og_site_name":"Hijas de Jes\u00fas","article_publisher":"https:\/\/www.facebook.com\/hijasdejesusenelmundo\/","article_published_time":"2016-04-20T08:28:35+00:00","og_image":[{"url":"https:\/\/hijasdejesus.org\/wp-content\/uploads\/2016\/04\/core_group.jpg","width":1,"height":1,"type":"image\/jpeg"}],"author":"Webmaster","twitter_card":"summary_large_image","twitter_creator":"@hijasdjesus","twitter_site":"@hijasdjesus","twitter_misc":{"Written by":"Webmaster","Est. reading time":"3 minutes"},"schema":{"@context":"https:\/\/schema.org","@graph":[{"@type":"Article","@id":"https:\/\/hijasdejesus.org\/en\/initial-plans-for-3rd-international-encounter-of-the-lay\/#article","isPartOf":{"@id":"https:\/\/hijasdejesus.org\/en\/initial-plans-for-3rd-international-encounter-of-the-lay\/"},"author":{"name":"Webmaster","@id":"https:\/\/hijasdejesus.org\/en\/#\/schema\/person\/ce4455965da733f2791f23b6ec14e9b6"},"headline":"INITIAL PLANS FOR 3RD INTERNATIONAL ENCOUNTER OF THE LAY","datePublished":"2016-04-20T08:28:35+00:00","mainEntityOfPage":{"@id":"https:\/\/hijasdejesus.org\/en\/initial-plans-for-3rd-international-encounter-of-the-lay\/"},"wordCount":552,"publisher":{"@id":"https:\/\/hijasdejesus.org\/en\/#organization"},"image":{"@id":"https:\/\/hijasdejesus.org\/en\/initial-plans-for-3rd-international-encounter-of-the-lay\/#primaryimage"},"thumbnailUrl":"https:\/\/hijasdejesus.org\/wp-content\/uploads\/2016\/04\/core_group.jpg","articleSection":["Indico-Pacific","lay people","News"],"inLanguage":"en-US"},{"@type":"WebPage","@id":"https:\/\/hijasdejesus.org\/en\/initial-plans-for-3rd-international-encounter-of-the-lay\/","url":"https:\/\/hijasdejesus.org\/en\/initial-plans-for-3rd-international-encounter-of-the-lay\/","name":"INITIAL PLANS FOR 3RD INTERNATIONAL ENCOUNTER OF THE LAY - Hijas de Jes\u00fas","isPartOf":{"@id":"https:\/\/hijasdejesus.org\/en\/#website"},"primaryImageOfPage":{"@id":"https:\/\/hijasdejesus.org\/en\/initial-plans-for-3rd-international-encounter-of-the-lay\/#primaryimage"},"image":{"@id":"https:\/\/hijasdejesus.org\/en\/initial-plans-for-3rd-international-encounter-of-the-lay\/#primaryimage"},"thumbnailUrl":"https:\/\/hijasdejesus.org\/wp-content\/uploads\/2016\/04\/core_group.jpg","datePublished":"2016-04-20T08:28:35+00:00","breadcrumb":{"@id":"https:\/\/hijasdejesus.org\/en\/initial-plans-for-3rd-international-encounter-of-the-lay\/#breadcrumb"},"inLanguage":"en-US","potentialAction":[{"@type":"ReadAction","target":["https:\/\/hijasdejesus.org\/en\/initial-plans-for-3rd-international-encounter-of-the-lay\/"]}]},{"@type":"ImageObject","inLanguage":"en-US","@id":"https:\/\/hijasdejesus.org\/en\/initial-plans-for-3rd-international-encounter-of-the-lay\/#primaryimage","url":"https:\/\/hijasdejesus.org\/wp-content\/uploads\/2016\/04\/core_group.jpg","contentUrl":"https:\/\/hijasdejesus.org\/wp-content\/uploads\/2016\/04\/core_group.jpg"},{"@type":"BreadcrumbList","@id":"https:\/\/hijasdejesus.org\/en\/initial-plans-for-3rd-international-encounter-of-the-lay\/#breadcrumb","itemListElement":[{"@type":"ListItem","position":1,"name":"Portada","item":"https:\/\/hijasdejesus.org\/en\/"},{"@type":"ListItem","position":2,"name":"INITIAL PLANS FOR 3RD INTERNATIONAL ENCOUNTER OF THE LAY"}]},{"@type":"WebSite","@id":"https:\/\/hijasdejesus.org\/en\/#website","url":"https:\/\/hijasdejesus.org\/en\/","name":"Hijas de Jes\u00fas","description":"Despertamos a Jes\u00fas en el coraz\u00f3n, sacando lo mejor de las personas. Somos una congregaci\u00f3n religiosa ignaciana fundada por la Madre Candida","publisher":{"@id":"https:\/\/hijasdejesus.org\/en\/#organization"},"potentialAction":[{"@type":"SearchAction","target":{"@type":"EntryPoint","urlTemplate":"https:\/\/hijasdejesus.org\/en\/?s={search_term_string}"},"query-input":{"@type":"PropertyValueSpecification","valueRequired":true,"valueName":"search_term_string"}}],"inLanguage":"en-US"},{"@type":"Organization","@id":"https:\/\/hijasdejesus.org\/en\/#organization","name":"Hijas de Jes\u00fas","url":"https:\/\/hijasdejesus.org\/en\/","logo":{"@type":"ImageObject","inLanguage":"en-US","@id":"https:\/\/hijasdejesus.org\/en\/#\/schema\/logo\/image\/","url":"https:\/\/hijasdejesus.org\/wp-content\/uploads\/2023\/01\/Hijas-de-Jesus_hor-A7C957.png","contentUrl":"https:\/\/hijasdejesus.org\/wp-content\/uploads\/2023\/01\/Hijas-de-Jesus_hor-A7C957.png","width":700,"height":360,"caption":"Hijas de Jes\u00fas"},"image":{"@id":"https:\/\/hijasdejesus.org\/en\/#\/schema\/logo\/image\/"},"sameAs":["https:\/\/www.facebook.com\/hijasdejesusenelmundo\/","https:\/\/x.com\/hijasdjesus"]},{"@type":"Person","@id":"https:\/\/hijasdejesus.org\/en\/#\/schema\/person\/ce4455965da733f2791f23b6ec14e9b6","name":"Webmaster","image":{"@type":"ImageObject","inLanguage":"en-US","@id":"https:\/\/secure.gravatar.com\/avatar\/cfd0acaac86c3981d541d2e99a0ffb7b6d33a5ac8989a62f5518b9e0f7ee128a?s=96&d=mm&r=g","url":"https:\/\/secure.gravatar.com\/avatar\/cfd0acaac86c3981d541d2e99a0ffb7b6d33a5ac8989a62f5518b9e0f7ee128a?s=96&d=mm&r=g","contentUrl":"https:\/\/secure.gravatar.com\/avatar\/cfd0acaac86c3981d541d2e99a0ffb7b6d33a5ac8989a62f5518b9e0f7ee128a?s=96&d=mm&r=g","caption":"Webmaster"},"url":"https:\/\/hijasdejesus.org\/en\/author\/webmaster\/"}]}},"_links":{"self":[{"href":"https:\/\/hijasdejesus.org\/en\/wp-json\/wp\/v2\/posts\/27606","targetHints":{"allow":["GET"]}}],"collection":[{"href":"https:\/\/hijasdejesus.org\/en\/wp-json\/wp\/v2\/posts"}],"about":[{"href":"https:\/\/hijasdejesus.org\/en\/wp-json\/wp\/v2\/types\/post"}],"author":[{"embeddable":true,"href":"https:\/\/hijasdejesus.org\/en\/wp-json\/wp\/v2\/users\/28"}],"replies":[{"embeddable":true,"href":"https:\/\/hijasdejesus.org\/en\/wp-json\/wp\/v2\/comments?post=27606"}],"version-history":[{"count":0,"href":"https:\/\/hijasdejesus.org\/en\/wp-json\/wp\/v2\/posts\/27606\/revisions"}],"wp:featuredmedia":[{"embeddable":true,"href":"https:\/\/hijasdejesus.org\/en\/wp-json\/wp\/v2\/media\/12523"}],"wp:attachment":[{"href":"https:\/\/hijasdejesus.org\/en\/wp-json\/wp\/v2\/media?parent=27606"}],"wp:term":[{"taxonomy":"category","embeddable":true,"href":"https:\/\/hijasdejesus.org\/en\/wp-json\/wp\/v2\/categories?post=27606"},{"taxonomy":"post_tag","embeddable":true,"href":"https:\/\/hijasdejesus.org\/en\/wp-json\/wp\/v2\/tags?post=27606"}],"curies":[{"name":"wp","href":"https:\/\/api.w.org\/{rel}","templated":true}]}}