{"id":27684,"date":"2016-06-11T19:39:24","date_gmt":"2016-06-11T17:39:24","guid":{"rendered":"https:\/\/nueva.hijasdejesus.org\/echoes-of-the-meeting-of-the-lay-in-madrid-with-maria-inez-i\/"},"modified":"2016-06-12T20:54:35","modified_gmt":"2016-06-12T18:54:35","slug":"echoes-of-the-meeting-of-the-lay-in-madrid-with-maria-inez-i","status":"publish","type":"post","link":"https:\/\/hijasdejesus.org\/en\/echoes-of-the-meeting-of-the-lay-in-madrid-with-maria-inez-i\/","title":{"rendered":"Echoes of the meeting of the lay in Madrid with Maria Inez (I)"},"content":{"rendered":"<p>On June 4, Saturday, many of us members of the Family of Mother Candida were invited to a meeting with Maria Inez Furtado. We went with joy and anticipation for the meeting with the General. She, in a simple and enlightening conversation, convinced us all.<br \/>She spoke from the knowledge of reality and from the conviction that it is the Spirit who moves us and leads us along the way, without there being an established path. Then came the round of questions, doubts and concerns and she gave enlightening answers, making it clear that it is we, the laypeople, who have to decide where to go.<br \/>We were excited and happy to belong to this great family, and we decided to have an Assembly on March 11 for all who want to continue on this path.<br \/>The other part was that of being together, informal talk, the joy of meeting other sisters; shared problems; affection and love &#8230; all the feelings, many about belonging to the same family: that of the Daughters of Jesus.<\/p>\n<p style=\"text-align: center;\"><strong>Pepa G\u00e1mez Lozano (M\u00e1laga)<\/strong><\/p>\n","protected":false},"excerpt":{"rendered":"<p>On June 4, Saturday, many of us members of the Family of Mother Candida were invited to a meeting with Maria Inez Furtado. We went with joy and anticipation for the meeting with the General. She, in a simple and enlightening conversation, convinced us all.She spoke from the knowledge of reality and from the conviction [&hellip;]<\/p>\n","protected":false},"author":28,"featured_media":7330,"comment_status":"closed","ping_status":"closed","sticky":false,"template":"","format":"standard","meta":{"_et_pb_use_builder":"","_et_pb_old_content":"","_et_gb_content_width":"","footnotes":"","_links_to":"","_links_to_target":""},"categories":[526,528,412,520],"tags":[775],"class_list":["post-27684","post","type-post","status-publish","format-standard","has-post-thumbnail","hentry","category-general_government","category-hijas-de-jesus-en","category-news","category-spain-italy","tag-general-superior"],"yoast_head":"<!-- This site is optimized with the Yoast SEO plugin v27.5 - https:\/\/yoast.com\/product\/yoast-seo-wordpress\/ -->\n<title>Echoes of the meeting of the lay in Madrid with Maria Inez (I) - Hijas de Jes\u00fas<\/title>\n<meta name=\"robots\" content=\"index, follow, max-snippet:-1, max-image-preview:large, max-video-preview:-1\" \/>\n<link rel=\"canonical\" href=\"https:\/\/hijasdejesus.org\/en\/echoes-of-the-meeting-of-the-lay-in-madrid-with-maria-inez-i\/\" \/>\n<meta property=\"og:locale\" content=\"en_US\" \/>\n<meta property=\"og:type\" content=\"article\" \/>\n<meta property=\"og:title\" content=\"Echoes of the meeting of the lay in Madrid with Maria Inez (I) - Hijas de Jes\u00fas\" \/>\n<meta property=\"og:description\" content=\"On June 4, Saturday, many of us members of the Family of Mother Candida were invited to a meeting with Maria Inez Furtado. We went with joy and anticipation for the meeting with the General. She, in a simple and enlightening conversation, convinced us all.She spoke from the knowledge of reality and from the conviction [&hellip;]\" \/>\n<meta property=\"og:url\" content=\"https:\/\/hijasdejesus.org\/en\/echoes-of-the-meeting-of-the-lay-in-madrid-with-maria-inez-i\/\" \/>\n<meta property=\"og:site_name\" content=\"Hijas de Jes\u00fas\" \/>\n<meta property=\"article:publisher\" content=\"https:\/\/www.facebook.com\/hijasdejesusenelmundo\/\" \/>\n<meta property=\"article:published_time\" content=\"2016-06-11T17:39:24+00:00\" \/>\n<meta property=\"article:modified_time\" content=\"2016-06-12T18:54:35+00:00\" \/>\n<meta property=\"og:image\" content=\"https:\/\/hijasdejesus.org\/wp-content\/uploads\/2016\/06\/madrid_laicos_general1.JPG\" \/>\n\t<meta property=\"og:image:width\" content=\"1600\" \/>\n\t<meta property=\"og:image:height\" content=\"1066\" \/>\n\t<meta property=\"og:image:type\" content=\"image\/jpeg\" \/>\n<meta name=\"author\" content=\"Webmaster\" \/>\n<meta name=\"twitter:card\" content=\"summary_large_image\" \/>\n<meta name=\"twitter:creator\" content=\"@hijasdjesus\" \/>\n<meta name=\"twitter:site\" content=\"@hijasdjesus\" \/>\n<meta name=\"twitter:label1\" content=\"Written by\" \/>\n\t<meta name=\"twitter:data1\" content=\"Webmaster\" \/>\n\t<meta name=\"twitter:label2\" content=\"Est. reading time\" \/>\n\t<meta name=\"twitter:data2\" content=\"1 minute\" \/>\n<script type=\"application\/ld+json\" class=\"yoast-schema-graph\">{\"@context\":\"https:\\\/\\\/schema.org\",\"@graph\":[{\"@type\":\"Article\",\"@id\":\"https:\\\/\\\/hijasdejesus.org\\\/en\\\/echoes-of-the-meeting-of-the-lay-in-madrid-with-maria-inez-i\\\/#article\",\"isPartOf\":{\"@id\":\"https:\\\/\\\/hijasdejesus.org\\\/en\\\/echoes-of-the-meeting-of-the-lay-in-madrid-with-maria-inez-i\\\/\"},\"author\":{\"name\":\"Webmaster\",\"@id\":\"https:\\\/\\\/hijasdejesus.org\\\/en\\\/#\\\/schema\\\/person\\\/ce4455965da733f2791f23b6ec14e9b6\"},\"headline\":\"Echoes of the meeting of the lay in Madrid with Maria Inez (I)\",\"datePublished\":\"2016-06-11T17:39:24+00:00\",\"dateModified\":\"2016-06-12T18:54:35+00:00\",\"mainEntityOfPage\":{\"@id\":\"https:\\\/\\\/hijasdejesus.org\\\/en\\\/echoes-of-the-meeting-of-the-lay-in-madrid-with-maria-inez-i\\\/\"},\"wordCount\":190,\"publisher\":{\"@id\":\"https:\\\/\\\/hijasdejesus.org\\\/en\\\/#organization\"},\"image\":{\"@id\":\"https:\\\/\\\/hijasdejesus.org\\\/en\\\/echoes-of-the-meeting-of-the-lay-in-madrid-with-maria-inez-i\\\/#primaryimage\"},\"thumbnailUrl\":\"https:\\\/\\\/hijasdejesus.org\\\/wp-content\\\/uploads\\\/2016\\\/06\\\/madrid_laicos_general1.JPG\",\"keywords\":[\"General Superior\"],\"articleSection\":[\"General government\",\"Hijas de Jes\u00fas\",\"News\",\"Spain-Italy\"],\"inLanguage\":\"en-US\"},{\"@type\":\"WebPage\",\"@id\":\"https:\\\/\\\/hijasdejesus.org\\\/en\\\/echoes-of-the-meeting-of-the-lay-in-madrid-with-maria-inez-i\\\/\",\"url\":\"https:\\\/\\\/hijasdejesus.org\\\/en\\\/echoes-of-the-meeting-of-the-lay-in-madrid-with-maria-inez-i\\\/\",\"name\":\"Echoes of the meeting of the lay in Madrid with Maria Inez (I) - Hijas de Jes\u00fas\",\"isPartOf\":{\"@id\":\"https:\\\/\\\/hijasdejesus.org\\\/en\\\/#website\"},\"primaryImageOfPage\":{\"@id\":\"https:\\\/\\\/hijasdejesus.org\\\/en\\\/echoes-of-the-meeting-of-the-lay-in-madrid-with-maria-inez-i\\\/#primaryimage\"},\"image\":{\"@id\":\"https:\\\/\\\/hijasdejesus.org\\\/en\\\/echoes-of-the-meeting-of-the-lay-in-madrid-with-maria-inez-i\\\/#primaryimage\"},\"thumbnailUrl\":\"https:\\\/\\\/hijasdejesus.org\\\/wp-content\\\/uploads\\\/2016\\\/06\\\/madrid_laicos_general1.JPG\",\"datePublished\":\"2016-06-11T17:39:24+00:00\",\"dateModified\":\"2016-06-12T18:54:35+00:00\",\"breadcrumb\":{\"@id\":\"https:\\\/\\\/hijasdejesus.org\\\/en\\\/echoes-of-the-meeting-of-the-lay-in-madrid-with-maria-inez-i\\\/#breadcrumb\"},\"inLanguage\":\"en-US\",\"potentialAction\":[{\"@type\":\"ReadAction\",\"target\":[\"https:\\\/\\\/hijasdejesus.org\\\/en\\\/echoes-of-the-meeting-of-the-lay-in-madrid-with-maria-inez-i\\\/\"]}]},{\"@type\":\"ImageObject\",\"inLanguage\":\"en-US\",\"@id\":\"https:\\\/\\\/hijasdejesus.org\\\/en\\\/echoes-of-the-meeting-of-the-lay-in-madrid-with-maria-inez-i\\\/#primaryimage\",\"url\":\"https:\\\/\\\/hijasdejesus.org\\\/wp-content\\\/uploads\\\/2016\\\/06\\\/madrid_laicos_general1.JPG\",\"contentUrl\":\"https:\\\/\\\/hijasdejesus.org\\\/wp-content\\\/uploads\\\/2016\\\/06\\\/madrid_laicos_general1.JPG\",\"width\":1600,\"height\":1066},{\"@type\":\"BreadcrumbList\",\"@id\":\"https:\\\/\\\/hijasdejesus.org\\\/en\\\/echoes-of-the-meeting-of-the-lay-in-madrid-with-maria-inez-i\\\/#breadcrumb\",\"itemListElement\":[{\"@type\":\"ListItem\",\"position\":1,\"name\":\"Portada\",\"item\":\"https:\\\/\\\/hijasdejesus.org\\\/en\\\/\"},{\"@type\":\"ListItem\",\"position\":2,\"name\":\"Echoes of the meeting of the lay in Madrid with Maria Inez (I)\"}]},{\"@type\":\"WebSite\",\"@id\":\"https:\\\/\\\/hijasdejesus.org\\\/en\\\/#website\",\"url\":\"https:\\\/\\\/hijasdejesus.org\\\/en\\\/\",\"name\":\"Hijas de Jes\u00fas\",\"description\":\"Despertamos a Jes\u00fas en el coraz\u00f3n, sacando lo mejor de las personas. Somos una congregaci\u00f3n religiosa ignaciana fundada por la Madre Candida\",\"publisher\":{\"@id\":\"https:\\\/\\\/hijasdejesus.org\\\/en\\\/#organization\"},\"potentialAction\":[{\"@type\":\"SearchAction\",\"target\":{\"@type\":\"EntryPoint\",\"urlTemplate\":\"https:\\\/\\\/hijasdejesus.org\\\/en\\\/?s={search_term_string}\"},\"query-input\":{\"@type\":\"PropertyValueSpecification\",\"valueRequired\":true,\"valueName\":\"search_term_string\"}}],\"inLanguage\":\"en-US\"},{\"@type\":\"Organization\",\"@id\":\"https:\\\/\\\/hijasdejesus.org\\\/en\\\/#organization\",\"name\":\"Hijas de Jes\u00fas\",\"url\":\"https:\\\/\\\/hijasdejesus.org\\\/en\\\/\",\"logo\":{\"@type\":\"ImageObject\",\"inLanguage\":\"en-US\",\"@id\":\"https:\\\/\\\/hijasdejesus.org\\\/en\\\/#\\\/schema\\\/logo\\\/image\\\/\",\"url\":\"https:\\\/\\\/hijasdejesus.org\\\/wp-content\\\/uploads\\\/2023\\\/01\\\/Hijas-de-Jesus_hor-A7C957.png\",\"contentUrl\":\"https:\\\/\\\/hijasdejesus.org\\\/wp-content\\\/uploads\\\/2023\\\/01\\\/Hijas-de-Jesus_hor-A7C957.png\",\"width\":700,\"height\":360,\"caption\":\"Hijas de Jes\u00fas\"},\"image\":{\"@id\":\"https:\\\/\\\/hijasdejesus.org\\\/en\\\/#\\\/schema\\\/logo\\\/image\\\/\"},\"sameAs\":[\"https:\\\/\\\/www.facebook.com\\\/hijasdejesusenelmundo\\\/\",\"https:\\\/\\\/x.com\\\/hijasdjesus\"]},{\"@type\":\"Person\",\"@id\":\"https:\\\/\\\/hijasdejesus.org\\\/en\\\/#\\\/schema\\\/person\\\/ce4455965da733f2791f23b6ec14e9b6\",\"name\":\"Webmaster\",\"image\":{\"@type\":\"ImageObject\",\"inLanguage\":\"en-US\",\"@id\":\"https:\\\/\\\/secure.gravatar.com\\\/avatar\\\/cfd0acaac86c3981d541d2e99a0ffb7b6d33a5ac8989a62f5518b9e0f7ee128a?s=96&d=mm&r=g\",\"url\":\"https:\\\/\\\/secure.gravatar.com\\\/avatar\\\/cfd0acaac86c3981d541d2e99a0ffb7b6d33a5ac8989a62f5518b9e0f7ee128a?s=96&d=mm&r=g\",\"contentUrl\":\"https:\\\/\\\/secure.gravatar.com\\\/avatar\\\/cfd0acaac86c3981d541d2e99a0ffb7b6d33a5ac8989a62f5518b9e0f7ee128a?s=96&d=mm&r=g\",\"caption\":\"Webmaster\"},\"url\":\"https:\\\/\\\/hijasdejesus.org\\\/en\\\/author\\\/webmaster\\\/\"}]}<\/script>\n<!-- \/ Yoast SEO plugin. -->","yoast_head_json":{"title":"Echoes of the meeting of the lay in Madrid with Maria Inez (I) - Hijas de Jes\u00fas","robots":{"index":"index","follow":"follow","max-snippet":"max-snippet:-1","max-image-preview":"max-image-preview:large","max-video-preview":"max-video-preview:-1"},"canonical":"https:\/\/hijasdejesus.org\/en\/echoes-of-the-meeting-of-the-lay-in-madrid-with-maria-inez-i\/","og_locale":"en_US","og_type":"article","og_title":"Echoes of the meeting of the lay in Madrid with Maria Inez (I) - Hijas de Jes\u00fas","og_description":"On June 4, Saturday, many of us members of the Family of Mother Candida were invited to a meeting with Maria Inez Furtado. We went with joy and anticipation for the meeting with the General. She, in a simple and enlightening conversation, convinced us all.She spoke from the knowledge of reality and from the conviction [&hellip;]","og_url":"https:\/\/hijasdejesus.org\/en\/echoes-of-the-meeting-of-the-lay-in-madrid-with-maria-inez-i\/","og_site_name":"Hijas de Jes\u00fas","article_publisher":"https:\/\/www.facebook.com\/hijasdejesusenelmundo\/","article_published_time":"2016-06-11T17:39:24+00:00","article_modified_time":"2016-06-12T18:54:35+00:00","og_image":[{"width":1600,"height":1066,"url":"https:\/\/hijasdejesus.org\/wp-content\/uploads\/2016\/06\/madrid_laicos_general1.JPG","type":"image\/jpeg"}],"author":"Webmaster","twitter_card":"summary_large_image","twitter_creator":"@hijasdjesus","twitter_site":"@hijasdjesus","twitter_misc":{"Written by":"Webmaster","Est. reading time":"1 minute"},"schema":{"@context":"https:\/\/schema.org","@graph":[{"@type":"Article","@id":"https:\/\/hijasdejesus.org\/en\/echoes-of-the-meeting-of-the-lay-in-madrid-with-maria-inez-i\/#article","isPartOf":{"@id":"https:\/\/hijasdejesus.org\/en\/echoes-of-the-meeting-of-the-lay-in-madrid-with-maria-inez-i\/"},"author":{"name":"Webmaster","@id":"https:\/\/hijasdejesus.org\/en\/#\/schema\/person\/ce4455965da733f2791f23b6ec14e9b6"},"headline":"Echoes of the meeting of the lay in Madrid with Maria Inez (I)","datePublished":"2016-06-11T17:39:24+00:00","dateModified":"2016-06-12T18:54:35+00:00","mainEntityOfPage":{"@id":"https:\/\/hijasdejesus.org\/en\/echoes-of-the-meeting-of-the-lay-in-madrid-with-maria-inez-i\/"},"wordCount":190,"publisher":{"@id":"https:\/\/hijasdejesus.org\/en\/#organization"},"image":{"@id":"https:\/\/hijasdejesus.org\/en\/echoes-of-the-meeting-of-the-lay-in-madrid-with-maria-inez-i\/#primaryimage"},"thumbnailUrl":"https:\/\/hijasdejesus.org\/wp-content\/uploads\/2016\/06\/madrid_laicos_general1.JPG","keywords":["General Superior"],"articleSection":["General government","Hijas de Jes\u00fas","News","Spain-Italy"],"inLanguage":"en-US"},{"@type":"WebPage","@id":"https:\/\/hijasdejesus.org\/en\/echoes-of-the-meeting-of-the-lay-in-madrid-with-maria-inez-i\/","url":"https:\/\/hijasdejesus.org\/en\/echoes-of-the-meeting-of-the-lay-in-madrid-with-maria-inez-i\/","name":"Echoes of the meeting of the lay in Madrid with Maria Inez (I) - Hijas de Jes\u00fas","isPartOf":{"@id":"https:\/\/hijasdejesus.org\/en\/#website"},"primaryImageOfPage":{"@id":"https:\/\/hijasdejesus.org\/en\/echoes-of-the-meeting-of-the-lay-in-madrid-with-maria-inez-i\/#primaryimage"},"image":{"@id":"https:\/\/hijasdejesus.org\/en\/echoes-of-the-meeting-of-the-lay-in-madrid-with-maria-inez-i\/#primaryimage"},"thumbnailUrl":"https:\/\/hijasdejesus.org\/wp-content\/uploads\/2016\/06\/madrid_laicos_general1.JPG","datePublished":"2016-06-11T17:39:24+00:00","dateModified":"2016-06-12T18:54:35+00:00","breadcrumb":{"@id":"https:\/\/hijasdejesus.org\/en\/echoes-of-the-meeting-of-the-lay-in-madrid-with-maria-inez-i\/#breadcrumb"},"inLanguage":"en-US","potentialAction":[{"@type":"ReadAction","target":["https:\/\/hijasdejesus.org\/en\/echoes-of-the-meeting-of-the-lay-in-madrid-with-maria-inez-i\/"]}]},{"@type":"ImageObject","inLanguage":"en-US","@id":"https:\/\/hijasdejesus.org\/en\/echoes-of-the-meeting-of-the-lay-in-madrid-with-maria-inez-i\/#primaryimage","url":"https:\/\/hijasdejesus.org\/wp-content\/uploads\/2016\/06\/madrid_laicos_general1.JPG","contentUrl":"https:\/\/hijasdejesus.org\/wp-content\/uploads\/2016\/06\/madrid_laicos_general1.JPG","width":1600,"height":1066},{"@type":"BreadcrumbList","@id":"https:\/\/hijasdejesus.org\/en\/echoes-of-the-meeting-of-the-lay-in-madrid-with-maria-inez-i\/#breadcrumb","itemListElement":[{"@type":"ListItem","position":1,"name":"Portada","item":"https:\/\/hijasdejesus.org\/en\/"},{"@type":"ListItem","position":2,"name":"Echoes of the meeting of the lay in Madrid with Maria Inez (I)"}]},{"@type":"WebSite","@id":"https:\/\/hijasdejesus.org\/en\/#website","url":"https:\/\/hijasdejesus.org\/en\/","name":"Hijas de Jes\u00fas","description":"Despertamos a Jes\u00fas en el coraz\u00f3n, sacando lo mejor de las personas. Somos una congregaci\u00f3n religiosa ignaciana fundada por la Madre Candida","publisher":{"@id":"https:\/\/hijasdejesus.org\/en\/#organization"},"potentialAction":[{"@type":"SearchAction","target":{"@type":"EntryPoint","urlTemplate":"https:\/\/hijasdejesus.org\/en\/?s={search_term_string}"},"query-input":{"@type":"PropertyValueSpecification","valueRequired":true,"valueName":"search_term_string"}}],"inLanguage":"en-US"},{"@type":"Organization","@id":"https:\/\/hijasdejesus.org\/en\/#organization","name":"Hijas de Jes\u00fas","url":"https:\/\/hijasdejesus.org\/en\/","logo":{"@type":"ImageObject","inLanguage":"en-US","@id":"https:\/\/hijasdejesus.org\/en\/#\/schema\/logo\/image\/","url":"https:\/\/hijasdejesus.org\/wp-content\/uploads\/2023\/01\/Hijas-de-Jesus_hor-A7C957.png","contentUrl":"https:\/\/hijasdejesus.org\/wp-content\/uploads\/2023\/01\/Hijas-de-Jesus_hor-A7C957.png","width":700,"height":360,"caption":"Hijas de Jes\u00fas"},"image":{"@id":"https:\/\/hijasdejesus.org\/en\/#\/schema\/logo\/image\/"},"sameAs":["https:\/\/www.facebook.com\/hijasdejesusenelmundo\/","https:\/\/x.com\/hijasdjesus"]},{"@type":"Person","@id":"https:\/\/hijasdejesus.org\/en\/#\/schema\/person\/ce4455965da733f2791f23b6ec14e9b6","name":"Webmaster","image":{"@type":"ImageObject","inLanguage":"en-US","@id":"https:\/\/secure.gravatar.com\/avatar\/cfd0acaac86c3981d541d2e99a0ffb7b6d33a5ac8989a62f5518b9e0f7ee128a?s=96&d=mm&r=g","url":"https:\/\/secure.gravatar.com\/avatar\/cfd0acaac86c3981d541d2e99a0ffb7b6d33a5ac8989a62f5518b9e0f7ee128a?s=96&d=mm&r=g","contentUrl":"https:\/\/secure.gravatar.com\/avatar\/cfd0acaac86c3981d541d2e99a0ffb7b6d33a5ac8989a62f5518b9e0f7ee128a?s=96&d=mm&r=g","caption":"Webmaster"},"url":"https:\/\/hijasdejesus.org\/en\/author\/webmaster\/"}]}},"_links":{"self":[{"href":"https:\/\/hijasdejesus.org\/en\/wp-json\/wp\/v2\/posts\/27684","targetHints":{"allow":["GET"]}}],"collection":[{"href":"https:\/\/hijasdejesus.org\/en\/wp-json\/wp\/v2\/posts"}],"about":[{"href":"https:\/\/hijasdejesus.org\/en\/wp-json\/wp\/v2\/types\/post"}],"author":[{"embeddable":true,"href":"https:\/\/hijasdejesus.org\/en\/wp-json\/wp\/v2\/users\/28"}],"replies":[{"embeddable":true,"href":"https:\/\/hijasdejesus.org\/en\/wp-json\/wp\/v2\/comments?post=27684"}],"version-history":[{"count":0,"href":"https:\/\/hijasdejesus.org\/en\/wp-json\/wp\/v2\/posts\/27684\/revisions"}],"wp:featuredmedia":[{"embeddable":true,"href":"https:\/\/hijasdejesus.org\/en\/wp-json\/wp\/v2\/media\/7330"}],"wp:attachment":[{"href":"https:\/\/hijasdejesus.org\/en\/wp-json\/wp\/v2\/media?parent=27684"}],"wp:term":[{"taxonomy":"category","embeddable":true,"href":"https:\/\/hijasdejesus.org\/en\/wp-json\/wp\/v2\/categories?post=27684"},{"taxonomy":"post_tag","embeddable":true,"href":"https:\/\/hijasdejesus.org\/en\/wp-json\/wp\/v2\/tags?post=27684"}],"curies":[{"name":"wp","href":"https:\/\/api.w.org\/{rel}","templated":true}]}}