{"id":27703,"date":"2016-06-13T18:51:10","date_gmt":"2016-06-13T16:51:10","guid":{"rendered":"https:\/\/nueva.hijasdejesus.org\/in-memory-of-maria-velasco-fi\/"},"modified":"2016-06-24T19:49:39","modified_gmt":"2016-06-24T17:49:39","slug":"in-memory-of-maria-velasco-fi","status":"publish","type":"post","link":"https:\/\/hijasdejesus.org\/en\/in-memory-of-maria-velasco-fi\/","title":{"rendered":"In memory of Maria Velasco fi"},"content":{"rendered":"<p>In these days in June 2015 we were following with a troubled feeling your state of health, and on the 14th came the expected news about your Easter which we never wanted to receive &#8230; but your life belonged to the Lord \u2013 you knew it well because you had made it a reality &#8212; and why would you not accept that He would arrange your departure as He wished?<br \/>Throughout this year we have remembered you, rather we have kept you in mind continuously; that absence turned into a great presence in the heart because it is true that love is stronger than death.<br \/>In the many and varied vicissitudes of everyday history, there and here, in your beloved Dominican Republic, in Latin America and Europe, and in Spain and everywhere, life goes on between light and shadow, without robbing us of our dreams; on the contrary, offering us a multitude of trials and apostolic challenges that give much meaning to our vocation and mission, even though many times we are tempted to give up due to the disproportion between what we dream and the means. But there also I see and hear you: &#8220;It is worth continuing; giving up one\u2019s life is not lost, to give all is the best thing that can happen to us; it is a joy &#8220;&#8230;<br \/>And in these circumstances and in many others, you continue to be my older sister, my leader from whom to learn wisdom, that science which gives us enough clarity to distinguish and put in its rightful place the essential and the relative, the ends and means without changing the order, to see the difficulties realistically but not make them the center of life &#8230;<br \/>I continue to see you always supporting whatever beam of light appears wherever, however difficult things may turn out to be, from whatever quarter; if it is light one must allow oneself to be enlightened to go forward.<br \/>Thank you, dear Maria, for continuing to push the small or great steps of life toward LIFE. In this paradox of death-life, of time-eternity, of absence-presence &#8230; we know we are in deep communion of love, of harmony in ideals, in believing and supporting the few certainties \u2013 does any exist? &#8211; that reach us in order to live in a meaningful way this path we call human life.<br \/>We continue to walk together because those invisible threads are delicately strong enough to sustain us in this unconditional and unshakable yes that the Lord walks with us and how, as with those of Emmaus, he leaves our hearts burning and gives us signs of life with the bread and wine.<br \/>Thank you, Maria, for being you and being with us, for being present and being life from infinite and mysterious, but real fullness. Thank you, Lord, for having given us Maria, woman of totalities who already enjoys with you and together with you.<\/p>\n<p style=\"text-align: center;\">A prolonged hug&#8230;<br \/><strong>Maria Luisa Berzosa fi<\/strong><\/p>\n","protected":false},"excerpt":{"rendered":"<p>In these days in June 2015 we were following with a troubled feeling your state of health, and on the 14th came the expected news about your Easter which we never wanted to receive &#8230; but your life belonged to the Lord \u2013 you knew it well because you had made it a reality &#8212; [&hellip;]<\/p>\n","protected":false},"author":28,"featured_media":7342,"comment_status":"closed","ping_status":"closed","sticky":false,"template":"","format":"standard","meta":{"_et_pb_use_builder":"","_et_pb_old_content":"","_et_gb_content_width":"","footnotes":"","_links_to":"","_links_to_target":""},"categories":[528,412],"tags":[],"class_list":["post-27703","post","type-post","status-publish","format-standard","has-post-thumbnail","hentry","category-hijas-de-jesus-en","category-news"],"yoast_head":"<!-- This site is optimized with the Yoast SEO plugin v27.5 - https:\/\/yoast.com\/product\/yoast-seo-wordpress\/ -->\n<title>In memory of Maria Velasco fi - Hijas de Jes\u00fas<\/title>\n<meta name=\"robots\" content=\"index, follow, max-snippet:-1, max-image-preview:large, max-video-preview:-1\" \/>\n<link rel=\"canonical\" href=\"https:\/\/hijasdejesus.org\/en\/in-memory-of-maria-velasco-fi\/\" \/>\n<meta property=\"og:locale\" content=\"en_US\" \/>\n<meta property=\"og:type\" content=\"article\" \/>\n<meta property=\"og:title\" content=\"In memory of Maria Velasco fi - Hijas de Jes\u00fas\" \/>\n<meta property=\"og:description\" content=\"In these days in June 2015 we were following with a troubled feeling your state of health, and on the 14th came the expected news about your Easter which we never wanted to receive &#8230; but your life belonged to the Lord \u2013 you knew it well because you had made it a reality &#8212; [&hellip;]\" \/>\n<meta property=\"og:url\" content=\"https:\/\/hijasdejesus.org\/en\/in-memory-of-maria-velasco-fi\/\" \/>\n<meta property=\"og:site_name\" content=\"Hijas de Jes\u00fas\" \/>\n<meta property=\"article:publisher\" content=\"https:\/\/www.facebook.com\/hijasdejesusenelmundo\/\" \/>\n<meta property=\"article:published_time\" content=\"2016-06-13T16:51:10+00:00\" \/>\n<meta property=\"article:modified_time\" content=\"2016-06-24T17:49:39+00:00\" \/>\n<meta property=\"og:image\" content=\"https:\/\/hijasdejesus.org\/wp-content\/uploads\/2016\/06\/mariavelasco.jpg\" \/>\n\t<meta property=\"og:image:width\" content=\"1024\" \/>\n\t<meta property=\"og:image:height\" content=\"683\" \/>\n\t<meta property=\"og:image:type\" content=\"image\/jpeg\" \/>\n<meta name=\"author\" content=\"Webmaster\" \/>\n<meta name=\"twitter:card\" content=\"summary_large_image\" \/>\n<meta name=\"twitter:creator\" content=\"@hijasdjesus\" \/>\n<meta name=\"twitter:site\" content=\"@hijasdjesus\" \/>\n<meta name=\"twitter:label1\" content=\"Written by\" \/>\n\t<meta name=\"twitter:data1\" content=\"Webmaster\" \/>\n\t<meta name=\"twitter:label2\" content=\"Est. reading time\" \/>\n\t<meta name=\"twitter:data2\" content=\"2 minutes\" \/>\n<script type=\"application\/ld+json\" class=\"yoast-schema-graph\">{\"@context\":\"https:\\\/\\\/schema.org\",\"@graph\":[{\"@type\":\"Article\",\"@id\":\"https:\\\/\\\/hijasdejesus.org\\\/en\\\/in-memory-of-maria-velasco-fi\\\/#article\",\"isPartOf\":{\"@id\":\"https:\\\/\\\/hijasdejesus.org\\\/en\\\/in-memory-of-maria-velasco-fi\\\/\"},\"author\":{\"name\":\"Webmaster\",\"@id\":\"https:\\\/\\\/hijasdejesus.org\\\/en\\\/#\\\/schema\\\/person\\\/ce4455965da733f2791f23b6ec14e9b6\"},\"headline\":\"In memory of Maria Velasco fi\",\"datePublished\":\"2016-06-13T16:51:10+00:00\",\"dateModified\":\"2016-06-24T17:49:39+00:00\",\"mainEntityOfPage\":{\"@id\":\"https:\\\/\\\/hijasdejesus.org\\\/en\\\/in-memory-of-maria-velasco-fi\\\/\"},\"wordCount\":495,\"publisher\":{\"@id\":\"https:\\\/\\\/hijasdejesus.org\\\/en\\\/#organization\"},\"image\":{\"@id\":\"https:\\\/\\\/hijasdejesus.org\\\/en\\\/in-memory-of-maria-velasco-fi\\\/#primaryimage\"},\"thumbnailUrl\":\"https:\\\/\\\/hijasdejesus.org\\\/wp-content\\\/uploads\\\/2016\\\/06\\\/mariavelasco.jpg\",\"articleSection\":[\"Hijas de Jes\u00fas\",\"News\"],\"inLanguage\":\"en-US\"},{\"@type\":\"WebPage\",\"@id\":\"https:\\\/\\\/hijasdejesus.org\\\/en\\\/in-memory-of-maria-velasco-fi\\\/\",\"url\":\"https:\\\/\\\/hijasdejesus.org\\\/en\\\/in-memory-of-maria-velasco-fi\\\/\",\"name\":\"In memory of Maria Velasco fi - Hijas de Jes\u00fas\",\"isPartOf\":{\"@id\":\"https:\\\/\\\/hijasdejesus.org\\\/en\\\/#website\"},\"primaryImageOfPage\":{\"@id\":\"https:\\\/\\\/hijasdejesus.org\\\/en\\\/in-memory-of-maria-velasco-fi\\\/#primaryimage\"},\"image\":{\"@id\":\"https:\\\/\\\/hijasdejesus.org\\\/en\\\/in-memory-of-maria-velasco-fi\\\/#primaryimage\"},\"thumbnailUrl\":\"https:\\\/\\\/hijasdejesus.org\\\/wp-content\\\/uploads\\\/2016\\\/06\\\/mariavelasco.jpg\",\"datePublished\":\"2016-06-13T16:51:10+00:00\",\"dateModified\":\"2016-06-24T17:49:39+00:00\",\"breadcrumb\":{\"@id\":\"https:\\\/\\\/hijasdejesus.org\\\/en\\\/in-memory-of-maria-velasco-fi\\\/#breadcrumb\"},\"inLanguage\":\"en-US\",\"potentialAction\":[{\"@type\":\"ReadAction\",\"target\":[\"https:\\\/\\\/hijasdejesus.org\\\/en\\\/in-memory-of-maria-velasco-fi\\\/\"]}]},{\"@type\":\"ImageObject\",\"inLanguage\":\"en-US\",\"@id\":\"https:\\\/\\\/hijasdejesus.org\\\/en\\\/in-memory-of-maria-velasco-fi\\\/#primaryimage\",\"url\":\"https:\\\/\\\/hijasdejesus.org\\\/wp-content\\\/uploads\\\/2016\\\/06\\\/mariavelasco.jpg\",\"contentUrl\":\"https:\\\/\\\/hijasdejesus.org\\\/wp-content\\\/uploads\\\/2016\\\/06\\\/mariavelasco.jpg\",\"width\":1024,\"height\":683},{\"@type\":\"BreadcrumbList\",\"@id\":\"https:\\\/\\\/hijasdejesus.org\\\/en\\\/in-memory-of-maria-velasco-fi\\\/#breadcrumb\",\"itemListElement\":[{\"@type\":\"ListItem\",\"position\":1,\"name\":\"Portada\",\"item\":\"https:\\\/\\\/hijasdejesus.org\\\/en\\\/\"},{\"@type\":\"ListItem\",\"position\":2,\"name\":\"In memory of Maria Velasco fi\"}]},{\"@type\":\"WebSite\",\"@id\":\"https:\\\/\\\/hijasdejesus.org\\\/en\\\/#website\",\"url\":\"https:\\\/\\\/hijasdejesus.org\\\/en\\\/\",\"name\":\"Hijas de Jes\u00fas\",\"description\":\"Despertamos a Jes\u00fas en el coraz\u00f3n, sacando lo mejor de las personas. Somos una congregaci\u00f3n religiosa ignaciana fundada por la Madre Candida\",\"publisher\":{\"@id\":\"https:\\\/\\\/hijasdejesus.org\\\/en\\\/#organization\"},\"potentialAction\":[{\"@type\":\"SearchAction\",\"target\":{\"@type\":\"EntryPoint\",\"urlTemplate\":\"https:\\\/\\\/hijasdejesus.org\\\/en\\\/?s={search_term_string}\"},\"query-input\":{\"@type\":\"PropertyValueSpecification\",\"valueRequired\":true,\"valueName\":\"search_term_string\"}}],\"inLanguage\":\"en-US\"},{\"@type\":\"Organization\",\"@id\":\"https:\\\/\\\/hijasdejesus.org\\\/en\\\/#organization\",\"name\":\"Hijas de Jes\u00fas\",\"url\":\"https:\\\/\\\/hijasdejesus.org\\\/en\\\/\",\"logo\":{\"@type\":\"ImageObject\",\"inLanguage\":\"en-US\",\"@id\":\"https:\\\/\\\/hijasdejesus.org\\\/en\\\/#\\\/schema\\\/logo\\\/image\\\/\",\"url\":\"https:\\\/\\\/hijasdejesus.org\\\/wp-content\\\/uploads\\\/2023\\\/01\\\/Hijas-de-Jesus_hor-A7C957.png\",\"contentUrl\":\"https:\\\/\\\/hijasdejesus.org\\\/wp-content\\\/uploads\\\/2023\\\/01\\\/Hijas-de-Jesus_hor-A7C957.png\",\"width\":700,\"height\":360,\"caption\":\"Hijas de Jes\u00fas\"},\"image\":{\"@id\":\"https:\\\/\\\/hijasdejesus.org\\\/en\\\/#\\\/schema\\\/logo\\\/image\\\/\"},\"sameAs\":[\"https:\\\/\\\/www.facebook.com\\\/hijasdejesusenelmundo\\\/\",\"https:\\\/\\\/x.com\\\/hijasdjesus\"]},{\"@type\":\"Person\",\"@id\":\"https:\\\/\\\/hijasdejesus.org\\\/en\\\/#\\\/schema\\\/person\\\/ce4455965da733f2791f23b6ec14e9b6\",\"name\":\"Webmaster\",\"image\":{\"@type\":\"ImageObject\",\"inLanguage\":\"en-US\",\"@id\":\"https:\\\/\\\/secure.gravatar.com\\\/avatar\\\/cfd0acaac86c3981d541d2e99a0ffb7b6d33a5ac8989a62f5518b9e0f7ee128a?s=96&d=mm&r=g\",\"url\":\"https:\\\/\\\/secure.gravatar.com\\\/avatar\\\/cfd0acaac86c3981d541d2e99a0ffb7b6d33a5ac8989a62f5518b9e0f7ee128a?s=96&d=mm&r=g\",\"contentUrl\":\"https:\\\/\\\/secure.gravatar.com\\\/avatar\\\/cfd0acaac86c3981d541d2e99a0ffb7b6d33a5ac8989a62f5518b9e0f7ee128a?s=96&d=mm&r=g\",\"caption\":\"Webmaster\"},\"url\":\"https:\\\/\\\/hijasdejesus.org\\\/en\\\/author\\\/webmaster\\\/\"}]}<\/script>\n<!-- \/ Yoast SEO plugin. -->","yoast_head_json":{"title":"In memory of Maria Velasco fi - Hijas de Jes\u00fas","robots":{"index":"index","follow":"follow","max-snippet":"max-snippet:-1","max-image-preview":"max-image-preview:large","max-video-preview":"max-video-preview:-1"},"canonical":"https:\/\/hijasdejesus.org\/en\/in-memory-of-maria-velasco-fi\/","og_locale":"en_US","og_type":"article","og_title":"In memory of Maria Velasco fi - Hijas de Jes\u00fas","og_description":"In these days in June 2015 we were following with a troubled feeling your state of health, and on the 14th came the expected news about your Easter which we never wanted to receive &#8230; but your life belonged to the Lord \u2013 you knew it well because you had made it a reality &#8212; [&hellip;]","og_url":"https:\/\/hijasdejesus.org\/en\/in-memory-of-maria-velasco-fi\/","og_site_name":"Hijas de Jes\u00fas","article_publisher":"https:\/\/www.facebook.com\/hijasdejesusenelmundo\/","article_published_time":"2016-06-13T16:51:10+00:00","article_modified_time":"2016-06-24T17:49:39+00:00","og_image":[{"width":1024,"height":683,"url":"https:\/\/hijasdejesus.org\/wp-content\/uploads\/2016\/06\/mariavelasco.jpg","type":"image\/jpeg"}],"author":"Webmaster","twitter_card":"summary_large_image","twitter_creator":"@hijasdjesus","twitter_site":"@hijasdjesus","twitter_misc":{"Written by":"Webmaster","Est. reading time":"2 minutes"},"schema":{"@context":"https:\/\/schema.org","@graph":[{"@type":"Article","@id":"https:\/\/hijasdejesus.org\/en\/in-memory-of-maria-velasco-fi\/#article","isPartOf":{"@id":"https:\/\/hijasdejesus.org\/en\/in-memory-of-maria-velasco-fi\/"},"author":{"name":"Webmaster","@id":"https:\/\/hijasdejesus.org\/en\/#\/schema\/person\/ce4455965da733f2791f23b6ec14e9b6"},"headline":"In memory of Maria Velasco fi","datePublished":"2016-06-13T16:51:10+00:00","dateModified":"2016-06-24T17:49:39+00:00","mainEntityOfPage":{"@id":"https:\/\/hijasdejesus.org\/en\/in-memory-of-maria-velasco-fi\/"},"wordCount":495,"publisher":{"@id":"https:\/\/hijasdejesus.org\/en\/#organization"},"image":{"@id":"https:\/\/hijasdejesus.org\/en\/in-memory-of-maria-velasco-fi\/#primaryimage"},"thumbnailUrl":"https:\/\/hijasdejesus.org\/wp-content\/uploads\/2016\/06\/mariavelasco.jpg","articleSection":["Hijas de Jes\u00fas","News"],"inLanguage":"en-US"},{"@type":"WebPage","@id":"https:\/\/hijasdejesus.org\/en\/in-memory-of-maria-velasco-fi\/","url":"https:\/\/hijasdejesus.org\/en\/in-memory-of-maria-velasco-fi\/","name":"In memory of Maria Velasco fi - Hijas de Jes\u00fas","isPartOf":{"@id":"https:\/\/hijasdejesus.org\/en\/#website"},"primaryImageOfPage":{"@id":"https:\/\/hijasdejesus.org\/en\/in-memory-of-maria-velasco-fi\/#primaryimage"},"image":{"@id":"https:\/\/hijasdejesus.org\/en\/in-memory-of-maria-velasco-fi\/#primaryimage"},"thumbnailUrl":"https:\/\/hijasdejesus.org\/wp-content\/uploads\/2016\/06\/mariavelasco.jpg","datePublished":"2016-06-13T16:51:10+00:00","dateModified":"2016-06-24T17:49:39+00:00","breadcrumb":{"@id":"https:\/\/hijasdejesus.org\/en\/in-memory-of-maria-velasco-fi\/#breadcrumb"},"inLanguage":"en-US","potentialAction":[{"@type":"ReadAction","target":["https:\/\/hijasdejesus.org\/en\/in-memory-of-maria-velasco-fi\/"]}]},{"@type":"ImageObject","inLanguage":"en-US","@id":"https:\/\/hijasdejesus.org\/en\/in-memory-of-maria-velasco-fi\/#primaryimage","url":"https:\/\/hijasdejesus.org\/wp-content\/uploads\/2016\/06\/mariavelasco.jpg","contentUrl":"https:\/\/hijasdejesus.org\/wp-content\/uploads\/2016\/06\/mariavelasco.jpg","width":1024,"height":683},{"@type":"BreadcrumbList","@id":"https:\/\/hijasdejesus.org\/en\/in-memory-of-maria-velasco-fi\/#breadcrumb","itemListElement":[{"@type":"ListItem","position":1,"name":"Portada","item":"https:\/\/hijasdejesus.org\/en\/"},{"@type":"ListItem","position":2,"name":"In memory of Maria Velasco fi"}]},{"@type":"WebSite","@id":"https:\/\/hijasdejesus.org\/en\/#website","url":"https:\/\/hijasdejesus.org\/en\/","name":"Hijas de Jes\u00fas","description":"Despertamos a Jes\u00fas en el coraz\u00f3n, sacando lo mejor de las personas. Somos una congregaci\u00f3n religiosa ignaciana fundada por la Madre Candida","publisher":{"@id":"https:\/\/hijasdejesus.org\/en\/#organization"},"potentialAction":[{"@type":"SearchAction","target":{"@type":"EntryPoint","urlTemplate":"https:\/\/hijasdejesus.org\/en\/?s={search_term_string}"},"query-input":{"@type":"PropertyValueSpecification","valueRequired":true,"valueName":"search_term_string"}}],"inLanguage":"en-US"},{"@type":"Organization","@id":"https:\/\/hijasdejesus.org\/en\/#organization","name":"Hijas de Jes\u00fas","url":"https:\/\/hijasdejesus.org\/en\/","logo":{"@type":"ImageObject","inLanguage":"en-US","@id":"https:\/\/hijasdejesus.org\/en\/#\/schema\/logo\/image\/","url":"https:\/\/hijasdejesus.org\/wp-content\/uploads\/2023\/01\/Hijas-de-Jesus_hor-A7C957.png","contentUrl":"https:\/\/hijasdejesus.org\/wp-content\/uploads\/2023\/01\/Hijas-de-Jesus_hor-A7C957.png","width":700,"height":360,"caption":"Hijas de Jes\u00fas"},"image":{"@id":"https:\/\/hijasdejesus.org\/en\/#\/schema\/logo\/image\/"},"sameAs":["https:\/\/www.facebook.com\/hijasdejesusenelmundo\/","https:\/\/x.com\/hijasdjesus"]},{"@type":"Person","@id":"https:\/\/hijasdejesus.org\/en\/#\/schema\/person\/ce4455965da733f2791f23b6ec14e9b6","name":"Webmaster","image":{"@type":"ImageObject","inLanguage":"en-US","@id":"https:\/\/secure.gravatar.com\/avatar\/cfd0acaac86c3981d541d2e99a0ffb7b6d33a5ac8989a62f5518b9e0f7ee128a?s=96&d=mm&r=g","url":"https:\/\/secure.gravatar.com\/avatar\/cfd0acaac86c3981d541d2e99a0ffb7b6d33a5ac8989a62f5518b9e0f7ee128a?s=96&d=mm&r=g","contentUrl":"https:\/\/secure.gravatar.com\/avatar\/cfd0acaac86c3981d541d2e99a0ffb7b6d33a5ac8989a62f5518b9e0f7ee128a?s=96&d=mm&r=g","caption":"Webmaster"},"url":"https:\/\/hijasdejesus.org\/en\/author\/webmaster\/"}]}},"_links":{"self":[{"href":"https:\/\/hijasdejesus.org\/en\/wp-json\/wp\/v2\/posts\/27703","targetHints":{"allow":["GET"]}}],"collection":[{"href":"https:\/\/hijasdejesus.org\/en\/wp-json\/wp\/v2\/posts"}],"about":[{"href":"https:\/\/hijasdejesus.org\/en\/wp-json\/wp\/v2\/types\/post"}],"author":[{"embeddable":true,"href":"https:\/\/hijasdejesus.org\/en\/wp-json\/wp\/v2\/users\/28"}],"replies":[{"embeddable":true,"href":"https:\/\/hijasdejesus.org\/en\/wp-json\/wp\/v2\/comments?post=27703"}],"version-history":[{"count":0,"href":"https:\/\/hijasdejesus.org\/en\/wp-json\/wp\/v2\/posts\/27703\/revisions"}],"wp:featuredmedia":[{"embeddable":true,"href":"https:\/\/hijasdejesus.org\/en\/wp-json\/wp\/v2\/media\/7342"}],"wp:attachment":[{"href":"https:\/\/hijasdejesus.org\/en\/wp-json\/wp\/v2\/media?parent=27703"}],"wp:term":[{"taxonomy":"category","embeddable":true,"href":"https:\/\/hijasdejesus.org\/en\/wp-json\/wp\/v2\/categories?post=27703"},{"taxonomy":"post_tag","embeddable":true,"href":"https:\/\/hijasdejesus.org\/en\/wp-json\/wp\/v2\/tags?post=27703"}],"curies":[{"name":"wp","href":"https:\/\/api.w.org\/{rel}","templated":true}]}}