{"id":27881,"date":"2016-09-24T11:42:15","date_gmt":"2016-09-24T09:42:15","guid":{"rendered":"https:\/\/nueva.hijasdejesus.org\/remembering-the-perpetual-profession-of-the-first-daughters-of-jesus\/"},"modified":"2016-09-28T10:48:13","modified_gmt":"2016-09-28T08:48:13","slug":"remembering-the-perpetual-profession-of-the-first-daughters-of-jesus","status":"publish","type":"post","link":"https:\/\/hijasdejesus.org\/en\/remembering-the-perpetual-profession-of-the-first-daughters-of-jesus\/","title":{"rendered":"Remembering&#8230; the perpetual profession of the first Daughters of Jesus"},"content":{"rendered":"<p style=\"text-align: center;\">\n<p>&#8220;September 24, 1903, a memorable day for the Daughters of Jesus, for it was when 42 sisters made their perpetual profession for the first time together with Mother Candida&#8230;&#8221;<br \/>Our Congregation invites you to pray with us today, remembering in your heart the first Daughters of Jesus, our charism, and the calls we continue to receive today in all parts of the world. <a href=\"index.php?option=com_jdownloads&amp;task=download.send&amp;id=689&amp;catid=6&amp;m=0&amp;lang=es\" target=\"_blank\" rel=\"noopener noreferrer\">Click here<\/a><\/p>\n","protected":false},"excerpt":{"rendered":"<p>&#8220;September 24, 1903, a memorable day for the Daughters of Jesus, for it was when 42 sisters made their perpetual profession for the first time together with Mother Candida&#8230;&#8221;Our Congregation invites you to pray with us today, remembering in your heart the first Daughters of Jesus, our charism, and the calls we continue to receive [&hellip;]<\/p>\n","protected":false},"author":28,"featured_media":7750,"comment_status":"closed","ping_status":"closed","sticky":false,"template":"","format":"standard","meta":{"_et_pb_use_builder":"","_et_pb_old_content":"","_et_gb_content_width":"","footnotes":"","_links_to":"","_links_to_target":""},"categories":[528,412],"tags":[789],"class_list":["post-27881","post","type-post","status-publish","format-standard","has-post-thumbnail","hentry","category-hijas-de-jesus-en","category-news","tag-saint-candida"],"yoast_head":"<!-- This site is optimized with the Yoast SEO plugin v27.5 - https:\/\/yoast.com\/product\/yoast-seo-wordpress\/ -->\n<title>Remembering... the perpetual profession of the first Daughters of Jesus - Hijas de Jes\u00fas<\/title>\n<meta name=\"robots\" content=\"index, follow, max-snippet:-1, max-image-preview:large, max-video-preview:-1\" \/>\n<link rel=\"canonical\" href=\"https:\/\/hijasdejesus.org\/en\/remembering-the-perpetual-profession-of-the-first-daughters-of-jesus\/\" \/>\n<meta property=\"og:locale\" content=\"en_US\" \/>\n<meta property=\"og:type\" content=\"article\" \/>\n<meta property=\"og:title\" content=\"Remembering... the perpetual profession of the first Daughters of Jesus - Hijas de Jes\u00fas\" \/>\n<meta property=\"og:description\" content=\"&#8220;September 24, 1903, a memorable day for the Daughters of Jesus, for it was when 42 sisters made their perpetual profession for the first time together with Mother Candida&#8230;&#8221;Our Congregation invites you to pray with us today, remembering in your heart the first Daughters of Jesus, our charism, and the calls we continue to receive [&hellip;]\" \/>\n<meta property=\"og:url\" content=\"https:\/\/hijasdejesus.org\/en\/remembering-the-perpetual-profession-of-the-first-daughters-of-jesus\/\" \/>\n<meta property=\"og:site_name\" content=\"Hijas de Jes\u00fas\" \/>\n<meta property=\"article:publisher\" content=\"https:\/\/www.facebook.com\/hijasdejesusenelmundo\/\" \/>\n<meta property=\"article:published_time\" content=\"2016-09-24T09:42:15+00:00\" \/>\n<meta property=\"article:modified_time\" content=\"2016-09-28T08:48:13+00:00\" \/>\n<meta property=\"og:image\" content=\"https:\/\/hijasdejesus.org\/wp-content\/uploads\/2016\/09\/fi_profesionperpetua1.jpg\" \/>\n\t<meta property=\"og:image:width\" content=\"945\" \/>\n\t<meta property=\"og:image:height\" content=\"1420\" \/>\n\t<meta property=\"og:image:type\" content=\"image\/jpeg\" \/>\n<meta name=\"author\" content=\"Webmaster\" \/>\n<meta name=\"twitter:card\" content=\"summary_large_image\" \/>\n<meta name=\"twitter:creator\" content=\"@hijasdjesus\" \/>\n<meta name=\"twitter:site\" content=\"@hijasdjesus\" \/>\n<meta name=\"twitter:label1\" content=\"Written by\" \/>\n\t<meta name=\"twitter:data1\" content=\"Webmaster\" \/>\n<script type=\"application\/ld+json\" class=\"yoast-schema-graph\">{\"@context\":\"https:\\\/\\\/schema.org\",\"@graph\":[{\"@type\":\"Article\",\"@id\":\"https:\\\/\\\/hijasdejesus.org\\\/en\\\/remembering-the-perpetual-profession-of-the-first-daughters-of-jesus\\\/#article\",\"isPartOf\":{\"@id\":\"https:\\\/\\\/hijasdejesus.org\\\/en\\\/remembering-the-perpetual-profession-of-the-first-daughters-of-jesus\\\/\"},\"author\":{\"name\":\"Webmaster\",\"@id\":\"https:\\\/\\\/hijasdejesus.org\\\/en\\\/#\\\/schema\\\/person\\\/ce4455965da733f2791f23b6ec14e9b6\"},\"headline\":\"Remembering&#8230; the perpetual profession of the first Daughters of Jesus\",\"datePublished\":\"2016-09-24T09:42:15+00:00\",\"dateModified\":\"2016-09-28T08:48:13+00:00\",\"mainEntityOfPage\":{\"@id\":\"https:\\\/\\\/hijasdejesus.org\\\/en\\\/remembering-the-perpetual-profession-of-the-first-daughters-of-jesus\\\/\"},\"wordCount\":72,\"publisher\":{\"@id\":\"https:\\\/\\\/hijasdejesus.org\\\/en\\\/#organization\"},\"image\":{\"@id\":\"https:\\\/\\\/hijasdejesus.org\\\/en\\\/remembering-the-perpetual-profession-of-the-first-daughters-of-jesus\\\/#primaryimage\"},\"thumbnailUrl\":\"https:\\\/\\\/hijasdejesus.org\\\/wp-content\\\/uploads\\\/2016\\\/09\\\/fi_profesionperpetua1.jpg\",\"keywords\":[\"Saint Candida\"],\"articleSection\":[\"Hijas de Jes\u00fas\",\"News\"],\"inLanguage\":\"en-US\"},{\"@type\":\"WebPage\",\"@id\":\"https:\\\/\\\/hijasdejesus.org\\\/en\\\/remembering-the-perpetual-profession-of-the-first-daughters-of-jesus\\\/\",\"url\":\"https:\\\/\\\/hijasdejesus.org\\\/en\\\/remembering-the-perpetual-profession-of-the-first-daughters-of-jesus\\\/\",\"name\":\"Remembering... the perpetual profession of the first Daughters of Jesus - Hijas de Jes\u00fas\",\"isPartOf\":{\"@id\":\"https:\\\/\\\/hijasdejesus.org\\\/en\\\/#website\"},\"primaryImageOfPage\":{\"@id\":\"https:\\\/\\\/hijasdejesus.org\\\/en\\\/remembering-the-perpetual-profession-of-the-first-daughters-of-jesus\\\/#primaryimage\"},\"image\":{\"@id\":\"https:\\\/\\\/hijasdejesus.org\\\/en\\\/remembering-the-perpetual-profession-of-the-first-daughters-of-jesus\\\/#primaryimage\"},\"thumbnailUrl\":\"https:\\\/\\\/hijasdejesus.org\\\/wp-content\\\/uploads\\\/2016\\\/09\\\/fi_profesionperpetua1.jpg\",\"datePublished\":\"2016-09-24T09:42:15+00:00\",\"dateModified\":\"2016-09-28T08:48:13+00:00\",\"breadcrumb\":{\"@id\":\"https:\\\/\\\/hijasdejesus.org\\\/en\\\/remembering-the-perpetual-profession-of-the-first-daughters-of-jesus\\\/#breadcrumb\"},\"inLanguage\":\"en-US\",\"potentialAction\":[{\"@type\":\"ReadAction\",\"target\":[\"https:\\\/\\\/hijasdejesus.org\\\/en\\\/remembering-the-perpetual-profession-of-the-first-daughters-of-jesus\\\/\"]}]},{\"@type\":\"ImageObject\",\"inLanguage\":\"en-US\",\"@id\":\"https:\\\/\\\/hijasdejesus.org\\\/en\\\/remembering-the-perpetual-profession-of-the-first-daughters-of-jesus\\\/#primaryimage\",\"url\":\"https:\\\/\\\/hijasdejesus.org\\\/wp-content\\\/uploads\\\/2016\\\/09\\\/fi_profesionperpetua1.jpg\",\"contentUrl\":\"https:\\\/\\\/hijasdejesus.org\\\/wp-content\\\/uploads\\\/2016\\\/09\\\/fi_profesionperpetua1.jpg\",\"width\":945,\"height\":1420},{\"@type\":\"BreadcrumbList\",\"@id\":\"https:\\\/\\\/hijasdejesus.org\\\/en\\\/remembering-the-perpetual-profession-of-the-first-daughters-of-jesus\\\/#breadcrumb\",\"itemListElement\":[{\"@type\":\"ListItem\",\"position\":1,\"name\":\"Portada\",\"item\":\"https:\\\/\\\/hijasdejesus.org\\\/en\\\/\"},{\"@type\":\"ListItem\",\"position\":2,\"name\":\"Remembering&#8230; the perpetual profession of the first Daughters of Jesus\"}]},{\"@type\":\"WebSite\",\"@id\":\"https:\\\/\\\/hijasdejesus.org\\\/en\\\/#website\",\"url\":\"https:\\\/\\\/hijasdejesus.org\\\/en\\\/\",\"name\":\"Hijas de Jes\u00fas\",\"description\":\"Despertamos a Jes\u00fas en el coraz\u00f3n, sacando lo mejor de las personas. Somos una congregaci\u00f3n religiosa ignaciana fundada por la Madre Candida\",\"publisher\":{\"@id\":\"https:\\\/\\\/hijasdejesus.org\\\/en\\\/#organization\"},\"potentialAction\":[{\"@type\":\"SearchAction\",\"target\":{\"@type\":\"EntryPoint\",\"urlTemplate\":\"https:\\\/\\\/hijasdejesus.org\\\/en\\\/?s={search_term_string}\"},\"query-input\":{\"@type\":\"PropertyValueSpecification\",\"valueRequired\":true,\"valueName\":\"search_term_string\"}}],\"inLanguage\":\"en-US\"},{\"@type\":\"Organization\",\"@id\":\"https:\\\/\\\/hijasdejesus.org\\\/en\\\/#organization\",\"name\":\"Hijas de Jes\u00fas\",\"url\":\"https:\\\/\\\/hijasdejesus.org\\\/en\\\/\",\"logo\":{\"@type\":\"ImageObject\",\"inLanguage\":\"en-US\",\"@id\":\"https:\\\/\\\/hijasdejesus.org\\\/en\\\/#\\\/schema\\\/logo\\\/image\\\/\",\"url\":\"https:\\\/\\\/hijasdejesus.org\\\/wp-content\\\/uploads\\\/2023\\\/01\\\/Hijas-de-Jesus_hor-A7C957.png\",\"contentUrl\":\"https:\\\/\\\/hijasdejesus.org\\\/wp-content\\\/uploads\\\/2023\\\/01\\\/Hijas-de-Jesus_hor-A7C957.png\",\"width\":700,\"height\":360,\"caption\":\"Hijas de Jes\u00fas\"},\"image\":{\"@id\":\"https:\\\/\\\/hijasdejesus.org\\\/en\\\/#\\\/schema\\\/logo\\\/image\\\/\"},\"sameAs\":[\"https:\\\/\\\/www.facebook.com\\\/hijasdejesusenelmundo\\\/\",\"https:\\\/\\\/x.com\\\/hijasdjesus\"]},{\"@type\":\"Person\",\"@id\":\"https:\\\/\\\/hijasdejesus.org\\\/en\\\/#\\\/schema\\\/person\\\/ce4455965da733f2791f23b6ec14e9b6\",\"name\":\"Webmaster\",\"image\":{\"@type\":\"ImageObject\",\"inLanguage\":\"en-US\",\"@id\":\"https:\\\/\\\/secure.gravatar.com\\\/avatar\\\/cfd0acaac86c3981d541d2e99a0ffb7b6d33a5ac8989a62f5518b9e0f7ee128a?s=96&d=mm&r=g\",\"url\":\"https:\\\/\\\/secure.gravatar.com\\\/avatar\\\/cfd0acaac86c3981d541d2e99a0ffb7b6d33a5ac8989a62f5518b9e0f7ee128a?s=96&d=mm&r=g\",\"contentUrl\":\"https:\\\/\\\/secure.gravatar.com\\\/avatar\\\/cfd0acaac86c3981d541d2e99a0ffb7b6d33a5ac8989a62f5518b9e0f7ee128a?s=96&d=mm&r=g\",\"caption\":\"Webmaster\"},\"url\":\"https:\\\/\\\/hijasdejesus.org\\\/en\\\/author\\\/webmaster\\\/\"}]}<\/script>\n<!-- \/ Yoast SEO plugin. -->","yoast_head_json":{"title":"Remembering... the perpetual profession of the first Daughters of Jesus - Hijas de Jes\u00fas","robots":{"index":"index","follow":"follow","max-snippet":"max-snippet:-1","max-image-preview":"max-image-preview:large","max-video-preview":"max-video-preview:-1"},"canonical":"https:\/\/hijasdejesus.org\/en\/remembering-the-perpetual-profession-of-the-first-daughters-of-jesus\/","og_locale":"en_US","og_type":"article","og_title":"Remembering... the perpetual profession of the first Daughters of Jesus - Hijas de Jes\u00fas","og_description":"&#8220;September 24, 1903, a memorable day for the Daughters of Jesus, for it was when 42 sisters made their perpetual profession for the first time together with Mother Candida&#8230;&#8221;Our Congregation invites you to pray with us today, remembering in your heart the first Daughters of Jesus, our charism, and the calls we continue to receive [&hellip;]","og_url":"https:\/\/hijasdejesus.org\/en\/remembering-the-perpetual-profession-of-the-first-daughters-of-jesus\/","og_site_name":"Hijas de Jes\u00fas","article_publisher":"https:\/\/www.facebook.com\/hijasdejesusenelmundo\/","article_published_time":"2016-09-24T09:42:15+00:00","article_modified_time":"2016-09-28T08:48:13+00:00","og_image":[{"width":945,"height":1420,"url":"https:\/\/hijasdejesus.org\/wp-content\/uploads\/2016\/09\/fi_profesionperpetua1.jpg","type":"image\/jpeg"}],"author":"Webmaster","twitter_card":"summary_large_image","twitter_creator":"@hijasdjesus","twitter_site":"@hijasdjesus","twitter_misc":{"Written by":"Webmaster"},"schema":{"@context":"https:\/\/schema.org","@graph":[{"@type":"Article","@id":"https:\/\/hijasdejesus.org\/en\/remembering-the-perpetual-profession-of-the-first-daughters-of-jesus\/#article","isPartOf":{"@id":"https:\/\/hijasdejesus.org\/en\/remembering-the-perpetual-profession-of-the-first-daughters-of-jesus\/"},"author":{"name":"Webmaster","@id":"https:\/\/hijasdejesus.org\/en\/#\/schema\/person\/ce4455965da733f2791f23b6ec14e9b6"},"headline":"Remembering&#8230; the perpetual profession of the first Daughters of Jesus","datePublished":"2016-09-24T09:42:15+00:00","dateModified":"2016-09-28T08:48:13+00:00","mainEntityOfPage":{"@id":"https:\/\/hijasdejesus.org\/en\/remembering-the-perpetual-profession-of-the-first-daughters-of-jesus\/"},"wordCount":72,"publisher":{"@id":"https:\/\/hijasdejesus.org\/en\/#organization"},"image":{"@id":"https:\/\/hijasdejesus.org\/en\/remembering-the-perpetual-profession-of-the-first-daughters-of-jesus\/#primaryimage"},"thumbnailUrl":"https:\/\/hijasdejesus.org\/wp-content\/uploads\/2016\/09\/fi_profesionperpetua1.jpg","keywords":["Saint Candida"],"articleSection":["Hijas de Jes\u00fas","News"],"inLanguage":"en-US"},{"@type":"WebPage","@id":"https:\/\/hijasdejesus.org\/en\/remembering-the-perpetual-profession-of-the-first-daughters-of-jesus\/","url":"https:\/\/hijasdejesus.org\/en\/remembering-the-perpetual-profession-of-the-first-daughters-of-jesus\/","name":"Remembering... the perpetual profession of the first Daughters of Jesus - Hijas de Jes\u00fas","isPartOf":{"@id":"https:\/\/hijasdejesus.org\/en\/#website"},"primaryImageOfPage":{"@id":"https:\/\/hijasdejesus.org\/en\/remembering-the-perpetual-profession-of-the-first-daughters-of-jesus\/#primaryimage"},"image":{"@id":"https:\/\/hijasdejesus.org\/en\/remembering-the-perpetual-profession-of-the-first-daughters-of-jesus\/#primaryimage"},"thumbnailUrl":"https:\/\/hijasdejesus.org\/wp-content\/uploads\/2016\/09\/fi_profesionperpetua1.jpg","datePublished":"2016-09-24T09:42:15+00:00","dateModified":"2016-09-28T08:48:13+00:00","breadcrumb":{"@id":"https:\/\/hijasdejesus.org\/en\/remembering-the-perpetual-profession-of-the-first-daughters-of-jesus\/#breadcrumb"},"inLanguage":"en-US","potentialAction":[{"@type":"ReadAction","target":["https:\/\/hijasdejesus.org\/en\/remembering-the-perpetual-profession-of-the-first-daughters-of-jesus\/"]}]},{"@type":"ImageObject","inLanguage":"en-US","@id":"https:\/\/hijasdejesus.org\/en\/remembering-the-perpetual-profession-of-the-first-daughters-of-jesus\/#primaryimage","url":"https:\/\/hijasdejesus.org\/wp-content\/uploads\/2016\/09\/fi_profesionperpetua1.jpg","contentUrl":"https:\/\/hijasdejesus.org\/wp-content\/uploads\/2016\/09\/fi_profesionperpetua1.jpg","width":945,"height":1420},{"@type":"BreadcrumbList","@id":"https:\/\/hijasdejesus.org\/en\/remembering-the-perpetual-profession-of-the-first-daughters-of-jesus\/#breadcrumb","itemListElement":[{"@type":"ListItem","position":1,"name":"Portada","item":"https:\/\/hijasdejesus.org\/en\/"},{"@type":"ListItem","position":2,"name":"Remembering&#8230; the perpetual profession of the first Daughters of Jesus"}]},{"@type":"WebSite","@id":"https:\/\/hijasdejesus.org\/en\/#website","url":"https:\/\/hijasdejesus.org\/en\/","name":"Hijas de Jes\u00fas","description":"Despertamos a Jes\u00fas en el coraz\u00f3n, sacando lo mejor de las personas. Somos una congregaci\u00f3n religiosa ignaciana fundada por la Madre Candida","publisher":{"@id":"https:\/\/hijasdejesus.org\/en\/#organization"},"potentialAction":[{"@type":"SearchAction","target":{"@type":"EntryPoint","urlTemplate":"https:\/\/hijasdejesus.org\/en\/?s={search_term_string}"},"query-input":{"@type":"PropertyValueSpecification","valueRequired":true,"valueName":"search_term_string"}}],"inLanguage":"en-US"},{"@type":"Organization","@id":"https:\/\/hijasdejesus.org\/en\/#organization","name":"Hijas de Jes\u00fas","url":"https:\/\/hijasdejesus.org\/en\/","logo":{"@type":"ImageObject","inLanguage":"en-US","@id":"https:\/\/hijasdejesus.org\/en\/#\/schema\/logo\/image\/","url":"https:\/\/hijasdejesus.org\/wp-content\/uploads\/2023\/01\/Hijas-de-Jesus_hor-A7C957.png","contentUrl":"https:\/\/hijasdejesus.org\/wp-content\/uploads\/2023\/01\/Hijas-de-Jesus_hor-A7C957.png","width":700,"height":360,"caption":"Hijas de Jes\u00fas"},"image":{"@id":"https:\/\/hijasdejesus.org\/en\/#\/schema\/logo\/image\/"},"sameAs":["https:\/\/www.facebook.com\/hijasdejesusenelmundo\/","https:\/\/x.com\/hijasdjesus"]},{"@type":"Person","@id":"https:\/\/hijasdejesus.org\/en\/#\/schema\/person\/ce4455965da733f2791f23b6ec14e9b6","name":"Webmaster","image":{"@type":"ImageObject","inLanguage":"en-US","@id":"https:\/\/secure.gravatar.com\/avatar\/cfd0acaac86c3981d541d2e99a0ffb7b6d33a5ac8989a62f5518b9e0f7ee128a?s=96&d=mm&r=g","url":"https:\/\/secure.gravatar.com\/avatar\/cfd0acaac86c3981d541d2e99a0ffb7b6d33a5ac8989a62f5518b9e0f7ee128a?s=96&d=mm&r=g","contentUrl":"https:\/\/secure.gravatar.com\/avatar\/cfd0acaac86c3981d541d2e99a0ffb7b6d33a5ac8989a62f5518b9e0f7ee128a?s=96&d=mm&r=g","caption":"Webmaster"},"url":"https:\/\/hijasdejesus.org\/en\/author\/webmaster\/"}]}},"_links":{"self":[{"href":"https:\/\/hijasdejesus.org\/en\/wp-json\/wp\/v2\/posts\/27881","targetHints":{"allow":["GET"]}}],"collection":[{"href":"https:\/\/hijasdejesus.org\/en\/wp-json\/wp\/v2\/posts"}],"about":[{"href":"https:\/\/hijasdejesus.org\/en\/wp-json\/wp\/v2\/types\/post"}],"author":[{"embeddable":true,"href":"https:\/\/hijasdejesus.org\/en\/wp-json\/wp\/v2\/users\/28"}],"replies":[{"embeddable":true,"href":"https:\/\/hijasdejesus.org\/en\/wp-json\/wp\/v2\/comments?post=27881"}],"version-history":[{"count":0,"href":"https:\/\/hijasdejesus.org\/en\/wp-json\/wp\/v2\/posts\/27881\/revisions"}],"wp:featuredmedia":[{"embeddable":true,"href":"https:\/\/hijasdejesus.org\/en\/wp-json\/wp\/v2\/media\/7750"}],"wp:attachment":[{"href":"https:\/\/hijasdejesus.org\/en\/wp-json\/wp\/v2\/media?parent=27881"}],"wp:term":[{"taxonomy":"category","embeddable":true,"href":"https:\/\/hijasdejesus.org\/en\/wp-json\/wp\/v2\/categories?post=27881"},{"taxonomy":"post_tag","embeddable":true,"href":"https:\/\/hijasdejesus.org\/en\/wp-json\/wp\/v2\/tags?post=27881"}],"curies":[{"name":"wp","href":"https:\/\/api.w.org\/{rel}","templated":true}]}}