{"id":27900,"date":"2016-10-03T18:50:41","date_gmt":"2016-10-03T16:50:41","guid":{"rendered":"https:\/\/nueva.hijasdejesus.org\/the-first-session-in-the-aula-and-father-nicolas-resignation\/"},"modified":"2016-10-03T18:53:52","modified_gmt":"2016-10-03T16:53:52","slug":"the-first-session-in-the-aula-and-father-nicolas-resignation","status":"publish","type":"post","link":"https:\/\/hijasdejesus.org\/en\/the-first-session-in-the-aula-and-father-nicolas-resignation\/","title":{"rendered":"The first session in the aula and Father Nicol\u00e1s\u2019 resignation"},"content":{"rendered":"<p>The members of General Congregation 36 had the opportunity to participate, during the preceding days, in information sessions about their work and technical environment in the aula, including the use of the electronic tablets through which they are getting access to the majority of the working documents and materials. Therefore, on this Monday morning, at 9:00 a.m., they were all set to begin the work of the Congregation in earnest.<br \/>On the feast day of Saint Francis Borgia, patron of the General Curia, Fr. James E. Grummer invited the assembly to stand and invoke the Holy Spirit by singing the Veni Creator. Immediately after, he invited Father General to say a few words. Fr. Nicol\u00e1s stated that he was handing over the facilitation of the Congregation to Fr. Grummer and that he had chosen him to be the Vicar General of the Society for the time before the election of a new General. Father Nicol\u00e1s then opted to leave the rostrum and to sit among the other members of the Congregation. The assembly went on with the prayer. Every day, it is possible to pray along with the members of the Congregation since the prayer of the aula is available to all in the \u201cprayer room\u201d section of the website gc36.org.<\/p>\n<p style=\"text-align: center;\"><a href=\"http:\/\/gc36.org\/first-session-aula-father-nicolas-resignation\/\" target=\"_blank\" rel=\"noopener\">Continue reading in CG36<\/a><\/p>\n","protected":false},"excerpt":{"rendered":"<p>The members of General Congregation 36 had the opportunity to participate, during the preceding days, in information sessions about their work and technical environment in the aula, including the use of the electronic tablets through which they are getting access to the majority of the working documents and materials. Therefore, on this Monday morning, at [&hellip;]<\/p>\n","protected":false},"author":28,"featured_media":7808,"comment_status":"closed","ping_status":"closed","sticky":false,"template":"","format":"standard","meta":{"_et_pb_use_builder":"","_et_pb_old_content":"","_et_gb_content_width":"","footnotes":"","_links_to":"","_links_to_target":""},"categories":[412],"tags":[],"class_list":["post-27900","post","type-post","status-publish","format-standard","has-post-thumbnail","hentry","category-news"],"yoast_head":"<!-- This site is optimized with the Yoast SEO plugin v27.4 - https:\/\/yoast.com\/product\/yoast-seo-wordpress\/ -->\n<title>The first session in the aula and Father Nicol\u00e1s\u2019 resignation - Hijas de Jes\u00fas<\/title>\n<meta name=\"robots\" content=\"index, follow, max-snippet:-1, max-image-preview:large, max-video-preview:-1\" \/>\n<link rel=\"canonical\" href=\"https:\/\/hijasdejesus.org\/en\/the-first-session-in-the-aula-and-father-nicolas-resignation\/\" \/>\n<meta property=\"og:locale\" content=\"en_US\" \/>\n<meta property=\"og:type\" content=\"article\" \/>\n<meta property=\"og:title\" content=\"The first session in the aula and Father Nicol\u00e1s\u2019 resignation - Hijas de Jes\u00fas\" \/>\n<meta property=\"og:description\" content=\"The members of General Congregation 36 had the opportunity to participate, during the preceding days, in information sessions about their work and technical environment in the aula, including the use of the electronic tablets through which they are getting access to the majority of the working documents and materials. Therefore, on this Monday morning, at [&hellip;]\" \/>\n<meta property=\"og:url\" content=\"https:\/\/hijasdejesus.org\/en\/the-first-session-in-the-aula-and-father-nicolas-resignation\/\" \/>\n<meta property=\"og:site_name\" content=\"Hijas de Jes\u00fas\" \/>\n<meta property=\"article:publisher\" content=\"https:\/\/www.facebook.com\/hijasdejesusenelmundo\/\" \/>\n<meta property=\"article:published_time\" content=\"2016-10-03T16:50:41+00:00\" \/>\n<meta property=\"article:modified_time\" content=\"2016-10-03T16:53:52+00:00\" \/>\n<meta property=\"og:image\" content=\"https:\/\/hijasdejesus.org\/wp-content\/uploads\/2016\/10\/sj_cg36_1.jpg\" \/>\n\t<meta property=\"og:image:width\" content=\"750\" \/>\n\t<meta property=\"og:image:height\" content=\"420\" \/>\n\t<meta property=\"og:image:type\" content=\"image\/jpeg\" \/>\n<meta name=\"author\" content=\"Webmaster\" \/>\n<meta name=\"twitter:card\" content=\"summary_large_image\" \/>\n<meta name=\"twitter:creator\" content=\"@hijasdjesus\" \/>\n<meta name=\"twitter:site\" content=\"@hijasdjesus\" \/>\n<meta name=\"twitter:label1\" content=\"Written by\" \/>\n\t<meta name=\"twitter:data1\" content=\"Webmaster\" \/>\n\t<meta name=\"twitter:label2\" content=\"Est. reading time\" \/>\n\t<meta name=\"twitter:data2\" content=\"1 minute\" \/>\n<script type=\"application\/ld+json\" class=\"yoast-schema-graph\">{\"@context\":\"https:\\\/\\\/schema.org\",\"@graph\":[{\"@type\":\"Article\",\"@id\":\"https:\\\/\\\/hijasdejesus.org\\\/en\\\/the-first-session-in-the-aula-and-father-nicolas-resignation\\\/#article\",\"isPartOf\":{\"@id\":\"https:\\\/\\\/hijasdejesus.org\\\/en\\\/the-first-session-in-the-aula-and-father-nicolas-resignation\\\/\"},\"author\":{\"name\":\"Webmaster\",\"@id\":\"https:\\\/\\\/hijasdejesus.org\\\/en\\\/#\\\/schema\\\/person\\\/ce4455965da733f2791f23b6ec14e9b6\"},\"headline\":\"The first session in the aula and Father Nicol\u00e1s\u2019 resignation\",\"datePublished\":\"2016-10-03T16:50:41+00:00\",\"dateModified\":\"2016-10-03T16:53:52+00:00\",\"mainEntityOfPage\":{\"@id\":\"https:\\\/\\\/hijasdejesus.org\\\/en\\\/the-first-session-in-the-aula-and-father-nicolas-resignation\\\/\"},\"wordCount\":228,\"publisher\":{\"@id\":\"https:\\\/\\\/hijasdejesus.org\\\/en\\\/#organization\"},\"image\":{\"@id\":\"https:\\\/\\\/hijasdejesus.org\\\/en\\\/the-first-session-in-the-aula-and-father-nicolas-resignation\\\/#primaryimage\"},\"thumbnailUrl\":\"https:\\\/\\\/hijasdejesus.org\\\/wp-content\\\/uploads\\\/2016\\\/10\\\/sj_cg36_1.jpg\",\"articleSection\":[\"News\"],\"inLanguage\":\"en-US\"},{\"@type\":\"WebPage\",\"@id\":\"https:\\\/\\\/hijasdejesus.org\\\/en\\\/the-first-session-in-the-aula-and-father-nicolas-resignation\\\/\",\"url\":\"https:\\\/\\\/hijasdejesus.org\\\/en\\\/the-first-session-in-the-aula-and-father-nicolas-resignation\\\/\",\"name\":\"The first session in the aula and Father Nicol\u00e1s\u2019 resignation - Hijas de Jes\u00fas\",\"isPartOf\":{\"@id\":\"https:\\\/\\\/hijasdejesus.org\\\/en\\\/#website\"},\"primaryImageOfPage\":{\"@id\":\"https:\\\/\\\/hijasdejesus.org\\\/en\\\/the-first-session-in-the-aula-and-father-nicolas-resignation\\\/#primaryimage\"},\"image\":{\"@id\":\"https:\\\/\\\/hijasdejesus.org\\\/en\\\/the-first-session-in-the-aula-and-father-nicolas-resignation\\\/#primaryimage\"},\"thumbnailUrl\":\"https:\\\/\\\/hijasdejesus.org\\\/wp-content\\\/uploads\\\/2016\\\/10\\\/sj_cg36_1.jpg\",\"datePublished\":\"2016-10-03T16:50:41+00:00\",\"dateModified\":\"2016-10-03T16:53:52+00:00\",\"breadcrumb\":{\"@id\":\"https:\\\/\\\/hijasdejesus.org\\\/en\\\/the-first-session-in-the-aula-and-father-nicolas-resignation\\\/#breadcrumb\"},\"inLanguage\":\"en-US\",\"potentialAction\":[{\"@type\":\"ReadAction\",\"target\":[\"https:\\\/\\\/hijasdejesus.org\\\/en\\\/the-first-session-in-the-aula-and-father-nicolas-resignation\\\/\"]}]},{\"@type\":\"ImageObject\",\"inLanguage\":\"en-US\",\"@id\":\"https:\\\/\\\/hijasdejesus.org\\\/en\\\/the-first-session-in-the-aula-and-father-nicolas-resignation\\\/#primaryimage\",\"url\":\"https:\\\/\\\/hijasdejesus.org\\\/wp-content\\\/uploads\\\/2016\\\/10\\\/sj_cg36_1.jpg\",\"contentUrl\":\"https:\\\/\\\/hijasdejesus.org\\\/wp-content\\\/uploads\\\/2016\\\/10\\\/sj_cg36_1.jpg\",\"width\":750,\"height\":420},{\"@type\":\"BreadcrumbList\",\"@id\":\"https:\\\/\\\/hijasdejesus.org\\\/en\\\/the-first-session-in-the-aula-and-father-nicolas-resignation\\\/#breadcrumb\",\"itemListElement\":[{\"@type\":\"ListItem\",\"position\":1,\"name\":\"Portada\",\"item\":\"https:\\\/\\\/hijasdejesus.org\\\/en\\\/\"},{\"@type\":\"ListItem\",\"position\":2,\"name\":\"The first session in the aula and Father Nicol\u00e1s\u2019 resignation\"}]},{\"@type\":\"WebSite\",\"@id\":\"https:\\\/\\\/hijasdejesus.org\\\/en\\\/#website\",\"url\":\"https:\\\/\\\/hijasdejesus.org\\\/en\\\/\",\"name\":\"Hijas de Jes\u00fas\",\"description\":\"Despertamos a Jes\u00fas en el coraz\u00f3n, sacando lo mejor de las personas. Somos una congregaci\u00f3n religiosa ignaciana fundada por la Madre Candida\",\"publisher\":{\"@id\":\"https:\\\/\\\/hijasdejesus.org\\\/en\\\/#organization\"},\"potentialAction\":[{\"@type\":\"SearchAction\",\"target\":{\"@type\":\"EntryPoint\",\"urlTemplate\":\"https:\\\/\\\/hijasdejesus.org\\\/en\\\/?s={search_term_string}\"},\"query-input\":{\"@type\":\"PropertyValueSpecification\",\"valueRequired\":true,\"valueName\":\"search_term_string\"}}],\"inLanguage\":\"en-US\"},{\"@type\":\"Organization\",\"@id\":\"https:\\\/\\\/hijasdejesus.org\\\/en\\\/#organization\",\"name\":\"Hijas de Jes\u00fas\",\"url\":\"https:\\\/\\\/hijasdejesus.org\\\/en\\\/\",\"logo\":{\"@type\":\"ImageObject\",\"inLanguage\":\"en-US\",\"@id\":\"https:\\\/\\\/hijasdejesus.org\\\/en\\\/#\\\/schema\\\/logo\\\/image\\\/\",\"url\":\"https:\\\/\\\/hijasdejesus.org\\\/wp-content\\\/uploads\\\/2023\\\/01\\\/Hijas-de-Jesus_hor-A7C957.png\",\"contentUrl\":\"https:\\\/\\\/hijasdejesus.org\\\/wp-content\\\/uploads\\\/2023\\\/01\\\/Hijas-de-Jesus_hor-A7C957.png\",\"width\":700,\"height\":360,\"caption\":\"Hijas de Jes\u00fas\"},\"image\":{\"@id\":\"https:\\\/\\\/hijasdejesus.org\\\/en\\\/#\\\/schema\\\/logo\\\/image\\\/\"},\"sameAs\":[\"https:\\\/\\\/www.facebook.com\\\/hijasdejesusenelmundo\\\/\",\"https:\\\/\\\/x.com\\\/hijasdjesus\"]},{\"@type\":\"Person\",\"@id\":\"https:\\\/\\\/hijasdejesus.org\\\/en\\\/#\\\/schema\\\/person\\\/ce4455965da733f2791f23b6ec14e9b6\",\"name\":\"Webmaster\",\"image\":{\"@type\":\"ImageObject\",\"inLanguage\":\"en-US\",\"@id\":\"https:\\\/\\\/secure.gravatar.com\\\/avatar\\\/cfd0acaac86c3981d541d2e99a0ffb7b6d33a5ac8989a62f5518b9e0f7ee128a?s=96&d=mm&r=g\",\"url\":\"https:\\\/\\\/secure.gravatar.com\\\/avatar\\\/cfd0acaac86c3981d541d2e99a0ffb7b6d33a5ac8989a62f5518b9e0f7ee128a?s=96&d=mm&r=g\",\"contentUrl\":\"https:\\\/\\\/secure.gravatar.com\\\/avatar\\\/cfd0acaac86c3981d541d2e99a0ffb7b6d33a5ac8989a62f5518b9e0f7ee128a?s=96&d=mm&r=g\",\"caption\":\"Webmaster\"},\"url\":\"https:\\\/\\\/hijasdejesus.org\\\/en\\\/author\\\/webmaster\\\/\"}]}<\/script>\n<!-- \/ Yoast SEO plugin. -->","yoast_head_json":{"title":"The first session in the aula and Father Nicol\u00e1s\u2019 resignation - Hijas de Jes\u00fas","robots":{"index":"index","follow":"follow","max-snippet":"max-snippet:-1","max-image-preview":"max-image-preview:large","max-video-preview":"max-video-preview:-1"},"canonical":"https:\/\/hijasdejesus.org\/en\/the-first-session-in-the-aula-and-father-nicolas-resignation\/","og_locale":"en_US","og_type":"article","og_title":"The first session in the aula and Father Nicol\u00e1s\u2019 resignation - Hijas de Jes\u00fas","og_description":"The members of General Congregation 36 had the opportunity to participate, during the preceding days, in information sessions about their work and technical environment in the aula, including the use of the electronic tablets through which they are getting access to the majority of the working documents and materials. Therefore, on this Monday morning, at [&hellip;]","og_url":"https:\/\/hijasdejesus.org\/en\/the-first-session-in-the-aula-and-father-nicolas-resignation\/","og_site_name":"Hijas de Jes\u00fas","article_publisher":"https:\/\/www.facebook.com\/hijasdejesusenelmundo\/","article_published_time":"2016-10-03T16:50:41+00:00","article_modified_time":"2016-10-03T16:53:52+00:00","og_image":[{"width":750,"height":420,"url":"https:\/\/hijasdejesus.org\/wp-content\/uploads\/2016\/10\/sj_cg36_1.jpg","type":"image\/jpeg"}],"author":"Webmaster","twitter_card":"summary_large_image","twitter_creator":"@hijasdjesus","twitter_site":"@hijasdjesus","twitter_misc":{"Written by":"Webmaster","Est. reading time":"1 minute"},"schema":{"@context":"https:\/\/schema.org","@graph":[{"@type":"Article","@id":"https:\/\/hijasdejesus.org\/en\/the-first-session-in-the-aula-and-father-nicolas-resignation\/#article","isPartOf":{"@id":"https:\/\/hijasdejesus.org\/en\/the-first-session-in-the-aula-and-father-nicolas-resignation\/"},"author":{"name":"Webmaster","@id":"https:\/\/hijasdejesus.org\/en\/#\/schema\/person\/ce4455965da733f2791f23b6ec14e9b6"},"headline":"The first session in the aula and Father Nicol\u00e1s\u2019 resignation","datePublished":"2016-10-03T16:50:41+00:00","dateModified":"2016-10-03T16:53:52+00:00","mainEntityOfPage":{"@id":"https:\/\/hijasdejesus.org\/en\/the-first-session-in-the-aula-and-father-nicolas-resignation\/"},"wordCount":228,"publisher":{"@id":"https:\/\/hijasdejesus.org\/en\/#organization"},"image":{"@id":"https:\/\/hijasdejesus.org\/en\/the-first-session-in-the-aula-and-father-nicolas-resignation\/#primaryimage"},"thumbnailUrl":"https:\/\/hijasdejesus.org\/wp-content\/uploads\/2016\/10\/sj_cg36_1.jpg","articleSection":["News"],"inLanguage":"en-US"},{"@type":"WebPage","@id":"https:\/\/hijasdejesus.org\/en\/the-first-session-in-the-aula-and-father-nicolas-resignation\/","url":"https:\/\/hijasdejesus.org\/en\/the-first-session-in-the-aula-and-father-nicolas-resignation\/","name":"The first session in the aula and Father Nicol\u00e1s\u2019 resignation - Hijas de Jes\u00fas","isPartOf":{"@id":"https:\/\/hijasdejesus.org\/en\/#website"},"primaryImageOfPage":{"@id":"https:\/\/hijasdejesus.org\/en\/the-first-session-in-the-aula-and-father-nicolas-resignation\/#primaryimage"},"image":{"@id":"https:\/\/hijasdejesus.org\/en\/the-first-session-in-the-aula-and-father-nicolas-resignation\/#primaryimage"},"thumbnailUrl":"https:\/\/hijasdejesus.org\/wp-content\/uploads\/2016\/10\/sj_cg36_1.jpg","datePublished":"2016-10-03T16:50:41+00:00","dateModified":"2016-10-03T16:53:52+00:00","breadcrumb":{"@id":"https:\/\/hijasdejesus.org\/en\/the-first-session-in-the-aula-and-father-nicolas-resignation\/#breadcrumb"},"inLanguage":"en-US","potentialAction":[{"@type":"ReadAction","target":["https:\/\/hijasdejesus.org\/en\/the-first-session-in-the-aula-and-father-nicolas-resignation\/"]}]},{"@type":"ImageObject","inLanguage":"en-US","@id":"https:\/\/hijasdejesus.org\/en\/the-first-session-in-the-aula-and-father-nicolas-resignation\/#primaryimage","url":"https:\/\/hijasdejesus.org\/wp-content\/uploads\/2016\/10\/sj_cg36_1.jpg","contentUrl":"https:\/\/hijasdejesus.org\/wp-content\/uploads\/2016\/10\/sj_cg36_1.jpg","width":750,"height":420},{"@type":"BreadcrumbList","@id":"https:\/\/hijasdejesus.org\/en\/the-first-session-in-the-aula-and-father-nicolas-resignation\/#breadcrumb","itemListElement":[{"@type":"ListItem","position":1,"name":"Portada","item":"https:\/\/hijasdejesus.org\/en\/"},{"@type":"ListItem","position":2,"name":"The first session in the aula and Father Nicol\u00e1s\u2019 resignation"}]},{"@type":"WebSite","@id":"https:\/\/hijasdejesus.org\/en\/#website","url":"https:\/\/hijasdejesus.org\/en\/","name":"Hijas de Jes\u00fas","description":"Despertamos a Jes\u00fas en el coraz\u00f3n, sacando lo mejor de las personas. Somos una congregaci\u00f3n religiosa ignaciana fundada por la Madre Candida","publisher":{"@id":"https:\/\/hijasdejesus.org\/en\/#organization"},"potentialAction":[{"@type":"SearchAction","target":{"@type":"EntryPoint","urlTemplate":"https:\/\/hijasdejesus.org\/en\/?s={search_term_string}"},"query-input":{"@type":"PropertyValueSpecification","valueRequired":true,"valueName":"search_term_string"}}],"inLanguage":"en-US"},{"@type":"Organization","@id":"https:\/\/hijasdejesus.org\/en\/#organization","name":"Hijas de Jes\u00fas","url":"https:\/\/hijasdejesus.org\/en\/","logo":{"@type":"ImageObject","inLanguage":"en-US","@id":"https:\/\/hijasdejesus.org\/en\/#\/schema\/logo\/image\/","url":"https:\/\/hijasdejesus.org\/wp-content\/uploads\/2023\/01\/Hijas-de-Jesus_hor-A7C957.png","contentUrl":"https:\/\/hijasdejesus.org\/wp-content\/uploads\/2023\/01\/Hijas-de-Jesus_hor-A7C957.png","width":700,"height":360,"caption":"Hijas de Jes\u00fas"},"image":{"@id":"https:\/\/hijasdejesus.org\/en\/#\/schema\/logo\/image\/"},"sameAs":["https:\/\/www.facebook.com\/hijasdejesusenelmundo\/","https:\/\/x.com\/hijasdjesus"]},{"@type":"Person","@id":"https:\/\/hijasdejesus.org\/en\/#\/schema\/person\/ce4455965da733f2791f23b6ec14e9b6","name":"Webmaster","image":{"@type":"ImageObject","inLanguage":"en-US","@id":"https:\/\/secure.gravatar.com\/avatar\/cfd0acaac86c3981d541d2e99a0ffb7b6d33a5ac8989a62f5518b9e0f7ee128a?s=96&d=mm&r=g","url":"https:\/\/secure.gravatar.com\/avatar\/cfd0acaac86c3981d541d2e99a0ffb7b6d33a5ac8989a62f5518b9e0f7ee128a?s=96&d=mm&r=g","contentUrl":"https:\/\/secure.gravatar.com\/avatar\/cfd0acaac86c3981d541d2e99a0ffb7b6d33a5ac8989a62f5518b9e0f7ee128a?s=96&d=mm&r=g","caption":"Webmaster"},"url":"https:\/\/hijasdejesus.org\/en\/author\/webmaster\/"}]}},"_links":{"self":[{"href":"https:\/\/hijasdejesus.org\/en\/wp-json\/wp\/v2\/posts\/27900","targetHints":{"allow":["GET"]}}],"collection":[{"href":"https:\/\/hijasdejesus.org\/en\/wp-json\/wp\/v2\/posts"}],"about":[{"href":"https:\/\/hijasdejesus.org\/en\/wp-json\/wp\/v2\/types\/post"}],"author":[{"embeddable":true,"href":"https:\/\/hijasdejesus.org\/en\/wp-json\/wp\/v2\/users\/28"}],"replies":[{"embeddable":true,"href":"https:\/\/hijasdejesus.org\/en\/wp-json\/wp\/v2\/comments?post=27900"}],"version-history":[{"count":0,"href":"https:\/\/hijasdejesus.org\/en\/wp-json\/wp\/v2\/posts\/27900\/revisions"}],"wp:featuredmedia":[{"embeddable":true,"href":"https:\/\/hijasdejesus.org\/en\/wp-json\/wp\/v2\/media\/7808"}],"wp:attachment":[{"href":"https:\/\/hijasdejesus.org\/en\/wp-json\/wp\/v2\/media?parent=27900"}],"wp:term":[{"taxonomy":"category","embeddable":true,"href":"https:\/\/hijasdejesus.org\/en\/wp-json\/wp\/v2\/categories?post=27900"},{"taxonomy":"post_tag","embeddable":true,"href":"https:\/\/hijasdejesus.org\/en\/wp-json\/wp\/v2\/tags?post=27900"}],"curies":[{"name":"wp","href":"https:\/\/api.w.org\/{rel}","templated":true}]}}