{"id":27903,"date":"2016-09-30T09:59:03","date_gmt":"2016-09-30T07:59:03","guid":{"rendered":"https:\/\/nueva.hijasdejesus.org\/maria-inez-furtado-and-clara-echarte-in-bogota\/"},"modified":"2016-10-04T11:29:20","modified_gmt":"2016-10-04T09:29:20","slug":"maria-inez-furtado-and-clara-echarte-in-bogota","status":"publish","type":"post","link":"https:\/\/hijasdejesus.org\/en\/maria-inez-furtado-and-clara-echarte-in-bogota\/","title":{"rendered":"Maria Inez Furtado and Clara Echarte, in Bogot\u00e1"},"content":{"rendered":"<p>The Province of America Andina received the Superior General, Maria Inez Furtado fi, and her consultor,Clara Echarte fi, upon their arrival at the airport of el Dorado de Bogot\u00e1. From there they send this wish: &#8220;We accompany this visit with our affection, interest and prayers, as we have been doing for the past few days, praying for a true Kairo in the life of each one and of this Region&#8221;.<\/p>\n<p style=\"text-align: center;\"><img decoding=\"async\" class=\" size-full wp-image-12906\" src=\"https:\/\/hijasdejesus.org\/wp-content\/uploads\/2016\/10\/minez_bogota_llegada2.jpg\" alt=\"\" \/><\/p>\n","protected":false},"excerpt":{"rendered":"<p>The Province of America Andina received the Superior General, Maria Inez Furtado fi, and her consultor,Clara Echarte fi, upon their arrival at the airport of el Dorado de Bogot\u00e1. From there they send this wish: &#8220;We accompany this visit with our affection, interest and prayers, as we have been doing for the past few days, [&hellip;]<\/p>\n","protected":false},"author":28,"featured_media":12903,"comment_status":"closed","ping_status":"closed","sticky":false,"template":"","format":"standard","meta":{"_et_pb_use_builder":"","_et_pb_old_content":"","_et_gb_content_width":"","footnotes":"","_links_to":"","_links_to_target":""},"categories":[482,508,526,528,412],"tags":[],"class_list":["post-27903","post","type-post","status-publish","format-standard","has-post-thumbnail","hentry","category-andean-america","category-colombia-en","category-general_government","category-hijas-de-jesus-en","category-news"],"yoast_head":"<!-- This site is optimized with the Yoast SEO plugin v27.5 - https:\/\/yoast.com\/product\/yoast-seo-wordpress\/ -->\n<title>Maria Inez Furtado and Clara Echarte, in Bogot\u00e1 - Hijas de Jes\u00fas<\/title>\n<meta name=\"robots\" content=\"index, follow, max-snippet:-1, max-image-preview:large, max-video-preview:-1\" \/>\n<link rel=\"canonical\" href=\"https:\/\/hijasdejesus.org\/en\/maria-inez-furtado-and-clara-echarte-in-bogota\/\" \/>\n<meta property=\"og:locale\" content=\"en_US\" \/>\n<meta property=\"og:type\" content=\"article\" \/>\n<meta property=\"og:title\" content=\"Maria Inez Furtado and Clara Echarte, in Bogot\u00e1 - Hijas de Jes\u00fas\" \/>\n<meta property=\"og:description\" content=\"The Province of America Andina received the Superior General, Maria Inez Furtado fi, and her consultor,Clara Echarte fi, upon their arrival at the airport of el Dorado de Bogot\u00e1. From there they send this wish: &#8220;We accompany this visit with our affection, interest and prayers, as we have been doing for the past few days, [&hellip;]\" \/>\n<meta property=\"og:url\" content=\"https:\/\/hijasdejesus.org\/en\/maria-inez-furtado-and-clara-echarte-in-bogota\/\" \/>\n<meta property=\"og:site_name\" content=\"Hijas de Jes\u00fas\" \/>\n<meta property=\"article:publisher\" content=\"https:\/\/www.facebook.com\/hijasdejesusenelmundo\/\" \/>\n<meta property=\"article:published_time\" content=\"2016-09-30T07:59:03+00:00\" \/>\n<meta property=\"article:modified_time\" content=\"2016-10-04T09:29:20+00:00\" \/>\n<meta property=\"og:image\" content=\"https:\/\/hijasdejesus.org\/wp-content\/uploads\/2016\/10\/minez_bogota_llegada1.jpg\" \/>\n\t<meta property=\"og:image:width\" content=\"1\" \/>\n\t<meta property=\"og:image:height\" content=\"1\" \/>\n\t<meta property=\"og:image:type\" content=\"image\/jpeg\" \/>\n<meta name=\"author\" content=\"Webmaster\" \/>\n<meta name=\"twitter:card\" content=\"summary_large_image\" \/>\n<meta name=\"twitter:creator\" content=\"@hijasdjesus\" \/>\n<meta name=\"twitter:site\" content=\"@hijasdjesus\" \/>\n<meta name=\"twitter:label1\" content=\"Written by\" \/>\n\t<meta name=\"twitter:data1\" content=\"Webmaster\" \/>\n<script type=\"application\/ld+json\" class=\"yoast-schema-graph\">{\"@context\":\"https:\\\/\\\/schema.org\",\"@graph\":[{\"@type\":\"Article\",\"@id\":\"https:\\\/\\\/hijasdejesus.org\\\/en\\\/maria-inez-furtado-and-clara-echarte-in-bogota\\\/#article\",\"isPartOf\":{\"@id\":\"https:\\\/\\\/hijasdejesus.org\\\/en\\\/maria-inez-furtado-and-clara-echarte-in-bogota\\\/\"},\"author\":{\"name\":\"Webmaster\",\"@id\":\"https:\\\/\\\/hijasdejesus.org\\\/en\\\/#\\\/schema\\\/person\\\/ce4455965da733f2791f23b6ec14e9b6\"},\"headline\":\"Maria Inez Furtado and Clara Echarte, in Bogot\u00e1\",\"datePublished\":\"2016-09-30T07:59:03+00:00\",\"dateModified\":\"2016-10-04T09:29:20+00:00\",\"mainEntityOfPage\":{\"@id\":\"https:\\\/\\\/hijasdejesus.org\\\/en\\\/maria-inez-furtado-and-clara-echarte-in-bogota\\\/\"},\"wordCount\":79,\"publisher\":{\"@id\":\"https:\\\/\\\/hijasdejesus.org\\\/en\\\/#organization\"},\"image\":{\"@id\":\"https:\\\/\\\/hijasdejesus.org\\\/en\\\/maria-inez-furtado-and-clara-echarte-in-bogota\\\/#primaryimage\"},\"thumbnailUrl\":\"https:\\\/\\\/hijasdejesus.org\\\/wp-content\\\/uploads\\\/2016\\\/10\\\/minez_bogota_llegada1.jpg\",\"articleSection\":[\"Andean America\",\"Colombia\",\"General government\",\"Hijas de Jes\u00fas\",\"News\"],\"inLanguage\":\"en-US\"},{\"@type\":\"WebPage\",\"@id\":\"https:\\\/\\\/hijasdejesus.org\\\/en\\\/maria-inez-furtado-and-clara-echarte-in-bogota\\\/\",\"url\":\"https:\\\/\\\/hijasdejesus.org\\\/en\\\/maria-inez-furtado-and-clara-echarte-in-bogota\\\/\",\"name\":\"Maria Inez Furtado and Clara Echarte, in Bogot\u00e1 - Hijas de Jes\u00fas\",\"isPartOf\":{\"@id\":\"https:\\\/\\\/hijasdejesus.org\\\/en\\\/#website\"},\"primaryImageOfPage\":{\"@id\":\"https:\\\/\\\/hijasdejesus.org\\\/en\\\/maria-inez-furtado-and-clara-echarte-in-bogota\\\/#primaryimage\"},\"image\":{\"@id\":\"https:\\\/\\\/hijasdejesus.org\\\/en\\\/maria-inez-furtado-and-clara-echarte-in-bogota\\\/#primaryimage\"},\"thumbnailUrl\":\"https:\\\/\\\/hijasdejesus.org\\\/wp-content\\\/uploads\\\/2016\\\/10\\\/minez_bogota_llegada1.jpg\",\"datePublished\":\"2016-09-30T07:59:03+00:00\",\"dateModified\":\"2016-10-04T09:29:20+00:00\",\"breadcrumb\":{\"@id\":\"https:\\\/\\\/hijasdejesus.org\\\/en\\\/maria-inez-furtado-and-clara-echarte-in-bogota\\\/#breadcrumb\"},\"inLanguage\":\"en-US\",\"potentialAction\":[{\"@type\":\"ReadAction\",\"target\":[\"https:\\\/\\\/hijasdejesus.org\\\/en\\\/maria-inez-furtado-and-clara-echarte-in-bogota\\\/\"]}]},{\"@type\":\"ImageObject\",\"inLanguage\":\"en-US\",\"@id\":\"https:\\\/\\\/hijasdejesus.org\\\/en\\\/maria-inez-furtado-and-clara-echarte-in-bogota\\\/#primaryimage\",\"url\":\"https:\\\/\\\/hijasdejesus.org\\\/wp-content\\\/uploads\\\/2016\\\/10\\\/minez_bogota_llegada1.jpg\",\"contentUrl\":\"https:\\\/\\\/hijasdejesus.org\\\/wp-content\\\/uploads\\\/2016\\\/10\\\/minez_bogota_llegada1.jpg\"},{\"@type\":\"BreadcrumbList\",\"@id\":\"https:\\\/\\\/hijasdejesus.org\\\/en\\\/maria-inez-furtado-and-clara-echarte-in-bogota\\\/#breadcrumb\",\"itemListElement\":[{\"@type\":\"ListItem\",\"position\":1,\"name\":\"Portada\",\"item\":\"https:\\\/\\\/hijasdejesus.org\\\/en\\\/\"},{\"@type\":\"ListItem\",\"position\":2,\"name\":\"Maria Inez Furtado and Clara Echarte, in Bogot\u00e1\"}]},{\"@type\":\"WebSite\",\"@id\":\"https:\\\/\\\/hijasdejesus.org\\\/en\\\/#website\",\"url\":\"https:\\\/\\\/hijasdejesus.org\\\/en\\\/\",\"name\":\"Hijas de Jes\u00fas\",\"description\":\"Despertamos a Jes\u00fas en el coraz\u00f3n, sacando lo mejor de las personas. Somos una congregaci\u00f3n religiosa ignaciana fundada por la Madre Candida\",\"publisher\":{\"@id\":\"https:\\\/\\\/hijasdejesus.org\\\/en\\\/#organization\"},\"potentialAction\":[{\"@type\":\"SearchAction\",\"target\":{\"@type\":\"EntryPoint\",\"urlTemplate\":\"https:\\\/\\\/hijasdejesus.org\\\/en\\\/?s={search_term_string}\"},\"query-input\":{\"@type\":\"PropertyValueSpecification\",\"valueRequired\":true,\"valueName\":\"search_term_string\"}}],\"inLanguage\":\"en-US\"},{\"@type\":\"Organization\",\"@id\":\"https:\\\/\\\/hijasdejesus.org\\\/en\\\/#organization\",\"name\":\"Hijas de Jes\u00fas\",\"url\":\"https:\\\/\\\/hijasdejesus.org\\\/en\\\/\",\"logo\":{\"@type\":\"ImageObject\",\"inLanguage\":\"en-US\",\"@id\":\"https:\\\/\\\/hijasdejesus.org\\\/en\\\/#\\\/schema\\\/logo\\\/image\\\/\",\"url\":\"https:\\\/\\\/hijasdejesus.org\\\/wp-content\\\/uploads\\\/2023\\\/01\\\/Hijas-de-Jesus_hor-A7C957.png\",\"contentUrl\":\"https:\\\/\\\/hijasdejesus.org\\\/wp-content\\\/uploads\\\/2023\\\/01\\\/Hijas-de-Jesus_hor-A7C957.png\",\"width\":700,\"height\":360,\"caption\":\"Hijas de Jes\u00fas\"},\"image\":{\"@id\":\"https:\\\/\\\/hijasdejesus.org\\\/en\\\/#\\\/schema\\\/logo\\\/image\\\/\"},\"sameAs\":[\"https:\\\/\\\/www.facebook.com\\\/hijasdejesusenelmundo\\\/\",\"https:\\\/\\\/x.com\\\/hijasdjesus\"]},{\"@type\":\"Person\",\"@id\":\"https:\\\/\\\/hijasdejesus.org\\\/en\\\/#\\\/schema\\\/person\\\/ce4455965da733f2791f23b6ec14e9b6\",\"name\":\"Webmaster\",\"image\":{\"@type\":\"ImageObject\",\"inLanguage\":\"en-US\",\"@id\":\"https:\\\/\\\/secure.gravatar.com\\\/avatar\\\/cfd0acaac86c3981d541d2e99a0ffb7b6d33a5ac8989a62f5518b9e0f7ee128a?s=96&d=mm&r=g\",\"url\":\"https:\\\/\\\/secure.gravatar.com\\\/avatar\\\/cfd0acaac86c3981d541d2e99a0ffb7b6d33a5ac8989a62f5518b9e0f7ee128a?s=96&d=mm&r=g\",\"contentUrl\":\"https:\\\/\\\/secure.gravatar.com\\\/avatar\\\/cfd0acaac86c3981d541d2e99a0ffb7b6d33a5ac8989a62f5518b9e0f7ee128a?s=96&d=mm&r=g\",\"caption\":\"Webmaster\"},\"url\":\"https:\\\/\\\/hijasdejesus.org\\\/en\\\/author\\\/webmaster\\\/\"}]}<\/script>\n<!-- \/ Yoast SEO plugin. -->","yoast_head_json":{"title":"Maria Inez Furtado and Clara Echarte, in Bogot\u00e1 - Hijas de Jes\u00fas","robots":{"index":"index","follow":"follow","max-snippet":"max-snippet:-1","max-image-preview":"max-image-preview:large","max-video-preview":"max-video-preview:-1"},"canonical":"https:\/\/hijasdejesus.org\/en\/maria-inez-furtado-and-clara-echarte-in-bogota\/","og_locale":"en_US","og_type":"article","og_title":"Maria Inez Furtado and Clara Echarte, in Bogot\u00e1 - Hijas de Jes\u00fas","og_description":"The Province of America Andina received the Superior General, Maria Inez Furtado fi, and her consultor,Clara Echarte fi, upon their arrival at the airport of el Dorado de Bogot\u00e1. From there they send this wish: &#8220;We accompany this visit with our affection, interest and prayers, as we have been doing for the past few days, [&hellip;]","og_url":"https:\/\/hijasdejesus.org\/en\/maria-inez-furtado-and-clara-echarte-in-bogota\/","og_site_name":"Hijas de Jes\u00fas","article_publisher":"https:\/\/www.facebook.com\/hijasdejesusenelmundo\/","article_published_time":"2016-09-30T07:59:03+00:00","article_modified_time":"2016-10-04T09:29:20+00:00","og_image":[{"url":"https:\/\/hijasdejesus.org\/wp-content\/uploads\/2016\/10\/minez_bogota_llegada1.jpg","width":1,"height":1,"type":"image\/jpeg"}],"author":"Webmaster","twitter_card":"summary_large_image","twitter_creator":"@hijasdjesus","twitter_site":"@hijasdjesus","twitter_misc":{"Written by":"Webmaster"},"schema":{"@context":"https:\/\/schema.org","@graph":[{"@type":"Article","@id":"https:\/\/hijasdejesus.org\/en\/maria-inez-furtado-and-clara-echarte-in-bogota\/#article","isPartOf":{"@id":"https:\/\/hijasdejesus.org\/en\/maria-inez-furtado-and-clara-echarte-in-bogota\/"},"author":{"name":"Webmaster","@id":"https:\/\/hijasdejesus.org\/en\/#\/schema\/person\/ce4455965da733f2791f23b6ec14e9b6"},"headline":"Maria Inez Furtado and Clara Echarte, in Bogot\u00e1","datePublished":"2016-09-30T07:59:03+00:00","dateModified":"2016-10-04T09:29:20+00:00","mainEntityOfPage":{"@id":"https:\/\/hijasdejesus.org\/en\/maria-inez-furtado-and-clara-echarte-in-bogota\/"},"wordCount":79,"publisher":{"@id":"https:\/\/hijasdejesus.org\/en\/#organization"},"image":{"@id":"https:\/\/hijasdejesus.org\/en\/maria-inez-furtado-and-clara-echarte-in-bogota\/#primaryimage"},"thumbnailUrl":"https:\/\/hijasdejesus.org\/wp-content\/uploads\/2016\/10\/minez_bogota_llegada1.jpg","articleSection":["Andean America","Colombia","General government","Hijas de Jes\u00fas","News"],"inLanguage":"en-US"},{"@type":"WebPage","@id":"https:\/\/hijasdejesus.org\/en\/maria-inez-furtado-and-clara-echarte-in-bogota\/","url":"https:\/\/hijasdejesus.org\/en\/maria-inez-furtado-and-clara-echarte-in-bogota\/","name":"Maria Inez Furtado and Clara Echarte, in Bogot\u00e1 - Hijas de Jes\u00fas","isPartOf":{"@id":"https:\/\/hijasdejesus.org\/en\/#website"},"primaryImageOfPage":{"@id":"https:\/\/hijasdejesus.org\/en\/maria-inez-furtado-and-clara-echarte-in-bogota\/#primaryimage"},"image":{"@id":"https:\/\/hijasdejesus.org\/en\/maria-inez-furtado-and-clara-echarte-in-bogota\/#primaryimage"},"thumbnailUrl":"https:\/\/hijasdejesus.org\/wp-content\/uploads\/2016\/10\/minez_bogota_llegada1.jpg","datePublished":"2016-09-30T07:59:03+00:00","dateModified":"2016-10-04T09:29:20+00:00","breadcrumb":{"@id":"https:\/\/hijasdejesus.org\/en\/maria-inez-furtado-and-clara-echarte-in-bogota\/#breadcrumb"},"inLanguage":"en-US","potentialAction":[{"@type":"ReadAction","target":["https:\/\/hijasdejesus.org\/en\/maria-inez-furtado-and-clara-echarte-in-bogota\/"]}]},{"@type":"ImageObject","inLanguage":"en-US","@id":"https:\/\/hijasdejesus.org\/en\/maria-inez-furtado-and-clara-echarte-in-bogota\/#primaryimage","url":"https:\/\/hijasdejesus.org\/wp-content\/uploads\/2016\/10\/minez_bogota_llegada1.jpg","contentUrl":"https:\/\/hijasdejesus.org\/wp-content\/uploads\/2016\/10\/minez_bogota_llegada1.jpg"},{"@type":"BreadcrumbList","@id":"https:\/\/hijasdejesus.org\/en\/maria-inez-furtado-and-clara-echarte-in-bogota\/#breadcrumb","itemListElement":[{"@type":"ListItem","position":1,"name":"Portada","item":"https:\/\/hijasdejesus.org\/en\/"},{"@type":"ListItem","position":2,"name":"Maria Inez Furtado and Clara Echarte, in Bogot\u00e1"}]},{"@type":"WebSite","@id":"https:\/\/hijasdejesus.org\/en\/#website","url":"https:\/\/hijasdejesus.org\/en\/","name":"Hijas de Jes\u00fas","description":"Despertamos a Jes\u00fas en el coraz\u00f3n, sacando lo mejor de las personas. Somos una congregaci\u00f3n religiosa ignaciana fundada por la Madre Candida","publisher":{"@id":"https:\/\/hijasdejesus.org\/en\/#organization"},"potentialAction":[{"@type":"SearchAction","target":{"@type":"EntryPoint","urlTemplate":"https:\/\/hijasdejesus.org\/en\/?s={search_term_string}"},"query-input":{"@type":"PropertyValueSpecification","valueRequired":true,"valueName":"search_term_string"}}],"inLanguage":"en-US"},{"@type":"Organization","@id":"https:\/\/hijasdejesus.org\/en\/#organization","name":"Hijas de Jes\u00fas","url":"https:\/\/hijasdejesus.org\/en\/","logo":{"@type":"ImageObject","inLanguage":"en-US","@id":"https:\/\/hijasdejesus.org\/en\/#\/schema\/logo\/image\/","url":"https:\/\/hijasdejesus.org\/wp-content\/uploads\/2023\/01\/Hijas-de-Jesus_hor-A7C957.png","contentUrl":"https:\/\/hijasdejesus.org\/wp-content\/uploads\/2023\/01\/Hijas-de-Jesus_hor-A7C957.png","width":700,"height":360,"caption":"Hijas de Jes\u00fas"},"image":{"@id":"https:\/\/hijasdejesus.org\/en\/#\/schema\/logo\/image\/"},"sameAs":["https:\/\/www.facebook.com\/hijasdejesusenelmundo\/","https:\/\/x.com\/hijasdjesus"]},{"@type":"Person","@id":"https:\/\/hijasdejesus.org\/en\/#\/schema\/person\/ce4455965da733f2791f23b6ec14e9b6","name":"Webmaster","image":{"@type":"ImageObject","inLanguage":"en-US","@id":"https:\/\/secure.gravatar.com\/avatar\/cfd0acaac86c3981d541d2e99a0ffb7b6d33a5ac8989a62f5518b9e0f7ee128a?s=96&d=mm&r=g","url":"https:\/\/secure.gravatar.com\/avatar\/cfd0acaac86c3981d541d2e99a0ffb7b6d33a5ac8989a62f5518b9e0f7ee128a?s=96&d=mm&r=g","contentUrl":"https:\/\/secure.gravatar.com\/avatar\/cfd0acaac86c3981d541d2e99a0ffb7b6d33a5ac8989a62f5518b9e0f7ee128a?s=96&d=mm&r=g","caption":"Webmaster"},"url":"https:\/\/hijasdejesus.org\/en\/author\/webmaster\/"}]}},"_links":{"self":[{"href":"https:\/\/hijasdejesus.org\/en\/wp-json\/wp\/v2\/posts\/27903","targetHints":{"allow":["GET"]}}],"collection":[{"href":"https:\/\/hijasdejesus.org\/en\/wp-json\/wp\/v2\/posts"}],"about":[{"href":"https:\/\/hijasdejesus.org\/en\/wp-json\/wp\/v2\/types\/post"}],"author":[{"embeddable":true,"href":"https:\/\/hijasdejesus.org\/en\/wp-json\/wp\/v2\/users\/28"}],"replies":[{"embeddable":true,"href":"https:\/\/hijasdejesus.org\/en\/wp-json\/wp\/v2\/comments?post=27903"}],"version-history":[{"count":0,"href":"https:\/\/hijasdejesus.org\/en\/wp-json\/wp\/v2\/posts\/27903\/revisions"}],"wp:featuredmedia":[{"embeddable":true,"href":"https:\/\/hijasdejesus.org\/en\/wp-json\/wp\/v2\/media\/12903"}],"wp:attachment":[{"href":"https:\/\/hijasdejesus.org\/en\/wp-json\/wp\/v2\/media?parent=27903"}],"wp:term":[{"taxonomy":"category","embeddable":true,"href":"https:\/\/hijasdejesus.org\/en\/wp-json\/wp\/v2\/categories?post=27903"},{"taxonomy":"post_tag","embeddable":true,"href":"https:\/\/hijasdejesus.org\/en\/wp-json\/wp\/v2\/tags?post=27903"}],"curies":[{"name":"wp","href":"https:\/\/api.w.org\/{rel}","templated":true}]}}