{"id":27966,"date":"2016-10-31T10:40:55","date_gmt":"2016-10-31T09:40:55","guid":{"rendered":"https:\/\/nueva.hijasdejesus.org\/dialoguing-about-the-local-level-shared-mission-formation-and-youth-vocational-pastoral\/"},"modified":"2016-11-01T11:33:53","modified_gmt":"2016-11-01T10:33:53","slug":"dialoguing-about-the-local-level-shared-mission-formation-and-youth-vocational-pastoral","status":"publish","type":"post","link":"https:\/\/hijasdejesus.org\/en\/dialoguing-about-the-local-level-shared-mission-formation-and-youth-vocational-pastoral\/","title":{"rendered":"Dialoguing about the local level, shared mission, formation and youth-vocational pastoral"},"content":{"rendered":"<p>Since last October 28 the Provincial Superiors of our Congregation have been in Rome together with the general government. &#8220;Living together, exchanging experiences and encouraging each other as Body is, indeed, a need for us who are in government,&#8221; says the Superior General, Maria Inez Furtado FI in her last circular letter. The central theme of the meeting focuses on the process of strengthening the local level and its government in each province or region and reflecting on it, evaluating some steps: celebrating stages, noting successes, identifying weaknesses and \/ or stagnations and encouraging continuity with creativity and diversity. In addition, among other aspects they will talk about shared mission-charismatic family, formation, Youth-Vocational Pastoral, the exercise of government, the charismatic management of our apostolic action and the economic aspect with the corresponding accounting. For Maria Inez Furtado fi, &#8220;it is like taking the pulse of the body to confirm and \/ or remedy aspects. Every day we are nourished by the Eucharist and the Word of God that we share serenely. We are increasingly thankful for these opportunities for encounter&#8221;.<\/p>\n<p style=\"text-align: center;\"><img decoding=\"async\" class=\" size-full wp-image-12996\" src=\"https:\/\/hijasdejesus.org\/wp-content\/uploads\/2016\/11\/encuentroprovinciales16_2.jpg\" alt=\"\" \/><img decoding=\"async\" class=\" size-full wp-image-12999\" src=\"https:\/\/hijasdejesus.org\/wp-content\/uploads\/2016\/11\/encuentroprovinciales16_3.jpg\" alt=\"\" \/><img decoding=\"async\" class=\" size-full wp-image-13002\" src=\"https:\/\/hijasdejesus.org\/wp-content\/uploads\/2016\/11\/encuentroprovinciales16.jpg\" alt=\"\" \/><\/p>\n","protected":false},"excerpt":{"rendered":"<p>Since last October 28 the Provincial Superiors of our Congregation have been in Rome together with the general government. &#8220;Living together, exchanging experiences and encouraging each other as Body is, indeed, a need for us who are in government,&#8221; says the Superior General, Maria Inez Furtado FI in her last circular letter. The central theme [&hellip;]<\/p>\n","protected":false},"author":28,"featured_media":12993,"comment_status":"closed","ping_status":"closed","sticky":false,"template":"","format":"standard","meta":{"_et_pb_use_builder":"","_et_pb_old_content":"","_et_gb_content_width":"","footnotes":"","_links_to":"","_links_to_target":""},"categories":[526,528,534,412],"tags":[],"class_list":["post-27966","post","type-post","status-publish","format-standard","has-post-thumbnail","hentry","category-general_government","category-hijas-de-jesus-en","category-italy","category-news"],"yoast_head":"<!-- This site is optimized with the Yoast SEO plugin v27.5 - https:\/\/yoast.com\/product\/yoast-seo-wordpress\/ -->\n<title>Dialoguing about the local level, shared mission, formation and youth-vocational pastoral - Hijas de Jes\u00fas<\/title>\n<meta name=\"robots\" content=\"index, follow, max-snippet:-1, max-image-preview:large, max-video-preview:-1\" \/>\n<link rel=\"canonical\" href=\"https:\/\/hijasdejesus.org\/en\/dialoguing-about-the-local-level-shared-mission-formation-and-youth-vocational-pastoral\/\" \/>\n<meta property=\"og:locale\" content=\"en_US\" \/>\n<meta property=\"og:type\" content=\"article\" \/>\n<meta property=\"og:title\" content=\"Dialoguing about the local level, shared mission, formation and youth-vocational pastoral - Hijas de Jes\u00fas\" \/>\n<meta property=\"og:description\" content=\"Since last October 28 the Provincial Superiors of our Congregation have been in Rome together with the general government. &#8220;Living together, exchanging experiences and encouraging each other as Body is, indeed, a need for us who are in government,&#8221; says the Superior General, Maria Inez Furtado FI in her last circular letter. The central theme [&hellip;]\" \/>\n<meta property=\"og:url\" content=\"https:\/\/hijasdejesus.org\/en\/dialoguing-about-the-local-level-shared-mission-formation-and-youth-vocational-pastoral\/\" \/>\n<meta property=\"og:site_name\" content=\"Hijas de Jes\u00fas\" \/>\n<meta property=\"article:publisher\" content=\"https:\/\/www.facebook.com\/hijasdejesusenelmundo\/\" \/>\n<meta property=\"article:published_time\" content=\"2016-10-31T09:40:55+00:00\" \/>\n<meta property=\"article:modified_time\" content=\"2016-11-01T10:33:53+00:00\" \/>\n<meta property=\"og:image\" content=\"https:\/\/hijasdejesus.org\/wp-content\/uploads\/2016\/11\/encuentroprovinciales16_1.jpg\" \/>\n\t<meta property=\"og:image:width\" content=\"1\" \/>\n\t<meta property=\"og:image:height\" content=\"1\" \/>\n\t<meta property=\"og:image:type\" content=\"image\/jpeg\" \/>\n<meta name=\"author\" content=\"Webmaster\" \/>\n<meta name=\"twitter:card\" content=\"summary_large_image\" \/>\n<meta name=\"twitter:creator\" content=\"@hijasdjesus\" \/>\n<meta name=\"twitter:site\" content=\"@hijasdjesus\" \/>\n<meta name=\"twitter:label1\" content=\"Written by\" \/>\n\t<meta name=\"twitter:data1\" content=\"Webmaster\" \/>\n\t<meta name=\"twitter:label2\" content=\"Est. reading time\" \/>\n\t<meta name=\"twitter:data2\" content=\"1 minute\" \/>\n<script type=\"application\/ld+json\" class=\"yoast-schema-graph\">{\"@context\":\"https:\\\/\\\/schema.org\",\"@graph\":[{\"@type\":\"Article\",\"@id\":\"https:\\\/\\\/hijasdejesus.org\\\/en\\\/dialoguing-about-the-local-level-shared-mission-formation-and-youth-vocational-pastoral\\\/#article\",\"isPartOf\":{\"@id\":\"https:\\\/\\\/hijasdejesus.org\\\/en\\\/dialoguing-about-the-local-level-shared-mission-formation-and-youth-vocational-pastoral\\\/\"},\"author\":{\"name\":\"Webmaster\",\"@id\":\"https:\\\/\\\/hijasdejesus.org\\\/en\\\/#\\\/schema\\\/person\\\/ce4455965da733f2791f23b6ec14e9b6\"},\"headline\":\"Dialoguing about the local level, shared mission, formation and youth-vocational pastoral\",\"datePublished\":\"2016-10-31T09:40:55+00:00\",\"dateModified\":\"2016-11-01T10:33:53+00:00\",\"mainEntityOfPage\":{\"@id\":\"https:\\\/\\\/hijasdejesus.org\\\/en\\\/dialoguing-about-the-local-level-shared-mission-formation-and-youth-vocational-pastoral\\\/\"},\"wordCount\":188,\"publisher\":{\"@id\":\"https:\\\/\\\/hijasdejesus.org\\\/en\\\/#organization\"},\"image\":{\"@id\":\"https:\\\/\\\/hijasdejesus.org\\\/en\\\/dialoguing-about-the-local-level-shared-mission-formation-and-youth-vocational-pastoral\\\/#primaryimage\"},\"thumbnailUrl\":\"https:\\\/\\\/hijasdejesus.org\\\/wp-content\\\/uploads\\\/2016\\\/11\\\/encuentroprovinciales16_1.jpg\",\"articleSection\":[\"General government\",\"Hijas de Jes\u00fas\",\"Italy\",\"News\"],\"inLanguage\":\"en-US\"},{\"@type\":\"WebPage\",\"@id\":\"https:\\\/\\\/hijasdejesus.org\\\/en\\\/dialoguing-about-the-local-level-shared-mission-formation-and-youth-vocational-pastoral\\\/\",\"url\":\"https:\\\/\\\/hijasdejesus.org\\\/en\\\/dialoguing-about-the-local-level-shared-mission-formation-and-youth-vocational-pastoral\\\/\",\"name\":\"Dialoguing about the local level, shared mission, formation and youth-vocational pastoral - Hijas de Jes\u00fas\",\"isPartOf\":{\"@id\":\"https:\\\/\\\/hijasdejesus.org\\\/en\\\/#website\"},\"primaryImageOfPage\":{\"@id\":\"https:\\\/\\\/hijasdejesus.org\\\/en\\\/dialoguing-about-the-local-level-shared-mission-formation-and-youth-vocational-pastoral\\\/#primaryimage\"},\"image\":{\"@id\":\"https:\\\/\\\/hijasdejesus.org\\\/en\\\/dialoguing-about-the-local-level-shared-mission-formation-and-youth-vocational-pastoral\\\/#primaryimage\"},\"thumbnailUrl\":\"https:\\\/\\\/hijasdejesus.org\\\/wp-content\\\/uploads\\\/2016\\\/11\\\/encuentroprovinciales16_1.jpg\",\"datePublished\":\"2016-10-31T09:40:55+00:00\",\"dateModified\":\"2016-11-01T10:33:53+00:00\",\"breadcrumb\":{\"@id\":\"https:\\\/\\\/hijasdejesus.org\\\/en\\\/dialoguing-about-the-local-level-shared-mission-formation-and-youth-vocational-pastoral\\\/#breadcrumb\"},\"inLanguage\":\"en-US\",\"potentialAction\":[{\"@type\":\"ReadAction\",\"target\":[\"https:\\\/\\\/hijasdejesus.org\\\/en\\\/dialoguing-about-the-local-level-shared-mission-formation-and-youth-vocational-pastoral\\\/\"]}]},{\"@type\":\"ImageObject\",\"inLanguage\":\"en-US\",\"@id\":\"https:\\\/\\\/hijasdejesus.org\\\/en\\\/dialoguing-about-the-local-level-shared-mission-formation-and-youth-vocational-pastoral\\\/#primaryimage\",\"url\":\"https:\\\/\\\/hijasdejesus.org\\\/wp-content\\\/uploads\\\/2016\\\/11\\\/encuentroprovinciales16_1.jpg\",\"contentUrl\":\"https:\\\/\\\/hijasdejesus.org\\\/wp-content\\\/uploads\\\/2016\\\/11\\\/encuentroprovinciales16_1.jpg\"},{\"@type\":\"BreadcrumbList\",\"@id\":\"https:\\\/\\\/hijasdejesus.org\\\/en\\\/dialoguing-about-the-local-level-shared-mission-formation-and-youth-vocational-pastoral\\\/#breadcrumb\",\"itemListElement\":[{\"@type\":\"ListItem\",\"position\":1,\"name\":\"Portada\",\"item\":\"https:\\\/\\\/hijasdejesus.org\\\/en\\\/\"},{\"@type\":\"ListItem\",\"position\":2,\"name\":\"Dialoguing about the local level, shared mission, formation and youth-vocational pastoral\"}]},{\"@type\":\"WebSite\",\"@id\":\"https:\\\/\\\/hijasdejesus.org\\\/en\\\/#website\",\"url\":\"https:\\\/\\\/hijasdejesus.org\\\/en\\\/\",\"name\":\"Hijas de Jes\u00fas\",\"description\":\"Despertamos a Jes\u00fas en el coraz\u00f3n, sacando lo mejor de las personas. Somos una congregaci\u00f3n religiosa ignaciana fundada por la Madre Candida\",\"publisher\":{\"@id\":\"https:\\\/\\\/hijasdejesus.org\\\/en\\\/#organization\"},\"potentialAction\":[{\"@type\":\"SearchAction\",\"target\":{\"@type\":\"EntryPoint\",\"urlTemplate\":\"https:\\\/\\\/hijasdejesus.org\\\/en\\\/?s={search_term_string}\"},\"query-input\":{\"@type\":\"PropertyValueSpecification\",\"valueRequired\":true,\"valueName\":\"search_term_string\"}}],\"inLanguage\":\"en-US\"},{\"@type\":\"Organization\",\"@id\":\"https:\\\/\\\/hijasdejesus.org\\\/en\\\/#organization\",\"name\":\"Hijas de Jes\u00fas\",\"url\":\"https:\\\/\\\/hijasdejesus.org\\\/en\\\/\",\"logo\":{\"@type\":\"ImageObject\",\"inLanguage\":\"en-US\",\"@id\":\"https:\\\/\\\/hijasdejesus.org\\\/en\\\/#\\\/schema\\\/logo\\\/image\\\/\",\"url\":\"https:\\\/\\\/hijasdejesus.org\\\/wp-content\\\/uploads\\\/2023\\\/01\\\/Hijas-de-Jesus_hor-A7C957.png\",\"contentUrl\":\"https:\\\/\\\/hijasdejesus.org\\\/wp-content\\\/uploads\\\/2023\\\/01\\\/Hijas-de-Jesus_hor-A7C957.png\",\"width\":700,\"height\":360,\"caption\":\"Hijas de Jes\u00fas\"},\"image\":{\"@id\":\"https:\\\/\\\/hijasdejesus.org\\\/en\\\/#\\\/schema\\\/logo\\\/image\\\/\"},\"sameAs\":[\"https:\\\/\\\/www.facebook.com\\\/hijasdejesusenelmundo\\\/\",\"https:\\\/\\\/x.com\\\/hijasdjesus\"]},{\"@type\":\"Person\",\"@id\":\"https:\\\/\\\/hijasdejesus.org\\\/en\\\/#\\\/schema\\\/person\\\/ce4455965da733f2791f23b6ec14e9b6\",\"name\":\"Webmaster\",\"image\":{\"@type\":\"ImageObject\",\"inLanguage\":\"en-US\",\"@id\":\"https:\\\/\\\/secure.gravatar.com\\\/avatar\\\/cfd0acaac86c3981d541d2e99a0ffb7b6d33a5ac8989a62f5518b9e0f7ee128a?s=96&d=mm&r=g\",\"url\":\"https:\\\/\\\/secure.gravatar.com\\\/avatar\\\/cfd0acaac86c3981d541d2e99a0ffb7b6d33a5ac8989a62f5518b9e0f7ee128a?s=96&d=mm&r=g\",\"contentUrl\":\"https:\\\/\\\/secure.gravatar.com\\\/avatar\\\/cfd0acaac86c3981d541d2e99a0ffb7b6d33a5ac8989a62f5518b9e0f7ee128a?s=96&d=mm&r=g\",\"caption\":\"Webmaster\"},\"url\":\"https:\\\/\\\/hijasdejesus.org\\\/en\\\/author\\\/webmaster\\\/\"}]}<\/script>\n<!-- \/ Yoast SEO plugin. -->","yoast_head_json":{"title":"Dialoguing about the local level, shared mission, formation and youth-vocational pastoral - Hijas de Jes\u00fas","robots":{"index":"index","follow":"follow","max-snippet":"max-snippet:-1","max-image-preview":"max-image-preview:large","max-video-preview":"max-video-preview:-1"},"canonical":"https:\/\/hijasdejesus.org\/en\/dialoguing-about-the-local-level-shared-mission-formation-and-youth-vocational-pastoral\/","og_locale":"en_US","og_type":"article","og_title":"Dialoguing about the local level, shared mission, formation and youth-vocational pastoral - Hijas de Jes\u00fas","og_description":"Since last October 28 the Provincial Superiors of our Congregation have been in Rome together with the general government. &#8220;Living together, exchanging experiences and encouraging each other as Body is, indeed, a need for us who are in government,&#8221; says the Superior General, Maria Inez Furtado FI in her last circular letter. The central theme [&hellip;]","og_url":"https:\/\/hijasdejesus.org\/en\/dialoguing-about-the-local-level-shared-mission-formation-and-youth-vocational-pastoral\/","og_site_name":"Hijas de Jes\u00fas","article_publisher":"https:\/\/www.facebook.com\/hijasdejesusenelmundo\/","article_published_time":"2016-10-31T09:40:55+00:00","article_modified_time":"2016-11-01T10:33:53+00:00","og_image":[{"url":"https:\/\/hijasdejesus.org\/wp-content\/uploads\/2016\/11\/encuentroprovinciales16_1.jpg","width":1,"height":1,"type":"image\/jpeg"}],"author":"Webmaster","twitter_card":"summary_large_image","twitter_creator":"@hijasdjesus","twitter_site":"@hijasdjesus","twitter_misc":{"Written by":"Webmaster","Est. reading time":"1 minute"},"schema":{"@context":"https:\/\/schema.org","@graph":[{"@type":"Article","@id":"https:\/\/hijasdejesus.org\/en\/dialoguing-about-the-local-level-shared-mission-formation-and-youth-vocational-pastoral\/#article","isPartOf":{"@id":"https:\/\/hijasdejesus.org\/en\/dialoguing-about-the-local-level-shared-mission-formation-and-youth-vocational-pastoral\/"},"author":{"name":"Webmaster","@id":"https:\/\/hijasdejesus.org\/en\/#\/schema\/person\/ce4455965da733f2791f23b6ec14e9b6"},"headline":"Dialoguing about the local level, shared mission, formation and youth-vocational pastoral","datePublished":"2016-10-31T09:40:55+00:00","dateModified":"2016-11-01T10:33:53+00:00","mainEntityOfPage":{"@id":"https:\/\/hijasdejesus.org\/en\/dialoguing-about-the-local-level-shared-mission-formation-and-youth-vocational-pastoral\/"},"wordCount":188,"publisher":{"@id":"https:\/\/hijasdejesus.org\/en\/#organization"},"image":{"@id":"https:\/\/hijasdejesus.org\/en\/dialoguing-about-the-local-level-shared-mission-formation-and-youth-vocational-pastoral\/#primaryimage"},"thumbnailUrl":"https:\/\/hijasdejesus.org\/wp-content\/uploads\/2016\/11\/encuentroprovinciales16_1.jpg","articleSection":["General government","Hijas de Jes\u00fas","Italy","News"],"inLanguage":"en-US"},{"@type":"WebPage","@id":"https:\/\/hijasdejesus.org\/en\/dialoguing-about-the-local-level-shared-mission-formation-and-youth-vocational-pastoral\/","url":"https:\/\/hijasdejesus.org\/en\/dialoguing-about-the-local-level-shared-mission-formation-and-youth-vocational-pastoral\/","name":"Dialoguing about the local level, shared mission, formation and youth-vocational pastoral - Hijas de Jes\u00fas","isPartOf":{"@id":"https:\/\/hijasdejesus.org\/en\/#website"},"primaryImageOfPage":{"@id":"https:\/\/hijasdejesus.org\/en\/dialoguing-about-the-local-level-shared-mission-formation-and-youth-vocational-pastoral\/#primaryimage"},"image":{"@id":"https:\/\/hijasdejesus.org\/en\/dialoguing-about-the-local-level-shared-mission-formation-and-youth-vocational-pastoral\/#primaryimage"},"thumbnailUrl":"https:\/\/hijasdejesus.org\/wp-content\/uploads\/2016\/11\/encuentroprovinciales16_1.jpg","datePublished":"2016-10-31T09:40:55+00:00","dateModified":"2016-11-01T10:33:53+00:00","breadcrumb":{"@id":"https:\/\/hijasdejesus.org\/en\/dialoguing-about-the-local-level-shared-mission-formation-and-youth-vocational-pastoral\/#breadcrumb"},"inLanguage":"en-US","potentialAction":[{"@type":"ReadAction","target":["https:\/\/hijasdejesus.org\/en\/dialoguing-about-the-local-level-shared-mission-formation-and-youth-vocational-pastoral\/"]}]},{"@type":"ImageObject","inLanguage":"en-US","@id":"https:\/\/hijasdejesus.org\/en\/dialoguing-about-the-local-level-shared-mission-formation-and-youth-vocational-pastoral\/#primaryimage","url":"https:\/\/hijasdejesus.org\/wp-content\/uploads\/2016\/11\/encuentroprovinciales16_1.jpg","contentUrl":"https:\/\/hijasdejesus.org\/wp-content\/uploads\/2016\/11\/encuentroprovinciales16_1.jpg"},{"@type":"BreadcrumbList","@id":"https:\/\/hijasdejesus.org\/en\/dialoguing-about-the-local-level-shared-mission-formation-and-youth-vocational-pastoral\/#breadcrumb","itemListElement":[{"@type":"ListItem","position":1,"name":"Portada","item":"https:\/\/hijasdejesus.org\/en\/"},{"@type":"ListItem","position":2,"name":"Dialoguing about the local level, shared mission, formation and youth-vocational pastoral"}]},{"@type":"WebSite","@id":"https:\/\/hijasdejesus.org\/en\/#website","url":"https:\/\/hijasdejesus.org\/en\/","name":"Hijas de Jes\u00fas","description":"Despertamos a Jes\u00fas en el coraz\u00f3n, sacando lo mejor de las personas. Somos una congregaci\u00f3n religiosa ignaciana fundada por la Madre Candida","publisher":{"@id":"https:\/\/hijasdejesus.org\/en\/#organization"},"potentialAction":[{"@type":"SearchAction","target":{"@type":"EntryPoint","urlTemplate":"https:\/\/hijasdejesus.org\/en\/?s={search_term_string}"},"query-input":{"@type":"PropertyValueSpecification","valueRequired":true,"valueName":"search_term_string"}}],"inLanguage":"en-US"},{"@type":"Organization","@id":"https:\/\/hijasdejesus.org\/en\/#organization","name":"Hijas de Jes\u00fas","url":"https:\/\/hijasdejesus.org\/en\/","logo":{"@type":"ImageObject","inLanguage":"en-US","@id":"https:\/\/hijasdejesus.org\/en\/#\/schema\/logo\/image\/","url":"https:\/\/hijasdejesus.org\/wp-content\/uploads\/2023\/01\/Hijas-de-Jesus_hor-A7C957.png","contentUrl":"https:\/\/hijasdejesus.org\/wp-content\/uploads\/2023\/01\/Hijas-de-Jesus_hor-A7C957.png","width":700,"height":360,"caption":"Hijas de Jes\u00fas"},"image":{"@id":"https:\/\/hijasdejesus.org\/en\/#\/schema\/logo\/image\/"},"sameAs":["https:\/\/www.facebook.com\/hijasdejesusenelmundo\/","https:\/\/x.com\/hijasdjesus"]},{"@type":"Person","@id":"https:\/\/hijasdejesus.org\/en\/#\/schema\/person\/ce4455965da733f2791f23b6ec14e9b6","name":"Webmaster","image":{"@type":"ImageObject","inLanguage":"en-US","@id":"https:\/\/secure.gravatar.com\/avatar\/cfd0acaac86c3981d541d2e99a0ffb7b6d33a5ac8989a62f5518b9e0f7ee128a?s=96&d=mm&r=g","url":"https:\/\/secure.gravatar.com\/avatar\/cfd0acaac86c3981d541d2e99a0ffb7b6d33a5ac8989a62f5518b9e0f7ee128a?s=96&d=mm&r=g","contentUrl":"https:\/\/secure.gravatar.com\/avatar\/cfd0acaac86c3981d541d2e99a0ffb7b6d33a5ac8989a62f5518b9e0f7ee128a?s=96&d=mm&r=g","caption":"Webmaster"},"url":"https:\/\/hijasdejesus.org\/en\/author\/webmaster\/"}]}},"_links":{"self":[{"href":"https:\/\/hijasdejesus.org\/en\/wp-json\/wp\/v2\/posts\/27966","targetHints":{"allow":["GET"]}}],"collection":[{"href":"https:\/\/hijasdejesus.org\/en\/wp-json\/wp\/v2\/posts"}],"about":[{"href":"https:\/\/hijasdejesus.org\/en\/wp-json\/wp\/v2\/types\/post"}],"author":[{"embeddable":true,"href":"https:\/\/hijasdejesus.org\/en\/wp-json\/wp\/v2\/users\/28"}],"replies":[{"embeddable":true,"href":"https:\/\/hijasdejesus.org\/en\/wp-json\/wp\/v2\/comments?post=27966"}],"version-history":[{"count":0,"href":"https:\/\/hijasdejesus.org\/en\/wp-json\/wp\/v2\/posts\/27966\/revisions"}],"wp:featuredmedia":[{"embeddable":true,"href":"https:\/\/hijasdejesus.org\/en\/wp-json\/wp\/v2\/media\/12993"}],"wp:attachment":[{"href":"https:\/\/hijasdejesus.org\/en\/wp-json\/wp\/v2\/media?parent=27966"}],"wp:term":[{"taxonomy":"category","embeddable":true,"href":"https:\/\/hijasdejesus.org\/en\/wp-json\/wp\/v2\/categories?post=27966"},{"taxonomy":"post_tag","embeddable":true,"href":"https:\/\/hijasdejesus.org\/en\/wp-json\/wp\/v2\/tags?post=27966"}],"curies":[{"name":"wp","href":"https:\/\/api.w.org\/{rel}","templated":true}]}}