{"id":28224,"date":"2017-02-24T20:04:41","date_gmt":"2017-02-24T19:04:41","guid":{"rendered":"https:\/\/nueva.hijasdejesus.org\/carmen-daughter-of-jesus-85-i-see-jesus-in-the-street-children\/"},"modified":"2017-02-25T11:14:10","modified_gmt":"2017-02-25T10:14:10","slug":"carmen-daughter-of-jesus-85-i-see-jesus-in-the-street-children","status":"publish","type":"post","link":"https:\/\/hijasdejesus.org\/en\/carmen-daughter-of-jesus-85-i-see-jesus-in-the-street-children\/","title":{"rendered":"CARMEN, DAUGHTER OF JESUS, 85: &#8220;I SEE JESUS IN THE STREET CHILDREN&#8221;"},"content":{"rendered":"<p>Yesterday the Fundaci\u00f3n Secretariado Gitano presented the &#8220;Solidaridad con G&#8221; prize, in its individual modality, to M\u00aa Carmen L\u00f3pez Arjona FI. Born in the Caceres region of the Jerte Valley 85 years ago, this Daughter of Jesus carries, on her shoulders, 61 years of a ministry dedicated to the promotion of the people of the gypsy community. Today, based in La Coru\u00f1a, she continues to make visits to families and do adult literacy work and tutoring in the civic center of her neighborhood.<br \/>&#8220;I am a religious of the Daughters of Jesus, well advanced in years and, above all, with great enthusiasm to work for the benefit of the neediest&#8221;, Carmen introduces herself with these words.She left her birth place C\u00e1ceres from a very young age, and after formation in Salamanca, ended up in Galicia to remain there &#8220;for as long as God and his needs will it&#8221;.<\/p>\n<p><strong><img loading=\"lazy\" decoding=\"async\" class=\"pull-center size-full wp-image-8498\" style=\"display: block; margin-left: auto; margin-right: auto;\" src=\"https:\/\/hijasdejesus.org\/wp-content\/uploads\/2017\/02\/carmen_premio4.JPG\" alt=\"\" width=\"1024\" height=\"683\" srcset=\"https:\/\/hijasdejesus.org\/wp-content\/uploads\/2017\/02\/carmen_premio4.JPG 1024w, https:\/\/hijasdejesus.org\/wp-content\/uploads\/2017\/02\/carmen_premio4-300x200.jpg 300w, https:\/\/hijasdejesus.org\/wp-content\/uploads\/2017\/02\/carmen_premio4-768x512.jpg 768w, https:\/\/hijasdejesus.org\/wp-content\/uploads\/2017\/02\/carmen_premio4-391x260.jpg 391w, https:\/\/hijasdejesus.org\/wp-content\/uploads\/2017\/02\/carmen_premio4-980x654.jpg 980w, https:\/\/hijasdejesus.org\/wp-content\/uploads\/2017\/02\/carmen_premio4-480x320.jpg 480w\" sizes=\"(max-width: 1024px) 100vw, 1024px\" \/>&#8220;We would go out to the streets of Vigo to pick up children&#8221;<\/strong><br \/>When Carmen arrived in Vigo in 1958, she dedicated herself to the school and to the Teacher Training School that her community ran in the city. However, a pupil&#8217;s father opened her eyes &#8211; and her heart &#8211; to a reality that would eventually take up her vocation as an educator totally: &#8220;That father was complaining about the large number of neglected gypsy children in the neighborhood, and asked us if that did not call our attention,&#8221; she admits. &#8220;And he told us so clearly that we could not refuse to do something for them.&#8221; Thus, the congregation, aware of her abilities, offered to Carmen the possibility of hosting them in school.<br \/>A project that, little by little and with the help of the community, grew until the Puente School became reality. The immeasurable work of Carmen is a palpable fact in the streets of Vigo. However, her humility and her fraternity transcend the reasons, the prizes and the accounts: &#8220;I have never been alone; I have always been supported by my community as well as by other religious congregations and volunteers.&#8221; And she admits being &#8220;proud&#8221; because so many people, both in Vigo and in La Coru\u00f1a, have been led &#8220;to work with the Gypsy ethnic group&#8221;.<\/p>\n<p><strong><img loading=\"lazy\" decoding=\"async\" class=\"pull-center size-full wp-image-8500\" style=\"display: block; margin-left: auto; margin-right: auto;\" src=\"https:\/\/hijasdejesus.org\/wp-content\/uploads\/2017\/02\/carmen_conpremiados2.jpeg\" alt=\"\" width=\"1024\" height=\"706\" srcset=\"https:\/\/hijasdejesus.org\/wp-content\/uploads\/2017\/02\/carmen_conpremiados2.jpeg 1024w, https:\/\/hijasdejesus.org\/wp-content\/uploads\/2017\/02\/carmen_conpremiados2-980x676.jpeg 980w, https:\/\/hijasdejesus.org\/wp-content\/uploads\/2017\/02\/carmen_conpremiados2-480x331.jpeg 480w\" sizes=\"(min-width: 0px) and (max-width: 480px) 480px, (min-width: 481px) and (max-width: 980px) 980px, (min-width: 981px) 1024px, 100vw\" \/><\/strong><strong>&#8220;Solidaridad con G&#8221; prize<\/strong><br \/>From the beginning, she continues, &#8220;our entire community has been totally dedicated to these children.&#8221; From the day we took them into our school, &#8220;on Saturdays and Sundays we would go to Vigo, all over the city, to pick up children&#8221;. A work that, in Vigo, first developed only with gypsies. Then, in La Coru\u00f1a, &#8220;we opened ourselves to all,&#8221; she says. &#8220;Because there is no doubt that we want integration, that they be all together&#8221;.<br \/>This Thursday, in her individual capacity, she will receive the &#8220;<br \/>Solidaridad con G&#8221;, awarded by the Fundaci\u00f3n Secretariado Gitano. An award that, as she confesses, &#8220;is a recognition, but not in my personal capacity, but to the Church, our congregation&#8221;; because &#8220;it was the congregation that began all this.&#8221;<\/p>\n<p><strong>The Abandoned: Her Best Prayer<\/strong><br \/>When I speak to her about Jesus of Nazareth, she is quick to say what she lives by heart, feels, and believes: &#8220;I see Him in them, and when I sometimes find it hard to pray for any reason, I go out into the street&#8221;. And not just to the gypsies, she says, &#8220;but to so many people who need to talk and have you listen to them.&#8221; And for those who, in the midst of despair or when the storms of life challenge their faith, find it difficult to believe in his words? I ask her. &#8220;I see Jesus in them, deep within the children of the street. And I, fully embodied, try to do the best I can and know.&#8221; But &#8220;He helps me a lot, there&#8217;s no doubt about it.&#8221;<br \/>About to end the conversation, I ask her if, after so many years, she still keeps alive the love she gave herself to and for which she has served 61 years as a consecrated woman. &#8220;In love? Maybe I should be more, although it is true that I have been dedicated to Him all the days of my life and that I keep hugging Him in each of those I hug in the street. I only know that if I were to start living today, I would recommend and be a Daughter of Jesus. I would not change it for anything&#8221;.<\/p>\n<p><strong>Each of the 85 years is worth it<\/strong><br \/>85 years is nothing when love is for life. But what about the secret to keep that flame alive? Carmen, who does not hesitate in her faith, acknowledges that &#8220;it is in abandoning oneself to Jesus, and nothing more.&#8221; Thus, &#8220;when I see some difficulty, I say to myself, let him answer.&#8221; Each of the 85 years, she goes on, is worth it: &#8220;Yes, I mean it, it&#8217;s worth it! The pity is that the youth of today do not dare, because the calls are there&#8221;. Although, perhaps, as she asserts, it is the Christians who &#8220;fail to give the testimony we owe.&#8221; But, she repeats, &#8220;at 85, I say that you can and that the secret is to live with enthusiasm and live it anew each day.&#8221;<br \/>And she resumes, smiling, over and over again: &#8220;We should not look at the years, but the availability&#8221; and &#8220;go where they need us most; not look at the years, but the heart, that although it may not always have the same disposition, there is the Lord, with his mercy, to embrace us.&#8221; Indeed, Carmen, with her life and her testimony, testifies that love, like loving, has no age &#8230;<\/p>\n<p style=\"text-align: center;\"><strong><a href=\"http:\/\/www.alfayomega.es\/95868\/carmen-religiosa-de-85-anos-veo-a-jesus-en-los-ninos-de-la-calle\" target=\"_blank\" rel=\"noopener\">Posted in &#8220;Alfa y Omega&#8221; by Carlos Gonz\u00e1lez Garc\u00eda<\/a><\/strong><\/p>\n","protected":false},"excerpt":{"rendered":"<p>Yesterday the Fundaci\u00f3n Secretariado Gitano presented the &#8220;Solidaridad con G&#8221; prize, in its individual modality, to M\u00aa Carmen L\u00f3pez Arjona FI. Born in the Caceres region of the Jerte Valley 85 years ago, this Daughter of Jesus carries, on her shoulders, 61 years of a ministry dedicated to the promotion of the people of the [&hellip;]<\/p>\n","protected":false},"author":28,"featured_media":8496,"comment_status":"closed","ping_status":"closed","sticky":false,"template":"","format":"standard","meta":{"_et_pb_use_builder":"","_et_pb_old_content":"","_et_gb_content_width":"","footnotes":"","_links_to":"","_links_to_target":""},"categories":[528,412,520],"tags":[],"class_list":["post-28224","post","type-post","status-publish","format-standard","has-post-thumbnail","hentry","category-hijas-de-jesus-en","category-news","category-spain-italy"],"yoast_head":"<!-- This site is optimized with the Yoast SEO plugin v27.5 - https:\/\/yoast.com\/product\/yoast-seo-wordpress\/ -->\n<title>CARMEN, DAUGHTER OF JESUS, 85: &quot;I SEE JESUS IN THE STREET CHILDREN&quot; - Hijas de Jes\u00fas<\/title>\n<meta name=\"robots\" content=\"index, follow, max-snippet:-1, max-image-preview:large, max-video-preview:-1\" \/>\n<link rel=\"canonical\" href=\"https:\/\/hijasdejesus.org\/en\/carmen-daughter-of-jesus-85-i-see-jesus-in-the-street-children\/\" \/>\n<meta property=\"og:locale\" content=\"en_US\" \/>\n<meta property=\"og:type\" content=\"article\" \/>\n<meta property=\"og:title\" content=\"CARMEN, DAUGHTER OF JESUS, 85: &quot;I SEE JESUS IN THE STREET CHILDREN&quot; - Hijas de Jes\u00fas\" \/>\n<meta property=\"og:description\" content=\"Yesterday the Fundaci\u00f3n Secretariado Gitano presented the &#8220;Solidaridad con G&#8221; prize, in its individual modality, to M\u00aa Carmen L\u00f3pez Arjona FI. Born in the Caceres region of the Jerte Valley 85 years ago, this Daughter of Jesus carries, on her shoulders, 61 years of a ministry dedicated to the promotion of the people of the [&hellip;]\" \/>\n<meta property=\"og:url\" content=\"https:\/\/hijasdejesus.org\/en\/carmen-daughter-of-jesus-85-i-see-jesus-in-the-street-children\/\" \/>\n<meta property=\"og:site_name\" content=\"Hijas de Jes\u00fas\" \/>\n<meta property=\"article:publisher\" content=\"https:\/\/www.facebook.com\/hijasdejesusenelmundo\/\" \/>\n<meta property=\"article:published_time\" content=\"2017-02-24T19:04:41+00:00\" \/>\n<meta property=\"article:modified_time\" content=\"2017-02-25T10:14:10+00:00\" \/>\n<meta property=\"og:image\" content=\"https:\/\/hijasdejesus.org\/wp-content\/uploads\/2017\/02\/carmen9.JPG\" \/>\n\t<meta property=\"og:image:width\" content=\"1024\" \/>\n\t<meta property=\"og:image:height\" content=\"683\" \/>\n\t<meta property=\"og:image:type\" content=\"image\/jpeg\" \/>\n<meta name=\"author\" content=\"Webmaster\" \/>\n<meta name=\"twitter:card\" content=\"summary_large_image\" \/>\n<meta name=\"twitter:creator\" content=\"@hijasdjesus\" \/>\n<meta name=\"twitter:site\" content=\"@hijasdjesus\" \/>\n<meta name=\"twitter:label1\" content=\"Written by\" \/>\n\t<meta name=\"twitter:data1\" content=\"Webmaster\" \/>\n\t<meta name=\"twitter:label2\" content=\"Est. reading time\" \/>\n\t<meta name=\"twitter:data2\" content=\"5 minutes\" \/>\n<script type=\"application\/ld+json\" class=\"yoast-schema-graph\">{\"@context\":\"https:\\\/\\\/schema.org\",\"@graph\":[{\"@type\":\"Article\",\"@id\":\"https:\\\/\\\/hijasdejesus.org\\\/en\\\/carmen-daughter-of-jesus-85-i-see-jesus-in-the-street-children\\\/#article\",\"isPartOf\":{\"@id\":\"https:\\\/\\\/hijasdejesus.org\\\/en\\\/carmen-daughter-of-jesus-85-i-see-jesus-in-the-street-children\\\/\"},\"author\":{\"name\":\"Webmaster\",\"@id\":\"https:\\\/\\\/hijasdejesus.org\\\/en\\\/#\\\/schema\\\/person\\\/ce4455965da733f2791f23b6ec14e9b6\"},\"headline\":\"CARMEN, DAUGHTER OF JESUS, 85: &#8220;I SEE JESUS IN THE STREET CHILDREN&#8221;\",\"datePublished\":\"2017-02-24T19:04:41+00:00\",\"dateModified\":\"2017-02-25T10:14:10+00:00\",\"mainEntityOfPage\":{\"@id\":\"https:\\\/\\\/hijasdejesus.org\\\/en\\\/carmen-daughter-of-jesus-85-i-see-jesus-in-the-street-children\\\/\"},\"wordCount\":967,\"publisher\":{\"@id\":\"https:\\\/\\\/hijasdejesus.org\\\/en\\\/#organization\"},\"image\":{\"@id\":\"https:\\\/\\\/hijasdejesus.org\\\/en\\\/carmen-daughter-of-jesus-85-i-see-jesus-in-the-street-children\\\/#primaryimage\"},\"thumbnailUrl\":\"https:\\\/\\\/hijasdejesus.org\\\/wp-content\\\/uploads\\\/2017\\\/02\\\/carmen9.JPG\",\"articleSection\":[\"Hijas de Jes\u00fas\",\"News\",\"Spain-Italy\"],\"inLanguage\":\"en-US\"},{\"@type\":\"WebPage\",\"@id\":\"https:\\\/\\\/hijasdejesus.org\\\/en\\\/carmen-daughter-of-jesus-85-i-see-jesus-in-the-street-children\\\/\",\"url\":\"https:\\\/\\\/hijasdejesus.org\\\/en\\\/carmen-daughter-of-jesus-85-i-see-jesus-in-the-street-children\\\/\",\"name\":\"CARMEN, DAUGHTER OF JESUS, 85: \\\"I SEE JESUS IN THE STREET CHILDREN\\\" - Hijas de Jes\u00fas\",\"isPartOf\":{\"@id\":\"https:\\\/\\\/hijasdejesus.org\\\/en\\\/#website\"},\"primaryImageOfPage\":{\"@id\":\"https:\\\/\\\/hijasdejesus.org\\\/en\\\/carmen-daughter-of-jesus-85-i-see-jesus-in-the-street-children\\\/#primaryimage\"},\"image\":{\"@id\":\"https:\\\/\\\/hijasdejesus.org\\\/en\\\/carmen-daughter-of-jesus-85-i-see-jesus-in-the-street-children\\\/#primaryimage\"},\"thumbnailUrl\":\"https:\\\/\\\/hijasdejesus.org\\\/wp-content\\\/uploads\\\/2017\\\/02\\\/carmen9.JPG\",\"datePublished\":\"2017-02-24T19:04:41+00:00\",\"dateModified\":\"2017-02-25T10:14:10+00:00\",\"breadcrumb\":{\"@id\":\"https:\\\/\\\/hijasdejesus.org\\\/en\\\/carmen-daughter-of-jesus-85-i-see-jesus-in-the-street-children\\\/#breadcrumb\"},\"inLanguage\":\"en-US\",\"potentialAction\":[{\"@type\":\"ReadAction\",\"target\":[\"https:\\\/\\\/hijasdejesus.org\\\/en\\\/carmen-daughter-of-jesus-85-i-see-jesus-in-the-street-children\\\/\"]}]},{\"@type\":\"ImageObject\",\"inLanguage\":\"en-US\",\"@id\":\"https:\\\/\\\/hijasdejesus.org\\\/en\\\/carmen-daughter-of-jesus-85-i-see-jesus-in-the-street-children\\\/#primaryimage\",\"url\":\"https:\\\/\\\/hijasdejesus.org\\\/wp-content\\\/uploads\\\/2017\\\/02\\\/carmen9.JPG\",\"contentUrl\":\"https:\\\/\\\/hijasdejesus.org\\\/wp-content\\\/uploads\\\/2017\\\/02\\\/carmen9.JPG\",\"width\":1024,\"height\":683},{\"@type\":\"BreadcrumbList\",\"@id\":\"https:\\\/\\\/hijasdejesus.org\\\/en\\\/carmen-daughter-of-jesus-85-i-see-jesus-in-the-street-children\\\/#breadcrumb\",\"itemListElement\":[{\"@type\":\"ListItem\",\"position\":1,\"name\":\"Portada\",\"item\":\"https:\\\/\\\/hijasdejesus.org\\\/en\\\/\"},{\"@type\":\"ListItem\",\"position\":2,\"name\":\"CARMEN, DAUGHTER OF JESUS, 85: \u00abI SEE JESUS IN THE STREET CHILDREN\u00bb\"}]},{\"@type\":\"WebSite\",\"@id\":\"https:\\\/\\\/hijasdejesus.org\\\/en\\\/#website\",\"url\":\"https:\\\/\\\/hijasdejesus.org\\\/en\\\/\",\"name\":\"Hijas de Jes\u00fas\",\"description\":\"Despertamos a Jes\u00fas en el coraz\u00f3n, sacando lo mejor de las personas. Somos una congregaci\u00f3n religiosa ignaciana fundada por la Madre Candida\",\"publisher\":{\"@id\":\"https:\\\/\\\/hijasdejesus.org\\\/en\\\/#organization\"},\"potentialAction\":[{\"@type\":\"SearchAction\",\"target\":{\"@type\":\"EntryPoint\",\"urlTemplate\":\"https:\\\/\\\/hijasdejesus.org\\\/en\\\/?s={search_term_string}\"},\"query-input\":{\"@type\":\"PropertyValueSpecification\",\"valueRequired\":true,\"valueName\":\"search_term_string\"}}],\"inLanguage\":\"en-US\"},{\"@type\":\"Organization\",\"@id\":\"https:\\\/\\\/hijasdejesus.org\\\/en\\\/#organization\",\"name\":\"Hijas de Jes\u00fas\",\"url\":\"https:\\\/\\\/hijasdejesus.org\\\/en\\\/\",\"logo\":{\"@type\":\"ImageObject\",\"inLanguage\":\"en-US\",\"@id\":\"https:\\\/\\\/hijasdejesus.org\\\/en\\\/#\\\/schema\\\/logo\\\/image\\\/\",\"url\":\"https:\\\/\\\/hijasdejesus.org\\\/wp-content\\\/uploads\\\/2023\\\/01\\\/Hijas-de-Jesus_hor-A7C957.png\",\"contentUrl\":\"https:\\\/\\\/hijasdejesus.org\\\/wp-content\\\/uploads\\\/2023\\\/01\\\/Hijas-de-Jesus_hor-A7C957.png\",\"width\":700,\"height\":360,\"caption\":\"Hijas de Jes\u00fas\"},\"image\":{\"@id\":\"https:\\\/\\\/hijasdejesus.org\\\/en\\\/#\\\/schema\\\/logo\\\/image\\\/\"},\"sameAs\":[\"https:\\\/\\\/www.facebook.com\\\/hijasdejesusenelmundo\\\/\",\"https:\\\/\\\/x.com\\\/hijasdjesus\"]},{\"@type\":\"Person\",\"@id\":\"https:\\\/\\\/hijasdejesus.org\\\/en\\\/#\\\/schema\\\/person\\\/ce4455965da733f2791f23b6ec14e9b6\",\"name\":\"Webmaster\",\"image\":{\"@type\":\"ImageObject\",\"inLanguage\":\"en-US\",\"@id\":\"https:\\\/\\\/secure.gravatar.com\\\/avatar\\\/cfd0acaac86c3981d541d2e99a0ffb7b6d33a5ac8989a62f5518b9e0f7ee128a?s=96&d=mm&r=g\",\"url\":\"https:\\\/\\\/secure.gravatar.com\\\/avatar\\\/cfd0acaac86c3981d541d2e99a0ffb7b6d33a5ac8989a62f5518b9e0f7ee128a?s=96&d=mm&r=g\",\"contentUrl\":\"https:\\\/\\\/secure.gravatar.com\\\/avatar\\\/cfd0acaac86c3981d541d2e99a0ffb7b6d33a5ac8989a62f5518b9e0f7ee128a?s=96&d=mm&r=g\",\"caption\":\"Webmaster\"},\"url\":\"https:\\\/\\\/hijasdejesus.org\\\/en\\\/author\\\/webmaster\\\/\"}]}<\/script>\n<!-- \/ Yoast SEO plugin. -->","yoast_head_json":{"title":"CARMEN, DAUGHTER OF JESUS, 85: \"I SEE JESUS IN THE STREET CHILDREN\" - Hijas de Jes\u00fas","robots":{"index":"index","follow":"follow","max-snippet":"max-snippet:-1","max-image-preview":"max-image-preview:large","max-video-preview":"max-video-preview:-1"},"canonical":"https:\/\/hijasdejesus.org\/en\/carmen-daughter-of-jesus-85-i-see-jesus-in-the-street-children\/","og_locale":"en_US","og_type":"article","og_title":"CARMEN, DAUGHTER OF JESUS, 85: \"I SEE JESUS IN THE STREET CHILDREN\" - Hijas de Jes\u00fas","og_description":"Yesterday the Fundaci\u00f3n Secretariado Gitano presented the &#8220;Solidaridad con G&#8221; prize, in its individual modality, to M\u00aa Carmen L\u00f3pez Arjona FI. Born in the Caceres region of the Jerte Valley 85 years ago, this Daughter of Jesus carries, on her shoulders, 61 years of a ministry dedicated to the promotion of the people of the [&hellip;]","og_url":"https:\/\/hijasdejesus.org\/en\/carmen-daughter-of-jesus-85-i-see-jesus-in-the-street-children\/","og_site_name":"Hijas de Jes\u00fas","article_publisher":"https:\/\/www.facebook.com\/hijasdejesusenelmundo\/","article_published_time":"2017-02-24T19:04:41+00:00","article_modified_time":"2017-02-25T10:14:10+00:00","og_image":[{"width":1024,"height":683,"url":"https:\/\/hijasdejesus.org\/wp-content\/uploads\/2017\/02\/carmen9.JPG","type":"image\/jpeg"}],"author":"Webmaster","twitter_card":"summary_large_image","twitter_creator":"@hijasdjesus","twitter_site":"@hijasdjesus","twitter_misc":{"Written by":"Webmaster","Est. reading time":"5 minutes"},"schema":{"@context":"https:\/\/schema.org","@graph":[{"@type":"Article","@id":"https:\/\/hijasdejesus.org\/en\/carmen-daughter-of-jesus-85-i-see-jesus-in-the-street-children\/#article","isPartOf":{"@id":"https:\/\/hijasdejesus.org\/en\/carmen-daughter-of-jesus-85-i-see-jesus-in-the-street-children\/"},"author":{"name":"Webmaster","@id":"https:\/\/hijasdejesus.org\/en\/#\/schema\/person\/ce4455965da733f2791f23b6ec14e9b6"},"headline":"CARMEN, DAUGHTER OF JESUS, 85: &#8220;I SEE JESUS IN THE STREET CHILDREN&#8221;","datePublished":"2017-02-24T19:04:41+00:00","dateModified":"2017-02-25T10:14:10+00:00","mainEntityOfPage":{"@id":"https:\/\/hijasdejesus.org\/en\/carmen-daughter-of-jesus-85-i-see-jesus-in-the-street-children\/"},"wordCount":967,"publisher":{"@id":"https:\/\/hijasdejesus.org\/en\/#organization"},"image":{"@id":"https:\/\/hijasdejesus.org\/en\/carmen-daughter-of-jesus-85-i-see-jesus-in-the-street-children\/#primaryimage"},"thumbnailUrl":"https:\/\/hijasdejesus.org\/wp-content\/uploads\/2017\/02\/carmen9.JPG","articleSection":["Hijas de Jes\u00fas","News","Spain-Italy"],"inLanguage":"en-US"},{"@type":"WebPage","@id":"https:\/\/hijasdejesus.org\/en\/carmen-daughter-of-jesus-85-i-see-jesus-in-the-street-children\/","url":"https:\/\/hijasdejesus.org\/en\/carmen-daughter-of-jesus-85-i-see-jesus-in-the-street-children\/","name":"CARMEN, DAUGHTER OF JESUS, 85: \"I SEE JESUS IN THE STREET CHILDREN\" - Hijas de Jes\u00fas","isPartOf":{"@id":"https:\/\/hijasdejesus.org\/en\/#website"},"primaryImageOfPage":{"@id":"https:\/\/hijasdejesus.org\/en\/carmen-daughter-of-jesus-85-i-see-jesus-in-the-street-children\/#primaryimage"},"image":{"@id":"https:\/\/hijasdejesus.org\/en\/carmen-daughter-of-jesus-85-i-see-jesus-in-the-street-children\/#primaryimage"},"thumbnailUrl":"https:\/\/hijasdejesus.org\/wp-content\/uploads\/2017\/02\/carmen9.JPG","datePublished":"2017-02-24T19:04:41+00:00","dateModified":"2017-02-25T10:14:10+00:00","breadcrumb":{"@id":"https:\/\/hijasdejesus.org\/en\/carmen-daughter-of-jesus-85-i-see-jesus-in-the-street-children\/#breadcrumb"},"inLanguage":"en-US","potentialAction":[{"@type":"ReadAction","target":["https:\/\/hijasdejesus.org\/en\/carmen-daughter-of-jesus-85-i-see-jesus-in-the-street-children\/"]}]},{"@type":"ImageObject","inLanguage":"en-US","@id":"https:\/\/hijasdejesus.org\/en\/carmen-daughter-of-jesus-85-i-see-jesus-in-the-street-children\/#primaryimage","url":"https:\/\/hijasdejesus.org\/wp-content\/uploads\/2017\/02\/carmen9.JPG","contentUrl":"https:\/\/hijasdejesus.org\/wp-content\/uploads\/2017\/02\/carmen9.JPG","width":1024,"height":683},{"@type":"BreadcrumbList","@id":"https:\/\/hijasdejesus.org\/en\/carmen-daughter-of-jesus-85-i-see-jesus-in-the-street-children\/#breadcrumb","itemListElement":[{"@type":"ListItem","position":1,"name":"Portada","item":"https:\/\/hijasdejesus.org\/en\/"},{"@type":"ListItem","position":2,"name":"CARMEN, DAUGHTER OF JESUS, 85: \u00abI SEE JESUS IN THE STREET CHILDREN\u00bb"}]},{"@type":"WebSite","@id":"https:\/\/hijasdejesus.org\/en\/#website","url":"https:\/\/hijasdejesus.org\/en\/","name":"Hijas de Jes\u00fas","description":"Despertamos a Jes\u00fas en el coraz\u00f3n, sacando lo mejor de las personas. Somos una congregaci\u00f3n religiosa ignaciana fundada por la Madre Candida","publisher":{"@id":"https:\/\/hijasdejesus.org\/en\/#organization"},"potentialAction":[{"@type":"SearchAction","target":{"@type":"EntryPoint","urlTemplate":"https:\/\/hijasdejesus.org\/en\/?s={search_term_string}"},"query-input":{"@type":"PropertyValueSpecification","valueRequired":true,"valueName":"search_term_string"}}],"inLanguage":"en-US"},{"@type":"Organization","@id":"https:\/\/hijasdejesus.org\/en\/#organization","name":"Hijas de Jes\u00fas","url":"https:\/\/hijasdejesus.org\/en\/","logo":{"@type":"ImageObject","inLanguage":"en-US","@id":"https:\/\/hijasdejesus.org\/en\/#\/schema\/logo\/image\/","url":"https:\/\/hijasdejesus.org\/wp-content\/uploads\/2023\/01\/Hijas-de-Jesus_hor-A7C957.png","contentUrl":"https:\/\/hijasdejesus.org\/wp-content\/uploads\/2023\/01\/Hijas-de-Jesus_hor-A7C957.png","width":700,"height":360,"caption":"Hijas de Jes\u00fas"},"image":{"@id":"https:\/\/hijasdejesus.org\/en\/#\/schema\/logo\/image\/"},"sameAs":["https:\/\/www.facebook.com\/hijasdejesusenelmundo\/","https:\/\/x.com\/hijasdjesus"]},{"@type":"Person","@id":"https:\/\/hijasdejesus.org\/en\/#\/schema\/person\/ce4455965da733f2791f23b6ec14e9b6","name":"Webmaster","image":{"@type":"ImageObject","inLanguage":"en-US","@id":"https:\/\/secure.gravatar.com\/avatar\/cfd0acaac86c3981d541d2e99a0ffb7b6d33a5ac8989a62f5518b9e0f7ee128a?s=96&d=mm&r=g","url":"https:\/\/secure.gravatar.com\/avatar\/cfd0acaac86c3981d541d2e99a0ffb7b6d33a5ac8989a62f5518b9e0f7ee128a?s=96&d=mm&r=g","contentUrl":"https:\/\/secure.gravatar.com\/avatar\/cfd0acaac86c3981d541d2e99a0ffb7b6d33a5ac8989a62f5518b9e0f7ee128a?s=96&d=mm&r=g","caption":"Webmaster"},"url":"https:\/\/hijasdejesus.org\/en\/author\/webmaster\/"}]}},"_links":{"self":[{"href":"https:\/\/hijasdejesus.org\/en\/wp-json\/wp\/v2\/posts\/28224","targetHints":{"allow":["GET"]}}],"collection":[{"href":"https:\/\/hijasdejesus.org\/en\/wp-json\/wp\/v2\/posts"}],"about":[{"href":"https:\/\/hijasdejesus.org\/en\/wp-json\/wp\/v2\/types\/post"}],"author":[{"embeddable":true,"href":"https:\/\/hijasdejesus.org\/en\/wp-json\/wp\/v2\/users\/28"}],"replies":[{"embeddable":true,"href":"https:\/\/hijasdejesus.org\/en\/wp-json\/wp\/v2\/comments?post=28224"}],"version-history":[{"count":0,"href":"https:\/\/hijasdejesus.org\/en\/wp-json\/wp\/v2\/posts\/28224\/revisions"}],"wp:featuredmedia":[{"embeddable":true,"href":"https:\/\/hijasdejesus.org\/en\/wp-json\/wp\/v2\/media\/8496"}],"wp:attachment":[{"href":"https:\/\/hijasdejesus.org\/en\/wp-json\/wp\/v2\/media?parent=28224"}],"wp:term":[{"taxonomy":"category","embeddable":true,"href":"https:\/\/hijasdejesus.org\/en\/wp-json\/wp\/v2\/categories?post=28224"},{"taxonomy":"post_tag","embeddable":true,"href":"https:\/\/hijasdejesus.org\/en\/wp-json\/wp\/v2\/tags?post=28224"}],"curies":[{"name":"wp","href":"https:\/\/api.w.org\/{rel}","templated":true}]}}