{"id":28327,"date":"2017-04-09T12:46:44","date_gmt":"2017-04-09T10:46:44","guid":{"rendered":"https:\/\/nueva.hijasdejesus.org\/maria-inez-to-resemble-jesus-more-and-more-and-to-show-his-face-in-the-circumstances-that-we-live\/"},"modified":"2017-04-09T14:13:12","modified_gmt":"2017-04-09T12:13:12","slug":"maria-inez-to-resemble-jesus-more-and-more-and-to-show-his-face-in-the-circumstances-that-we-live","status":"publish","type":"post","link":"https:\/\/hijasdejesus.org\/en\/maria-inez-to-resemble-jesus-more-and-more-and-to-show-his-face-in-the-circumstances-that-we-live\/","title":{"rendered":"Maria Inez: &#8220;To resemble Jesus more and more and to show his face in the circumstances that we live&#8221;"},"content":{"rendered":"<p style=\"text-align: justify;\">On April 1, our Superior General, Maria Inez Furtado, after finishing her canonical visit to the Philippines and on her way to Myammar for the same, came to Japan to spend a few days of rest and enjoy the natural beauty of the landscape, especially in this time of cherry blossoms. We were sorry that she would not be able to enjoy as much as we would have wished, but the changes of climate and the accumulated fatigue were making themselves felt.<\/p>\n<p><img loading=\"lazy\" decoding=\"async\" class=\"pull-center size-full wp-image-8698\" style=\"display: block; margin-left: auto; margin-right: auto;\" src=\"https:\/\/hijasdejesus.org\/wp-content\/uploads\/2017\/04\/japon_minez2.JPG\" alt=\"\" width=\"1024\" height=\"768\" srcset=\"https:\/\/hijasdejesus.org\/wp-content\/uploads\/2017\/04\/japon_minez2.JPG 1024w, https:\/\/hijasdejesus.org\/wp-content\/uploads\/2017\/04\/japon_minez2-300x225.jpg 300w, https:\/\/hijasdejesus.org\/wp-content\/uploads\/2017\/04\/japon_minez2-768x576.jpg 768w, https:\/\/hijasdejesus.org\/wp-content\/uploads\/2017\/04\/japon_minez2-510x382.jpg 510w, https:\/\/hijasdejesus.org\/wp-content\/uploads\/2017\/04\/japon_minez2-980x735.jpg 980w, https:\/\/hijasdejesus.org\/wp-content\/uploads\/2017\/04\/japon_minez2-480x360.jpg 480w\" sizes=\"(max-width: 1024px) 100vw, 1024px\" \/><img loading=\"lazy\" decoding=\"async\" class=\"pull-center size-full wp-image-8700\" style=\"display: block; margin-left: auto; margin-right: auto;\" src=\"https:\/\/hijasdejesus.org\/wp-content\/uploads\/2017\/04\/japon_minez3.JPG\" alt=\"\" width=\"1024\" height=\"768\" srcset=\"https:\/\/hijasdejesus.org\/wp-content\/uploads\/2017\/04\/japon_minez3.JPG 1024w, https:\/\/hijasdejesus.org\/wp-content\/uploads\/2017\/04\/japon_minez3-300x225.jpg 300w, https:\/\/hijasdejesus.org\/wp-content\/uploads\/2017\/04\/japon_minez3-768x576.jpg 768w, https:\/\/hijasdejesus.org\/wp-content\/uploads\/2017\/04\/japon_minez3-510x382.jpg 510w, https:\/\/hijasdejesus.org\/wp-content\/uploads\/2017\/04\/japon_minez3-980x735.jpg 980w, https:\/\/hijasdejesus.org\/wp-content\/uploads\/2017\/04\/japon_minez3-480x360.jpg 480w\" sizes=\"(max-width: 1024px) 100vw, 1024px\" \/><img loading=\"lazy\" decoding=\"async\" class=\"pull-center size-full wp-image-8702\" style=\"display: block; margin-left: auto; margin-right: auto;\" src=\"https:\/\/hijasdejesus.org\/wp-content\/uploads\/2017\/04\/japon_minez7-rotated.jpg\" alt=\"\" width=\"1024\" height=\"768\" srcset=\"https:\/\/hijasdejesus.org\/wp-content\/uploads\/2017\/04\/japon_minez7-rotated.jpg 1024w, https:\/\/hijasdejesus.org\/wp-content\/uploads\/2017\/04\/japon_minez7-980x735.jpg 980w, https:\/\/hijasdejesus.org\/wp-content\/uploads\/2017\/04\/japon_minez7-480x360.jpg 480w\" sizes=\"(min-width: 0px) and (max-width: 480px) 480px, (min-width: 481px) and (max-width: 980px) 980px, (min-width: 981px) 1024px, 100vw\" \/>On the 5th, the sisters of the community of Japan met for an informal day of fraternization with Maria Inez. In her words of encouragement she made it very clear that the future, not only of Japan but of the entire Congregation, is in the hands of God and that what we have to do today is to live in fidelity the charism of the Congregation: to resemble Jesus more and more and to show his face in the circumstances that we live. For this, the present is a privileged moment, a moment of grace.<br \/>We deeply feel the absence of Esther Yamashita, who is fighting for her life in a hospital in Matsue, and that of the two sisters who are accompanying her there, Teresa Ikazaki FI and Marianita Te\u00f1oso FI. These last two were able to follow the talk of Maria Inez through Skype. We also felt the absence of Fuencisla Perlado FI that on this day was traveling from Spain on her way back from her vacations.<br \/>We also took advantage of being together to say goodbye to Carmen Segovia FI, who after 22 years as a missionary in Japan, has been assigned to the Philippines again.<br \/>In the afternoon we had the opportunity to see a video, prepared by Carmela Rey, Shotoku lay teacher, with the activities we had at the school, parish, etc. on the occasion of the departure of the Daughters of Jesus from Matsue and the closure of the Shotoku Preschool. We have felt the deep gratitude of the people for our work done over the years. After 63 years of mission in Matsue, getting out of there is a tough time for all, but in the words of Maria Inez: &#8220;We have planted life and with the help of the Spirit it will continue to fruition&#8221;.<\/p>\n<p><img loading=\"lazy\" decoding=\"async\" class=\"pull-center size-full wp-image-8704\" style=\"display: block; margin-left: auto; margin-right: auto;\" src=\"https:\/\/hijasdejesus.org\/wp-content\/uploads\/2017\/04\/japon_minez5.JPG\" alt=\"\" width=\"836\" height=\"486\" srcset=\"https:\/\/hijasdejesus.org\/wp-content\/uploads\/2017\/04\/japon_minez5.JPG 836w, https:\/\/hijasdejesus.org\/wp-content\/uploads\/2017\/04\/japon_minez5-300x174.jpg 300w, https:\/\/hijasdejesus.org\/wp-content\/uploads\/2017\/04\/japon_minez5-768x446.jpg 768w, https:\/\/hijasdejesus.org\/wp-content\/uploads\/2017\/04\/japon_minez5-480x279.jpg 480w\" sizes=\"(max-width: 836px) 100vw, 836px\" \/><img loading=\"lazy\" decoding=\"async\" class=\"pull-center size-full wp-image-8706\" style=\"display: block; margin-left: auto; margin-right: auto;\" src=\"https:\/\/hijasdejesus.org\/wp-content\/uploads\/2017\/04\/japon_minez4.JPG\" alt=\"\" width=\"743\" height=\"557\" srcset=\"https:\/\/hijasdejesus.org\/wp-content\/uploads\/2017\/04\/japon_minez4.JPG 1024w, https:\/\/hijasdejesus.org\/wp-content\/uploads\/2017\/04\/japon_minez4-300x225.jpg 300w, https:\/\/hijasdejesus.org\/wp-content\/uploads\/2017\/04\/japon_minez4-768x576.jpg 768w, https:\/\/hijasdejesus.org\/wp-content\/uploads\/2017\/04\/japon_minez4-510x382.jpg 510w, https:\/\/hijasdejesus.org\/wp-content\/uploads\/2017\/04\/japon_minez4-980x735.jpg 980w, https:\/\/hijasdejesus.org\/wp-content\/uploads\/2017\/04\/japon_minez4-480x360.jpg 480w\" sizes=\"(max-width: 743px) 100vw, 743px\" \/><img loading=\"lazy\" decoding=\"async\" class=\"pull-center size-full wp-image-8708\" style=\"display: block; margin-left: auto; margin-right: auto;\" src=\"https:\/\/hijasdejesus.org\/wp-content\/uploads\/2017\/04\/japon_minez6.JPG\" alt=\"\" width=\"706\" height=\"397\" srcset=\"https:\/\/hijasdejesus.org\/wp-content\/uploads\/2017\/04\/japon_minez6.JPG 1024w, https:\/\/hijasdejesus.org\/wp-content\/uploads\/2017\/04\/japon_minez6-300x169.jpg 300w, https:\/\/hijasdejesus.org\/wp-content\/uploads\/2017\/04\/japon_minez6-768x432.jpg 768w, https:\/\/hijasdejesus.org\/wp-content\/uploads\/2017\/04\/japon_minez6-980x551.jpg 980w, https:\/\/hijasdejesus.org\/wp-content\/uploads\/2017\/04\/japon_minez6-480x270.jpg 480w\" sizes=\"(max-width: 706px) 100vw, 706px\" \/><img loading=\"lazy\" decoding=\"async\" class=\"pull-center size-full wp-image-8710\" style=\"display: block; margin-left: auto; margin-right: auto;\" src=\"https:\/\/hijasdejesus.org\/wp-content\/uploads\/2017\/04\/japon_minez8.JPG\" alt=\"\" width=\"639\" height=\"479\" srcset=\"https:\/\/hijasdejesus.org\/wp-content\/uploads\/2017\/04\/japon_minez8.JPG 1024w, https:\/\/hijasdejesus.org\/wp-content\/uploads\/2017\/04\/japon_minez8-300x225.jpg 300w, https:\/\/hijasdejesus.org\/wp-content\/uploads\/2017\/04\/japon_minez8-768x576.jpg 768w, https:\/\/hijasdejesus.org\/wp-content\/uploads\/2017\/04\/japon_minez8-510x382.jpg 510w, https:\/\/hijasdejesus.org\/wp-content\/uploads\/2017\/04\/japon_minez8-980x735.jpg 980w, https:\/\/hijasdejesus.org\/wp-content\/uploads\/2017\/04\/japon_minez8-480x360.jpg 480w\" sizes=\"(max-width: 639px) 100vw, 639px\" \/>We ended the day thanking God and Mary for all He has done and continues to do with us, followed by a dinner snack. After this, the different groups returned to their respective houses with renewed spirit, confidence and hope. &#8220;Everything is in the hands of God, He is our Father and never abandons us.&#8221;<\/p>\n<p style=\"text-align: center;\"><strong>Isabel Romero fi<\/strong><\/p>\n","protected":false},"excerpt":{"rendered":"<p>On April 1, our Superior General, Maria Inez Furtado, after finishing her canonical visit to the Philippines and on her way to Myammar for the same, came to Japan to spend a few days of rest and enjoy the natural beauty of the landscape, especially in this time of cherry blossoms. We were sorry that [&hellip;]<\/p>\n","protected":false},"author":28,"featured_media":8696,"comment_status":"closed","ping_status":"closed","sticky":false,"template":"","format":"standard","meta":{"_et_pb_use_builder":"","_et_pb_old_content":"","_et_gb_content_width":"","footnotes":"","_links_to":"","_links_to_target":""},"categories":[526,528,554,412],"tags":[775],"class_list":["post-28327","post","type-post","status-publish","format-standard","has-post-thumbnail","hentry","category-general_government","category-hijas-de-jesus-en","category-indico-pacific","category-news","tag-general-superior"],"yoast_head":"<!-- This site is optimized with the Yoast SEO plugin v27.5 - https:\/\/yoast.com\/product\/yoast-seo-wordpress\/ -->\n<title>Maria Inez: &quot;To resemble Jesus more and more and to show his face in the circumstances that we live&quot; - Hijas de Jes\u00fas<\/title>\n<meta name=\"robots\" content=\"index, follow, max-snippet:-1, max-image-preview:large, max-video-preview:-1\" \/>\n<link rel=\"canonical\" href=\"https:\/\/hijasdejesus.org\/en\/maria-inez-to-resemble-jesus-more-and-more-and-to-show-his-face-in-the-circumstances-that-we-live\/\" \/>\n<meta property=\"og:locale\" content=\"en_US\" \/>\n<meta property=\"og:type\" content=\"article\" \/>\n<meta property=\"og:title\" content=\"Maria Inez: &quot;To resemble Jesus more and more and to show his face in the circumstances that we live&quot; - Hijas de Jes\u00fas\" \/>\n<meta property=\"og:description\" content=\"On April 1, our Superior General, Maria Inez Furtado, after finishing her canonical visit to the Philippines and on her way to Myammar for the same, came to Japan to spend a few days of rest and enjoy the natural beauty of the landscape, especially in this time of cherry blossoms. We were sorry that [&hellip;]\" \/>\n<meta property=\"og:url\" content=\"https:\/\/hijasdejesus.org\/en\/maria-inez-to-resemble-jesus-more-and-more-and-to-show-his-face-in-the-circumstances-that-we-live\/\" \/>\n<meta property=\"og:site_name\" content=\"Hijas de Jes\u00fas\" \/>\n<meta property=\"article:publisher\" content=\"https:\/\/www.facebook.com\/hijasdejesusenelmundo\/\" \/>\n<meta property=\"article:published_time\" content=\"2017-04-09T10:46:44+00:00\" \/>\n<meta property=\"article:modified_time\" content=\"2017-04-09T12:13:12+00:00\" \/>\n<meta property=\"og:image\" content=\"https:\/\/hijasdejesus.org\/wp-content\/uploads\/2017\/04\/japon_minez1.JPG\" \/>\n\t<meta property=\"og:image:width\" content=\"1024\" \/>\n\t<meta property=\"og:image:height\" content=\"768\" \/>\n\t<meta property=\"og:image:type\" content=\"image\/jpeg\" \/>\n<meta name=\"author\" content=\"Webmaster\" \/>\n<meta name=\"twitter:card\" content=\"summary_large_image\" \/>\n<meta name=\"twitter:creator\" content=\"@hijasdjesus\" \/>\n<meta name=\"twitter:site\" content=\"@hijasdjesus\" \/>\n<meta name=\"twitter:label1\" content=\"Written by\" \/>\n\t<meta name=\"twitter:data1\" content=\"Webmaster\" \/>\n\t<meta name=\"twitter:label2\" content=\"Est. reading time\" \/>\n\t<meta name=\"twitter:data2\" content=\"2 minutes\" \/>\n<script type=\"application\/ld+json\" class=\"yoast-schema-graph\">{\"@context\":\"https:\\\/\\\/schema.org\",\"@graph\":[{\"@type\":\"Article\",\"@id\":\"https:\\\/\\\/hijasdejesus.org\\\/en\\\/maria-inez-to-resemble-jesus-more-and-more-and-to-show-his-face-in-the-circumstances-that-we-live\\\/#article\",\"isPartOf\":{\"@id\":\"https:\\\/\\\/hijasdejesus.org\\\/en\\\/maria-inez-to-resemble-jesus-more-and-more-and-to-show-his-face-in-the-circumstances-that-we-live\\\/\"},\"author\":{\"name\":\"Webmaster\",\"@id\":\"https:\\\/\\\/hijasdejesus.org\\\/en\\\/#\\\/schema\\\/person\\\/ce4455965da733f2791f23b6ec14e9b6\"},\"headline\":\"Maria Inez: &#8220;To resemble Jesus more and more and to show his face in the circumstances that we live&#8221;\",\"datePublished\":\"2017-04-09T10:46:44+00:00\",\"dateModified\":\"2017-04-09T12:13:12+00:00\",\"mainEntityOfPage\":{\"@id\":\"https:\\\/\\\/hijasdejesus.org\\\/en\\\/maria-inez-to-resemble-jesus-more-and-more-and-to-show-his-face-in-the-circumstances-that-we-live\\\/\"},\"wordCount\":461,\"publisher\":{\"@id\":\"https:\\\/\\\/hijasdejesus.org\\\/en\\\/#organization\"},\"image\":{\"@id\":\"https:\\\/\\\/hijasdejesus.org\\\/en\\\/maria-inez-to-resemble-jesus-more-and-more-and-to-show-his-face-in-the-circumstances-that-we-live\\\/#primaryimage\"},\"thumbnailUrl\":\"https:\\\/\\\/hijasdejesus.org\\\/wp-content\\\/uploads\\\/2017\\\/04\\\/japon_minez1.JPG\",\"keywords\":[\"General Superior\"],\"articleSection\":[\"General government\",\"Hijas de Jes\u00fas\",\"Indico-Pacific\",\"News\"],\"inLanguage\":\"en-US\"},{\"@type\":\"WebPage\",\"@id\":\"https:\\\/\\\/hijasdejesus.org\\\/en\\\/maria-inez-to-resemble-jesus-more-and-more-and-to-show-his-face-in-the-circumstances-that-we-live\\\/\",\"url\":\"https:\\\/\\\/hijasdejesus.org\\\/en\\\/maria-inez-to-resemble-jesus-more-and-more-and-to-show-his-face-in-the-circumstances-that-we-live\\\/\",\"name\":\"Maria Inez: \\\"To resemble Jesus more and more and to show his face in the circumstances that we live\\\" - Hijas de Jes\u00fas\",\"isPartOf\":{\"@id\":\"https:\\\/\\\/hijasdejesus.org\\\/en\\\/#website\"},\"primaryImageOfPage\":{\"@id\":\"https:\\\/\\\/hijasdejesus.org\\\/en\\\/maria-inez-to-resemble-jesus-more-and-more-and-to-show-his-face-in-the-circumstances-that-we-live\\\/#primaryimage\"},\"image\":{\"@id\":\"https:\\\/\\\/hijasdejesus.org\\\/en\\\/maria-inez-to-resemble-jesus-more-and-more-and-to-show-his-face-in-the-circumstances-that-we-live\\\/#primaryimage\"},\"thumbnailUrl\":\"https:\\\/\\\/hijasdejesus.org\\\/wp-content\\\/uploads\\\/2017\\\/04\\\/japon_minez1.JPG\",\"datePublished\":\"2017-04-09T10:46:44+00:00\",\"dateModified\":\"2017-04-09T12:13:12+00:00\",\"breadcrumb\":{\"@id\":\"https:\\\/\\\/hijasdejesus.org\\\/en\\\/maria-inez-to-resemble-jesus-more-and-more-and-to-show-his-face-in-the-circumstances-that-we-live\\\/#breadcrumb\"},\"inLanguage\":\"en-US\",\"potentialAction\":[{\"@type\":\"ReadAction\",\"target\":[\"https:\\\/\\\/hijasdejesus.org\\\/en\\\/maria-inez-to-resemble-jesus-more-and-more-and-to-show-his-face-in-the-circumstances-that-we-live\\\/\"]}]},{\"@type\":\"ImageObject\",\"inLanguage\":\"en-US\",\"@id\":\"https:\\\/\\\/hijasdejesus.org\\\/en\\\/maria-inez-to-resemble-jesus-more-and-more-and-to-show-his-face-in-the-circumstances-that-we-live\\\/#primaryimage\",\"url\":\"https:\\\/\\\/hijasdejesus.org\\\/wp-content\\\/uploads\\\/2017\\\/04\\\/japon_minez1.JPG\",\"contentUrl\":\"https:\\\/\\\/hijasdejesus.org\\\/wp-content\\\/uploads\\\/2017\\\/04\\\/japon_minez1.JPG\",\"width\":1024,\"height\":768},{\"@type\":\"BreadcrumbList\",\"@id\":\"https:\\\/\\\/hijasdejesus.org\\\/en\\\/maria-inez-to-resemble-jesus-more-and-more-and-to-show-his-face-in-the-circumstances-that-we-live\\\/#breadcrumb\",\"itemListElement\":[{\"@type\":\"ListItem\",\"position\":1,\"name\":\"Portada\",\"item\":\"https:\\\/\\\/hijasdejesus.org\\\/en\\\/\"},{\"@type\":\"ListItem\",\"position\":2,\"name\":\"Maria Inez: \u00abTo resemble Jesus more and more and to show his face in the circumstances that we live\u00bb\"}]},{\"@type\":\"WebSite\",\"@id\":\"https:\\\/\\\/hijasdejesus.org\\\/en\\\/#website\",\"url\":\"https:\\\/\\\/hijasdejesus.org\\\/en\\\/\",\"name\":\"Hijas de Jes\u00fas\",\"description\":\"Despertamos a Jes\u00fas en el coraz\u00f3n, sacando lo mejor de las personas. Somos una congregaci\u00f3n religiosa ignaciana fundada por la Madre Candida\",\"publisher\":{\"@id\":\"https:\\\/\\\/hijasdejesus.org\\\/en\\\/#organization\"},\"potentialAction\":[{\"@type\":\"SearchAction\",\"target\":{\"@type\":\"EntryPoint\",\"urlTemplate\":\"https:\\\/\\\/hijasdejesus.org\\\/en\\\/?s={search_term_string}\"},\"query-input\":{\"@type\":\"PropertyValueSpecification\",\"valueRequired\":true,\"valueName\":\"search_term_string\"}}],\"inLanguage\":\"en-US\"},{\"@type\":\"Organization\",\"@id\":\"https:\\\/\\\/hijasdejesus.org\\\/en\\\/#organization\",\"name\":\"Hijas de Jes\u00fas\",\"url\":\"https:\\\/\\\/hijasdejesus.org\\\/en\\\/\",\"logo\":{\"@type\":\"ImageObject\",\"inLanguage\":\"en-US\",\"@id\":\"https:\\\/\\\/hijasdejesus.org\\\/en\\\/#\\\/schema\\\/logo\\\/image\\\/\",\"url\":\"https:\\\/\\\/hijasdejesus.org\\\/wp-content\\\/uploads\\\/2023\\\/01\\\/Hijas-de-Jesus_hor-A7C957.png\",\"contentUrl\":\"https:\\\/\\\/hijasdejesus.org\\\/wp-content\\\/uploads\\\/2023\\\/01\\\/Hijas-de-Jesus_hor-A7C957.png\",\"width\":700,\"height\":360,\"caption\":\"Hijas de Jes\u00fas\"},\"image\":{\"@id\":\"https:\\\/\\\/hijasdejesus.org\\\/en\\\/#\\\/schema\\\/logo\\\/image\\\/\"},\"sameAs\":[\"https:\\\/\\\/www.facebook.com\\\/hijasdejesusenelmundo\\\/\",\"https:\\\/\\\/x.com\\\/hijasdjesus\"]},{\"@type\":\"Person\",\"@id\":\"https:\\\/\\\/hijasdejesus.org\\\/en\\\/#\\\/schema\\\/person\\\/ce4455965da733f2791f23b6ec14e9b6\",\"name\":\"Webmaster\",\"image\":{\"@type\":\"ImageObject\",\"inLanguage\":\"en-US\",\"@id\":\"https:\\\/\\\/secure.gravatar.com\\\/avatar\\\/cfd0acaac86c3981d541d2e99a0ffb7b6d33a5ac8989a62f5518b9e0f7ee128a?s=96&d=mm&r=g\",\"url\":\"https:\\\/\\\/secure.gravatar.com\\\/avatar\\\/cfd0acaac86c3981d541d2e99a0ffb7b6d33a5ac8989a62f5518b9e0f7ee128a?s=96&d=mm&r=g\",\"contentUrl\":\"https:\\\/\\\/secure.gravatar.com\\\/avatar\\\/cfd0acaac86c3981d541d2e99a0ffb7b6d33a5ac8989a62f5518b9e0f7ee128a?s=96&d=mm&r=g\",\"caption\":\"Webmaster\"},\"url\":\"https:\\\/\\\/hijasdejesus.org\\\/en\\\/author\\\/webmaster\\\/\"}]}<\/script>\n<!-- \/ Yoast SEO plugin. -->","yoast_head_json":{"title":"Maria Inez: \"To resemble Jesus more and more and to show his face in the circumstances that we live\" - Hijas de Jes\u00fas","robots":{"index":"index","follow":"follow","max-snippet":"max-snippet:-1","max-image-preview":"max-image-preview:large","max-video-preview":"max-video-preview:-1"},"canonical":"https:\/\/hijasdejesus.org\/en\/maria-inez-to-resemble-jesus-more-and-more-and-to-show-his-face-in-the-circumstances-that-we-live\/","og_locale":"en_US","og_type":"article","og_title":"Maria Inez: \"To resemble Jesus more and more and to show his face in the circumstances that we live\" - Hijas de Jes\u00fas","og_description":"On April 1, our Superior General, Maria Inez Furtado, after finishing her canonical visit to the Philippines and on her way to Myammar for the same, came to Japan to spend a few days of rest and enjoy the natural beauty of the landscape, especially in this time of cherry blossoms. We were sorry that [&hellip;]","og_url":"https:\/\/hijasdejesus.org\/en\/maria-inez-to-resemble-jesus-more-and-more-and-to-show-his-face-in-the-circumstances-that-we-live\/","og_site_name":"Hijas de Jes\u00fas","article_publisher":"https:\/\/www.facebook.com\/hijasdejesusenelmundo\/","article_published_time":"2017-04-09T10:46:44+00:00","article_modified_time":"2017-04-09T12:13:12+00:00","og_image":[{"width":1024,"height":768,"url":"https:\/\/hijasdejesus.org\/wp-content\/uploads\/2017\/04\/japon_minez1.JPG","type":"image\/jpeg"}],"author":"Webmaster","twitter_card":"summary_large_image","twitter_creator":"@hijasdjesus","twitter_site":"@hijasdjesus","twitter_misc":{"Written by":"Webmaster","Est. reading time":"2 minutes"},"schema":{"@context":"https:\/\/schema.org","@graph":[{"@type":"Article","@id":"https:\/\/hijasdejesus.org\/en\/maria-inez-to-resemble-jesus-more-and-more-and-to-show-his-face-in-the-circumstances-that-we-live\/#article","isPartOf":{"@id":"https:\/\/hijasdejesus.org\/en\/maria-inez-to-resemble-jesus-more-and-more-and-to-show-his-face-in-the-circumstances-that-we-live\/"},"author":{"name":"Webmaster","@id":"https:\/\/hijasdejesus.org\/en\/#\/schema\/person\/ce4455965da733f2791f23b6ec14e9b6"},"headline":"Maria Inez: &#8220;To resemble Jesus more and more and to show his face in the circumstances that we live&#8221;","datePublished":"2017-04-09T10:46:44+00:00","dateModified":"2017-04-09T12:13:12+00:00","mainEntityOfPage":{"@id":"https:\/\/hijasdejesus.org\/en\/maria-inez-to-resemble-jesus-more-and-more-and-to-show-his-face-in-the-circumstances-that-we-live\/"},"wordCount":461,"publisher":{"@id":"https:\/\/hijasdejesus.org\/en\/#organization"},"image":{"@id":"https:\/\/hijasdejesus.org\/en\/maria-inez-to-resemble-jesus-more-and-more-and-to-show-his-face-in-the-circumstances-that-we-live\/#primaryimage"},"thumbnailUrl":"https:\/\/hijasdejesus.org\/wp-content\/uploads\/2017\/04\/japon_minez1.JPG","keywords":["General Superior"],"articleSection":["General government","Hijas de Jes\u00fas","Indico-Pacific","News"],"inLanguage":"en-US"},{"@type":"WebPage","@id":"https:\/\/hijasdejesus.org\/en\/maria-inez-to-resemble-jesus-more-and-more-and-to-show-his-face-in-the-circumstances-that-we-live\/","url":"https:\/\/hijasdejesus.org\/en\/maria-inez-to-resemble-jesus-more-and-more-and-to-show-his-face-in-the-circumstances-that-we-live\/","name":"Maria Inez: \"To resemble Jesus more and more and to show his face in the circumstances that we live\" - Hijas de Jes\u00fas","isPartOf":{"@id":"https:\/\/hijasdejesus.org\/en\/#website"},"primaryImageOfPage":{"@id":"https:\/\/hijasdejesus.org\/en\/maria-inez-to-resemble-jesus-more-and-more-and-to-show-his-face-in-the-circumstances-that-we-live\/#primaryimage"},"image":{"@id":"https:\/\/hijasdejesus.org\/en\/maria-inez-to-resemble-jesus-more-and-more-and-to-show-his-face-in-the-circumstances-that-we-live\/#primaryimage"},"thumbnailUrl":"https:\/\/hijasdejesus.org\/wp-content\/uploads\/2017\/04\/japon_minez1.JPG","datePublished":"2017-04-09T10:46:44+00:00","dateModified":"2017-04-09T12:13:12+00:00","breadcrumb":{"@id":"https:\/\/hijasdejesus.org\/en\/maria-inez-to-resemble-jesus-more-and-more-and-to-show-his-face-in-the-circumstances-that-we-live\/#breadcrumb"},"inLanguage":"en-US","potentialAction":[{"@type":"ReadAction","target":["https:\/\/hijasdejesus.org\/en\/maria-inez-to-resemble-jesus-more-and-more-and-to-show-his-face-in-the-circumstances-that-we-live\/"]}]},{"@type":"ImageObject","inLanguage":"en-US","@id":"https:\/\/hijasdejesus.org\/en\/maria-inez-to-resemble-jesus-more-and-more-and-to-show-his-face-in-the-circumstances-that-we-live\/#primaryimage","url":"https:\/\/hijasdejesus.org\/wp-content\/uploads\/2017\/04\/japon_minez1.JPG","contentUrl":"https:\/\/hijasdejesus.org\/wp-content\/uploads\/2017\/04\/japon_minez1.JPG","width":1024,"height":768},{"@type":"BreadcrumbList","@id":"https:\/\/hijasdejesus.org\/en\/maria-inez-to-resemble-jesus-more-and-more-and-to-show-his-face-in-the-circumstances-that-we-live\/#breadcrumb","itemListElement":[{"@type":"ListItem","position":1,"name":"Portada","item":"https:\/\/hijasdejesus.org\/en\/"},{"@type":"ListItem","position":2,"name":"Maria Inez: \u00abTo resemble Jesus more and more and to show his face in the circumstances that we live\u00bb"}]},{"@type":"WebSite","@id":"https:\/\/hijasdejesus.org\/en\/#website","url":"https:\/\/hijasdejesus.org\/en\/","name":"Hijas de Jes\u00fas","description":"Despertamos a Jes\u00fas en el coraz\u00f3n, sacando lo mejor de las personas. Somos una congregaci\u00f3n religiosa ignaciana fundada por la Madre Candida","publisher":{"@id":"https:\/\/hijasdejesus.org\/en\/#organization"},"potentialAction":[{"@type":"SearchAction","target":{"@type":"EntryPoint","urlTemplate":"https:\/\/hijasdejesus.org\/en\/?s={search_term_string}"},"query-input":{"@type":"PropertyValueSpecification","valueRequired":true,"valueName":"search_term_string"}}],"inLanguage":"en-US"},{"@type":"Organization","@id":"https:\/\/hijasdejesus.org\/en\/#organization","name":"Hijas de Jes\u00fas","url":"https:\/\/hijasdejesus.org\/en\/","logo":{"@type":"ImageObject","inLanguage":"en-US","@id":"https:\/\/hijasdejesus.org\/en\/#\/schema\/logo\/image\/","url":"https:\/\/hijasdejesus.org\/wp-content\/uploads\/2023\/01\/Hijas-de-Jesus_hor-A7C957.png","contentUrl":"https:\/\/hijasdejesus.org\/wp-content\/uploads\/2023\/01\/Hijas-de-Jesus_hor-A7C957.png","width":700,"height":360,"caption":"Hijas de Jes\u00fas"},"image":{"@id":"https:\/\/hijasdejesus.org\/en\/#\/schema\/logo\/image\/"},"sameAs":["https:\/\/www.facebook.com\/hijasdejesusenelmundo\/","https:\/\/x.com\/hijasdjesus"]},{"@type":"Person","@id":"https:\/\/hijasdejesus.org\/en\/#\/schema\/person\/ce4455965da733f2791f23b6ec14e9b6","name":"Webmaster","image":{"@type":"ImageObject","inLanguage":"en-US","@id":"https:\/\/secure.gravatar.com\/avatar\/cfd0acaac86c3981d541d2e99a0ffb7b6d33a5ac8989a62f5518b9e0f7ee128a?s=96&d=mm&r=g","url":"https:\/\/secure.gravatar.com\/avatar\/cfd0acaac86c3981d541d2e99a0ffb7b6d33a5ac8989a62f5518b9e0f7ee128a?s=96&d=mm&r=g","contentUrl":"https:\/\/secure.gravatar.com\/avatar\/cfd0acaac86c3981d541d2e99a0ffb7b6d33a5ac8989a62f5518b9e0f7ee128a?s=96&d=mm&r=g","caption":"Webmaster"},"url":"https:\/\/hijasdejesus.org\/en\/author\/webmaster\/"}]}},"_links":{"self":[{"href":"https:\/\/hijasdejesus.org\/en\/wp-json\/wp\/v2\/posts\/28327","targetHints":{"allow":["GET"]}}],"collection":[{"href":"https:\/\/hijasdejesus.org\/en\/wp-json\/wp\/v2\/posts"}],"about":[{"href":"https:\/\/hijasdejesus.org\/en\/wp-json\/wp\/v2\/types\/post"}],"author":[{"embeddable":true,"href":"https:\/\/hijasdejesus.org\/en\/wp-json\/wp\/v2\/users\/28"}],"replies":[{"embeddable":true,"href":"https:\/\/hijasdejesus.org\/en\/wp-json\/wp\/v2\/comments?post=28327"}],"version-history":[{"count":0,"href":"https:\/\/hijasdejesus.org\/en\/wp-json\/wp\/v2\/posts\/28327\/revisions"}],"wp:featuredmedia":[{"embeddable":true,"href":"https:\/\/hijasdejesus.org\/en\/wp-json\/wp\/v2\/media\/8696"}],"wp:attachment":[{"href":"https:\/\/hijasdejesus.org\/en\/wp-json\/wp\/v2\/media?parent=28327"}],"wp:term":[{"taxonomy":"category","embeddable":true,"href":"https:\/\/hijasdejesus.org\/en\/wp-json\/wp\/v2\/categories?post=28327"},{"taxonomy":"post_tag","embeddable":true,"href":"https:\/\/hijasdejesus.org\/en\/wp-json\/wp\/v2\/tags?post=28327"}],"curies":[{"name":"wp","href":"https:\/\/api.w.org\/{rel}","templated":true}]}}