{"id":28371,"date":"2017-05-09T20:03:22","date_gmt":"2017-05-09T18:03:22","guid":{"rendered":"https:\/\/nueva.hijasdejesus.org\/letter-to-maria-inez-furtado-from-cochabamba\/"},"modified":"2017-05-13T11:48:05","modified_gmt":"2017-05-13T09:48:05","slug":"letter-to-maria-inez-furtado-from-cochabamba","status":"publish","type":"post","link":"https:\/\/hijasdejesus.org\/en\/letter-to-maria-inez-furtado-from-cochabamba\/","title":{"rendered":"Letter to Maria Inez Furtado, from Cochabamba"},"content":{"rendered":"<p><em><\/em><\/p>\n<p style=\"text-align: justify;\">Dear Maria Inez: Upon recalling, from the day before, one more year of your appointment as Superior General, we, the Daughters of Jesus of Andean America who are over 65 years old and who participated in the FORMATION ENCOUNTER we just had in Cochabamba want to express our gratitude for your service and animation in the government of the entire Congregation.<br \/>We pray for you and for the responsibilities you have at this time; in particular, for the appointment of the new government teams for Latin America and the Caribbean.<br \/>The erudite reading of the Formula, &#8220;source of the three desires&#8221; as you like to call it, and of the Constitutions, the work that Graciela facilitated in the second part of the encounter, was a treasure, motivating us to keep our vocation in its well-being from day to day in this stage of our life. In the first, Victor Codina S.I. enlightened us with his simplicity and wisdom &#8220;of an aged theologian&#8221;, in the deepening of the Kingdom and of the &#8220;action of the Spirit from below&#8221; that also evangelically stimulated our lives as Daughters of Jesus.<br \/>In Notiandina, you will read in more detail what this meeting meant, from which we all left very happy and grateful.<br \/>May the Virgin, in this month dedicated to her, continue to accompany you with her maternal protection.<br \/>A fraternal embrace from all and waiting for news, when you can.<\/p>\n","protected":false},"excerpt":{"rendered":"<p>Dear Maria Inez: Upon recalling, from the day before, one more year of your appointment as Superior General, we, the Daughters of Jesus of Andean America who are over 65 years old and who participated in the FORMATION ENCOUNTER we just had in Cochabamba want to express our gratitude for your service and animation in [&hellip;]<\/p>\n","protected":false},"author":28,"featured_media":8796,"comment_status":"closed","ping_status":"closed","sticky":false,"template":"","format":"standard","meta":{"_et_pb_use_builder":"","_et_pb_old_content":"","_et_gb_content_width":"","footnotes":"","_links_to":"","_links_to_target":""},"categories":[482,528,412],"tags":[],"class_list":["post-28371","post","type-post","status-publish","format-standard","has-post-thumbnail","hentry","category-andean-america","category-hijas-de-jesus-en","category-news"],"yoast_head":"<!-- This site is optimized with the Yoast SEO plugin v27.5 - https:\/\/yoast.com\/product\/yoast-seo-wordpress\/ -->\n<title>Letter to Maria Inez Furtado, from Cochabamba - Hijas de Jes\u00fas<\/title>\n<meta name=\"robots\" content=\"index, follow, max-snippet:-1, max-image-preview:large, max-video-preview:-1\" \/>\n<link rel=\"canonical\" href=\"https:\/\/hijasdejesus.org\/en\/letter-to-maria-inez-furtado-from-cochabamba\/\" \/>\n<meta property=\"og:locale\" content=\"en_US\" \/>\n<meta property=\"og:type\" content=\"article\" \/>\n<meta property=\"og:title\" content=\"Letter to Maria Inez Furtado, from Cochabamba - Hijas de Jes\u00fas\" \/>\n<meta property=\"og:description\" content=\"Dear Maria Inez: Upon recalling, from the day before, one more year of your appointment as Superior General, we, the Daughters of Jesus of Andean America who are over 65 years old and who participated in the FORMATION ENCOUNTER we just had in Cochabamba want to express our gratitude for your service and animation in [&hellip;]\" \/>\n<meta property=\"og:url\" content=\"https:\/\/hijasdejesus.org\/en\/letter-to-maria-inez-furtado-from-cochabamba\/\" \/>\n<meta property=\"og:site_name\" content=\"Hijas de Jes\u00fas\" \/>\n<meta property=\"article:publisher\" content=\"https:\/\/www.facebook.com\/hijasdejesusenelmundo\/\" \/>\n<meta property=\"article:published_time\" content=\"2017-05-09T18:03:22+00:00\" \/>\n<meta property=\"article:modified_time\" content=\"2017-05-13T09:48:05+00:00\" \/>\n<meta property=\"og:image\" content=\"https:\/\/hijasdejesus.org\/wp-content\/uploads\/2017\/05\/aa_hnasmayores.jpg\" \/>\n\t<meta property=\"og:image:width\" content=\"776\" \/>\n\t<meta property=\"og:image:height\" content=\"399\" \/>\n\t<meta property=\"og:image:type\" content=\"image\/jpeg\" \/>\n<meta name=\"author\" content=\"Webmaster\" \/>\n<meta name=\"twitter:card\" content=\"summary_large_image\" \/>\n<meta name=\"twitter:creator\" content=\"@hijasdjesus\" \/>\n<meta name=\"twitter:site\" content=\"@hijasdjesus\" \/>\n<meta name=\"twitter:label1\" content=\"Written by\" \/>\n\t<meta name=\"twitter:data1\" content=\"Webmaster\" \/>\n\t<meta name=\"twitter:label2\" content=\"Est. reading time\" \/>\n\t<meta name=\"twitter:data2\" content=\"1 minute\" \/>\n<script type=\"application\/ld+json\" class=\"yoast-schema-graph\">{\"@context\":\"https:\\\/\\\/schema.org\",\"@graph\":[{\"@type\":\"Article\",\"@id\":\"https:\\\/\\\/hijasdejesus.org\\\/en\\\/letter-to-maria-inez-furtado-from-cochabamba\\\/#article\",\"isPartOf\":{\"@id\":\"https:\\\/\\\/hijasdejesus.org\\\/en\\\/letter-to-maria-inez-furtado-from-cochabamba\\\/\"},\"author\":{\"name\":\"Webmaster\",\"@id\":\"https:\\\/\\\/hijasdejesus.org\\\/en\\\/#\\\/schema\\\/person\\\/ce4455965da733f2791f23b6ec14e9b6\"},\"headline\":\"Letter to Maria Inez Furtado, from Cochabamba\",\"datePublished\":\"2017-05-09T18:03:22+00:00\",\"dateModified\":\"2017-05-13T09:48:05+00:00\",\"mainEntityOfPage\":{\"@id\":\"https:\\\/\\\/hijasdejesus.org\\\/en\\\/letter-to-maria-inez-furtado-from-cochabamba\\\/\"},\"wordCount\":244,\"publisher\":{\"@id\":\"https:\\\/\\\/hijasdejesus.org\\\/en\\\/#organization\"},\"image\":{\"@id\":\"https:\\\/\\\/hijasdejesus.org\\\/en\\\/letter-to-maria-inez-furtado-from-cochabamba\\\/#primaryimage\"},\"thumbnailUrl\":\"https:\\\/\\\/hijasdejesus.org\\\/wp-content\\\/uploads\\\/2017\\\/05\\\/aa_hnasmayores.jpg\",\"articleSection\":[\"Andean America\",\"Hijas de Jes\u00fas\",\"News\"],\"inLanguage\":\"en-US\"},{\"@type\":\"WebPage\",\"@id\":\"https:\\\/\\\/hijasdejesus.org\\\/en\\\/letter-to-maria-inez-furtado-from-cochabamba\\\/\",\"url\":\"https:\\\/\\\/hijasdejesus.org\\\/en\\\/letter-to-maria-inez-furtado-from-cochabamba\\\/\",\"name\":\"Letter to Maria Inez Furtado, from Cochabamba - Hijas de Jes\u00fas\",\"isPartOf\":{\"@id\":\"https:\\\/\\\/hijasdejesus.org\\\/en\\\/#website\"},\"primaryImageOfPage\":{\"@id\":\"https:\\\/\\\/hijasdejesus.org\\\/en\\\/letter-to-maria-inez-furtado-from-cochabamba\\\/#primaryimage\"},\"image\":{\"@id\":\"https:\\\/\\\/hijasdejesus.org\\\/en\\\/letter-to-maria-inez-furtado-from-cochabamba\\\/#primaryimage\"},\"thumbnailUrl\":\"https:\\\/\\\/hijasdejesus.org\\\/wp-content\\\/uploads\\\/2017\\\/05\\\/aa_hnasmayores.jpg\",\"datePublished\":\"2017-05-09T18:03:22+00:00\",\"dateModified\":\"2017-05-13T09:48:05+00:00\",\"breadcrumb\":{\"@id\":\"https:\\\/\\\/hijasdejesus.org\\\/en\\\/letter-to-maria-inez-furtado-from-cochabamba\\\/#breadcrumb\"},\"inLanguage\":\"en-US\",\"potentialAction\":[{\"@type\":\"ReadAction\",\"target\":[\"https:\\\/\\\/hijasdejesus.org\\\/en\\\/letter-to-maria-inez-furtado-from-cochabamba\\\/\"]}]},{\"@type\":\"ImageObject\",\"inLanguage\":\"en-US\",\"@id\":\"https:\\\/\\\/hijasdejesus.org\\\/en\\\/letter-to-maria-inez-furtado-from-cochabamba\\\/#primaryimage\",\"url\":\"https:\\\/\\\/hijasdejesus.org\\\/wp-content\\\/uploads\\\/2017\\\/05\\\/aa_hnasmayores.jpg\",\"contentUrl\":\"https:\\\/\\\/hijasdejesus.org\\\/wp-content\\\/uploads\\\/2017\\\/05\\\/aa_hnasmayores.jpg\",\"width\":776,\"height\":399},{\"@type\":\"BreadcrumbList\",\"@id\":\"https:\\\/\\\/hijasdejesus.org\\\/en\\\/letter-to-maria-inez-furtado-from-cochabamba\\\/#breadcrumb\",\"itemListElement\":[{\"@type\":\"ListItem\",\"position\":1,\"name\":\"Portada\",\"item\":\"https:\\\/\\\/hijasdejesus.org\\\/en\\\/\"},{\"@type\":\"ListItem\",\"position\":2,\"name\":\"Letter to Maria Inez Furtado, from Cochabamba\"}]},{\"@type\":\"WebSite\",\"@id\":\"https:\\\/\\\/hijasdejesus.org\\\/en\\\/#website\",\"url\":\"https:\\\/\\\/hijasdejesus.org\\\/en\\\/\",\"name\":\"Hijas de Jes\u00fas\",\"description\":\"Despertamos a Jes\u00fas en el coraz\u00f3n, sacando lo mejor de las personas. Somos una congregaci\u00f3n religiosa ignaciana fundada por la Madre Candida\",\"publisher\":{\"@id\":\"https:\\\/\\\/hijasdejesus.org\\\/en\\\/#organization\"},\"potentialAction\":[{\"@type\":\"SearchAction\",\"target\":{\"@type\":\"EntryPoint\",\"urlTemplate\":\"https:\\\/\\\/hijasdejesus.org\\\/en\\\/?s={search_term_string}\"},\"query-input\":{\"@type\":\"PropertyValueSpecification\",\"valueRequired\":true,\"valueName\":\"search_term_string\"}}],\"inLanguage\":\"en-US\"},{\"@type\":\"Organization\",\"@id\":\"https:\\\/\\\/hijasdejesus.org\\\/en\\\/#organization\",\"name\":\"Hijas de Jes\u00fas\",\"url\":\"https:\\\/\\\/hijasdejesus.org\\\/en\\\/\",\"logo\":{\"@type\":\"ImageObject\",\"inLanguage\":\"en-US\",\"@id\":\"https:\\\/\\\/hijasdejesus.org\\\/en\\\/#\\\/schema\\\/logo\\\/image\\\/\",\"url\":\"https:\\\/\\\/hijasdejesus.org\\\/wp-content\\\/uploads\\\/2023\\\/01\\\/Hijas-de-Jesus_hor-A7C957.png\",\"contentUrl\":\"https:\\\/\\\/hijasdejesus.org\\\/wp-content\\\/uploads\\\/2023\\\/01\\\/Hijas-de-Jesus_hor-A7C957.png\",\"width\":700,\"height\":360,\"caption\":\"Hijas de Jes\u00fas\"},\"image\":{\"@id\":\"https:\\\/\\\/hijasdejesus.org\\\/en\\\/#\\\/schema\\\/logo\\\/image\\\/\"},\"sameAs\":[\"https:\\\/\\\/www.facebook.com\\\/hijasdejesusenelmundo\\\/\",\"https:\\\/\\\/x.com\\\/hijasdjesus\"]},{\"@type\":\"Person\",\"@id\":\"https:\\\/\\\/hijasdejesus.org\\\/en\\\/#\\\/schema\\\/person\\\/ce4455965da733f2791f23b6ec14e9b6\",\"name\":\"Webmaster\",\"image\":{\"@type\":\"ImageObject\",\"inLanguage\":\"en-US\",\"@id\":\"https:\\\/\\\/secure.gravatar.com\\\/avatar\\\/cfd0acaac86c3981d541d2e99a0ffb7b6d33a5ac8989a62f5518b9e0f7ee128a?s=96&d=mm&r=g\",\"url\":\"https:\\\/\\\/secure.gravatar.com\\\/avatar\\\/cfd0acaac86c3981d541d2e99a0ffb7b6d33a5ac8989a62f5518b9e0f7ee128a?s=96&d=mm&r=g\",\"contentUrl\":\"https:\\\/\\\/secure.gravatar.com\\\/avatar\\\/cfd0acaac86c3981d541d2e99a0ffb7b6d33a5ac8989a62f5518b9e0f7ee128a?s=96&d=mm&r=g\",\"caption\":\"Webmaster\"},\"url\":\"https:\\\/\\\/hijasdejesus.org\\\/en\\\/author\\\/webmaster\\\/\"}]}<\/script>\n<!-- \/ Yoast SEO plugin. -->","yoast_head_json":{"title":"Letter to Maria Inez Furtado, from Cochabamba - Hijas de Jes\u00fas","robots":{"index":"index","follow":"follow","max-snippet":"max-snippet:-1","max-image-preview":"max-image-preview:large","max-video-preview":"max-video-preview:-1"},"canonical":"https:\/\/hijasdejesus.org\/en\/letter-to-maria-inez-furtado-from-cochabamba\/","og_locale":"en_US","og_type":"article","og_title":"Letter to Maria Inez Furtado, from Cochabamba - Hijas de Jes\u00fas","og_description":"Dear Maria Inez: Upon recalling, from the day before, one more year of your appointment as Superior General, we, the Daughters of Jesus of Andean America who are over 65 years old and who participated in the FORMATION ENCOUNTER we just had in Cochabamba want to express our gratitude for your service and animation in [&hellip;]","og_url":"https:\/\/hijasdejesus.org\/en\/letter-to-maria-inez-furtado-from-cochabamba\/","og_site_name":"Hijas de Jes\u00fas","article_publisher":"https:\/\/www.facebook.com\/hijasdejesusenelmundo\/","article_published_time":"2017-05-09T18:03:22+00:00","article_modified_time":"2017-05-13T09:48:05+00:00","og_image":[{"width":776,"height":399,"url":"https:\/\/hijasdejesus.org\/wp-content\/uploads\/2017\/05\/aa_hnasmayores.jpg","type":"image\/jpeg"}],"author":"Webmaster","twitter_card":"summary_large_image","twitter_creator":"@hijasdjesus","twitter_site":"@hijasdjesus","twitter_misc":{"Written by":"Webmaster","Est. reading time":"1 minute"},"schema":{"@context":"https:\/\/schema.org","@graph":[{"@type":"Article","@id":"https:\/\/hijasdejesus.org\/en\/letter-to-maria-inez-furtado-from-cochabamba\/#article","isPartOf":{"@id":"https:\/\/hijasdejesus.org\/en\/letter-to-maria-inez-furtado-from-cochabamba\/"},"author":{"name":"Webmaster","@id":"https:\/\/hijasdejesus.org\/en\/#\/schema\/person\/ce4455965da733f2791f23b6ec14e9b6"},"headline":"Letter to Maria Inez Furtado, from Cochabamba","datePublished":"2017-05-09T18:03:22+00:00","dateModified":"2017-05-13T09:48:05+00:00","mainEntityOfPage":{"@id":"https:\/\/hijasdejesus.org\/en\/letter-to-maria-inez-furtado-from-cochabamba\/"},"wordCount":244,"publisher":{"@id":"https:\/\/hijasdejesus.org\/en\/#organization"},"image":{"@id":"https:\/\/hijasdejesus.org\/en\/letter-to-maria-inez-furtado-from-cochabamba\/#primaryimage"},"thumbnailUrl":"https:\/\/hijasdejesus.org\/wp-content\/uploads\/2017\/05\/aa_hnasmayores.jpg","articleSection":["Andean America","Hijas de Jes\u00fas","News"],"inLanguage":"en-US"},{"@type":"WebPage","@id":"https:\/\/hijasdejesus.org\/en\/letter-to-maria-inez-furtado-from-cochabamba\/","url":"https:\/\/hijasdejesus.org\/en\/letter-to-maria-inez-furtado-from-cochabamba\/","name":"Letter to Maria Inez Furtado, from Cochabamba - Hijas de Jes\u00fas","isPartOf":{"@id":"https:\/\/hijasdejesus.org\/en\/#website"},"primaryImageOfPage":{"@id":"https:\/\/hijasdejesus.org\/en\/letter-to-maria-inez-furtado-from-cochabamba\/#primaryimage"},"image":{"@id":"https:\/\/hijasdejesus.org\/en\/letter-to-maria-inez-furtado-from-cochabamba\/#primaryimage"},"thumbnailUrl":"https:\/\/hijasdejesus.org\/wp-content\/uploads\/2017\/05\/aa_hnasmayores.jpg","datePublished":"2017-05-09T18:03:22+00:00","dateModified":"2017-05-13T09:48:05+00:00","breadcrumb":{"@id":"https:\/\/hijasdejesus.org\/en\/letter-to-maria-inez-furtado-from-cochabamba\/#breadcrumb"},"inLanguage":"en-US","potentialAction":[{"@type":"ReadAction","target":["https:\/\/hijasdejesus.org\/en\/letter-to-maria-inez-furtado-from-cochabamba\/"]}]},{"@type":"ImageObject","inLanguage":"en-US","@id":"https:\/\/hijasdejesus.org\/en\/letter-to-maria-inez-furtado-from-cochabamba\/#primaryimage","url":"https:\/\/hijasdejesus.org\/wp-content\/uploads\/2017\/05\/aa_hnasmayores.jpg","contentUrl":"https:\/\/hijasdejesus.org\/wp-content\/uploads\/2017\/05\/aa_hnasmayores.jpg","width":776,"height":399},{"@type":"BreadcrumbList","@id":"https:\/\/hijasdejesus.org\/en\/letter-to-maria-inez-furtado-from-cochabamba\/#breadcrumb","itemListElement":[{"@type":"ListItem","position":1,"name":"Portada","item":"https:\/\/hijasdejesus.org\/en\/"},{"@type":"ListItem","position":2,"name":"Letter to Maria Inez Furtado, from Cochabamba"}]},{"@type":"WebSite","@id":"https:\/\/hijasdejesus.org\/en\/#website","url":"https:\/\/hijasdejesus.org\/en\/","name":"Hijas de Jes\u00fas","description":"Despertamos a Jes\u00fas en el coraz\u00f3n, sacando lo mejor de las personas. Somos una congregaci\u00f3n religiosa ignaciana fundada por la Madre Candida","publisher":{"@id":"https:\/\/hijasdejesus.org\/en\/#organization"},"potentialAction":[{"@type":"SearchAction","target":{"@type":"EntryPoint","urlTemplate":"https:\/\/hijasdejesus.org\/en\/?s={search_term_string}"},"query-input":{"@type":"PropertyValueSpecification","valueRequired":true,"valueName":"search_term_string"}}],"inLanguage":"en-US"},{"@type":"Organization","@id":"https:\/\/hijasdejesus.org\/en\/#organization","name":"Hijas de Jes\u00fas","url":"https:\/\/hijasdejesus.org\/en\/","logo":{"@type":"ImageObject","inLanguage":"en-US","@id":"https:\/\/hijasdejesus.org\/en\/#\/schema\/logo\/image\/","url":"https:\/\/hijasdejesus.org\/wp-content\/uploads\/2023\/01\/Hijas-de-Jesus_hor-A7C957.png","contentUrl":"https:\/\/hijasdejesus.org\/wp-content\/uploads\/2023\/01\/Hijas-de-Jesus_hor-A7C957.png","width":700,"height":360,"caption":"Hijas de Jes\u00fas"},"image":{"@id":"https:\/\/hijasdejesus.org\/en\/#\/schema\/logo\/image\/"},"sameAs":["https:\/\/www.facebook.com\/hijasdejesusenelmundo\/","https:\/\/x.com\/hijasdjesus"]},{"@type":"Person","@id":"https:\/\/hijasdejesus.org\/en\/#\/schema\/person\/ce4455965da733f2791f23b6ec14e9b6","name":"Webmaster","image":{"@type":"ImageObject","inLanguage":"en-US","@id":"https:\/\/secure.gravatar.com\/avatar\/cfd0acaac86c3981d541d2e99a0ffb7b6d33a5ac8989a62f5518b9e0f7ee128a?s=96&d=mm&r=g","url":"https:\/\/secure.gravatar.com\/avatar\/cfd0acaac86c3981d541d2e99a0ffb7b6d33a5ac8989a62f5518b9e0f7ee128a?s=96&d=mm&r=g","contentUrl":"https:\/\/secure.gravatar.com\/avatar\/cfd0acaac86c3981d541d2e99a0ffb7b6d33a5ac8989a62f5518b9e0f7ee128a?s=96&d=mm&r=g","caption":"Webmaster"},"url":"https:\/\/hijasdejesus.org\/en\/author\/webmaster\/"}]}},"_links":{"self":[{"href":"https:\/\/hijasdejesus.org\/en\/wp-json\/wp\/v2\/posts\/28371","targetHints":{"allow":["GET"]}}],"collection":[{"href":"https:\/\/hijasdejesus.org\/en\/wp-json\/wp\/v2\/posts"}],"about":[{"href":"https:\/\/hijasdejesus.org\/en\/wp-json\/wp\/v2\/types\/post"}],"author":[{"embeddable":true,"href":"https:\/\/hijasdejesus.org\/en\/wp-json\/wp\/v2\/users\/28"}],"replies":[{"embeddable":true,"href":"https:\/\/hijasdejesus.org\/en\/wp-json\/wp\/v2\/comments?post=28371"}],"version-history":[{"count":0,"href":"https:\/\/hijasdejesus.org\/en\/wp-json\/wp\/v2\/posts\/28371\/revisions"}],"wp:featuredmedia":[{"embeddable":true,"href":"https:\/\/hijasdejesus.org\/en\/wp-json\/wp\/v2\/media\/8796"}],"wp:attachment":[{"href":"https:\/\/hijasdejesus.org\/en\/wp-json\/wp\/v2\/media?parent=28371"}],"wp:term":[{"taxonomy":"category","embeddable":true,"href":"https:\/\/hijasdejesus.org\/en\/wp-json\/wp\/v2\/categories?post=28371"},{"taxonomy":"post_tag","embeddable":true,"href":"https:\/\/hijasdejesus.org\/en\/wp-json\/wp\/v2\/tags?post=28371"}],"curies":[{"name":"wp","href":"https:\/\/api.w.org\/{rel}","templated":true}]}}