{"id":28443,"date":"2017-06-21T18:46:52","date_gmt":"2017-06-21T16:46:52","guid":{"rendered":"https:\/\/nueva.hijasdejesus.org\/brazil-visit-of-yahaira-hernandez-and-carmen-sastre\/"},"modified":"2017-06-22T20:17:36","modified_gmt":"2017-06-22T18:17:36","slug":"brazil-visit-of-yahaira-hernandez-and-carmen-sastre","status":"publish","type":"post","link":"https:\/\/hijasdejesus.org\/en\/brazil-visit-of-yahaira-hernandez-and-carmen-sastre\/","title":{"rendered":"Brazil: visit of Yahaira Hern\u00e1ndez and Carmen Sastre"},"content":{"rendered":"<p style=\"text-align: justify;\">On June 16, the General Treasurer, Yajaira Hern\u00e1ndez, and the Councilor for Economic Affairs (CAE) General level, Carmen Sastre fi, finished the visit to Brazil. On the last day, in Belo Horizonte, they had the opportunity to enjoy with the whole team of the Central Office after learning about the administrative work of the Congregation in Brazil. May the charism and values of St. Candida always be present in our mission. Together in the formation of a better world through the evangelization and education of children, youth and adults. Together we are more!<\/p>\n<p style=\"text-align: justify;\"><img loading=\"lazy\" decoding=\"async\" class=\"pull-center size-full wp-image-8892\" src=\"https:\/\/hijasdejesus.org\/wp-content\/uploads\/2017\/06\/economagral2.jpg\" alt=\"\" width=\"1024\" height=\"576\" srcset=\"https:\/\/hijasdejesus.org\/wp-content\/uploads\/2017\/06\/economagral2.jpg 1024w, https:\/\/hijasdejesus.org\/wp-content\/uploads\/2017\/06\/economagral2-980x551.jpg 980w, https:\/\/hijasdejesus.org\/wp-content\/uploads\/2017\/06\/economagral2-480x270.jpg 480w\" sizes=\"(min-width: 0px) and (max-width: 480px) 480px, (min-width: 481px) and (max-width: 980px) 980px, (min-width: 981px) 1024px, 100vw\" \/><img loading=\"lazy\" decoding=\"async\" class=\"pull-center size-full wp-image-8894\" src=\"https:\/\/hijasdejesus.org\/wp-content\/uploads\/2017\/06\/economagral3.jpg\" alt=\"\" width=\"1024\" height=\"576\" srcset=\"https:\/\/hijasdejesus.org\/wp-content\/uploads\/2017\/06\/economagral3.jpg 1024w, https:\/\/hijasdejesus.org\/wp-content\/uploads\/2017\/06\/economagral3-980x551.jpg 980w, https:\/\/hijasdejesus.org\/wp-content\/uploads\/2017\/06\/economagral3-480x270.jpg 480w\" sizes=\"(min-width: 0px) and (max-width: 480px) 480px, (min-width: 481px) and (max-width: 980px) 980px, (min-width: 981px) 1024px, 100vw\" \/><img loading=\"lazy\" decoding=\"async\" class=\"pull-center size-full wp-image-8896\" src=\"https:\/\/hijasdejesus.org\/wp-content\/uploads\/2017\/06\/economagral4.jpg\" alt=\"\" width=\"1024\" height=\"576\" srcset=\"https:\/\/hijasdejesus.org\/wp-content\/uploads\/2017\/06\/economagral4.jpg 1024w, https:\/\/hijasdejesus.org\/wp-content\/uploads\/2017\/06\/economagral4-980x551.jpg 980w, https:\/\/hijasdejesus.org\/wp-content\/uploads\/2017\/06\/economagral4-480x270.jpg 480w\" sizes=\"(min-width: 0px) and (max-width: 480px) 480px, (min-width: 481px) and (max-width: 980px) 980px, (min-width: 981px) 1024px, 100vw\" \/><img loading=\"lazy\" decoding=\"async\" class=\"pull-center size-full wp-image-8898\" src=\"https:\/\/hijasdejesus.org\/wp-content\/uploads\/2017\/06\/economagral5.jpg\" alt=\"\" width=\"1024\" height=\"576\" srcset=\"https:\/\/hijasdejesus.org\/wp-content\/uploads\/2017\/06\/economagral5.jpg 1024w, https:\/\/hijasdejesus.org\/wp-content\/uploads\/2017\/06\/economagral5-980x551.jpg 980w, https:\/\/hijasdejesus.org\/wp-content\/uploads\/2017\/06\/economagral5-480x270.jpg 480w\" sizes=\"(min-width: 0px) and (max-width: 480px) 480px, (min-width: 481px) and (max-width: 980px) 980px, (min-width: 981px) 1024px, 100vw\" \/><\/p>\n","protected":false},"excerpt":{"rendered":"<p>On June 16, the General Treasurer, Yajaira Hern\u00e1ndez, and the Councilor for Economic Affairs (CAE) General level, Carmen Sastre fi, finished the visit to Brazil. On the last day, in Belo Horizonte, they had the opportunity to enjoy with the whole team of the Central Office after learning about the administrative work of the Congregation [&hellip;]<\/p>\n","protected":false},"author":28,"featured_media":8890,"comment_status":"closed","ping_status":"closed","sticky":false,"template":"","format":"standard","meta":{"_et_pb_use_builder":"","_et_pb_old_content":"","_et_gb_content_width":"","footnotes":"","_links_to":"","_links_to_target":""},"categories":[504,506,528,412],"tags":[],"class_list":["post-28443","post","type-post","status-publish","format-standard","has-post-thumbnail","hentry","category-brazil","category-brazil-caribbean","category-hijas-de-jesus-en","category-news"],"yoast_head":"<!-- This site is optimized with the Yoast SEO plugin v27.5 - https:\/\/yoast.com\/product\/yoast-seo-wordpress\/ -->\n<title>Brazil: visit of Yahaira Hern\u00e1ndez and Carmen Sastre - Hijas de Jes\u00fas<\/title>\n<meta name=\"robots\" content=\"index, follow, max-snippet:-1, max-image-preview:large, max-video-preview:-1\" \/>\n<link rel=\"canonical\" href=\"https:\/\/hijasdejesus.org\/en\/brazil-visit-of-yahaira-hernandez-and-carmen-sastre\/\" \/>\n<meta property=\"og:locale\" content=\"en_US\" \/>\n<meta property=\"og:type\" content=\"article\" \/>\n<meta property=\"og:title\" content=\"Brazil: visit of Yahaira Hern\u00e1ndez and Carmen Sastre - Hijas de Jes\u00fas\" \/>\n<meta property=\"og:description\" content=\"On June 16, the General Treasurer, Yajaira Hern\u00e1ndez, and the Councilor for Economic Affairs (CAE) General level, Carmen Sastre fi, finished the visit to Brazil. On the last day, in Belo Horizonte, they had the opportunity to enjoy with the whole team of the Central Office after learning about the administrative work of the Congregation [&hellip;]\" \/>\n<meta property=\"og:url\" content=\"https:\/\/hijasdejesus.org\/en\/brazil-visit-of-yahaira-hernandez-and-carmen-sastre\/\" \/>\n<meta property=\"og:site_name\" content=\"Hijas de Jes\u00fas\" \/>\n<meta property=\"article:publisher\" content=\"https:\/\/www.facebook.com\/hijasdejesusenelmundo\/\" \/>\n<meta property=\"article:published_time\" content=\"2017-06-21T16:46:52+00:00\" \/>\n<meta property=\"article:modified_time\" content=\"2017-06-22T18:17:36+00:00\" \/>\n<meta property=\"og:image\" content=\"https:\/\/hijasdejesus.org\/wp-content\/uploads\/2017\/06\/economagral1.jpg\" \/>\n\t<meta property=\"og:image:width\" content=\"1024\" \/>\n\t<meta property=\"og:image:height\" content=\"576\" \/>\n\t<meta property=\"og:image:type\" content=\"image\/jpeg\" \/>\n<meta name=\"author\" content=\"Webmaster\" \/>\n<meta name=\"twitter:card\" content=\"summary_large_image\" \/>\n<meta name=\"twitter:creator\" content=\"@hijasdjesus\" \/>\n<meta name=\"twitter:site\" content=\"@hijasdjesus\" \/>\n<meta name=\"twitter:label1\" content=\"Written by\" \/>\n\t<meta name=\"twitter:data1\" content=\"Webmaster\" \/>\n<script type=\"application\/ld+json\" class=\"yoast-schema-graph\">{\"@context\":\"https:\\\/\\\/schema.org\",\"@graph\":[{\"@type\":\"Article\",\"@id\":\"https:\\\/\\\/hijasdejesus.org\\\/en\\\/brazil-visit-of-yahaira-hernandez-and-carmen-sastre\\\/#article\",\"isPartOf\":{\"@id\":\"https:\\\/\\\/hijasdejesus.org\\\/en\\\/brazil-visit-of-yahaira-hernandez-and-carmen-sastre\\\/\"},\"author\":{\"name\":\"Webmaster\",\"@id\":\"https:\\\/\\\/hijasdejesus.org\\\/en\\\/#\\\/schema\\\/person\\\/ce4455965da733f2791f23b6ec14e9b6\"},\"headline\":\"Brazil: visit of Yahaira Hern\u00e1ndez and Carmen Sastre\",\"datePublished\":\"2017-06-21T16:46:52+00:00\",\"dateModified\":\"2017-06-22T18:17:36+00:00\",\"mainEntityOfPage\":{\"@id\":\"https:\\\/\\\/hijasdejesus.org\\\/en\\\/brazil-visit-of-yahaira-hernandez-and-carmen-sastre\\\/\"},\"wordCount\":102,\"publisher\":{\"@id\":\"https:\\\/\\\/hijasdejesus.org\\\/en\\\/#organization\"},\"image\":{\"@id\":\"https:\\\/\\\/hijasdejesus.org\\\/en\\\/brazil-visit-of-yahaira-hernandez-and-carmen-sastre\\\/#primaryimage\"},\"thumbnailUrl\":\"https:\\\/\\\/hijasdejesus.org\\\/wp-content\\\/uploads\\\/2017\\\/06\\\/economagral1.jpg\",\"articleSection\":[\"Brazil\",\"Brazil-Caribbean\",\"Hijas de Jes\u00fas\",\"News\"],\"inLanguage\":\"en-US\"},{\"@type\":\"WebPage\",\"@id\":\"https:\\\/\\\/hijasdejesus.org\\\/en\\\/brazil-visit-of-yahaira-hernandez-and-carmen-sastre\\\/\",\"url\":\"https:\\\/\\\/hijasdejesus.org\\\/en\\\/brazil-visit-of-yahaira-hernandez-and-carmen-sastre\\\/\",\"name\":\"Brazil: visit of Yahaira Hern\u00e1ndez and Carmen Sastre - Hijas de Jes\u00fas\",\"isPartOf\":{\"@id\":\"https:\\\/\\\/hijasdejesus.org\\\/en\\\/#website\"},\"primaryImageOfPage\":{\"@id\":\"https:\\\/\\\/hijasdejesus.org\\\/en\\\/brazil-visit-of-yahaira-hernandez-and-carmen-sastre\\\/#primaryimage\"},\"image\":{\"@id\":\"https:\\\/\\\/hijasdejesus.org\\\/en\\\/brazil-visit-of-yahaira-hernandez-and-carmen-sastre\\\/#primaryimage\"},\"thumbnailUrl\":\"https:\\\/\\\/hijasdejesus.org\\\/wp-content\\\/uploads\\\/2017\\\/06\\\/economagral1.jpg\",\"datePublished\":\"2017-06-21T16:46:52+00:00\",\"dateModified\":\"2017-06-22T18:17:36+00:00\",\"breadcrumb\":{\"@id\":\"https:\\\/\\\/hijasdejesus.org\\\/en\\\/brazil-visit-of-yahaira-hernandez-and-carmen-sastre\\\/#breadcrumb\"},\"inLanguage\":\"en-US\",\"potentialAction\":[{\"@type\":\"ReadAction\",\"target\":[\"https:\\\/\\\/hijasdejesus.org\\\/en\\\/brazil-visit-of-yahaira-hernandez-and-carmen-sastre\\\/\"]}]},{\"@type\":\"ImageObject\",\"inLanguage\":\"en-US\",\"@id\":\"https:\\\/\\\/hijasdejesus.org\\\/en\\\/brazil-visit-of-yahaira-hernandez-and-carmen-sastre\\\/#primaryimage\",\"url\":\"https:\\\/\\\/hijasdejesus.org\\\/wp-content\\\/uploads\\\/2017\\\/06\\\/economagral1.jpg\",\"contentUrl\":\"https:\\\/\\\/hijasdejesus.org\\\/wp-content\\\/uploads\\\/2017\\\/06\\\/economagral1.jpg\",\"width\":1024,\"height\":576},{\"@type\":\"BreadcrumbList\",\"@id\":\"https:\\\/\\\/hijasdejesus.org\\\/en\\\/brazil-visit-of-yahaira-hernandez-and-carmen-sastre\\\/#breadcrumb\",\"itemListElement\":[{\"@type\":\"ListItem\",\"position\":1,\"name\":\"Portada\",\"item\":\"https:\\\/\\\/hijasdejesus.org\\\/en\\\/\"},{\"@type\":\"ListItem\",\"position\":2,\"name\":\"Brazil: visit of Yahaira Hern\u00e1ndez and Carmen Sastre\"}]},{\"@type\":\"WebSite\",\"@id\":\"https:\\\/\\\/hijasdejesus.org\\\/en\\\/#website\",\"url\":\"https:\\\/\\\/hijasdejesus.org\\\/en\\\/\",\"name\":\"Hijas de Jes\u00fas\",\"description\":\"Despertamos a Jes\u00fas en el coraz\u00f3n, sacando lo mejor de las personas. Somos una congregaci\u00f3n religiosa ignaciana fundada por la Madre Candida\",\"publisher\":{\"@id\":\"https:\\\/\\\/hijasdejesus.org\\\/en\\\/#organization\"},\"potentialAction\":[{\"@type\":\"SearchAction\",\"target\":{\"@type\":\"EntryPoint\",\"urlTemplate\":\"https:\\\/\\\/hijasdejesus.org\\\/en\\\/?s={search_term_string}\"},\"query-input\":{\"@type\":\"PropertyValueSpecification\",\"valueRequired\":true,\"valueName\":\"search_term_string\"}}],\"inLanguage\":\"en-US\"},{\"@type\":\"Organization\",\"@id\":\"https:\\\/\\\/hijasdejesus.org\\\/en\\\/#organization\",\"name\":\"Hijas de Jes\u00fas\",\"url\":\"https:\\\/\\\/hijasdejesus.org\\\/en\\\/\",\"logo\":{\"@type\":\"ImageObject\",\"inLanguage\":\"en-US\",\"@id\":\"https:\\\/\\\/hijasdejesus.org\\\/en\\\/#\\\/schema\\\/logo\\\/image\\\/\",\"url\":\"https:\\\/\\\/hijasdejesus.org\\\/wp-content\\\/uploads\\\/2023\\\/01\\\/Hijas-de-Jesus_hor-A7C957.png\",\"contentUrl\":\"https:\\\/\\\/hijasdejesus.org\\\/wp-content\\\/uploads\\\/2023\\\/01\\\/Hijas-de-Jesus_hor-A7C957.png\",\"width\":700,\"height\":360,\"caption\":\"Hijas de Jes\u00fas\"},\"image\":{\"@id\":\"https:\\\/\\\/hijasdejesus.org\\\/en\\\/#\\\/schema\\\/logo\\\/image\\\/\"},\"sameAs\":[\"https:\\\/\\\/www.facebook.com\\\/hijasdejesusenelmundo\\\/\",\"https:\\\/\\\/x.com\\\/hijasdjesus\"]},{\"@type\":\"Person\",\"@id\":\"https:\\\/\\\/hijasdejesus.org\\\/en\\\/#\\\/schema\\\/person\\\/ce4455965da733f2791f23b6ec14e9b6\",\"name\":\"Webmaster\",\"image\":{\"@type\":\"ImageObject\",\"inLanguage\":\"en-US\",\"@id\":\"https:\\\/\\\/secure.gravatar.com\\\/avatar\\\/cfd0acaac86c3981d541d2e99a0ffb7b6d33a5ac8989a62f5518b9e0f7ee128a?s=96&d=mm&r=g\",\"url\":\"https:\\\/\\\/secure.gravatar.com\\\/avatar\\\/cfd0acaac86c3981d541d2e99a0ffb7b6d33a5ac8989a62f5518b9e0f7ee128a?s=96&d=mm&r=g\",\"contentUrl\":\"https:\\\/\\\/secure.gravatar.com\\\/avatar\\\/cfd0acaac86c3981d541d2e99a0ffb7b6d33a5ac8989a62f5518b9e0f7ee128a?s=96&d=mm&r=g\",\"caption\":\"Webmaster\"},\"url\":\"https:\\\/\\\/hijasdejesus.org\\\/en\\\/author\\\/webmaster\\\/\"}]}<\/script>\n<!-- \/ Yoast SEO plugin. -->","yoast_head_json":{"title":"Brazil: visit of Yahaira Hern\u00e1ndez and Carmen Sastre - Hijas de Jes\u00fas","robots":{"index":"index","follow":"follow","max-snippet":"max-snippet:-1","max-image-preview":"max-image-preview:large","max-video-preview":"max-video-preview:-1"},"canonical":"https:\/\/hijasdejesus.org\/en\/brazil-visit-of-yahaira-hernandez-and-carmen-sastre\/","og_locale":"en_US","og_type":"article","og_title":"Brazil: visit of Yahaira Hern\u00e1ndez and Carmen Sastre - Hijas de Jes\u00fas","og_description":"On June 16, the General Treasurer, Yajaira Hern\u00e1ndez, and the Councilor for Economic Affairs (CAE) General level, Carmen Sastre fi, finished the visit to Brazil. On the last day, in Belo Horizonte, they had the opportunity to enjoy with the whole team of the Central Office after learning about the administrative work of the Congregation [&hellip;]","og_url":"https:\/\/hijasdejesus.org\/en\/brazil-visit-of-yahaira-hernandez-and-carmen-sastre\/","og_site_name":"Hijas de Jes\u00fas","article_publisher":"https:\/\/www.facebook.com\/hijasdejesusenelmundo\/","article_published_time":"2017-06-21T16:46:52+00:00","article_modified_time":"2017-06-22T18:17:36+00:00","og_image":[{"width":1024,"height":576,"url":"https:\/\/hijasdejesus.org\/wp-content\/uploads\/2017\/06\/economagral1.jpg","type":"image\/jpeg"}],"author":"Webmaster","twitter_card":"summary_large_image","twitter_creator":"@hijasdjesus","twitter_site":"@hijasdjesus","twitter_misc":{"Written by":"Webmaster"},"schema":{"@context":"https:\/\/schema.org","@graph":[{"@type":"Article","@id":"https:\/\/hijasdejesus.org\/en\/brazil-visit-of-yahaira-hernandez-and-carmen-sastre\/#article","isPartOf":{"@id":"https:\/\/hijasdejesus.org\/en\/brazil-visit-of-yahaira-hernandez-and-carmen-sastre\/"},"author":{"name":"Webmaster","@id":"https:\/\/hijasdejesus.org\/en\/#\/schema\/person\/ce4455965da733f2791f23b6ec14e9b6"},"headline":"Brazil: visit of Yahaira Hern\u00e1ndez and Carmen Sastre","datePublished":"2017-06-21T16:46:52+00:00","dateModified":"2017-06-22T18:17:36+00:00","mainEntityOfPage":{"@id":"https:\/\/hijasdejesus.org\/en\/brazil-visit-of-yahaira-hernandez-and-carmen-sastre\/"},"wordCount":102,"publisher":{"@id":"https:\/\/hijasdejesus.org\/en\/#organization"},"image":{"@id":"https:\/\/hijasdejesus.org\/en\/brazil-visit-of-yahaira-hernandez-and-carmen-sastre\/#primaryimage"},"thumbnailUrl":"https:\/\/hijasdejesus.org\/wp-content\/uploads\/2017\/06\/economagral1.jpg","articleSection":["Brazil","Brazil-Caribbean","Hijas de Jes\u00fas","News"],"inLanguage":"en-US"},{"@type":"WebPage","@id":"https:\/\/hijasdejesus.org\/en\/brazil-visit-of-yahaira-hernandez-and-carmen-sastre\/","url":"https:\/\/hijasdejesus.org\/en\/brazil-visit-of-yahaira-hernandez-and-carmen-sastre\/","name":"Brazil: visit of Yahaira Hern\u00e1ndez and Carmen Sastre - Hijas de Jes\u00fas","isPartOf":{"@id":"https:\/\/hijasdejesus.org\/en\/#website"},"primaryImageOfPage":{"@id":"https:\/\/hijasdejesus.org\/en\/brazil-visit-of-yahaira-hernandez-and-carmen-sastre\/#primaryimage"},"image":{"@id":"https:\/\/hijasdejesus.org\/en\/brazil-visit-of-yahaira-hernandez-and-carmen-sastre\/#primaryimage"},"thumbnailUrl":"https:\/\/hijasdejesus.org\/wp-content\/uploads\/2017\/06\/economagral1.jpg","datePublished":"2017-06-21T16:46:52+00:00","dateModified":"2017-06-22T18:17:36+00:00","breadcrumb":{"@id":"https:\/\/hijasdejesus.org\/en\/brazil-visit-of-yahaira-hernandez-and-carmen-sastre\/#breadcrumb"},"inLanguage":"en-US","potentialAction":[{"@type":"ReadAction","target":["https:\/\/hijasdejesus.org\/en\/brazil-visit-of-yahaira-hernandez-and-carmen-sastre\/"]}]},{"@type":"ImageObject","inLanguage":"en-US","@id":"https:\/\/hijasdejesus.org\/en\/brazil-visit-of-yahaira-hernandez-and-carmen-sastre\/#primaryimage","url":"https:\/\/hijasdejesus.org\/wp-content\/uploads\/2017\/06\/economagral1.jpg","contentUrl":"https:\/\/hijasdejesus.org\/wp-content\/uploads\/2017\/06\/economagral1.jpg","width":1024,"height":576},{"@type":"BreadcrumbList","@id":"https:\/\/hijasdejesus.org\/en\/brazil-visit-of-yahaira-hernandez-and-carmen-sastre\/#breadcrumb","itemListElement":[{"@type":"ListItem","position":1,"name":"Portada","item":"https:\/\/hijasdejesus.org\/en\/"},{"@type":"ListItem","position":2,"name":"Brazil: visit of Yahaira Hern\u00e1ndez and Carmen Sastre"}]},{"@type":"WebSite","@id":"https:\/\/hijasdejesus.org\/en\/#website","url":"https:\/\/hijasdejesus.org\/en\/","name":"Hijas de Jes\u00fas","description":"Despertamos a Jes\u00fas en el coraz\u00f3n, sacando lo mejor de las personas. Somos una congregaci\u00f3n religiosa ignaciana fundada por la Madre Candida","publisher":{"@id":"https:\/\/hijasdejesus.org\/en\/#organization"},"potentialAction":[{"@type":"SearchAction","target":{"@type":"EntryPoint","urlTemplate":"https:\/\/hijasdejesus.org\/en\/?s={search_term_string}"},"query-input":{"@type":"PropertyValueSpecification","valueRequired":true,"valueName":"search_term_string"}}],"inLanguage":"en-US"},{"@type":"Organization","@id":"https:\/\/hijasdejesus.org\/en\/#organization","name":"Hijas de Jes\u00fas","url":"https:\/\/hijasdejesus.org\/en\/","logo":{"@type":"ImageObject","inLanguage":"en-US","@id":"https:\/\/hijasdejesus.org\/en\/#\/schema\/logo\/image\/","url":"https:\/\/hijasdejesus.org\/wp-content\/uploads\/2023\/01\/Hijas-de-Jesus_hor-A7C957.png","contentUrl":"https:\/\/hijasdejesus.org\/wp-content\/uploads\/2023\/01\/Hijas-de-Jesus_hor-A7C957.png","width":700,"height":360,"caption":"Hijas de Jes\u00fas"},"image":{"@id":"https:\/\/hijasdejesus.org\/en\/#\/schema\/logo\/image\/"},"sameAs":["https:\/\/www.facebook.com\/hijasdejesusenelmundo\/","https:\/\/x.com\/hijasdjesus"]},{"@type":"Person","@id":"https:\/\/hijasdejesus.org\/en\/#\/schema\/person\/ce4455965da733f2791f23b6ec14e9b6","name":"Webmaster","image":{"@type":"ImageObject","inLanguage":"en-US","@id":"https:\/\/secure.gravatar.com\/avatar\/cfd0acaac86c3981d541d2e99a0ffb7b6d33a5ac8989a62f5518b9e0f7ee128a?s=96&d=mm&r=g","url":"https:\/\/secure.gravatar.com\/avatar\/cfd0acaac86c3981d541d2e99a0ffb7b6d33a5ac8989a62f5518b9e0f7ee128a?s=96&d=mm&r=g","contentUrl":"https:\/\/secure.gravatar.com\/avatar\/cfd0acaac86c3981d541d2e99a0ffb7b6d33a5ac8989a62f5518b9e0f7ee128a?s=96&d=mm&r=g","caption":"Webmaster"},"url":"https:\/\/hijasdejesus.org\/en\/author\/webmaster\/"}]}},"_links":{"self":[{"href":"https:\/\/hijasdejesus.org\/en\/wp-json\/wp\/v2\/posts\/28443","targetHints":{"allow":["GET"]}}],"collection":[{"href":"https:\/\/hijasdejesus.org\/en\/wp-json\/wp\/v2\/posts"}],"about":[{"href":"https:\/\/hijasdejesus.org\/en\/wp-json\/wp\/v2\/types\/post"}],"author":[{"embeddable":true,"href":"https:\/\/hijasdejesus.org\/en\/wp-json\/wp\/v2\/users\/28"}],"replies":[{"embeddable":true,"href":"https:\/\/hijasdejesus.org\/en\/wp-json\/wp\/v2\/comments?post=28443"}],"version-history":[{"count":0,"href":"https:\/\/hijasdejesus.org\/en\/wp-json\/wp\/v2\/posts\/28443\/revisions"}],"wp:featuredmedia":[{"embeddable":true,"href":"https:\/\/hijasdejesus.org\/en\/wp-json\/wp\/v2\/media\/8890"}],"wp:attachment":[{"href":"https:\/\/hijasdejesus.org\/en\/wp-json\/wp\/v2\/media?parent=28443"}],"wp:term":[{"taxonomy":"category","embeddable":true,"href":"https:\/\/hijasdejesus.org\/en\/wp-json\/wp\/v2\/categories?post=28443"},{"taxonomy":"post_tag","embeddable":true,"href":"https:\/\/hijasdejesus.org\/en\/wp-json\/wp\/v2\/tags?post=28443"}],"curies":[{"name":"wp","href":"https:\/\/api.w.org\/{rel}","templated":true}]}}