{"id":28643,"date":"2017-12-05T14:01:18","date_gmt":"2017-12-05T13:01:18","guid":{"rendered":"https:\/\/nueva.hijasdejesus.org\/pablo-ibanez-new-person-in-charge-of-the-international-website\/"},"modified":"2017-12-05T14:14:46","modified_gmt":"2017-12-05T13:14:46","slug":"pablo-ibanez-new-person-in-charge-of-the-international-website","status":"publish","type":"post","link":"https:\/\/hijasdejesus.org\/en\/pablo-ibanez-new-person-in-charge-of-the-international-website\/","title":{"rendered":"Pablo Ib\u00e1\u00f1ez, new person in charge of the international website"},"content":{"rendered":"<\/p>\n<p>\u00a0<\/p>\n<p>We live in a time of change. And we want to live with availability and joy. Today we are celebrating and congratulating. Our Superior General, Maria Inez Furtado FI, has just announced in her last circular letter that Pablo Mart\u00edn Ib\u00e1\u00f1ez is the new person in charge of the international website. Pablo is &#8220;a young man affiliated with the Ignatian spirituality, a professional in journalism and audiovisual communication and collaborator in the communication support team of the province of Spain-Italy. He has accepted with great willingness and encouragement and we appreciate it.&#8221;<\/p>\n<p>\u00a0<\/p>\n<p>With this news we move ahead to a new time, which is full of enthusiasm, creativity, fresh and good vitality.<\/p>\n<p>\u00a0<\/p>\n<p>The Superior General also indicates that &#8220;Ana Baeza FI, when she returns to Spain, will be his link with the Congregation. Until then it will be Silvia Rozas FI, whom we thank for her dedication during these years in which she has managed and animated our page&#8221;.<\/p>\n<p>\u00a0<\/p>\n","protected":false},"excerpt":{"rendered":"<p>\u00a0 We live in a time of change. And we want to live with availability and joy. Today we are celebrating and congratulating. Our Superior General, Maria Inez Furtado FI, has just announced in her last circular letter that Pablo Mart\u00edn Ib\u00e1\u00f1ez is the new person in charge of the international website. Pablo is &#8220;a [&hellip;]<\/p>\n","protected":false},"author":28,"featured_media":9462,"comment_status":"closed","ping_status":"closed","sticky":false,"template":"","format":"standard","meta":{"_et_pb_use_builder":"","_et_pb_old_content":"","_et_gb_content_width":"","footnotes":"","_links_to":"","_links_to_target":""},"categories":[510,528,412],"tags":[],"class_list":["post-28643","post","type-post","status-publish","format-standard","has-post-thumbnail","hentry","category-communication","category-hijas-de-jesus-en","category-news"],"yoast_head":"<!-- This site is optimized with the Yoast SEO plugin v27.5 - https:\/\/yoast.com\/product\/yoast-seo-wordpress\/ -->\n<title>Pablo Ib\u00e1\u00f1ez, new person in charge of the international website - Hijas de Jes\u00fas<\/title>\n<meta name=\"robots\" content=\"index, follow, max-snippet:-1, max-image-preview:large, max-video-preview:-1\" \/>\n<link rel=\"canonical\" href=\"https:\/\/hijasdejesus.org\/en\/pablo-ibanez-new-person-in-charge-of-the-international-website\/\" \/>\n<meta property=\"og:locale\" content=\"en_US\" \/>\n<meta property=\"og:type\" content=\"article\" \/>\n<meta property=\"og:title\" content=\"Pablo Ib\u00e1\u00f1ez, new person in charge of the international website - Hijas de Jes\u00fas\" \/>\n<meta property=\"og:description\" content=\"\u00a0 We live in a time of change. And we want to live with availability and joy. Today we are celebrating and congratulating. Our Superior General, Maria Inez Furtado FI, has just announced in her last circular letter that Pablo Mart\u00edn Ib\u00e1\u00f1ez is the new person in charge of the international website. Pablo is &#8220;a [&hellip;]\" \/>\n<meta property=\"og:url\" content=\"https:\/\/hijasdejesus.org\/en\/pablo-ibanez-new-person-in-charge-of-the-international-website\/\" \/>\n<meta property=\"og:site_name\" content=\"Hijas de Jes\u00fas\" \/>\n<meta property=\"article:publisher\" content=\"https:\/\/www.facebook.com\/hijasdejesusenelmundo\/\" \/>\n<meta property=\"article:published_time\" content=\"2017-12-05T13:01:18+00:00\" \/>\n<meta property=\"article:modified_time\" content=\"2017-12-05T13:14:46+00:00\" \/>\n<meta property=\"og:image\" content=\"https:\/\/hijasdejesus.org\/wp-content\/uploads\/2017\/12\/pablo2-1024x675.png\" \/>\n\t<meta property=\"og:image:width\" content=\"1024\" \/>\n\t<meta property=\"og:image:height\" content=\"675\" \/>\n\t<meta property=\"og:image:type\" content=\"image\/png\" \/>\n<meta name=\"author\" content=\"Webmaster\" \/>\n<meta name=\"twitter:card\" content=\"summary_large_image\" \/>\n<meta name=\"twitter:creator\" content=\"@hijasdjesus\" \/>\n<meta name=\"twitter:site\" content=\"@hijasdjesus\" \/>\n<meta name=\"twitter:label1\" content=\"Written by\" \/>\n\t<meta name=\"twitter:data1\" content=\"Webmaster\" \/>\n\t<meta name=\"twitter:label2\" content=\"Est. reading time\" \/>\n\t<meta name=\"twitter:data2\" content=\"1 minute\" \/>\n<script type=\"application\/ld+json\" class=\"yoast-schema-graph\">{\"@context\":\"https:\\\/\\\/schema.org\",\"@graph\":[{\"@type\":\"Article\",\"@id\":\"https:\\\/\\\/hijasdejesus.org\\\/en\\\/pablo-ibanez-new-person-in-charge-of-the-international-website\\\/#article\",\"isPartOf\":{\"@id\":\"https:\\\/\\\/hijasdejesus.org\\\/en\\\/pablo-ibanez-new-person-in-charge-of-the-international-website\\\/\"},\"author\":{\"name\":\"Webmaster\",\"@id\":\"https:\\\/\\\/hijasdejesus.org\\\/en\\\/#\\\/schema\\\/person\\\/ce4455965da733f2791f23b6ec14e9b6\"},\"headline\":\"Pablo Ib\u00e1\u00f1ez, new person in charge of the international website\",\"datePublished\":\"2017-12-05T13:01:18+00:00\",\"dateModified\":\"2017-12-05T13:14:46+00:00\",\"mainEntityOfPage\":{\"@id\":\"https:\\\/\\\/hijasdejesus.org\\\/en\\\/pablo-ibanez-new-person-in-charge-of-the-international-website\\\/\"},\"wordCount\":172,\"publisher\":{\"@id\":\"https:\\\/\\\/hijasdejesus.org\\\/en\\\/#organization\"},\"image\":{\"@id\":\"https:\\\/\\\/hijasdejesus.org\\\/en\\\/pablo-ibanez-new-person-in-charge-of-the-international-website\\\/#primaryimage\"},\"thumbnailUrl\":\"https:\\\/\\\/hijasdejesus.org\\\/wp-content\\\/uploads\\\/2017\\\/12\\\/pablo2.png\",\"articleSection\":[\"Communication\",\"Hijas de Jes\u00fas\",\"News\"],\"inLanguage\":\"en-US\"},{\"@type\":\"WebPage\",\"@id\":\"https:\\\/\\\/hijasdejesus.org\\\/en\\\/pablo-ibanez-new-person-in-charge-of-the-international-website\\\/\",\"url\":\"https:\\\/\\\/hijasdejesus.org\\\/en\\\/pablo-ibanez-new-person-in-charge-of-the-international-website\\\/\",\"name\":\"Pablo Ib\u00e1\u00f1ez, new person in charge of the international website - Hijas de Jes\u00fas\",\"isPartOf\":{\"@id\":\"https:\\\/\\\/hijasdejesus.org\\\/en\\\/#website\"},\"primaryImageOfPage\":{\"@id\":\"https:\\\/\\\/hijasdejesus.org\\\/en\\\/pablo-ibanez-new-person-in-charge-of-the-international-website\\\/#primaryimage\"},\"image\":{\"@id\":\"https:\\\/\\\/hijasdejesus.org\\\/en\\\/pablo-ibanez-new-person-in-charge-of-the-international-website\\\/#primaryimage\"},\"thumbnailUrl\":\"https:\\\/\\\/hijasdejesus.org\\\/wp-content\\\/uploads\\\/2017\\\/12\\\/pablo2.png\",\"datePublished\":\"2017-12-05T13:01:18+00:00\",\"dateModified\":\"2017-12-05T13:14:46+00:00\",\"breadcrumb\":{\"@id\":\"https:\\\/\\\/hijasdejesus.org\\\/en\\\/pablo-ibanez-new-person-in-charge-of-the-international-website\\\/#breadcrumb\"},\"inLanguage\":\"en-US\",\"potentialAction\":[{\"@type\":\"ReadAction\",\"target\":[\"https:\\\/\\\/hijasdejesus.org\\\/en\\\/pablo-ibanez-new-person-in-charge-of-the-international-website\\\/\"]}]},{\"@type\":\"ImageObject\",\"inLanguage\":\"en-US\",\"@id\":\"https:\\\/\\\/hijasdejesus.org\\\/en\\\/pablo-ibanez-new-person-in-charge-of-the-international-website\\\/#primaryimage\",\"url\":\"https:\\\/\\\/hijasdejesus.org\\\/wp-content\\\/uploads\\\/2017\\\/12\\\/pablo2.png\",\"contentUrl\":\"https:\\\/\\\/hijasdejesus.org\\\/wp-content\\\/uploads\\\/2017\\\/12\\\/pablo2.png\",\"width\":1844,\"height\":1216},{\"@type\":\"BreadcrumbList\",\"@id\":\"https:\\\/\\\/hijasdejesus.org\\\/en\\\/pablo-ibanez-new-person-in-charge-of-the-international-website\\\/#breadcrumb\",\"itemListElement\":[{\"@type\":\"ListItem\",\"position\":1,\"name\":\"Portada\",\"item\":\"https:\\\/\\\/hijasdejesus.org\\\/en\\\/\"},{\"@type\":\"ListItem\",\"position\":2,\"name\":\"Pablo Ib\u00e1\u00f1ez, new person in charge of the international website\"}]},{\"@type\":\"WebSite\",\"@id\":\"https:\\\/\\\/hijasdejesus.org\\\/en\\\/#website\",\"url\":\"https:\\\/\\\/hijasdejesus.org\\\/en\\\/\",\"name\":\"Hijas de Jes\u00fas\",\"description\":\"Despertamos a Jes\u00fas en el coraz\u00f3n, sacando lo mejor de las personas. Somos una congregaci\u00f3n religiosa ignaciana fundada por la Madre Candida\",\"publisher\":{\"@id\":\"https:\\\/\\\/hijasdejesus.org\\\/en\\\/#organization\"},\"potentialAction\":[{\"@type\":\"SearchAction\",\"target\":{\"@type\":\"EntryPoint\",\"urlTemplate\":\"https:\\\/\\\/hijasdejesus.org\\\/en\\\/?s={search_term_string}\"},\"query-input\":{\"@type\":\"PropertyValueSpecification\",\"valueRequired\":true,\"valueName\":\"search_term_string\"}}],\"inLanguage\":\"en-US\"},{\"@type\":\"Organization\",\"@id\":\"https:\\\/\\\/hijasdejesus.org\\\/en\\\/#organization\",\"name\":\"Hijas de Jes\u00fas\",\"url\":\"https:\\\/\\\/hijasdejesus.org\\\/en\\\/\",\"logo\":{\"@type\":\"ImageObject\",\"inLanguage\":\"en-US\",\"@id\":\"https:\\\/\\\/hijasdejesus.org\\\/en\\\/#\\\/schema\\\/logo\\\/image\\\/\",\"url\":\"https:\\\/\\\/hijasdejesus.org\\\/wp-content\\\/uploads\\\/2023\\\/01\\\/Hijas-de-Jesus_hor-A7C957.png\",\"contentUrl\":\"https:\\\/\\\/hijasdejesus.org\\\/wp-content\\\/uploads\\\/2023\\\/01\\\/Hijas-de-Jesus_hor-A7C957.png\",\"width\":700,\"height\":360,\"caption\":\"Hijas de Jes\u00fas\"},\"image\":{\"@id\":\"https:\\\/\\\/hijasdejesus.org\\\/en\\\/#\\\/schema\\\/logo\\\/image\\\/\"},\"sameAs\":[\"https:\\\/\\\/www.facebook.com\\\/hijasdejesusenelmundo\\\/\",\"https:\\\/\\\/x.com\\\/hijasdjesus\"]},{\"@type\":\"Person\",\"@id\":\"https:\\\/\\\/hijasdejesus.org\\\/en\\\/#\\\/schema\\\/person\\\/ce4455965da733f2791f23b6ec14e9b6\",\"name\":\"Webmaster\",\"image\":{\"@type\":\"ImageObject\",\"inLanguage\":\"en-US\",\"@id\":\"https:\\\/\\\/secure.gravatar.com\\\/avatar\\\/cfd0acaac86c3981d541d2e99a0ffb7b6d33a5ac8989a62f5518b9e0f7ee128a?s=96&d=mm&r=g\",\"url\":\"https:\\\/\\\/secure.gravatar.com\\\/avatar\\\/cfd0acaac86c3981d541d2e99a0ffb7b6d33a5ac8989a62f5518b9e0f7ee128a?s=96&d=mm&r=g\",\"contentUrl\":\"https:\\\/\\\/secure.gravatar.com\\\/avatar\\\/cfd0acaac86c3981d541d2e99a0ffb7b6d33a5ac8989a62f5518b9e0f7ee128a?s=96&d=mm&r=g\",\"caption\":\"Webmaster\"},\"url\":\"https:\\\/\\\/hijasdejesus.org\\\/en\\\/author\\\/webmaster\\\/\"}]}<\/script>\n<!-- \/ Yoast SEO plugin. -->","yoast_head_json":{"title":"Pablo Ib\u00e1\u00f1ez, new person in charge of the international website - Hijas de Jes\u00fas","robots":{"index":"index","follow":"follow","max-snippet":"max-snippet:-1","max-image-preview":"max-image-preview:large","max-video-preview":"max-video-preview:-1"},"canonical":"https:\/\/hijasdejesus.org\/en\/pablo-ibanez-new-person-in-charge-of-the-international-website\/","og_locale":"en_US","og_type":"article","og_title":"Pablo Ib\u00e1\u00f1ez, new person in charge of the international website - Hijas de Jes\u00fas","og_description":"\u00a0 We live in a time of change. And we want to live with availability and joy. Today we are celebrating and congratulating. Our Superior General, Maria Inez Furtado FI, has just announced in her last circular letter that Pablo Mart\u00edn Ib\u00e1\u00f1ez is the new person in charge of the international website. Pablo is &#8220;a [&hellip;]","og_url":"https:\/\/hijasdejesus.org\/en\/pablo-ibanez-new-person-in-charge-of-the-international-website\/","og_site_name":"Hijas de Jes\u00fas","article_publisher":"https:\/\/www.facebook.com\/hijasdejesusenelmundo\/","article_published_time":"2017-12-05T13:01:18+00:00","article_modified_time":"2017-12-05T13:14:46+00:00","og_image":[{"width":1024,"height":675,"url":"https:\/\/hijasdejesus.org\/wp-content\/uploads\/2017\/12\/pablo2-1024x675.png","type":"image\/png"}],"author":"Webmaster","twitter_card":"summary_large_image","twitter_creator":"@hijasdjesus","twitter_site":"@hijasdjesus","twitter_misc":{"Written by":"Webmaster","Est. reading time":"1 minute"},"schema":{"@context":"https:\/\/schema.org","@graph":[{"@type":"Article","@id":"https:\/\/hijasdejesus.org\/en\/pablo-ibanez-new-person-in-charge-of-the-international-website\/#article","isPartOf":{"@id":"https:\/\/hijasdejesus.org\/en\/pablo-ibanez-new-person-in-charge-of-the-international-website\/"},"author":{"name":"Webmaster","@id":"https:\/\/hijasdejesus.org\/en\/#\/schema\/person\/ce4455965da733f2791f23b6ec14e9b6"},"headline":"Pablo Ib\u00e1\u00f1ez, new person in charge of the international website","datePublished":"2017-12-05T13:01:18+00:00","dateModified":"2017-12-05T13:14:46+00:00","mainEntityOfPage":{"@id":"https:\/\/hijasdejesus.org\/en\/pablo-ibanez-new-person-in-charge-of-the-international-website\/"},"wordCount":172,"publisher":{"@id":"https:\/\/hijasdejesus.org\/en\/#organization"},"image":{"@id":"https:\/\/hijasdejesus.org\/en\/pablo-ibanez-new-person-in-charge-of-the-international-website\/#primaryimage"},"thumbnailUrl":"https:\/\/hijasdejesus.org\/wp-content\/uploads\/2017\/12\/pablo2.png","articleSection":["Communication","Hijas de Jes\u00fas","News"],"inLanguage":"en-US"},{"@type":"WebPage","@id":"https:\/\/hijasdejesus.org\/en\/pablo-ibanez-new-person-in-charge-of-the-international-website\/","url":"https:\/\/hijasdejesus.org\/en\/pablo-ibanez-new-person-in-charge-of-the-international-website\/","name":"Pablo Ib\u00e1\u00f1ez, new person in charge of the international website - Hijas de Jes\u00fas","isPartOf":{"@id":"https:\/\/hijasdejesus.org\/en\/#website"},"primaryImageOfPage":{"@id":"https:\/\/hijasdejesus.org\/en\/pablo-ibanez-new-person-in-charge-of-the-international-website\/#primaryimage"},"image":{"@id":"https:\/\/hijasdejesus.org\/en\/pablo-ibanez-new-person-in-charge-of-the-international-website\/#primaryimage"},"thumbnailUrl":"https:\/\/hijasdejesus.org\/wp-content\/uploads\/2017\/12\/pablo2.png","datePublished":"2017-12-05T13:01:18+00:00","dateModified":"2017-12-05T13:14:46+00:00","breadcrumb":{"@id":"https:\/\/hijasdejesus.org\/en\/pablo-ibanez-new-person-in-charge-of-the-international-website\/#breadcrumb"},"inLanguage":"en-US","potentialAction":[{"@type":"ReadAction","target":["https:\/\/hijasdejesus.org\/en\/pablo-ibanez-new-person-in-charge-of-the-international-website\/"]}]},{"@type":"ImageObject","inLanguage":"en-US","@id":"https:\/\/hijasdejesus.org\/en\/pablo-ibanez-new-person-in-charge-of-the-international-website\/#primaryimage","url":"https:\/\/hijasdejesus.org\/wp-content\/uploads\/2017\/12\/pablo2.png","contentUrl":"https:\/\/hijasdejesus.org\/wp-content\/uploads\/2017\/12\/pablo2.png","width":1844,"height":1216},{"@type":"BreadcrumbList","@id":"https:\/\/hijasdejesus.org\/en\/pablo-ibanez-new-person-in-charge-of-the-international-website\/#breadcrumb","itemListElement":[{"@type":"ListItem","position":1,"name":"Portada","item":"https:\/\/hijasdejesus.org\/en\/"},{"@type":"ListItem","position":2,"name":"Pablo Ib\u00e1\u00f1ez, new person in charge of the international website"}]},{"@type":"WebSite","@id":"https:\/\/hijasdejesus.org\/en\/#website","url":"https:\/\/hijasdejesus.org\/en\/","name":"Hijas de Jes\u00fas","description":"Despertamos a Jes\u00fas en el coraz\u00f3n, sacando lo mejor de las personas. Somos una congregaci\u00f3n religiosa ignaciana fundada por la Madre Candida","publisher":{"@id":"https:\/\/hijasdejesus.org\/en\/#organization"},"potentialAction":[{"@type":"SearchAction","target":{"@type":"EntryPoint","urlTemplate":"https:\/\/hijasdejesus.org\/en\/?s={search_term_string}"},"query-input":{"@type":"PropertyValueSpecification","valueRequired":true,"valueName":"search_term_string"}}],"inLanguage":"en-US"},{"@type":"Organization","@id":"https:\/\/hijasdejesus.org\/en\/#organization","name":"Hijas de Jes\u00fas","url":"https:\/\/hijasdejesus.org\/en\/","logo":{"@type":"ImageObject","inLanguage":"en-US","@id":"https:\/\/hijasdejesus.org\/en\/#\/schema\/logo\/image\/","url":"https:\/\/hijasdejesus.org\/wp-content\/uploads\/2023\/01\/Hijas-de-Jesus_hor-A7C957.png","contentUrl":"https:\/\/hijasdejesus.org\/wp-content\/uploads\/2023\/01\/Hijas-de-Jesus_hor-A7C957.png","width":700,"height":360,"caption":"Hijas de Jes\u00fas"},"image":{"@id":"https:\/\/hijasdejesus.org\/en\/#\/schema\/logo\/image\/"},"sameAs":["https:\/\/www.facebook.com\/hijasdejesusenelmundo\/","https:\/\/x.com\/hijasdjesus"]},{"@type":"Person","@id":"https:\/\/hijasdejesus.org\/en\/#\/schema\/person\/ce4455965da733f2791f23b6ec14e9b6","name":"Webmaster","image":{"@type":"ImageObject","inLanguage":"en-US","@id":"https:\/\/secure.gravatar.com\/avatar\/cfd0acaac86c3981d541d2e99a0ffb7b6d33a5ac8989a62f5518b9e0f7ee128a?s=96&d=mm&r=g","url":"https:\/\/secure.gravatar.com\/avatar\/cfd0acaac86c3981d541d2e99a0ffb7b6d33a5ac8989a62f5518b9e0f7ee128a?s=96&d=mm&r=g","contentUrl":"https:\/\/secure.gravatar.com\/avatar\/cfd0acaac86c3981d541d2e99a0ffb7b6d33a5ac8989a62f5518b9e0f7ee128a?s=96&d=mm&r=g","caption":"Webmaster"},"url":"https:\/\/hijasdejesus.org\/en\/author\/webmaster\/"}]}},"_links":{"self":[{"href":"https:\/\/hijasdejesus.org\/en\/wp-json\/wp\/v2\/posts\/28643","targetHints":{"allow":["GET"]}}],"collection":[{"href":"https:\/\/hijasdejesus.org\/en\/wp-json\/wp\/v2\/posts"}],"about":[{"href":"https:\/\/hijasdejesus.org\/en\/wp-json\/wp\/v2\/types\/post"}],"author":[{"embeddable":true,"href":"https:\/\/hijasdejesus.org\/en\/wp-json\/wp\/v2\/users\/28"}],"replies":[{"embeddable":true,"href":"https:\/\/hijasdejesus.org\/en\/wp-json\/wp\/v2\/comments?post=28643"}],"version-history":[{"count":0,"href":"https:\/\/hijasdejesus.org\/en\/wp-json\/wp\/v2\/posts\/28643\/revisions"}],"wp:featuredmedia":[{"embeddable":true,"href":"https:\/\/hijasdejesus.org\/en\/wp-json\/wp\/v2\/media\/9462"}],"wp:attachment":[{"href":"https:\/\/hijasdejesus.org\/en\/wp-json\/wp\/v2\/media?parent=28643"}],"wp:term":[{"taxonomy":"category","embeddable":true,"href":"https:\/\/hijasdejesus.org\/en\/wp-json\/wp\/v2\/categories?post=28643"},{"taxonomy":"post_tag","embeddable":true,"href":"https:\/\/hijasdejesus.org\/en\/wp-json\/wp\/v2\/tags?post=28643"}],"curies":[{"name":"wp","href":"https:\/\/api.w.org\/{rel}","templated":true}]}}