{"id":28728,"date":"2018-01-29T11:32:02","date_gmt":"2018-01-29T10:32:02","guid":{"rendered":"https:\/\/nueva.hijasdejesus.org\/3rd-iel-day-1\/"},"modified":"2018-01-29T11:32:02","modified_gmt":"2018-01-29T10:32:02","slug":"3rd-iel-day-1","status":"publish","type":"post","link":"https:\/\/hijasdejesus.org\/en\/3rd-iel-day-1\/","title":{"rendered":"3rd IEL: Day 1"},"content":{"rendered":"<\/p>\n<p>Manresa Retreat House, Quezon City, Philippines<\/p>\n<p>\u00a0<\/p>\n<p>Day 1\u00a0<\/p>\n<p>\u00a0<\/p>\n<p>January 26, 2018<\/p>\n<p>The first day began with the celebration of the Holy Eucharist presided by Fr. Roger Champoux, SJ.\u00a0<\/p>\n<p><img loading=\"lazy\" decoding=\"async\" class=\" size-full wp-image-9574\" src=\"https:\/\/hijasdejesus.org\/wp-content\/uploads\/2018\/01\/IMG_0606.JPG\" alt=\"\" width=\"640\" height=\"427\" srcset=\"https:\/\/hijasdejesus.org\/wp-content\/uploads\/2018\/01\/IMG_0606.JPG 640w, https:\/\/hijasdejesus.org\/wp-content\/uploads\/2018\/01\/IMG_0606-300x200.jpg 300w, https:\/\/hijasdejesus.org\/wp-content\/uploads\/2018\/01\/IMG_0606-391x260.jpg 391w, https:\/\/hijasdejesus.org\/wp-content\/uploads\/2018\/01\/IMG_0606-480x320.jpg 480w\" sizes=\"(max-width: 640px) 100vw, 640px\" \/><\/p>\n<p>After a sumptuous breakfast, everyone gathered at the newly built meeting hall for the grand opening ceremonies. It was a festive atmosphere right from the opening salvoto the presentation of delegates from ten countries.<\/p>\n<p><img loading=\"lazy\" decoding=\"async\" class=\" size-full wp-image-9576\" src=\"https:\/\/hijasdejesus.org\/wp-content\/uploads\/2018\/01\/IMG_1100.JPG\" alt=\"\" width=\"640\" height=\"427\" srcset=\"https:\/\/hijasdejesus.org\/wp-content\/uploads\/2018\/01\/IMG_1100.JPG 640w, https:\/\/hijasdejesus.org\/wp-content\/uploads\/2018\/01\/IMG_1100-300x200.jpg 300w, https:\/\/hijasdejesus.org\/wp-content\/uploads\/2018\/01\/IMG_1100-391x260.jpg 391w, https:\/\/hijasdejesus.org\/wp-content\/uploads\/2018\/01\/IMG_1100-480x320.jpg 480w\" sizes=\"(max-width: 640px) 100vw, 640px\" \/><\/p>\n<p>\u00a0<\/p>\n<p><img loading=\"lazy\" decoding=\"async\" class=\" size-full wp-image-9578\" src=\"https:\/\/hijasdejesus.org\/wp-content\/uploads\/2018\/01\/IMG_1146.JPG\" alt=\"\" width=\"640\" height=\"427\" srcset=\"https:\/\/hijasdejesus.org\/wp-content\/uploads\/2018\/01\/IMG_1146.JPG 640w, https:\/\/hijasdejesus.org\/wp-content\/uploads\/2018\/01\/IMG_1146-300x200.jpg 300w, https:\/\/hijasdejesus.org\/wp-content\/uploads\/2018\/01\/IMG_1146-391x260.jpg 391w, https:\/\/hijasdejesus.org\/wp-content\/uploads\/2018\/01\/IMG_1146-480x320.jpg 480w\" sizes=\"(max-width: 640px) 100vw, 640px\" \/><\/p>\n<p>\u00a0<\/p>\n<p>Then provincial superior for the Indico pacifico province, Sr Thelma Barbarona FI, warmly welcomed the participants(insert photo) then followed the Orientation and reminders, and a Recall of the past two encounters of the Lay.<\/p>\n<p>\u00a0<\/p>\n<p>\u00a0<\/p>\n<p><strong>Cultural Night<\/strong><\/p>\n<p>\u00a0<\/p>\n<p>The participants this night presented a colorful variety show of dances and song coming from the different countries. It was a way of getting to know one another, first,\u00a0 by showing a\u00a0 video presentation about their own countries and then a lively and vibrant show followed\u00a0 performed by the participants themselves. It was a joyful, fun, and lovely evening full of camaraderie and fraternity.<\/p>\n<p>\u00a0<\/p>\n<p><img loading=\"lazy\" decoding=\"async\" class=\" size-full wp-image-9580\" src=\"https:\/\/hijasdejesus.org\/wp-content\/uploads\/2018\/01\/Espaa.JPG\" alt=\"\" width=\"640\" height=\"427\" srcset=\"https:\/\/hijasdejesus.org\/wp-content\/uploads\/2018\/01\/Espaa.JPG 640w, https:\/\/hijasdejesus.org\/wp-content\/uploads\/2018\/01\/Espaa-300x200.jpg 300w, https:\/\/hijasdejesus.org\/wp-content\/uploads\/2018\/01\/Espaa-391x260.jpg 391w, https:\/\/hijasdejesus.org\/wp-content\/uploads\/2018\/01\/Espaa-480x320.jpg 480w\" sizes=\"(max-width: 640px) 100vw, 640px\" \/><\/p>\n<p>\u00a0<\/p>\n<p><img loading=\"lazy\" decoding=\"async\" class=\" size-full wp-image-9582\" src=\"https:\/\/hijasdejesus.org\/wp-content\/uploads\/2018\/01\/IMG_0897.JPG\" alt=\"\" width=\"640\" height=\"427\" srcset=\"https:\/\/hijasdejesus.org\/wp-content\/uploads\/2018\/01\/IMG_0897.JPG 640w, https:\/\/hijasdejesus.org\/wp-content\/uploads\/2018\/01\/IMG_0897-300x200.jpg 300w, https:\/\/hijasdejesus.org\/wp-content\/uploads\/2018\/01\/IMG_0897-391x260.jpg 391w, https:\/\/hijasdejesus.org\/wp-content\/uploads\/2018\/01\/IMG_0897-480x320.jpg 480w\" sizes=\"(max-width: 640px) 100vw, 640px\" \/><\/p>\n<p><img loading=\"lazy\" decoding=\"async\" class=\" size-full wp-image-9584\" src=\"https:\/\/hijasdejesus.org\/wp-content\/uploads\/2018\/01\/Argentina.JPG\" alt=\"\" width=\"640\" height=\"427\" srcset=\"https:\/\/hijasdejesus.org\/wp-content\/uploads\/2018\/01\/Argentina.JPG 640w, https:\/\/hijasdejesus.org\/wp-content\/uploads\/2018\/01\/Argentina-300x200.jpg 300w, https:\/\/hijasdejesus.org\/wp-content\/uploads\/2018\/01\/Argentina-391x260.jpg 391w, https:\/\/hijasdejesus.org\/wp-content\/uploads\/2018\/01\/Argentina-480x320.jpg 480w\" sizes=\"(max-width: 640px) 100vw, 640px\" \/><\/p>\n<p>\u00a0<\/p>\n","protected":false},"excerpt":{"rendered":"<p>Manresa Retreat House, Quezon City, Philippines \u00a0 Day 1\u00a0 \u00a0 January 26, 2018 The first day began with the celebration of the Holy Eucharist presided by Fr. Roger Champoux, SJ.\u00a0 After a sumptuous breakfast, everyone gathered at the newly built meeting hall for the grand opening ceremonies. It was a festive atmosphere right from the [&hellip;]<\/p>\n","protected":false},"author":28,"featured_media":9572,"comment_status":"","ping_status":"closed","sticky":false,"template":"","format":"standard","meta":{"_et_pb_use_builder":"","_et_pb_old_content":"","_et_gb_content_width":"","footnotes":"","_links_to":"","_links_to_target":""},"categories":[538,412],"tags":[],"class_list":["post-28728","post","type-post","status-publish","format-standard","has-post-thumbnail","hentry","category-lay-people","category-news"],"yoast_head":"<!-- This site is optimized with the Yoast SEO plugin v27.5 - https:\/\/yoast.com\/product\/yoast-seo-wordpress\/ -->\n<title>3rd IEL: Day 1 - Hijas de Jes\u00fas<\/title>\n<meta name=\"robots\" content=\"index, follow, max-snippet:-1, max-image-preview:large, max-video-preview:-1\" \/>\n<link rel=\"canonical\" href=\"https:\/\/hijasdejesus.org\/en\/3rd-iel-day-1\/\" \/>\n<meta property=\"og:locale\" content=\"en_US\" \/>\n<meta property=\"og:type\" content=\"article\" \/>\n<meta property=\"og:title\" content=\"3rd IEL: Day 1 - Hijas de Jes\u00fas\" \/>\n<meta property=\"og:description\" content=\"Manresa Retreat House, Quezon City, Philippines \u00a0 Day 1\u00a0 \u00a0 January 26, 2018 The first day began with the celebration of the Holy Eucharist presided by Fr. Roger Champoux, SJ.\u00a0 After a sumptuous breakfast, everyone gathered at the newly built meeting hall for the grand opening ceremonies. It was a festive atmosphere right from the [&hellip;]\" \/>\n<meta property=\"og:url\" content=\"https:\/\/hijasdejesus.org\/en\/3rd-iel-day-1\/\" \/>\n<meta property=\"og:site_name\" content=\"Hijas de Jes\u00fas\" \/>\n<meta property=\"article:publisher\" content=\"https:\/\/www.facebook.com\/hijasdejesusenelmundo\/\" \/>\n<meta property=\"article:published_time\" content=\"2018-01-29T10:32:02+00:00\" \/>\n<meta property=\"og:image\" content=\"https:\/\/hijasdejesus.org\/wp-content\/uploads\/2018\/01\/Talk-of-Sr.-Clara.JPG\" \/>\n\t<meta property=\"og:image:width\" content=\"640\" \/>\n\t<meta property=\"og:image:height\" content=\"427\" \/>\n\t<meta property=\"og:image:type\" content=\"image\/jpeg\" \/>\n<meta name=\"author\" content=\"Webmaster\" \/>\n<meta name=\"twitter:card\" content=\"summary_large_image\" \/>\n<meta name=\"twitter:creator\" content=\"@hijasdjesus\" \/>\n<meta name=\"twitter:site\" content=\"@hijasdjesus\" \/>\n<meta name=\"twitter:label1\" content=\"Written by\" \/>\n\t<meta name=\"twitter:data1\" content=\"Webmaster\" \/>\n\t<meta name=\"twitter:label2\" content=\"Est. reading time\" \/>\n\t<meta name=\"twitter:data2\" content=\"1 minute\" \/>\n<script type=\"application\/ld+json\" class=\"yoast-schema-graph\">{\"@context\":\"https:\\\/\\\/schema.org\",\"@graph\":[{\"@type\":\"Article\",\"@id\":\"https:\\\/\\\/hijasdejesus.org\\\/en\\\/3rd-iel-day-1\\\/#article\",\"isPartOf\":{\"@id\":\"https:\\\/\\\/hijasdejesus.org\\\/en\\\/3rd-iel-day-1\\\/\"},\"author\":{\"name\":\"Webmaster\",\"@id\":\"https:\\\/\\\/hijasdejesus.org\\\/en\\\/#\\\/schema\\\/person\\\/ce4455965da733f2791f23b6ec14e9b6\"},\"headline\":\"3rd IEL: Day 1\",\"datePublished\":\"2018-01-29T10:32:02+00:00\",\"mainEntityOfPage\":{\"@id\":\"https:\\\/\\\/hijasdejesus.org\\\/en\\\/3rd-iel-day-1\\\/\"},\"wordCount\":163,\"publisher\":{\"@id\":\"https:\\\/\\\/hijasdejesus.org\\\/en\\\/#organization\"},\"image\":{\"@id\":\"https:\\\/\\\/hijasdejesus.org\\\/en\\\/3rd-iel-day-1\\\/#primaryimage\"},\"thumbnailUrl\":\"https:\\\/\\\/hijasdejesus.org\\\/wp-content\\\/uploads\\\/2018\\\/01\\\/Talk-of-Sr.-Clara.JPG\",\"articleSection\":[\"lay people\",\"News\"],\"inLanguage\":\"en-US\"},{\"@type\":\"WebPage\",\"@id\":\"https:\\\/\\\/hijasdejesus.org\\\/en\\\/3rd-iel-day-1\\\/\",\"url\":\"https:\\\/\\\/hijasdejesus.org\\\/en\\\/3rd-iel-day-1\\\/\",\"name\":\"3rd IEL: Day 1 - Hijas de Jes\u00fas\",\"isPartOf\":{\"@id\":\"https:\\\/\\\/hijasdejesus.org\\\/en\\\/#website\"},\"primaryImageOfPage\":{\"@id\":\"https:\\\/\\\/hijasdejesus.org\\\/en\\\/3rd-iel-day-1\\\/#primaryimage\"},\"image\":{\"@id\":\"https:\\\/\\\/hijasdejesus.org\\\/en\\\/3rd-iel-day-1\\\/#primaryimage\"},\"thumbnailUrl\":\"https:\\\/\\\/hijasdejesus.org\\\/wp-content\\\/uploads\\\/2018\\\/01\\\/Talk-of-Sr.-Clara.JPG\",\"datePublished\":\"2018-01-29T10:32:02+00:00\",\"breadcrumb\":{\"@id\":\"https:\\\/\\\/hijasdejesus.org\\\/en\\\/3rd-iel-day-1\\\/#breadcrumb\"},\"inLanguage\":\"en-US\",\"potentialAction\":[{\"@type\":\"ReadAction\",\"target\":[\"https:\\\/\\\/hijasdejesus.org\\\/en\\\/3rd-iel-day-1\\\/\"]}]},{\"@type\":\"ImageObject\",\"inLanguage\":\"en-US\",\"@id\":\"https:\\\/\\\/hijasdejesus.org\\\/en\\\/3rd-iel-day-1\\\/#primaryimage\",\"url\":\"https:\\\/\\\/hijasdejesus.org\\\/wp-content\\\/uploads\\\/2018\\\/01\\\/Talk-of-Sr.-Clara.JPG\",\"contentUrl\":\"https:\\\/\\\/hijasdejesus.org\\\/wp-content\\\/uploads\\\/2018\\\/01\\\/Talk-of-Sr.-Clara.JPG\",\"width\":640,\"height\":427},{\"@type\":\"BreadcrumbList\",\"@id\":\"https:\\\/\\\/hijasdejesus.org\\\/en\\\/3rd-iel-day-1\\\/#breadcrumb\",\"itemListElement\":[{\"@type\":\"ListItem\",\"position\":1,\"name\":\"Portada\",\"item\":\"https:\\\/\\\/hijasdejesus.org\\\/en\\\/\"},{\"@type\":\"ListItem\",\"position\":2,\"name\":\"3rd IEL: Day 1\"}]},{\"@type\":\"WebSite\",\"@id\":\"https:\\\/\\\/hijasdejesus.org\\\/en\\\/#website\",\"url\":\"https:\\\/\\\/hijasdejesus.org\\\/en\\\/\",\"name\":\"Hijas de Jes\u00fas\",\"description\":\"Despertamos a Jes\u00fas en el coraz\u00f3n, sacando lo mejor de las personas. Somos una congregaci\u00f3n religiosa ignaciana fundada por la Madre Candida\",\"publisher\":{\"@id\":\"https:\\\/\\\/hijasdejesus.org\\\/en\\\/#organization\"},\"potentialAction\":[{\"@type\":\"SearchAction\",\"target\":{\"@type\":\"EntryPoint\",\"urlTemplate\":\"https:\\\/\\\/hijasdejesus.org\\\/en\\\/?s={search_term_string}\"},\"query-input\":{\"@type\":\"PropertyValueSpecification\",\"valueRequired\":true,\"valueName\":\"search_term_string\"}}],\"inLanguage\":\"en-US\"},{\"@type\":\"Organization\",\"@id\":\"https:\\\/\\\/hijasdejesus.org\\\/en\\\/#organization\",\"name\":\"Hijas de Jes\u00fas\",\"url\":\"https:\\\/\\\/hijasdejesus.org\\\/en\\\/\",\"logo\":{\"@type\":\"ImageObject\",\"inLanguage\":\"en-US\",\"@id\":\"https:\\\/\\\/hijasdejesus.org\\\/en\\\/#\\\/schema\\\/logo\\\/image\\\/\",\"url\":\"https:\\\/\\\/hijasdejesus.org\\\/wp-content\\\/uploads\\\/2023\\\/01\\\/Hijas-de-Jesus_hor-A7C957.png\",\"contentUrl\":\"https:\\\/\\\/hijasdejesus.org\\\/wp-content\\\/uploads\\\/2023\\\/01\\\/Hijas-de-Jesus_hor-A7C957.png\",\"width\":700,\"height\":360,\"caption\":\"Hijas de Jes\u00fas\"},\"image\":{\"@id\":\"https:\\\/\\\/hijasdejesus.org\\\/en\\\/#\\\/schema\\\/logo\\\/image\\\/\"},\"sameAs\":[\"https:\\\/\\\/www.facebook.com\\\/hijasdejesusenelmundo\\\/\",\"https:\\\/\\\/x.com\\\/hijasdjesus\"]},{\"@type\":\"Person\",\"@id\":\"https:\\\/\\\/hijasdejesus.org\\\/en\\\/#\\\/schema\\\/person\\\/ce4455965da733f2791f23b6ec14e9b6\",\"name\":\"Webmaster\",\"image\":{\"@type\":\"ImageObject\",\"inLanguage\":\"en-US\",\"@id\":\"https:\\\/\\\/secure.gravatar.com\\\/avatar\\\/cfd0acaac86c3981d541d2e99a0ffb7b6d33a5ac8989a62f5518b9e0f7ee128a?s=96&d=mm&r=g\",\"url\":\"https:\\\/\\\/secure.gravatar.com\\\/avatar\\\/cfd0acaac86c3981d541d2e99a0ffb7b6d33a5ac8989a62f5518b9e0f7ee128a?s=96&d=mm&r=g\",\"contentUrl\":\"https:\\\/\\\/secure.gravatar.com\\\/avatar\\\/cfd0acaac86c3981d541d2e99a0ffb7b6d33a5ac8989a62f5518b9e0f7ee128a?s=96&d=mm&r=g\",\"caption\":\"Webmaster\"},\"url\":\"https:\\\/\\\/hijasdejesus.org\\\/en\\\/author\\\/webmaster\\\/\"}]}<\/script>\n<!-- \/ Yoast SEO plugin. -->","yoast_head_json":{"title":"3rd IEL: Day 1 - Hijas de Jes\u00fas","robots":{"index":"index","follow":"follow","max-snippet":"max-snippet:-1","max-image-preview":"max-image-preview:large","max-video-preview":"max-video-preview:-1"},"canonical":"https:\/\/hijasdejesus.org\/en\/3rd-iel-day-1\/","og_locale":"en_US","og_type":"article","og_title":"3rd IEL: Day 1 - Hijas de Jes\u00fas","og_description":"Manresa Retreat House, Quezon City, Philippines \u00a0 Day 1\u00a0 \u00a0 January 26, 2018 The first day began with the celebration of the Holy Eucharist presided by Fr. Roger Champoux, SJ.\u00a0 After a sumptuous breakfast, everyone gathered at the newly built meeting hall for the grand opening ceremonies. It was a festive atmosphere right from the [&hellip;]","og_url":"https:\/\/hijasdejesus.org\/en\/3rd-iel-day-1\/","og_site_name":"Hijas de Jes\u00fas","article_publisher":"https:\/\/www.facebook.com\/hijasdejesusenelmundo\/","article_published_time":"2018-01-29T10:32:02+00:00","og_image":[{"width":640,"height":427,"url":"https:\/\/hijasdejesus.org\/wp-content\/uploads\/2018\/01\/Talk-of-Sr.-Clara.JPG","type":"image\/jpeg"}],"author":"Webmaster","twitter_card":"summary_large_image","twitter_creator":"@hijasdjesus","twitter_site":"@hijasdjesus","twitter_misc":{"Written by":"Webmaster","Est. reading time":"1 minute"},"schema":{"@context":"https:\/\/schema.org","@graph":[{"@type":"Article","@id":"https:\/\/hijasdejesus.org\/en\/3rd-iel-day-1\/#article","isPartOf":{"@id":"https:\/\/hijasdejesus.org\/en\/3rd-iel-day-1\/"},"author":{"name":"Webmaster","@id":"https:\/\/hijasdejesus.org\/en\/#\/schema\/person\/ce4455965da733f2791f23b6ec14e9b6"},"headline":"3rd IEL: Day 1","datePublished":"2018-01-29T10:32:02+00:00","mainEntityOfPage":{"@id":"https:\/\/hijasdejesus.org\/en\/3rd-iel-day-1\/"},"wordCount":163,"publisher":{"@id":"https:\/\/hijasdejesus.org\/en\/#organization"},"image":{"@id":"https:\/\/hijasdejesus.org\/en\/3rd-iel-day-1\/#primaryimage"},"thumbnailUrl":"https:\/\/hijasdejesus.org\/wp-content\/uploads\/2018\/01\/Talk-of-Sr.-Clara.JPG","articleSection":["lay people","News"],"inLanguage":"en-US"},{"@type":"WebPage","@id":"https:\/\/hijasdejesus.org\/en\/3rd-iel-day-1\/","url":"https:\/\/hijasdejesus.org\/en\/3rd-iel-day-1\/","name":"3rd IEL: Day 1 - Hijas de Jes\u00fas","isPartOf":{"@id":"https:\/\/hijasdejesus.org\/en\/#website"},"primaryImageOfPage":{"@id":"https:\/\/hijasdejesus.org\/en\/3rd-iel-day-1\/#primaryimage"},"image":{"@id":"https:\/\/hijasdejesus.org\/en\/3rd-iel-day-1\/#primaryimage"},"thumbnailUrl":"https:\/\/hijasdejesus.org\/wp-content\/uploads\/2018\/01\/Talk-of-Sr.-Clara.JPG","datePublished":"2018-01-29T10:32:02+00:00","breadcrumb":{"@id":"https:\/\/hijasdejesus.org\/en\/3rd-iel-day-1\/#breadcrumb"},"inLanguage":"en-US","potentialAction":[{"@type":"ReadAction","target":["https:\/\/hijasdejesus.org\/en\/3rd-iel-day-1\/"]}]},{"@type":"ImageObject","inLanguage":"en-US","@id":"https:\/\/hijasdejesus.org\/en\/3rd-iel-day-1\/#primaryimage","url":"https:\/\/hijasdejesus.org\/wp-content\/uploads\/2018\/01\/Talk-of-Sr.-Clara.JPG","contentUrl":"https:\/\/hijasdejesus.org\/wp-content\/uploads\/2018\/01\/Talk-of-Sr.-Clara.JPG","width":640,"height":427},{"@type":"BreadcrumbList","@id":"https:\/\/hijasdejesus.org\/en\/3rd-iel-day-1\/#breadcrumb","itemListElement":[{"@type":"ListItem","position":1,"name":"Portada","item":"https:\/\/hijasdejesus.org\/en\/"},{"@type":"ListItem","position":2,"name":"3rd IEL: Day 1"}]},{"@type":"WebSite","@id":"https:\/\/hijasdejesus.org\/en\/#website","url":"https:\/\/hijasdejesus.org\/en\/","name":"Hijas de Jes\u00fas","description":"Despertamos a Jes\u00fas en el coraz\u00f3n, sacando lo mejor de las personas. Somos una congregaci\u00f3n religiosa ignaciana fundada por la Madre Candida","publisher":{"@id":"https:\/\/hijasdejesus.org\/en\/#organization"},"potentialAction":[{"@type":"SearchAction","target":{"@type":"EntryPoint","urlTemplate":"https:\/\/hijasdejesus.org\/en\/?s={search_term_string}"},"query-input":{"@type":"PropertyValueSpecification","valueRequired":true,"valueName":"search_term_string"}}],"inLanguage":"en-US"},{"@type":"Organization","@id":"https:\/\/hijasdejesus.org\/en\/#organization","name":"Hijas de Jes\u00fas","url":"https:\/\/hijasdejesus.org\/en\/","logo":{"@type":"ImageObject","inLanguage":"en-US","@id":"https:\/\/hijasdejesus.org\/en\/#\/schema\/logo\/image\/","url":"https:\/\/hijasdejesus.org\/wp-content\/uploads\/2023\/01\/Hijas-de-Jesus_hor-A7C957.png","contentUrl":"https:\/\/hijasdejesus.org\/wp-content\/uploads\/2023\/01\/Hijas-de-Jesus_hor-A7C957.png","width":700,"height":360,"caption":"Hijas de Jes\u00fas"},"image":{"@id":"https:\/\/hijasdejesus.org\/en\/#\/schema\/logo\/image\/"},"sameAs":["https:\/\/www.facebook.com\/hijasdejesusenelmundo\/","https:\/\/x.com\/hijasdjesus"]},{"@type":"Person","@id":"https:\/\/hijasdejesus.org\/en\/#\/schema\/person\/ce4455965da733f2791f23b6ec14e9b6","name":"Webmaster","image":{"@type":"ImageObject","inLanguage":"en-US","@id":"https:\/\/secure.gravatar.com\/avatar\/cfd0acaac86c3981d541d2e99a0ffb7b6d33a5ac8989a62f5518b9e0f7ee128a?s=96&d=mm&r=g","url":"https:\/\/secure.gravatar.com\/avatar\/cfd0acaac86c3981d541d2e99a0ffb7b6d33a5ac8989a62f5518b9e0f7ee128a?s=96&d=mm&r=g","contentUrl":"https:\/\/secure.gravatar.com\/avatar\/cfd0acaac86c3981d541d2e99a0ffb7b6d33a5ac8989a62f5518b9e0f7ee128a?s=96&d=mm&r=g","caption":"Webmaster"},"url":"https:\/\/hijasdejesus.org\/en\/author\/webmaster\/"}]}},"_links":{"self":[{"href":"https:\/\/hijasdejesus.org\/en\/wp-json\/wp\/v2\/posts\/28728","targetHints":{"allow":["GET"]}}],"collection":[{"href":"https:\/\/hijasdejesus.org\/en\/wp-json\/wp\/v2\/posts"}],"about":[{"href":"https:\/\/hijasdejesus.org\/en\/wp-json\/wp\/v2\/types\/post"}],"author":[{"embeddable":true,"href":"https:\/\/hijasdejesus.org\/en\/wp-json\/wp\/v2\/users\/28"}],"replies":[{"embeddable":true,"href":"https:\/\/hijasdejesus.org\/en\/wp-json\/wp\/v2\/comments?post=28728"}],"version-history":[{"count":0,"href":"https:\/\/hijasdejesus.org\/en\/wp-json\/wp\/v2\/posts\/28728\/revisions"}],"wp:featuredmedia":[{"embeddable":true,"href":"https:\/\/hijasdejesus.org\/en\/wp-json\/wp\/v2\/media\/9572"}],"wp:attachment":[{"href":"https:\/\/hijasdejesus.org\/en\/wp-json\/wp\/v2\/media?parent=28728"}],"wp:term":[{"taxonomy":"category","embeddable":true,"href":"https:\/\/hijasdejesus.org\/en\/wp-json\/wp\/v2\/categories?post=28728"},{"taxonomy":"post_tag","embeddable":true,"href":"https:\/\/hijasdejesus.org\/en\/wp-json\/wp\/v2\/tags?post=28728"}],"curies":[{"name":"wp","href":"https:\/\/api.w.org\/{rel}","templated":true}]}}