{"id":28803,"date":"2018-04-24T09:56:52","date_gmt":"2018-04-24T07:56:52","guid":{"rendered":"https:\/\/nueva.hijasdejesus.org\/prayer-for-the-18th-gc\/"},"modified":"2018-04-25T18:08:16","modified_gmt":"2018-04-25T16:08:16","slug":"prayer-for-the-18th-gc","status":"publish","type":"post","link":"https:\/\/hijasdejesus.org\/en\/prayer-for-the-18th-gc\/","title":{"rendered":"PRAYER FOR THE 18th\u00a0GC"},"content":{"rendered":"<p class=\"MsoNormal\" style=\"margin: 0in 0in 8pt; color: #222222; text-align: center; line-height: normal; font-size: 11pt; font-family: Calibri, sans-serif;\" align=\"center\">\n<p align=\"center\">Our Lady of the Expectation, of fidelity<\/p>\n<p align=\"center\">and of service, of poverty,<\/p>\n<p align=\"center\">of love and silence,<\/p>\n<p align=\"center\">of the new creation by the Spirit,<\/p>\n<p align=\"center\">give us new eyes to know that the Risen Christ<\/p>\n<p align=\"center\">and the strength of his Spirit is in the midst of us<\/p>\n<p align=\"center\">who form the charismatic family of<\/p>\n<p align=\"center\">Saint Candida Ma. de Jesus,<\/p>\n<p align=\"center\">in this pilgrimage towards the next CG.<\/p>\n<p align=\"center\">\u00a0<br \/><span lang=\"EN\">Help us so that Jesus, the incarnate Son<\/span><\/p>\n<p align=\"center\"><span lang=\"EN\">who died and rose again,\u00a0\u00a0may be the one to lead us<\/span><\/p>\n<p align=\"center\"><span lang=\"EN\">in this new period begun on April 2.<\/span><\/p>\n<p align=\"center\"><span lang=\"EN\"><br \/>\u00a0O Mary, accompany our search to discern:<\/span><\/p>\n<p align=\"center\"><span lang=\"EN\">WHAT ARE YOU CALLING US TO, LORD?<\/span><\/p>\n<p align=\"center\"><span lang=\"EN\">WHAT DO YOU WANT US TO DO?<\/span><\/p>\n<p align=\"center\"><span lang=\"EN\">Help us to get in tune with the<\/span><\/p>\n<p align=\"center\"><span lang=\"EN\">Spirit of God, rejecting what does not come from Him.<\/span><\/p>\n<p align=\"center\"><span lang=\"EN\">Dispose us during this entire period to that prayerful reading<\/span><\/p>\n<p align=\"center\"><span lang=\"EN\">of the Word and the suggested texts &#8230;<\/span><\/p>\n<p align=\"center\"><span lang=\"EN\">In order to live the attitudes of:<\/span><\/p>\n<p align=\"center\"><span lang=\"EN\">&#8211; UNION AND SEARCH IN COMMON<\/span><\/p>\n<p align=\"center\"><span lang=\"EN\">&#8211; DOING OUR BEST<\/span><\/p>\n<p align=\"center\"><span lang=\"EN\">&#8211; GIVING WHATEVER EACH ONE CAN<\/span><\/p>\n<p align=\"center\"><span lang=\"EN\">IN OUR CURRENT CIRCUMSTANCE<\/span><\/p>\n<p align=\"center\"><span lang=\"EN\">&#8211; COLLABORATION BY THE LAY<\/span><\/p>\n<p align=\"center\"><span lang=\"EN\">WHO SHARE THE CHARISM OF MOTHER CANDIDA &#8230;<\/span><\/p>\n<p align=\"center\"><span lang=\"EN\">Help us to keep our lamps lighted<\/span><\/p>\n<p align=\"center\"><span lang=\"EN\">so that we may support the action of the Spirit.<\/span><\/p>\n<p align=\"center\"><span lang=\"EN\">Show us the Father and the living Christ<\/span><\/p>\n<p align=\"center\"><span lang=\"EN\">in all our brothers and sisters,<\/span><\/p>\n<p align=\"center\"><span lang=\"EN\">especially in those who suffer most &#8230; and seek in hope<\/span><\/p>\n<p align=\"center\"><span lang=\"EN\">the peace and comfort that comes from You,<\/span><\/p>\n<p align=\"center\"><span lang=\"EN\">through us. Amen.<\/span><\/p>\n<div>\n<div id=\":qh\" tabindex=\"0\" data-tooltip=\"Mostrar contenido reducido\"><img decoding=\"async\" src=\"https:\/\/ssl.gstatic.com\/ui\/v1\/icons\/mail\/images\/cleardot.gif\" \/><\/div>\n<\/div>\n","protected":false},"excerpt":{"rendered":"<p>Our Lady of the Expectation, of fidelity and of service, of poverty, of love and silence, of the new creation by the Spirit, give us new eyes to know that the Risen Christ and the strength of his Spirit is in the midst of us who form the charismatic family of Saint Candida Ma. de [&hellip;]<\/p>\n","protected":false},"author":28,"featured_media":9626,"comment_status":"closed","ping_status":"closed","sticky":false,"template":"","format":"standard","meta":{"_et_pb_use_builder":"","_et_pb_old_content":"","_et_gb_content_width":"","footnotes":"","_links_to":"","_links_to_target":""},"categories":[482,528,412],"tags":[],"class_list":["post-28803","post","type-post","status-publish","format-standard","has-post-thumbnail","hentry","category-andean-america","category-hijas-de-jesus-en","category-news"],"yoast_head":"<!-- This site is optimized with the Yoast SEO plugin v27.4 - https:\/\/yoast.com\/product\/yoast-seo-wordpress\/ -->\n<title>PRAYER FOR THE 18th\u00a0GC - Hijas de Jes\u00fas<\/title>\n<meta name=\"robots\" content=\"index, follow, max-snippet:-1, max-image-preview:large, max-video-preview:-1\" \/>\n<link rel=\"canonical\" href=\"https:\/\/hijasdejesus.org\/en\/prayer-for-the-18th-gc\/\" \/>\n<meta property=\"og:locale\" content=\"en_US\" \/>\n<meta property=\"og:type\" content=\"article\" \/>\n<meta property=\"og:title\" content=\"PRAYER FOR THE 18th\u00a0GC - Hijas de Jes\u00fas\" \/>\n<meta property=\"og:description\" content=\"Our Lady of the Expectation, of fidelity and of service, of poverty, of love and silence, of the new creation by the Spirit, give us new eyes to know that the Risen Christ and the strength of his Spirit is in the midst of us who form the charismatic family of Saint Candida Ma. de [&hellip;]\" \/>\n<meta property=\"og:url\" content=\"https:\/\/hijasdejesus.org\/en\/prayer-for-the-18th-gc\/\" \/>\n<meta property=\"og:site_name\" content=\"Hijas de Jes\u00fas\" \/>\n<meta property=\"article:publisher\" content=\"https:\/\/www.facebook.com\/hijasdejesusenelmundo\/\" \/>\n<meta property=\"article:published_time\" content=\"2018-04-24T07:56:52+00:00\" \/>\n<meta property=\"article:modified_time\" content=\"2018-04-25T16:08:16+00:00\" \/>\n<meta property=\"og:image\" content=\"https:\/\/hijasdejesus.org\/wp-content\/uploads\/2018\/04\/IMG-20180412-WA0035.jpg\" \/>\n\t<meta property=\"og:image:width\" content=\"1280\" \/>\n\t<meta property=\"og:image:height\" content=\"1278\" \/>\n\t<meta property=\"og:image:type\" content=\"image\/jpeg\" \/>\n<meta name=\"author\" content=\"Webmaster\" \/>\n<meta name=\"twitter:card\" content=\"summary_large_image\" \/>\n<meta name=\"twitter:creator\" content=\"@hijasdjesus\" \/>\n<meta name=\"twitter:site\" content=\"@hijasdjesus\" \/>\n<meta name=\"twitter:label1\" content=\"Written by\" \/>\n\t<meta name=\"twitter:data1\" content=\"Webmaster\" \/>\n\t<meta name=\"twitter:label2\" content=\"Est. reading time\" \/>\n\t<meta name=\"twitter:data2\" content=\"1 minute\" \/>\n<script type=\"application\/ld+json\" class=\"yoast-schema-graph\">{\"@context\":\"https:\\\/\\\/schema.org\",\"@graph\":[{\"@type\":\"Article\",\"@id\":\"https:\\\/\\\/hijasdejesus.org\\\/en\\\/prayer-for-the-18th-gc\\\/#article\",\"isPartOf\":{\"@id\":\"https:\\\/\\\/hijasdejesus.org\\\/en\\\/prayer-for-the-18th-gc\\\/\"},\"author\":{\"name\":\"Webmaster\",\"@id\":\"https:\\\/\\\/hijasdejesus.org\\\/en\\\/#\\\/schema\\\/person\\\/ce4455965da733f2791f23b6ec14e9b6\"},\"headline\":\"PRAYER FOR THE 18th\u00a0GC\",\"datePublished\":\"2018-04-24T07:56:52+00:00\",\"dateModified\":\"2018-04-25T16:08:16+00:00\",\"mainEntityOfPage\":{\"@id\":\"https:\\\/\\\/hijasdejesus.org\\\/en\\\/prayer-for-the-18th-gc\\\/\"},\"wordCount\":242,\"publisher\":{\"@id\":\"https:\\\/\\\/hijasdejesus.org\\\/en\\\/#organization\"},\"image\":{\"@id\":\"https:\\\/\\\/hijasdejesus.org\\\/en\\\/prayer-for-the-18th-gc\\\/#primaryimage\"},\"thumbnailUrl\":\"https:\\\/\\\/hijasdejesus.org\\\/wp-content\\\/uploads\\\/2018\\\/04\\\/IMG-20180412-WA0035.jpg\",\"articleSection\":[\"Andean America\",\"Hijas de Jes\u00fas\",\"News\"],\"inLanguage\":\"en-US\"},{\"@type\":\"WebPage\",\"@id\":\"https:\\\/\\\/hijasdejesus.org\\\/en\\\/prayer-for-the-18th-gc\\\/\",\"url\":\"https:\\\/\\\/hijasdejesus.org\\\/en\\\/prayer-for-the-18th-gc\\\/\",\"name\":\"PRAYER FOR THE 18th\u00a0GC - Hijas de Jes\u00fas\",\"isPartOf\":{\"@id\":\"https:\\\/\\\/hijasdejesus.org\\\/en\\\/#website\"},\"primaryImageOfPage\":{\"@id\":\"https:\\\/\\\/hijasdejesus.org\\\/en\\\/prayer-for-the-18th-gc\\\/#primaryimage\"},\"image\":{\"@id\":\"https:\\\/\\\/hijasdejesus.org\\\/en\\\/prayer-for-the-18th-gc\\\/#primaryimage\"},\"thumbnailUrl\":\"https:\\\/\\\/hijasdejesus.org\\\/wp-content\\\/uploads\\\/2018\\\/04\\\/IMG-20180412-WA0035.jpg\",\"datePublished\":\"2018-04-24T07:56:52+00:00\",\"dateModified\":\"2018-04-25T16:08:16+00:00\",\"breadcrumb\":{\"@id\":\"https:\\\/\\\/hijasdejesus.org\\\/en\\\/prayer-for-the-18th-gc\\\/#breadcrumb\"},\"inLanguage\":\"en-US\",\"potentialAction\":[{\"@type\":\"ReadAction\",\"target\":[\"https:\\\/\\\/hijasdejesus.org\\\/en\\\/prayer-for-the-18th-gc\\\/\"]}]},{\"@type\":\"ImageObject\",\"inLanguage\":\"en-US\",\"@id\":\"https:\\\/\\\/hijasdejesus.org\\\/en\\\/prayer-for-the-18th-gc\\\/#primaryimage\",\"url\":\"https:\\\/\\\/hijasdejesus.org\\\/wp-content\\\/uploads\\\/2018\\\/04\\\/IMG-20180412-WA0035.jpg\",\"contentUrl\":\"https:\\\/\\\/hijasdejesus.org\\\/wp-content\\\/uploads\\\/2018\\\/04\\\/IMG-20180412-WA0035.jpg\",\"width\":1280,\"height\":1278},{\"@type\":\"BreadcrumbList\",\"@id\":\"https:\\\/\\\/hijasdejesus.org\\\/en\\\/prayer-for-the-18th-gc\\\/#breadcrumb\",\"itemListElement\":[{\"@type\":\"ListItem\",\"position\":1,\"name\":\"Portada\",\"item\":\"https:\\\/\\\/hijasdejesus.org\\\/en\\\/\"},{\"@type\":\"ListItem\",\"position\":2,\"name\":\"PRAYER FOR THE 18th\u00a0GC\"}]},{\"@type\":\"WebSite\",\"@id\":\"https:\\\/\\\/hijasdejesus.org\\\/en\\\/#website\",\"url\":\"https:\\\/\\\/hijasdejesus.org\\\/en\\\/\",\"name\":\"Hijas de Jes\u00fas\",\"description\":\"Despertamos a Jes\u00fas en el coraz\u00f3n, sacando lo mejor de las personas. Somos una congregaci\u00f3n religiosa ignaciana fundada por la Madre Candida\",\"publisher\":{\"@id\":\"https:\\\/\\\/hijasdejesus.org\\\/en\\\/#organization\"},\"potentialAction\":[{\"@type\":\"SearchAction\",\"target\":{\"@type\":\"EntryPoint\",\"urlTemplate\":\"https:\\\/\\\/hijasdejesus.org\\\/en\\\/?s={search_term_string}\"},\"query-input\":{\"@type\":\"PropertyValueSpecification\",\"valueRequired\":true,\"valueName\":\"search_term_string\"}}],\"inLanguage\":\"en-US\"},{\"@type\":\"Organization\",\"@id\":\"https:\\\/\\\/hijasdejesus.org\\\/en\\\/#organization\",\"name\":\"Hijas de Jes\u00fas\",\"url\":\"https:\\\/\\\/hijasdejesus.org\\\/en\\\/\",\"logo\":{\"@type\":\"ImageObject\",\"inLanguage\":\"en-US\",\"@id\":\"https:\\\/\\\/hijasdejesus.org\\\/en\\\/#\\\/schema\\\/logo\\\/image\\\/\",\"url\":\"https:\\\/\\\/hijasdejesus.org\\\/wp-content\\\/uploads\\\/2023\\\/01\\\/Hijas-de-Jesus_hor-A7C957.png\",\"contentUrl\":\"https:\\\/\\\/hijasdejesus.org\\\/wp-content\\\/uploads\\\/2023\\\/01\\\/Hijas-de-Jesus_hor-A7C957.png\",\"width\":700,\"height\":360,\"caption\":\"Hijas de Jes\u00fas\"},\"image\":{\"@id\":\"https:\\\/\\\/hijasdejesus.org\\\/en\\\/#\\\/schema\\\/logo\\\/image\\\/\"},\"sameAs\":[\"https:\\\/\\\/www.facebook.com\\\/hijasdejesusenelmundo\\\/\",\"https:\\\/\\\/x.com\\\/hijasdjesus\"]},{\"@type\":\"Person\",\"@id\":\"https:\\\/\\\/hijasdejesus.org\\\/en\\\/#\\\/schema\\\/person\\\/ce4455965da733f2791f23b6ec14e9b6\",\"name\":\"Webmaster\",\"image\":{\"@type\":\"ImageObject\",\"inLanguage\":\"en-US\",\"@id\":\"https:\\\/\\\/secure.gravatar.com\\\/avatar\\\/cfd0acaac86c3981d541d2e99a0ffb7b6d33a5ac8989a62f5518b9e0f7ee128a?s=96&d=mm&r=g\",\"url\":\"https:\\\/\\\/secure.gravatar.com\\\/avatar\\\/cfd0acaac86c3981d541d2e99a0ffb7b6d33a5ac8989a62f5518b9e0f7ee128a?s=96&d=mm&r=g\",\"contentUrl\":\"https:\\\/\\\/secure.gravatar.com\\\/avatar\\\/cfd0acaac86c3981d541d2e99a0ffb7b6d33a5ac8989a62f5518b9e0f7ee128a?s=96&d=mm&r=g\",\"caption\":\"Webmaster\"},\"url\":\"https:\\\/\\\/hijasdejesus.org\\\/en\\\/author\\\/webmaster\\\/\"}]}<\/script>\n<!-- \/ Yoast SEO plugin. -->","yoast_head_json":{"title":"PRAYER FOR THE 18th\u00a0GC - Hijas de Jes\u00fas","robots":{"index":"index","follow":"follow","max-snippet":"max-snippet:-1","max-image-preview":"max-image-preview:large","max-video-preview":"max-video-preview:-1"},"canonical":"https:\/\/hijasdejesus.org\/en\/prayer-for-the-18th-gc\/","og_locale":"en_US","og_type":"article","og_title":"PRAYER FOR THE 18th\u00a0GC - Hijas de Jes\u00fas","og_description":"Our Lady of the Expectation, of fidelity and of service, of poverty, of love and silence, of the new creation by the Spirit, give us new eyes to know that the Risen Christ and the strength of his Spirit is in the midst of us who form the charismatic family of Saint Candida Ma. de [&hellip;]","og_url":"https:\/\/hijasdejesus.org\/en\/prayer-for-the-18th-gc\/","og_site_name":"Hijas de Jes\u00fas","article_publisher":"https:\/\/www.facebook.com\/hijasdejesusenelmundo\/","article_published_time":"2018-04-24T07:56:52+00:00","article_modified_time":"2018-04-25T16:08:16+00:00","og_image":[{"width":1280,"height":1278,"url":"https:\/\/hijasdejesus.org\/wp-content\/uploads\/2018\/04\/IMG-20180412-WA0035.jpg","type":"image\/jpeg"}],"author":"Webmaster","twitter_card":"summary_large_image","twitter_creator":"@hijasdjesus","twitter_site":"@hijasdjesus","twitter_misc":{"Written by":"Webmaster","Est. reading time":"1 minute"},"schema":{"@context":"https:\/\/schema.org","@graph":[{"@type":"Article","@id":"https:\/\/hijasdejesus.org\/en\/prayer-for-the-18th-gc\/#article","isPartOf":{"@id":"https:\/\/hijasdejesus.org\/en\/prayer-for-the-18th-gc\/"},"author":{"name":"Webmaster","@id":"https:\/\/hijasdejesus.org\/en\/#\/schema\/person\/ce4455965da733f2791f23b6ec14e9b6"},"headline":"PRAYER FOR THE 18th\u00a0GC","datePublished":"2018-04-24T07:56:52+00:00","dateModified":"2018-04-25T16:08:16+00:00","mainEntityOfPage":{"@id":"https:\/\/hijasdejesus.org\/en\/prayer-for-the-18th-gc\/"},"wordCount":242,"publisher":{"@id":"https:\/\/hijasdejesus.org\/en\/#organization"},"image":{"@id":"https:\/\/hijasdejesus.org\/en\/prayer-for-the-18th-gc\/#primaryimage"},"thumbnailUrl":"https:\/\/hijasdejesus.org\/wp-content\/uploads\/2018\/04\/IMG-20180412-WA0035.jpg","articleSection":["Andean America","Hijas de Jes\u00fas","News"],"inLanguage":"en-US"},{"@type":"WebPage","@id":"https:\/\/hijasdejesus.org\/en\/prayer-for-the-18th-gc\/","url":"https:\/\/hijasdejesus.org\/en\/prayer-for-the-18th-gc\/","name":"PRAYER FOR THE 18th\u00a0GC - Hijas de Jes\u00fas","isPartOf":{"@id":"https:\/\/hijasdejesus.org\/en\/#website"},"primaryImageOfPage":{"@id":"https:\/\/hijasdejesus.org\/en\/prayer-for-the-18th-gc\/#primaryimage"},"image":{"@id":"https:\/\/hijasdejesus.org\/en\/prayer-for-the-18th-gc\/#primaryimage"},"thumbnailUrl":"https:\/\/hijasdejesus.org\/wp-content\/uploads\/2018\/04\/IMG-20180412-WA0035.jpg","datePublished":"2018-04-24T07:56:52+00:00","dateModified":"2018-04-25T16:08:16+00:00","breadcrumb":{"@id":"https:\/\/hijasdejesus.org\/en\/prayer-for-the-18th-gc\/#breadcrumb"},"inLanguage":"en-US","potentialAction":[{"@type":"ReadAction","target":["https:\/\/hijasdejesus.org\/en\/prayer-for-the-18th-gc\/"]}]},{"@type":"ImageObject","inLanguage":"en-US","@id":"https:\/\/hijasdejesus.org\/en\/prayer-for-the-18th-gc\/#primaryimage","url":"https:\/\/hijasdejesus.org\/wp-content\/uploads\/2018\/04\/IMG-20180412-WA0035.jpg","contentUrl":"https:\/\/hijasdejesus.org\/wp-content\/uploads\/2018\/04\/IMG-20180412-WA0035.jpg","width":1280,"height":1278},{"@type":"BreadcrumbList","@id":"https:\/\/hijasdejesus.org\/en\/prayer-for-the-18th-gc\/#breadcrumb","itemListElement":[{"@type":"ListItem","position":1,"name":"Portada","item":"https:\/\/hijasdejesus.org\/en\/"},{"@type":"ListItem","position":2,"name":"PRAYER FOR THE 18th\u00a0GC"}]},{"@type":"WebSite","@id":"https:\/\/hijasdejesus.org\/en\/#website","url":"https:\/\/hijasdejesus.org\/en\/","name":"Hijas de Jes\u00fas","description":"Despertamos a Jes\u00fas en el coraz\u00f3n, sacando lo mejor de las personas. Somos una congregaci\u00f3n religiosa ignaciana fundada por la Madre Candida","publisher":{"@id":"https:\/\/hijasdejesus.org\/en\/#organization"},"potentialAction":[{"@type":"SearchAction","target":{"@type":"EntryPoint","urlTemplate":"https:\/\/hijasdejesus.org\/en\/?s={search_term_string}"},"query-input":{"@type":"PropertyValueSpecification","valueRequired":true,"valueName":"search_term_string"}}],"inLanguage":"en-US"},{"@type":"Organization","@id":"https:\/\/hijasdejesus.org\/en\/#organization","name":"Hijas de Jes\u00fas","url":"https:\/\/hijasdejesus.org\/en\/","logo":{"@type":"ImageObject","inLanguage":"en-US","@id":"https:\/\/hijasdejesus.org\/en\/#\/schema\/logo\/image\/","url":"https:\/\/hijasdejesus.org\/wp-content\/uploads\/2023\/01\/Hijas-de-Jesus_hor-A7C957.png","contentUrl":"https:\/\/hijasdejesus.org\/wp-content\/uploads\/2023\/01\/Hijas-de-Jesus_hor-A7C957.png","width":700,"height":360,"caption":"Hijas de Jes\u00fas"},"image":{"@id":"https:\/\/hijasdejesus.org\/en\/#\/schema\/logo\/image\/"},"sameAs":["https:\/\/www.facebook.com\/hijasdejesusenelmundo\/","https:\/\/x.com\/hijasdjesus"]},{"@type":"Person","@id":"https:\/\/hijasdejesus.org\/en\/#\/schema\/person\/ce4455965da733f2791f23b6ec14e9b6","name":"Webmaster","image":{"@type":"ImageObject","inLanguage":"en-US","@id":"https:\/\/secure.gravatar.com\/avatar\/cfd0acaac86c3981d541d2e99a0ffb7b6d33a5ac8989a62f5518b9e0f7ee128a?s=96&d=mm&r=g","url":"https:\/\/secure.gravatar.com\/avatar\/cfd0acaac86c3981d541d2e99a0ffb7b6d33a5ac8989a62f5518b9e0f7ee128a?s=96&d=mm&r=g","contentUrl":"https:\/\/secure.gravatar.com\/avatar\/cfd0acaac86c3981d541d2e99a0ffb7b6d33a5ac8989a62f5518b9e0f7ee128a?s=96&d=mm&r=g","caption":"Webmaster"},"url":"https:\/\/hijasdejesus.org\/en\/author\/webmaster\/"}]}},"_links":{"self":[{"href":"https:\/\/hijasdejesus.org\/en\/wp-json\/wp\/v2\/posts\/28803","targetHints":{"allow":["GET"]}}],"collection":[{"href":"https:\/\/hijasdejesus.org\/en\/wp-json\/wp\/v2\/posts"}],"about":[{"href":"https:\/\/hijasdejesus.org\/en\/wp-json\/wp\/v2\/types\/post"}],"author":[{"embeddable":true,"href":"https:\/\/hijasdejesus.org\/en\/wp-json\/wp\/v2\/users\/28"}],"replies":[{"embeddable":true,"href":"https:\/\/hijasdejesus.org\/en\/wp-json\/wp\/v2\/comments?post=28803"}],"version-history":[{"count":0,"href":"https:\/\/hijasdejesus.org\/en\/wp-json\/wp\/v2\/posts\/28803\/revisions"}],"wp:featuredmedia":[{"embeddable":true,"href":"https:\/\/hijasdejesus.org\/en\/wp-json\/wp\/v2\/media\/9626"}],"wp:attachment":[{"href":"https:\/\/hijasdejesus.org\/en\/wp-json\/wp\/v2\/media?parent=28803"}],"wp:term":[{"taxonomy":"category","embeddable":true,"href":"https:\/\/hijasdejesus.org\/en\/wp-json\/wp\/v2\/categories?post=28803"},{"taxonomy":"post_tag","embeddable":true,"href":"https:\/\/hijasdejesus.org\/en\/wp-json\/wp\/v2\/tags?post=28803"}],"curies":[{"name":"wp","href":"https:\/\/api.w.org\/{rel}","templated":true}]}}