{"id":28807,"date":"2018-04-26T10:07:03","date_gmt":"2018-04-26T08:07:03","guid":{"rendered":"https:\/\/nueva.hijasdejesus.org\/looking-ahead-to-the-next-general-congregation-reina-de-la-paz\/"},"modified":"2018-05-04T12:11:38","modified_gmt":"2018-05-04T10:11:38","slug":"looking-ahead-to-the-next-general-congregation-reina-de-la-paz","status":"publish","type":"post","link":"https:\/\/hijasdejesus.org\/en\/looking-ahead-to-the-next-general-congregation-reina-de-la-paz\/","title":{"rendered":"Looking ahead to the next General Congregation &#8211; Reina de la Paz"},"content":{"rendered":"<p><span title=\"Desde el pasado 2 de abril venimos acogiendo la convocatoria y trabajo propuesto hasta el momento para prepararnos a la pr\u00f3xima Congregaci\u00f3n General que, sin duda, ofrecer\u00e1 a la familia de Santa C\u00e1ndida Mar\u00eda de Jes\u00fas con la presencia del Esp\u00edritu, la colaboraci\u00f3n y empe\u00f1o de todas\"><br \/><\/span><\/p>\n<p><span style=\"font-size: 12.16px;\" title=\"Desde el pasado 2 de abril venimos acogiendo la convocatoria y trabajo propuesto hasta el momento para prepararnos a la pr\u00f3xima Congregaci\u00f3n General que, sin duda, ofrecer\u00e1 a la familia de Santa C\u00e1ndida Mar\u00eda de Jes\u00fas con la presencia del Esp\u00edritu, la colaboraci\u00f3n y empe\u00f1o de todas\"><strong style=\"box-sizing: border-box; margin: 0px; padding: 0px; border: 0px; outline: 0px; font-size: 16px; font-family: Frutiger; vertical-align: baseline; color: #49105b; text-align: right;\">Colombia-<\/strong>Since last April 2 we have been welcoming the convocation and work proposed so far to prepare us for the next General Congregation that, without a doubt, will offer the family of St. Candida Mar\u00eda de Jes\u00fas with the presence of the Spirit, the collaboration and commitment of all\u00a0<\/span><span style=\"font-size: 12.16px;\" title=\"nosotras, \u201cunos nuevos colores del carisma, a la luz de las necesidades que tiene el mundo de hoy\u201d (Circular No. 93 de nuestra S. General).\">of us, &#8220;some new colors of the charism, in light of the needs of the world today&#8221; (Circular No. 93 of our Superior General).<\/span><\/p>\n<p><span lang=\"EN\"><br \/><\/span><span title=\"Vamos valorando y agradeciendo mucho el material ofrecido.\">We appreciate and value the material being offered.\u00a0<\/span><span title=\"Gu\u00edas debidamente pensadas y preparadas para el fin que pretenden y que realmente nos est\u00e1n ayudando a tomar contacto con la Palabra de Dios, a orar con m\u00e1s paz, a sentirnos unidas a la universal congregaci\u00f3n y ponernos en sinton\u00eda con este momento congregacional que nos hace mirar\">Guides properly thought out and prepared for the objective that they have in mind and which are really helping us to make contact with the Word of God, to pray with greater peace, to feel united to the universal congregation and to get in tune with this congregational moment that makes us look\u00a0<\/span><span title=\"no s\u00f3lo a nosotras sino tambi\u00e9n al mundo y sus situaciones.\">not only at ourselves but also at the world and its situations.\u00a0<\/span><span title=\"Cada d\u00eda impacta e impresiona m\u00e1s su realidad, sus situaciones tan complejas en todo lado y en diversos campos y nos habla realmente a gritos de la necesidad de construir fraternidad universal, aunque el carisma recibido sea una peque\u00f1\u00edsima levadura en medio el mundo.\">Each day we are increasingly struck and impressed by its reality, its complex situations everywhere and in different fields; and this really speaks strongly to us of the need to build universal fraternity, even if the charism received may be a tiny leaven in the midst of the world.\u00a0<\/span><span title=\"Terminamos el mes con esperanza, ilusi\u00f3n y gratitud.\">We end the month with hope, eagerness and gratitude.\u00a0<\/span><span title=\"Unidas a nuestras hermanas en Roma, tanto al gobierno general como a los provinciales preparando en Roma los pr\u00f3ximos pasos.\">We remain united to our sisters in Rome, the general government and the provincials who are preparing the next steps.<\/span><\/p>\n<p><span title=\"Unidas a nuestras hermanas en Roma, tanto al gobierno general como a los provinciales preparando en Roma los pr\u00f3ximos pasos.\">\u00a0<\/span><\/p>\n","protected":false},"excerpt":{"rendered":"<p>Colombia-Since last April 2 we have been welcoming the convocation and work proposed so far to prepare us for the next General Congregation that, without a doubt, will offer the family of St. Candida Mar\u00eda de Jes\u00fas with the presence of the Spirit, the collaboration and commitment of all\u00a0of us, &#8220;some new colors of the [&hellip;]<\/p>\n","protected":false},"author":28,"featured_media":0,"comment_status":"closed","ping_status":"closed","sticky":false,"template":"","format":"standard","meta":{"_et_pb_use_builder":"","_et_pb_old_content":"","_et_gb_content_width":"","footnotes":"","_links_to":"","_links_to_target":""},"categories":[482,508,528,412],"tags":[],"class_list":["post-28807","post","type-post","status-publish","format-standard","hentry","category-andean-america","category-colombia-en","category-hijas-de-jesus-en","category-news"],"yoast_head":"<!-- This site is optimized with the Yoast SEO plugin v27.4 - https:\/\/yoast.com\/product\/yoast-seo-wordpress\/ -->\n<title>Looking ahead to the next General Congregation - Reina de la Paz - Hijas de Jes\u00fas<\/title>\n<meta name=\"robots\" content=\"index, follow, max-snippet:-1, max-image-preview:large, max-video-preview:-1\" \/>\n<link rel=\"canonical\" href=\"https:\/\/hijasdejesus.org\/en\/looking-ahead-to-the-next-general-congregation-reina-de-la-paz\/\" \/>\n<meta property=\"og:locale\" content=\"en_US\" \/>\n<meta property=\"og:type\" content=\"article\" \/>\n<meta property=\"og:title\" content=\"Looking ahead to the next General Congregation - Reina de la Paz - Hijas de Jes\u00fas\" \/>\n<meta property=\"og:description\" content=\"Colombia-Since last April 2 we have been welcoming the convocation and work proposed so far to prepare us for the next General Congregation that, without a doubt, will offer the family of St. Candida Mar\u00eda de Jes\u00fas with the presence of the Spirit, the collaboration and commitment of all\u00a0of us, &#8220;some new colors of the [&hellip;]\" \/>\n<meta property=\"og:url\" content=\"https:\/\/hijasdejesus.org\/en\/looking-ahead-to-the-next-general-congregation-reina-de-la-paz\/\" \/>\n<meta property=\"og:site_name\" content=\"Hijas de Jes\u00fas\" \/>\n<meta property=\"article:publisher\" content=\"https:\/\/www.facebook.com\/hijasdejesusenelmundo\/\" \/>\n<meta property=\"article:published_time\" content=\"2018-04-26T08:07:03+00:00\" \/>\n<meta property=\"article:modified_time\" content=\"2018-05-04T10:11:38+00:00\" \/>\n<meta name=\"author\" content=\"Webmaster\" \/>\n<meta name=\"twitter:card\" content=\"summary_large_image\" \/>\n<meta name=\"twitter:creator\" content=\"@hijasdjesus\" \/>\n<meta name=\"twitter:site\" content=\"@hijasdjesus\" \/>\n<meta name=\"twitter:label1\" content=\"Written by\" \/>\n\t<meta name=\"twitter:data1\" content=\"Webmaster\" \/>\n\t<meta name=\"twitter:label2\" content=\"Est. reading time\" \/>\n\t<meta name=\"twitter:data2\" content=\"1 minute\" \/>\n<script type=\"application\/ld+json\" class=\"yoast-schema-graph\">{\"@context\":\"https:\\\/\\\/schema.org\",\"@graph\":[{\"@type\":\"Article\",\"@id\":\"https:\\\/\\\/hijasdejesus.org\\\/en\\\/looking-ahead-to-the-next-general-congregation-reina-de-la-paz\\\/#article\",\"isPartOf\":{\"@id\":\"https:\\\/\\\/hijasdejesus.org\\\/en\\\/looking-ahead-to-the-next-general-congregation-reina-de-la-paz\\\/\"},\"author\":{\"name\":\"Webmaster\",\"@id\":\"https:\\\/\\\/hijasdejesus.org\\\/en\\\/#\\\/schema\\\/person\\\/ce4455965da733f2791f23b6ec14e9b6\"},\"headline\":\"Looking ahead to the next General Congregation &#8211; Reina de la Paz\",\"datePublished\":\"2018-04-26T08:07:03+00:00\",\"dateModified\":\"2018-05-04T10:11:38+00:00\",\"mainEntityOfPage\":{\"@id\":\"https:\\\/\\\/hijasdejesus.org\\\/en\\\/looking-ahead-to-the-next-general-congregation-reina-de-la-paz\\\/\"},\"wordCount\":236,\"publisher\":{\"@id\":\"https:\\\/\\\/hijasdejesus.org\\\/en\\\/#organization\"},\"articleSection\":[\"Andean America\",\"Colombia\",\"Hijas de Jes\u00fas\",\"News\"],\"inLanguage\":\"en-US\"},{\"@type\":\"WebPage\",\"@id\":\"https:\\\/\\\/hijasdejesus.org\\\/en\\\/looking-ahead-to-the-next-general-congregation-reina-de-la-paz\\\/\",\"url\":\"https:\\\/\\\/hijasdejesus.org\\\/en\\\/looking-ahead-to-the-next-general-congregation-reina-de-la-paz\\\/\",\"name\":\"Looking ahead to the next General Congregation - Reina de la Paz - Hijas de Jes\u00fas\",\"isPartOf\":{\"@id\":\"https:\\\/\\\/hijasdejesus.org\\\/en\\\/#website\"},\"datePublished\":\"2018-04-26T08:07:03+00:00\",\"dateModified\":\"2018-05-04T10:11:38+00:00\",\"breadcrumb\":{\"@id\":\"https:\\\/\\\/hijasdejesus.org\\\/en\\\/looking-ahead-to-the-next-general-congregation-reina-de-la-paz\\\/#breadcrumb\"},\"inLanguage\":\"en-US\",\"potentialAction\":[{\"@type\":\"ReadAction\",\"target\":[\"https:\\\/\\\/hijasdejesus.org\\\/en\\\/looking-ahead-to-the-next-general-congregation-reina-de-la-paz\\\/\"]}]},{\"@type\":\"BreadcrumbList\",\"@id\":\"https:\\\/\\\/hijasdejesus.org\\\/en\\\/looking-ahead-to-the-next-general-congregation-reina-de-la-paz\\\/#breadcrumb\",\"itemListElement\":[{\"@type\":\"ListItem\",\"position\":1,\"name\":\"Portada\",\"item\":\"https:\\\/\\\/hijasdejesus.org\\\/en\\\/\"},{\"@type\":\"ListItem\",\"position\":2,\"name\":\"Looking ahead to the next General Congregation &#8211; Reina de la Paz\"}]},{\"@type\":\"WebSite\",\"@id\":\"https:\\\/\\\/hijasdejesus.org\\\/en\\\/#website\",\"url\":\"https:\\\/\\\/hijasdejesus.org\\\/en\\\/\",\"name\":\"Hijas de Jes\u00fas\",\"description\":\"Despertamos a Jes\u00fas en el coraz\u00f3n, sacando lo mejor de las personas. Somos una congregaci\u00f3n religiosa ignaciana fundada por la Madre Candida\",\"publisher\":{\"@id\":\"https:\\\/\\\/hijasdejesus.org\\\/en\\\/#organization\"},\"potentialAction\":[{\"@type\":\"SearchAction\",\"target\":{\"@type\":\"EntryPoint\",\"urlTemplate\":\"https:\\\/\\\/hijasdejesus.org\\\/en\\\/?s={search_term_string}\"},\"query-input\":{\"@type\":\"PropertyValueSpecification\",\"valueRequired\":true,\"valueName\":\"search_term_string\"}}],\"inLanguage\":\"en-US\"},{\"@type\":\"Organization\",\"@id\":\"https:\\\/\\\/hijasdejesus.org\\\/en\\\/#organization\",\"name\":\"Hijas de Jes\u00fas\",\"url\":\"https:\\\/\\\/hijasdejesus.org\\\/en\\\/\",\"logo\":{\"@type\":\"ImageObject\",\"inLanguage\":\"en-US\",\"@id\":\"https:\\\/\\\/hijasdejesus.org\\\/en\\\/#\\\/schema\\\/logo\\\/image\\\/\",\"url\":\"https:\\\/\\\/hijasdejesus.org\\\/wp-content\\\/uploads\\\/2023\\\/01\\\/Hijas-de-Jesus_hor-A7C957.png\",\"contentUrl\":\"https:\\\/\\\/hijasdejesus.org\\\/wp-content\\\/uploads\\\/2023\\\/01\\\/Hijas-de-Jesus_hor-A7C957.png\",\"width\":700,\"height\":360,\"caption\":\"Hijas de Jes\u00fas\"},\"image\":{\"@id\":\"https:\\\/\\\/hijasdejesus.org\\\/en\\\/#\\\/schema\\\/logo\\\/image\\\/\"},\"sameAs\":[\"https:\\\/\\\/www.facebook.com\\\/hijasdejesusenelmundo\\\/\",\"https:\\\/\\\/x.com\\\/hijasdjesus\"]},{\"@type\":\"Person\",\"@id\":\"https:\\\/\\\/hijasdejesus.org\\\/en\\\/#\\\/schema\\\/person\\\/ce4455965da733f2791f23b6ec14e9b6\",\"name\":\"Webmaster\",\"image\":{\"@type\":\"ImageObject\",\"inLanguage\":\"en-US\",\"@id\":\"https:\\\/\\\/secure.gravatar.com\\\/avatar\\\/cfd0acaac86c3981d541d2e99a0ffb7b6d33a5ac8989a62f5518b9e0f7ee128a?s=96&d=mm&r=g\",\"url\":\"https:\\\/\\\/secure.gravatar.com\\\/avatar\\\/cfd0acaac86c3981d541d2e99a0ffb7b6d33a5ac8989a62f5518b9e0f7ee128a?s=96&d=mm&r=g\",\"contentUrl\":\"https:\\\/\\\/secure.gravatar.com\\\/avatar\\\/cfd0acaac86c3981d541d2e99a0ffb7b6d33a5ac8989a62f5518b9e0f7ee128a?s=96&d=mm&r=g\",\"caption\":\"Webmaster\"},\"url\":\"https:\\\/\\\/hijasdejesus.org\\\/en\\\/author\\\/webmaster\\\/\"}]}<\/script>\n<!-- \/ Yoast SEO plugin. -->","yoast_head_json":{"title":"Looking ahead to the next General Congregation - Reina de la Paz - Hijas de Jes\u00fas","robots":{"index":"index","follow":"follow","max-snippet":"max-snippet:-1","max-image-preview":"max-image-preview:large","max-video-preview":"max-video-preview:-1"},"canonical":"https:\/\/hijasdejesus.org\/en\/looking-ahead-to-the-next-general-congregation-reina-de-la-paz\/","og_locale":"en_US","og_type":"article","og_title":"Looking ahead to the next General Congregation - Reina de la Paz - Hijas de Jes\u00fas","og_description":"Colombia-Since last April 2 we have been welcoming the convocation and work proposed so far to prepare us for the next General Congregation that, without a doubt, will offer the family of St. Candida Mar\u00eda de Jes\u00fas with the presence of the Spirit, the collaboration and commitment of all\u00a0of us, &#8220;some new colors of the [&hellip;]","og_url":"https:\/\/hijasdejesus.org\/en\/looking-ahead-to-the-next-general-congregation-reina-de-la-paz\/","og_site_name":"Hijas de Jes\u00fas","article_publisher":"https:\/\/www.facebook.com\/hijasdejesusenelmundo\/","article_published_time":"2018-04-26T08:07:03+00:00","article_modified_time":"2018-05-04T10:11:38+00:00","author":"Webmaster","twitter_card":"summary_large_image","twitter_creator":"@hijasdjesus","twitter_site":"@hijasdjesus","twitter_misc":{"Written by":"Webmaster","Est. reading time":"1 minute"},"schema":{"@context":"https:\/\/schema.org","@graph":[{"@type":"Article","@id":"https:\/\/hijasdejesus.org\/en\/looking-ahead-to-the-next-general-congregation-reina-de-la-paz\/#article","isPartOf":{"@id":"https:\/\/hijasdejesus.org\/en\/looking-ahead-to-the-next-general-congregation-reina-de-la-paz\/"},"author":{"name":"Webmaster","@id":"https:\/\/hijasdejesus.org\/en\/#\/schema\/person\/ce4455965da733f2791f23b6ec14e9b6"},"headline":"Looking ahead to the next General Congregation &#8211; Reina de la Paz","datePublished":"2018-04-26T08:07:03+00:00","dateModified":"2018-05-04T10:11:38+00:00","mainEntityOfPage":{"@id":"https:\/\/hijasdejesus.org\/en\/looking-ahead-to-the-next-general-congregation-reina-de-la-paz\/"},"wordCount":236,"publisher":{"@id":"https:\/\/hijasdejesus.org\/en\/#organization"},"articleSection":["Andean America","Colombia","Hijas de Jes\u00fas","News"],"inLanguage":"en-US"},{"@type":"WebPage","@id":"https:\/\/hijasdejesus.org\/en\/looking-ahead-to-the-next-general-congregation-reina-de-la-paz\/","url":"https:\/\/hijasdejesus.org\/en\/looking-ahead-to-the-next-general-congregation-reina-de-la-paz\/","name":"Looking ahead to the next General Congregation - Reina de la Paz - Hijas de Jes\u00fas","isPartOf":{"@id":"https:\/\/hijasdejesus.org\/en\/#website"},"datePublished":"2018-04-26T08:07:03+00:00","dateModified":"2018-05-04T10:11:38+00:00","breadcrumb":{"@id":"https:\/\/hijasdejesus.org\/en\/looking-ahead-to-the-next-general-congregation-reina-de-la-paz\/#breadcrumb"},"inLanguage":"en-US","potentialAction":[{"@type":"ReadAction","target":["https:\/\/hijasdejesus.org\/en\/looking-ahead-to-the-next-general-congregation-reina-de-la-paz\/"]}]},{"@type":"BreadcrumbList","@id":"https:\/\/hijasdejesus.org\/en\/looking-ahead-to-the-next-general-congregation-reina-de-la-paz\/#breadcrumb","itemListElement":[{"@type":"ListItem","position":1,"name":"Portada","item":"https:\/\/hijasdejesus.org\/en\/"},{"@type":"ListItem","position":2,"name":"Looking ahead to the next General Congregation &#8211; Reina de la Paz"}]},{"@type":"WebSite","@id":"https:\/\/hijasdejesus.org\/en\/#website","url":"https:\/\/hijasdejesus.org\/en\/","name":"Hijas de Jes\u00fas","description":"Despertamos a Jes\u00fas en el coraz\u00f3n, sacando lo mejor de las personas. Somos una congregaci\u00f3n religiosa ignaciana fundada por la Madre Candida","publisher":{"@id":"https:\/\/hijasdejesus.org\/en\/#organization"},"potentialAction":[{"@type":"SearchAction","target":{"@type":"EntryPoint","urlTemplate":"https:\/\/hijasdejesus.org\/en\/?s={search_term_string}"},"query-input":{"@type":"PropertyValueSpecification","valueRequired":true,"valueName":"search_term_string"}}],"inLanguage":"en-US"},{"@type":"Organization","@id":"https:\/\/hijasdejesus.org\/en\/#organization","name":"Hijas de Jes\u00fas","url":"https:\/\/hijasdejesus.org\/en\/","logo":{"@type":"ImageObject","inLanguage":"en-US","@id":"https:\/\/hijasdejesus.org\/en\/#\/schema\/logo\/image\/","url":"https:\/\/hijasdejesus.org\/wp-content\/uploads\/2023\/01\/Hijas-de-Jesus_hor-A7C957.png","contentUrl":"https:\/\/hijasdejesus.org\/wp-content\/uploads\/2023\/01\/Hijas-de-Jesus_hor-A7C957.png","width":700,"height":360,"caption":"Hijas de Jes\u00fas"},"image":{"@id":"https:\/\/hijasdejesus.org\/en\/#\/schema\/logo\/image\/"},"sameAs":["https:\/\/www.facebook.com\/hijasdejesusenelmundo\/","https:\/\/x.com\/hijasdjesus"]},{"@type":"Person","@id":"https:\/\/hijasdejesus.org\/en\/#\/schema\/person\/ce4455965da733f2791f23b6ec14e9b6","name":"Webmaster","image":{"@type":"ImageObject","inLanguage":"en-US","@id":"https:\/\/secure.gravatar.com\/avatar\/cfd0acaac86c3981d541d2e99a0ffb7b6d33a5ac8989a62f5518b9e0f7ee128a?s=96&d=mm&r=g","url":"https:\/\/secure.gravatar.com\/avatar\/cfd0acaac86c3981d541d2e99a0ffb7b6d33a5ac8989a62f5518b9e0f7ee128a?s=96&d=mm&r=g","contentUrl":"https:\/\/secure.gravatar.com\/avatar\/cfd0acaac86c3981d541d2e99a0ffb7b6d33a5ac8989a62f5518b9e0f7ee128a?s=96&d=mm&r=g","caption":"Webmaster"},"url":"https:\/\/hijasdejesus.org\/en\/author\/webmaster\/"}]}},"_links":{"self":[{"href":"https:\/\/hijasdejesus.org\/en\/wp-json\/wp\/v2\/posts\/28807","targetHints":{"allow":["GET"]}}],"collection":[{"href":"https:\/\/hijasdejesus.org\/en\/wp-json\/wp\/v2\/posts"}],"about":[{"href":"https:\/\/hijasdejesus.org\/en\/wp-json\/wp\/v2\/types\/post"}],"author":[{"embeddable":true,"href":"https:\/\/hijasdejesus.org\/en\/wp-json\/wp\/v2\/users\/28"}],"replies":[{"embeddable":true,"href":"https:\/\/hijasdejesus.org\/en\/wp-json\/wp\/v2\/comments?post=28807"}],"version-history":[{"count":0,"href":"https:\/\/hijasdejesus.org\/en\/wp-json\/wp\/v2\/posts\/28807\/revisions"}],"wp:attachment":[{"href":"https:\/\/hijasdejesus.org\/en\/wp-json\/wp\/v2\/media?parent=28807"}],"wp:term":[{"taxonomy":"category","embeddable":true,"href":"https:\/\/hijasdejesus.org\/en\/wp-json\/wp\/v2\/categories?post=28807"},{"taxonomy":"post_tag","embeddable":true,"href":"https:\/\/hijasdejesus.org\/en\/wp-json\/wp\/v2\/tags?post=28807"}],"curies":[{"name":"wp","href":"https:\/\/api.w.org\/{rel}","templated":true}]}}