{"id":28868,"date":"2018-09-25T12:20:38","date_gmt":"2018-09-25T10:20:38","guid":{"rendered":"https:\/\/nueva.hijasdejesus.org\/presentation-of-the-aspirants-of-the-brazil-caribean-province-iii-madelyn-nunez\/"},"modified":"2018-10-02T12:14:47","modified_gmt":"2018-10-02T10:14:47","slug":"presentation-of-the-aspirants-of-the-brazil-caribean-province-iii-madelyn-nunez","status":"publish","type":"post","link":"https:\/\/hijasdejesus.org\/en\/presentation-of-the-aspirants-of-the-brazil-caribean-province-iii-madelyn-nunez\/","title":{"rendered":"Presentation of the aspirants of the Brazil-Caribean Province (III)- Madelyn N\u00fa\u00f1ez"},"content":{"rendered":"<\/p>\n<p>I am <strong>Madelyn N\u00fa\u00f1ez<\/strong>, Dominican, 19 years old, and I am in my second semester in the Faculty of Health Sciences, in Nursing.<\/p>\n<p>I started the experience of Aspirancy with the Daughters of Jesus on January 7, 2018, in the old Mother Candida Novitiate, Licey al Medio.<\/p>\n<p>These 8 months have seen a lot to delving into my story, to look at my life, my misgivings, fears, desires; to go on my way, feeling God ever closer, accompanying me at every step, encouraging me, disposing my whole being to choose what most leads me to Him, giving clarity to my eyes and giving me the necessary hope to continue my journey of faith.<\/p>\n<p>I feel very grateful for the internal movements that are taking place, that keep me in constant search, and that are also becoming a confirmation of the election motivated by the desire of IN EVERYTHING TO LOVE AND TO SERVE.<\/p>\n","protected":false},"excerpt":{"rendered":"<p>I am Madelyn N\u00fa\u00f1ez, Dominican, 19 years old, and I am in my second semester in the Faculty of Health Sciences, in Nursing. I started the experience of Aspirancy with the Daughters of Jesus on January 7, 2018, in the old Mother Candida Novitiate, Licey al Medio. These 8 months have seen a lot to [&hellip;]<\/p>\n","protected":false},"author":28,"featured_media":14221,"comment_status":"closed","ping_status":"closed","sticky":false,"template":"","format":"standard","meta":{"_et_pb_use_builder":"","_et_pb_old_content":"","_et_gb_content_width":"","footnotes":"","_links_to":"","_links_to_target":""},"categories":[504,506,512,542,528,412,536],"tags":[],"class_list":["post-28868","post","type-post","status-publish","format-standard","has-post-thumbnail","hentry","category-brazil","category-brazil-caribbean","category-cuba-en","category-dominican-republic","category-hijas-de-jesus-en","category-news","category-youth"],"yoast_head":"<!-- This site is optimized with the Yoast SEO plugin v27.5 - https:\/\/yoast.com\/product\/yoast-seo-wordpress\/ -->\n<title>Presentation of the aspirants of the Brazil-Caribean Province (III)- Madelyn N\u00fa\u00f1ez - Hijas de Jes\u00fas<\/title>\n<meta name=\"robots\" content=\"index, follow, max-snippet:-1, max-image-preview:large, max-video-preview:-1\" \/>\n<link rel=\"canonical\" href=\"https:\/\/hijasdejesus.org\/en\/presentation-of-the-aspirants-of-the-brazil-caribean-province-iii-madelyn-nunez\/\" \/>\n<meta property=\"og:locale\" content=\"en_US\" \/>\n<meta property=\"og:type\" content=\"article\" \/>\n<meta property=\"og:title\" content=\"Presentation of the aspirants of the Brazil-Caribean Province (III)- Madelyn N\u00fa\u00f1ez - Hijas de Jes\u00fas\" \/>\n<meta property=\"og:description\" content=\"I am Madelyn N\u00fa\u00f1ez, Dominican, 19 years old, and I am in my second semester in the Faculty of Health Sciences, in Nursing. I started the experience of Aspirancy with the Daughters of Jesus on January 7, 2018, in the old Mother Candida Novitiate, Licey al Medio. These 8 months have seen a lot to [&hellip;]\" \/>\n<meta property=\"og:url\" content=\"https:\/\/hijasdejesus.org\/en\/presentation-of-the-aspirants-of-the-brazil-caribean-province-iii-madelyn-nunez\/\" \/>\n<meta property=\"og:site_name\" content=\"Hijas de Jes\u00fas\" \/>\n<meta property=\"article:publisher\" content=\"https:\/\/www.facebook.com\/hijasdejesusenelmundo\/\" \/>\n<meta property=\"article:published_time\" content=\"2018-09-25T10:20:38+00:00\" \/>\n<meta property=\"article:modified_time\" content=\"2018-10-02T10:14:47+00:00\" \/>\n<meta property=\"og:image\" content=\"https:\/\/hijasdejesus.org\/wp-content\/uploads\/2018\/10\/Aspirantes-B-C-1.jpg\" \/>\n\t<meta property=\"og:image:width\" content=\"1\" \/>\n\t<meta property=\"og:image:height\" content=\"1\" \/>\n\t<meta property=\"og:image:type\" content=\"image\/jpeg\" \/>\n<meta name=\"author\" content=\"Webmaster\" \/>\n<meta name=\"twitter:card\" content=\"summary_large_image\" \/>\n<meta name=\"twitter:creator\" content=\"@hijasdjesus\" \/>\n<meta name=\"twitter:site\" content=\"@hijasdjesus\" \/>\n<meta name=\"twitter:label1\" content=\"Written by\" \/>\n\t<meta name=\"twitter:data1\" content=\"Webmaster\" \/>\n\t<meta name=\"twitter:label2\" content=\"Est. reading time\" \/>\n\t<meta name=\"twitter:data2\" content=\"1 minute\" \/>\n<script type=\"application\/ld+json\" class=\"yoast-schema-graph\">{\"@context\":\"https:\\\/\\\/schema.org\",\"@graph\":[{\"@type\":\"Article\",\"@id\":\"https:\\\/\\\/hijasdejesus.org\\\/en\\\/presentation-of-the-aspirants-of-the-brazil-caribean-province-iii-madelyn-nunez\\\/#article\",\"isPartOf\":{\"@id\":\"https:\\\/\\\/hijasdejesus.org\\\/en\\\/presentation-of-the-aspirants-of-the-brazil-caribean-province-iii-madelyn-nunez\\\/\"},\"author\":{\"name\":\"Webmaster\",\"@id\":\"https:\\\/\\\/hijasdejesus.org\\\/en\\\/#\\\/schema\\\/person\\\/ce4455965da733f2791f23b6ec14e9b6\"},\"headline\":\"Presentation of the aspirants of the Brazil-Caribean Province (III)- Madelyn N\u00fa\u00f1ez\",\"datePublished\":\"2018-09-25T10:20:38+00:00\",\"dateModified\":\"2018-10-02T10:14:47+00:00\",\"mainEntityOfPage\":{\"@id\":\"https:\\\/\\\/hijasdejesus.org\\\/en\\\/presentation-of-the-aspirants-of-the-brazil-caribean-province-iii-madelyn-nunez\\\/\"},\"wordCount\":163,\"publisher\":{\"@id\":\"https:\\\/\\\/hijasdejesus.org\\\/en\\\/#organization\"},\"image\":{\"@id\":\"https:\\\/\\\/hijasdejesus.org\\\/en\\\/presentation-of-the-aspirants-of-the-brazil-caribean-province-iii-madelyn-nunez\\\/#primaryimage\"},\"thumbnailUrl\":\"https:\\\/\\\/hijasdejesus.org\\\/wp-content\\\/uploads\\\/2018\\\/10\\\/Aspirantes-B-C-1.jpg\",\"articleSection\":[\"Brazil\",\"Brazil-Caribbean\",\"Cuba\",\"Dominican Republic\",\"Hijas de Jes\u00fas\",\"News\",\"Youth\"],\"inLanguage\":\"en-US\"},{\"@type\":\"WebPage\",\"@id\":\"https:\\\/\\\/hijasdejesus.org\\\/en\\\/presentation-of-the-aspirants-of-the-brazil-caribean-province-iii-madelyn-nunez\\\/\",\"url\":\"https:\\\/\\\/hijasdejesus.org\\\/en\\\/presentation-of-the-aspirants-of-the-brazil-caribean-province-iii-madelyn-nunez\\\/\",\"name\":\"Presentation of the aspirants of the Brazil-Caribean Province (III)- Madelyn N\u00fa\u00f1ez - Hijas de Jes\u00fas\",\"isPartOf\":{\"@id\":\"https:\\\/\\\/hijasdejesus.org\\\/en\\\/#website\"},\"primaryImageOfPage\":{\"@id\":\"https:\\\/\\\/hijasdejesus.org\\\/en\\\/presentation-of-the-aspirants-of-the-brazil-caribean-province-iii-madelyn-nunez\\\/#primaryimage\"},\"image\":{\"@id\":\"https:\\\/\\\/hijasdejesus.org\\\/en\\\/presentation-of-the-aspirants-of-the-brazil-caribean-province-iii-madelyn-nunez\\\/#primaryimage\"},\"thumbnailUrl\":\"https:\\\/\\\/hijasdejesus.org\\\/wp-content\\\/uploads\\\/2018\\\/10\\\/Aspirantes-B-C-1.jpg\",\"datePublished\":\"2018-09-25T10:20:38+00:00\",\"dateModified\":\"2018-10-02T10:14:47+00:00\",\"breadcrumb\":{\"@id\":\"https:\\\/\\\/hijasdejesus.org\\\/en\\\/presentation-of-the-aspirants-of-the-brazil-caribean-province-iii-madelyn-nunez\\\/#breadcrumb\"},\"inLanguage\":\"en-US\",\"potentialAction\":[{\"@type\":\"ReadAction\",\"target\":[\"https:\\\/\\\/hijasdejesus.org\\\/en\\\/presentation-of-the-aspirants-of-the-brazil-caribean-province-iii-madelyn-nunez\\\/\"]}]},{\"@type\":\"ImageObject\",\"inLanguage\":\"en-US\",\"@id\":\"https:\\\/\\\/hijasdejesus.org\\\/en\\\/presentation-of-the-aspirants-of-the-brazil-caribean-province-iii-madelyn-nunez\\\/#primaryimage\",\"url\":\"https:\\\/\\\/hijasdejesus.org\\\/wp-content\\\/uploads\\\/2018\\\/10\\\/Aspirantes-B-C-1.jpg\",\"contentUrl\":\"https:\\\/\\\/hijasdejesus.org\\\/wp-content\\\/uploads\\\/2018\\\/10\\\/Aspirantes-B-C-1.jpg\"},{\"@type\":\"BreadcrumbList\",\"@id\":\"https:\\\/\\\/hijasdejesus.org\\\/en\\\/presentation-of-the-aspirants-of-the-brazil-caribean-province-iii-madelyn-nunez\\\/#breadcrumb\",\"itemListElement\":[{\"@type\":\"ListItem\",\"position\":1,\"name\":\"Portada\",\"item\":\"https:\\\/\\\/hijasdejesus.org\\\/en\\\/\"},{\"@type\":\"ListItem\",\"position\":2,\"name\":\"Presentation of the aspirants of the Brazil-Caribean Province (III)- Madelyn N\u00fa\u00f1ez\"}]},{\"@type\":\"WebSite\",\"@id\":\"https:\\\/\\\/hijasdejesus.org\\\/en\\\/#website\",\"url\":\"https:\\\/\\\/hijasdejesus.org\\\/en\\\/\",\"name\":\"Hijas de Jes\u00fas\",\"description\":\"Despertamos a Jes\u00fas en el coraz\u00f3n, sacando lo mejor de las personas. Somos una congregaci\u00f3n religiosa ignaciana fundada por la Madre Candida\",\"publisher\":{\"@id\":\"https:\\\/\\\/hijasdejesus.org\\\/en\\\/#organization\"},\"potentialAction\":[{\"@type\":\"SearchAction\",\"target\":{\"@type\":\"EntryPoint\",\"urlTemplate\":\"https:\\\/\\\/hijasdejesus.org\\\/en\\\/?s={search_term_string}\"},\"query-input\":{\"@type\":\"PropertyValueSpecification\",\"valueRequired\":true,\"valueName\":\"search_term_string\"}}],\"inLanguage\":\"en-US\"},{\"@type\":\"Organization\",\"@id\":\"https:\\\/\\\/hijasdejesus.org\\\/en\\\/#organization\",\"name\":\"Hijas de Jes\u00fas\",\"url\":\"https:\\\/\\\/hijasdejesus.org\\\/en\\\/\",\"logo\":{\"@type\":\"ImageObject\",\"inLanguage\":\"en-US\",\"@id\":\"https:\\\/\\\/hijasdejesus.org\\\/en\\\/#\\\/schema\\\/logo\\\/image\\\/\",\"url\":\"https:\\\/\\\/hijasdejesus.org\\\/wp-content\\\/uploads\\\/2023\\\/01\\\/Hijas-de-Jesus_hor-A7C957.png\",\"contentUrl\":\"https:\\\/\\\/hijasdejesus.org\\\/wp-content\\\/uploads\\\/2023\\\/01\\\/Hijas-de-Jesus_hor-A7C957.png\",\"width\":700,\"height\":360,\"caption\":\"Hijas de Jes\u00fas\"},\"image\":{\"@id\":\"https:\\\/\\\/hijasdejesus.org\\\/en\\\/#\\\/schema\\\/logo\\\/image\\\/\"},\"sameAs\":[\"https:\\\/\\\/www.facebook.com\\\/hijasdejesusenelmundo\\\/\",\"https:\\\/\\\/x.com\\\/hijasdjesus\"]},{\"@type\":\"Person\",\"@id\":\"https:\\\/\\\/hijasdejesus.org\\\/en\\\/#\\\/schema\\\/person\\\/ce4455965da733f2791f23b6ec14e9b6\",\"name\":\"Webmaster\",\"image\":{\"@type\":\"ImageObject\",\"inLanguage\":\"en-US\",\"@id\":\"https:\\\/\\\/secure.gravatar.com\\\/avatar\\\/cfd0acaac86c3981d541d2e99a0ffb7b6d33a5ac8989a62f5518b9e0f7ee128a?s=96&d=mm&r=g\",\"url\":\"https:\\\/\\\/secure.gravatar.com\\\/avatar\\\/cfd0acaac86c3981d541d2e99a0ffb7b6d33a5ac8989a62f5518b9e0f7ee128a?s=96&d=mm&r=g\",\"contentUrl\":\"https:\\\/\\\/secure.gravatar.com\\\/avatar\\\/cfd0acaac86c3981d541d2e99a0ffb7b6d33a5ac8989a62f5518b9e0f7ee128a?s=96&d=mm&r=g\",\"caption\":\"Webmaster\"},\"url\":\"https:\\\/\\\/hijasdejesus.org\\\/en\\\/author\\\/webmaster\\\/\"}]}<\/script>\n<!-- \/ Yoast SEO plugin. -->","yoast_head_json":{"title":"Presentation of the aspirants of the Brazil-Caribean Province (III)- Madelyn N\u00fa\u00f1ez - Hijas de Jes\u00fas","robots":{"index":"index","follow":"follow","max-snippet":"max-snippet:-1","max-image-preview":"max-image-preview:large","max-video-preview":"max-video-preview:-1"},"canonical":"https:\/\/hijasdejesus.org\/en\/presentation-of-the-aspirants-of-the-brazil-caribean-province-iii-madelyn-nunez\/","og_locale":"en_US","og_type":"article","og_title":"Presentation of the aspirants of the Brazil-Caribean Province (III)- Madelyn N\u00fa\u00f1ez - Hijas de Jes\u00fas","og_description":"I am Madelyn N\u00fa\u00f1ez, Dominican, 19 years old, and I am in my second semester in the Faculty of Health Sciences, in Nursing. I started the experience of Aspirancy with the Daughters of Jesus on January 7, 2018, in the old Mother Candida Novitiate, Licey al Medio. These 8 months have seen a lot to [&hellip;]","og_url":"https:\/\/hijasdejesus.org\/en\/presentation-of-the-aspirants-of-the-brazil-caribean-province-iii-madelyn-nunez\/","og_site_name":"Hijas de Jes\u00fas","article_publisher":"https:\/\/www.facebook.com\/hijasdejesusenelmundo\/","article_published_time":"2018-09-25T10:20:38+00:00","article_modified_time":"2018-10-02T10:14:47+00:00","og_image":[{"url":"https:\/\/hijasdejesus.org\/wp-content\/uploads\/2018\/10\/Aspirantes-B-C-1.jpg","width":1,"height":1,"type":"image\/jpeg"}],"author":"Webmaster","twitter_card":"summary_large_image","twitter_creator":"@hijasdjesus","twitter_site":"@hijasdjesus","twitter_misc":{"Written by":"Webmaster","Est. reading time":"1 minute"},"schema":{"@context":"https:\/\/schema.org","@graph":[{"@type":"Article","@id":"https:\/\/hijasdejesus.org\/en\/presentation-of-the-aspirants-of-the-brazil-caribean-province-iii-madelyn-nunez\/#article","isPartOf":{"@id":"https:\/\/hijasdejesus.org\/en\/presentation-of-the-aspirants-of-the-brazil-caribean-province-iii-madelyn-nunez\/"},"author":{"name":"Webmaster","@id":"https:\/\/hijasdejesus.org\/en\/#\/schema\/person\/ce4455965da733f2791f23b6ec14e9b6"},"headline":"Presentation of the aspirants of the Brazil-Caribean Province (III)- Madelyn N\u00fa\u00f1ez","datePublished":"2018-09-25T10:20:38+00:00","dateModified":"2018-10-02T10:14:47+00:00","mainEntityOfPage":{"@id":"https:\/\/hijasdejesus.org\/en\/presentation-of-the-aspirants-of-the-brazil-caribean-province-iii-madelyn-nunez\/"},"wordCount":163,"publisher":{"@id":"https:\/\/hijasdejesus.org\/en\/#organization"},"image":{"@id":"https:\/\/hijasdejesus.org\/en\/presentation-of-the-aspirants-of-the-brazil-caribean-province-iii-madelyn-nunez\/#primaryimage"},"thumbnailUrl":"https:\/\/hijasdejesus.org\/wp-content\/uploads\/2018\/10\/Aspirantes-B-C-1.jpg","articleSection":["Brazil","Brazil-Caribbean","Cuba","Dominican Republic","Hijas de Jes\u00fas","News","Youth"],"inLanguage":"en-US"},{"@type":"WebPage","@id":"https:\/\/hijasdejesus.org\/en\/presentation-of-the-aspirants-of-the-brazil-caribean-province-iii-madelyn-nunez\/","url":"https:\/\/hijasdejesus.org\/en\/presentation-of-the-aspirants-of-the-brazil-caribean-province-iii-madelyn-nunez\/","name":"Presentation of the aspirants of the Brazil-Caribean Province (III)- Madelyn N\u00fa\u00f1ez - Hijas de Jes\u00fas","isPartOf":{"@id":"https:\/\/hijasdejesus.org\/en\/#website"},"primaryImageOfPage":{"@id":"https:\/\/hijasdejesus.org\/en\/presentation-of-the-aspirants-of-the-brazil-caribean-province-iii-madelyn-nunez\/#primaryimage"},"image":{"@id":"https:\/\/hijasdejesus.org\/en\/presentation-of-the-aspirants-of-the-brazil-caribean-province-iii-madelyn-nunez\/#primaryimage"},"thumbnailUrl":"https:\/\/hijasdejesus.org\/wp-content\/uploads\/2018\/10\/Aspirantes-B-C-1.jpg","datePublished":"2018-09-25T10:20:38+00:00","dateModified":"2018-10-02T10:14:47+00:00","breadcrumb":{"@id":"https:\/\/hijasdejesus.org\/en\/presentation-of-the-aspirants-of-the-brazil-caribean-province-iii-madelyn-nunez\/#breadcrumb"},"inLanguage":"en-US","potentialAction":[{"@type":"ReadAction","target":["https:\/\/hijasdejesus.org\/en\/presentation-of-the-aspirants-of-the-brazil-caribean-province-iii-madelyn-nunez\/"]}]},{"@type":"ImageObject","inLanguage":"en-US","@id":"https:\/\/hijasdejesus.org\/en\/presentation-of-the-aspirants-of-the-brazil-caribean-province-iii-madelyn-nunez\/#primaryimage","url":"https:\/\/hijasdejesus.org\/wp-content\/uploads\/2018\/10\/Aspirantes-B-C-1.jpg","contentUrl":"https:\/\/hijasdejesus.org\/wp-content\/uploads\/2018\/10\/Aspirantes-B-C-1.jpg"},{"@type":"BreadcrumbList","@id":"https:\/\/hijasdejesus.org\/en\/presentation-of-the-aspirants-of-the-brazil-caribean-province-iii-madelyn-nunez\/#breadcrumb","itemListElement":[{"@type":"ListItem","position":1,"name":"Portada","item":"https:\/\/hijasdejesus.org\/en\/"},{"@type":"ListItem","position":2,"name":"Presentation of the aspirants of the Brazil-Caribean Province (III)- Madelyn N\u00fa\u00f1ez"}]},{"@type":"WebSite","@id":"https:\/\/hijasdejesus.org\/en\/#website","url":"https:\/\/hijasdejesus.org\/en\/","name":"Hijas de Jes\u00fas","description":"Despertamos a Jes\u00fas en el coraz\u00f3n, sacando lo mejor de las personas. Somos una congregaci\u00f3n religiosa ignaciana fundada por la Madre Candida","publisher":{"@id":"https:\/\/hijasdejesus.org\/en\/#organization"},"potentialAction":[{"@type":"SearchAction","target":{"@type":"EntryPoint","urlTemplate":"https:\/\/hijasdejesus.org\/en\/?s={search_term_string}"},"query-input":{"@type":"PropertyValueSpecification","valueRequired":true,"valueName":"search_term_string"}}],"inLanguage":"en-US"},{"@type":"Organization","@id":"https:\/\/hijasdejesus.org\/en\/#organization","name":"Hijas de Jes\u00fas","url":"https:\/\/hijasdejesus.org\/en\/","logo":{"@type":"ImageObject","inLanguage":"en-US","@id":"https:\/\/hijasdejesus.org\/en\/#\/schema\/logo\/image\/","url":"https:\/\/hijasdejesus.org\/wp-content\/uploads\/2023\/01\/Hijas-de-Jesus_hor-A7C957.png","contentUrl":"https:\/\/hijasdejesus.org\/wp-content\/uploads\/2023\/01\/Hijas-de-Jesus_hor-A7C957.png","width":700,"height":360,"caption":"Hijas de Jes\u00fas"},"image":{"@id":"https:\/\/hijasdejesus.org\/en\/#\/schema\/logo\/image\/"},"sameAs":["https:\/\/www.facebook.com\/hijasdejesusenelmundo\/","https:\/\/x.com\/hijasdjesus"]},{"@type":"Person","@id":"https:\/\/hijasdejesus.org\/en\/#\/schema\/person\/ce4455965da733f2791f23b6ec14e9b6","name":"Webmaster","image":{"@type":"ImageObject","inLanguage":"en-US","@id":"https:\/\/secure.gravatar.com\/avatar\/cfd0acaac86c3981d541d2e99a0ffb7b6d33a5ac8989a62f5518b9e0f7ee128a?s=96&d=mm&r=g","url":"https:\/\/secure.gravatar.com\/avatar\/cfd0acaac86c3981d541d2e99a0ffb7b6d33a5ac8989a62f5518b9e0f7ee128a?s=96&d=mm&r=g","contentUrl":"https:\/\/secure.gravatar.com\/avatar\/cfd0acaac86c3981d541d2e99a0ffb7b6d33a5ac8989a62f5518b9e0f7ee128a?s=96&d=mm&r=g","caption":"Webmaster"},"url":"https:\/\/hijasdejesus.org\/en\/author\/webmaster\/"}]}},"_links":{"self":[{"href":"https:\/\/hijasdejesus.org\/en\/wp-json\/wp\/v2\/posts\/28868","targetHints":{"allow":["GET"]}}],"collection":[{"href":"https:\/\/hijasdejesus.org\/en\/wp-json\/wp\/v2\/posts"}],"about":[{"href":"https:\/\/hijasdejesus.org\/en\/wp-json\/wp\/v2\/types\/post"}],"author":[{"embeddable":true,"href":"https:\/\/hijasdejesus.org\/en\/wp-json\/wp\/v2\/users\/28"}],"replies":[{"embeddable":true,"href":"https:\/\/hijasdejesus.org\/en\/wp-json\/wp\/v2\/comments?post=28868"}],"version-history":[{"count":0,"href":"https:\/\/hijasdejesus.org\/en\/wp-json\/wp\/v2\/posts\/28868\/revisions"}],"wp:featuredmedia":[{"embeddable":true,"href":"https:\/\/hijasdejesus.org\/en\/wp-json\/wp\/v2\/media\/14221"}],"wp:attachment":[{"href":"https:\/\/hijasdejesus.org\/en\/wp-json\/wp\/v2\/media?parent=28868"}],"wp:term":[{"taxonomy":"category","embeddable":true,"href":"https:\/\/hijasdejesus.org\/en\/wp-json\/wp\/v2\/categories?post=28868"},{"taxonomy":"post_tag","embeddable":true,"href":"https:\/\/hijasdejesus.org\/en\/wp-json\/wp\/v2\/tags?post=28868"}],"curies":[{"name":"wp","href":"https:\/\/api.w.org\/{rel}","templated":true}]}}