{"id":28915,"date":"2018-12-06T18:40:55","date_gmt":"2018-12-06T17:40:55","guid":{"rendered":"https:\/\/nueva.hijasdejesus.org\/preparing-the-feast-of-the-immaculate-conception-in-the-memorial-year\/"},"modified":"2018-12-07T18:06:57","modified_gmt":"2018-12-07T17:06:57","slug":"preparing-the-feast-of-the-immaculate-conception-in-the-memorial-year","status":"publish","type":"post","link":"https:\/\/hijasdejesus.org\/en\/preparing-the-feast-of-the-immaculate-conception-in-the-memorial-year\/","title":{"rendered":"Preparing the feast of the Immaculate Conception in the &#8220;Memorial Year&#8221;"},"content":{"rendered":"<p>On December 8 we celebrate the 147th anniversary of the founding of the Congregation, \u201cand we do so within the framework of the Memorial Year of the Rosarillo Experience and of the 18th\u00a0General Congregation\u201d.<\/p>\n<p>In this context, M\u00aa Inez Furtado FI, Superior General, writes her latest circular to all the sisters of the Congregation in which she invites \u201conce again to the union of hearts, and to express it in a very special way in the celebration of Mary Immaculate\u201d.<\/p>\n<p>In the preparation of this congregational date\u00a0we join the Family of Mother Candida\u00a0in welcoming the proposal made by the Superior General in the circular to the sisters:pray and contemplate the Virgin of the Rosarillo.<\/p>\n<p style=\"padding-left: 150px;\"><em>\u201cYes, let&#8217;s look at this image before which, without a doubt, the young Juana Josefa prayed so many times, until she established a familiarity with the Virgin that, as we know, led her to declare that She was the \u2018foundress of this Congregation\u2019 &#8230; our mother, star, teacher &#8230;<\/em><\/p>\n<p style=\"padding-left: 150px;\"><em>Let&#8217;s look at it with our heart, and allow our hearts to be moved. In each motion let&#8217;s ask ourselves again: To what are you calling us now, Lord? What do you want us to do?\u201d<\/em><\/p>\n<p style=\"text-align: center;\">\u00a0<strong>We contemplate the Blessed Virgin of the Rosarillo<\/strong><\/p>\n<p>Let your heart roam freely through the altarpiece, and without hurry, notice:<\/p>\n<p>Her face\u00a0&#8230;<\/p>\n<p>Observe how she gazes and with what eyes &#8230;<\/p>\n<p>From where does she look?<\/p>\n<p>Where does her gaze rest?<\/p>\n<p style=\"text-align: center;\"><strong>Listen to her!<\/strong><\/p>\n<p><strong>Her relationship with Jesus &#8230; and that of Jesus with her &#8230;<\/strong><\/p>\n<p>Dare to scrutinize the relationships of Mary: with the Father, the Holy Spirit of God and the Son;<\/p>\n<p>with Joseph, her parents, the apostles, the Church &#8230;<\/p>\n<p>with our Congregation &#8230; with you &#8230;<\/p>\n<p style=\"text-align: center;\"><strong>Recreate your relationship with her!<\/strong><\/p>\n<p><strong>Her feet\u2026<\/strong><img loading=\"lazy\" decoding=\"async\" class=\" alignright size-full wp-image-9718\" style=\"float: right;\" src=\"https:\/\/hijasdejesus.org\/wp-content\/uploads\/2018\/12\/FONDO-MARGARITAS.png\" width=\"342\" height=\"136\" \/><\/p>\n<p>Feel how they step on the ground. The one who taught Jesus to walk<\/p>\n<p>is called to accompany the Son&#8217;s steps, to live incarnate, to walk in his ways &#8230;<\/p>\n<p style=\"text-align: center;\"><strong>Take a few steps with her.<\/strong><\/p>\n<p>Look also at the other faces, images or details that may surprise you &#8230;<\/p>\n<p style=\"text-align: center;\"><strong>To what is the Lord calling us?<\/strong><\/p>\n<p style=\"text-align: left;\">Let yourself be led by the Spirit and share<\/p>\n","protected":false},"excerpt":{"rendered":"<p>On December 8 we celebrate the 147th anniversary of the founding of the Congregation, \u201cand we do so within the framework of the Memorial Year of the Rosarillo Experience and of the 18th\u00a0General Congregation\u201d. In this context, M\u00aa Inez Furtado FI, Superior General, writes her latest circular to all the sisters of the Congregation in [&hellip;]<\/p>\n","protected":false},"author":28,"featured_media":9716,"comment_status":"closed","ping_status":"closed","sticky":false,"template":"","format":"standard","meta":{"_et_pb_use_builder":"","_et_pb_old_content":"","_et_gb_content_width":"","footnotes":"","_links_to":"","_links_to_target":""},"categories":[528,412],"tags":[],"class_list":["post-28915","post","type-post","status-publish","format-standard","has-post-thumbnail","hentry","category-hijas-de-jesus-en","category-news"],"yoast_head":"<!-- This site is optimized with the Yoast SEO plugin v27.5 - https:\/\/yoast.com\/product\/yoast-seo-wordpress\/ -->\n<title>Preparing the feast of the Immaculate Conception in the &quot;Memorial Year&quot; - Hijas de Jes\u00fas<\/title>\n<meta name=\"robots\" content=\"index, follow, max-snippet:-1, max-image-preview:large, max-video-preview:-1\" \/>\n<link rel=\"canonical\" href=\"https:\/\/hijasdejesus.org\/en\/preparing-the-feast-of-the-immaculate-conception-in-the-memorial-year\/\" \/>\n<meta property=\"og:locale\" content=\"en_US\" \/>\n<meta property=\"og:type\" content=\"article\" \/>\n<meta property=\"og:title\" content=\"Preparing the feast of the Immaculate Conception in the &quot;Memorial Year&quot; - Hijas de Jes\u00fas\" \/>\n<meta property=\"og:description\" content=\"On December 8 we celebrate the 147th anniversary of the founding of the Congregation, \u201cand we do so within the framework of the Memorial Year of the Rosarillo Experience and of the 18th\u00a0General Congregation\u201d. In this context, M\u00aa Inez Furtado FI, Superior General, writes her latest circular to all the sisters of the Congregation in [&hellip;]\" \/>\n<meta property=\"og:url\" content=\"https:\/\/hijasdejesus.org\/en\/preparing-the-feast-of-the-immaculate-conception-in-the-memorial-year\/\" \/>\n<meta property=\"og:site_name\" content=\"Hijas de Jes\u00fas\" \/>\n<meta property=\"article:publisher\" content=\"https:\/\/www.facebook.com\/hijasdejesusenelmundo\/\" \/>\n<meta property=\"article:published_time\" content=\"2018-12-06T17:40:55+00:00\" \/>\n<meta property=\"article:modified_time\" content=\"2018-12-07T17:06:57+00:00\" \/>\n<meta property=\"og:image\" content=\"https:\/\/hijasdejesus.org\/wp-content\/uploads\/2018\/12\/IMG_3231.JPG\" \/>\n\t<meta property=\"og:image:width\" content=\"1920\" \/>\n\t<meta property=\"og:image:height\" content=\"1280\" \/>\n\t<meta property=\"og:image:type\" content=\"image\/jpeg\" \/>\n<meta name=\"author\" content=\"Webmaster\" \/>\n<meta name=\"twitter:card\" content=\"summary_large_image\" \/>\n<meta name=\"twitter:creator\" content=\"@hijasdjesus\" \/>\n<meta name=\"twitter:site\" content=\"@hijasdjesus\" \/>\n<meta name=\"twitter:label1\" content=\"Written by\" \/>\n\t<meta name=\"twitter:data1\" content=\"Webmaster\" \/>\n\t<meta name=\"twitter:label2\" content=\"Est. reading time\" \/>\n\t<meta name=\"twitter:data2\" content=\"2 minutes\" \/>\n<script type=\"application\/ld+json\" class=\"yoast-schema-graph\">{\"@context\":\"https:\\\/\\\/schema.org\",\"@graph\":[{\"@type\":\"Article\",\"@id\":\"https:\\\/\\\/hijasdejesus.org\\\/en\\\/preparing-the-feast-of-the-immaculate-conception-in-the-memorial-year\\\/#article\",\"isPartOf\":{\"@id\":\"https:\\\/\\\/hijasdejesus.org\\\/en\\\/preparing-the-feast-of-the-immaculate-conception-in-the-memorial-year\\\/\"},\"author\":{\"name\":\"Webmaster\",\"@id\":\"https:\\\/\\\/hijasdejesus.org\\\/en\\\/#\\\/schema\\\/person\\\/ce4455965da733f2791f23b6ec14e9b6\"},\"headline\":\"Preparing the feast of the Immaculate Conception in the &#8220;Memorial Year&#8221;\",\"datePublished\":\"2018-12-06T17:40:55+00:00\",\"dateModified\":\"2018-12-07T17:06:57+00:00\",\"mainEntityOfPage\":{\"@id\":\"https:\\\/\\\/hijasdejesus.org\\\/en\\\/preparing-the-feast-of-the-immaculate-conception-in-the-memorial-year\\\/\"},\"wordCount\":370,\"publisher\":{\"@id\":\"https:\\\/\\\/hijasdejesus.org\\\/en\\\/#organization\"},\"image\":{\"@id\":\"https:\\\/\\\/hijasdejesus.org\\\/en\\\/preparing-the-feast-of-the-immaculate-conception-in-the-memorial-year\\\/#primaryimage\"},\"thumbnailUrl\":\"https:\\\/\\\/hijasdejesus.org\\\/wp-content\\\/uploads\\\/2018\\\/12\\\/IMG_3231.JPG\",\"articleSection\":[\"Hijas de Jes\u00fas\",\"News\"],\"inLanguage\":\"en-US\"},{\"@type\":\"WebPage\",\"@id\":\"https:\\\/\\\/hijasdejesus.org\\\/en\\\/preparing-the-feast-of-the-immaculate-conception-in-the-memorial-year\\\/\",\"url\":\"https:\\\/\\\/hijasdejesus.org\\\/en\\\/preparing-the-feast-of-the-immaculate-conception-in-the-memorial-year\\\/\",\"name\":\"Preparing the feast of the Immaculate Conception in the \\\"Memorial Year\\\" - Hijas de Jes\u00fas\",\"isPartOf\":{\"@id\":\"https:\\\/\\\/hijasdejesus.org\\\/en\\\/#website\"},\"primaryImageOfPage\":{\"@id\":\"https:\\\/\\\/hijasdejesus.org\\\/en\\\/preparing-the-feast-of-the-immaculate-conception-in-the-memorial-year\\\/#primaryimage\"},\"image\":{\"@id\":\"https:\\\/\\\/hijasdejesus.org\\\/en\\\/preparing-the-feast-of-the-immaculate-conception-in-the-memorial-year\\\/#primaryimage\"},\"thumbnailUrl\":\"https:\\\/\\\/hijasdejesus.org\\\/wp-content\\\/uploads\\\/2018\\\/12\\\/IMG_3231.JPG\",\"datePublished\":\"2018-12-06T17:40:55+00:00\",\"dateModified\":\"2018-12-07T17:06:57+00:00\",\"breadcrumb\":{\"@id\":\"https:\\\/\\\/hijasdejesus.org\\\/en\\\/preparing-the-feast-of-the-immaculate-conception-in-the-memorial-year\\\/#breadcrumb\"},\"inLanguage\":\"en-US\",\"potentialAction\":[{\"@type\":\"ReadAction\",\"target\":[\"https:\\\/\\\/hijasdejesus.org\\\/en\\\/preparing-the-feast-of-the-immaculate-conception-in-the-memorial-year\\\/\"]}]},{\"@type\":\"ImageObject\",\"inLanguage\":\"en-US\",\"@id\":\"https:\\\/\\\/hijasdejesus.org\\\/en\\\/preparing-the-feast-of-the-immaculate-conception-in-the-memorial-year\\\/#primaryimage\",\"url\":\"https:\\\/\\\/hijasdejesus.org\\\/wp-content\\\/uploads\\\/2018\\\/12\\\/IMG_3231.JPG\",\"contentUrl\":\"https:\\\/\\\/hijasdejesus.org\\\/wp-content\\\/uploads\\\/2018\\\/12\\\/IMG_3231.JPG\",\"width\":1920,\"height\":1280},{\"@type\":\"BreadcrumbList\",\"@id\":\"https:\\\/\\\/hijasdejesus.org\\\/en\\\/preparing-the-feast-of-the-immaculate-conception-in-the-memorial-year\\\/#breadcrumb\",\"itemListElement\":[{\"@type\":\"ListItem\",\"position\":1,\"name\":\"Portada\",\"item\":\"https:\\\/\\\/hijasdejesus.org\\\/en\\\/\"},{\"@type\":\"ListItem\",\"position\":2,\"name\":\"Preparing the feast of the Immaculate Conception in the \u00abMemorial Year\u00bb\"}]},{\"@type\":\"WebSite\",\"@id\":\"https:\\\/\\\/hijasdejesus.org\\\/en\\\/#website\",\"url\":\"https:\\\/\\\/hijasdejesus.org\\\/en\\\/\",\"name\":\"Hijas de Jes\u00fas\",\"description\":\"Despertamos a Jes\u00fas en el coraz\u00f3n, sacando lo mejor de las personas. Somos una congregaci\u00f3n religiosa ignaciana fundada por la Madre Candida\",\"publisher\":{\"@id\":\"https:\\\/\\\/hijasdejesus.org\\\/en\\\/#organization\"},\"potentialAction\":[{\"@type\":\"SearchAction\",\"target\":{\"@type\":\"EntryPoint\",\"urlTemplate\":\"https:\\\/\\\/hijasdejesus.org\\\/en\\\/?s={search_term_string}\"},\"query-input\":{\"@type\":\"PropertyValueSpecification\",\"valueRequired\":true,\"valueName\":\"search_term_string\"}}],\"inLanguage\":\"en-US\"},{\"@type\":\"Organization\",\"@id\":\"https:\\\/\\\/hijasdejesus.org\\\/en\\\/#organization\",\"name\":\"Hijas de Jes\u00fas\",\"url\":\"https:\\\/\\\/hijasdejesus.org\\\/en\\\/\",\"logo\":{\"@type\":\"ImageObject\",\"inLanguage\":\"en-US\",\"@id\":\"https:\\\/\\\/hijasdejesus.org\\\/en\\\/#\\\/schema\\\/logo\\\/image\\\/\",\"url\":\"https:\\\/\\\/hijasdejesus.org\\\/wp-content\\\/uploads\\\/2023\\\/01\\\/Hijas-de-Jesus_hor-A7C957.png\",\"contentUrl\":\"https:\\\/\\\/hijasdejesus.org\\\/wp-content\\\/uploads\\\/2023\\\/01\\\/Hijas-de-Jesus_hor-A7C957.png\",\"width\":700,\"height\":360,\"caption\":\"Hijas de Jes\u00fas\"},\"image\":{\"@id\":\"https:\\\/\\\/hijasdejesus.org\\\/en\\\/#\\\/schema\\\/logo\\\/image\\\/\"},\"sameAs\":[\"https:\\\/\\\/www.facebook.com\\\/hijasdejesusenelmundo\\\/\",\"https:\\\/\\\/x.com\\\/hijasdjesus\"]},{\"@type\":\"Person\",\"@id\":\"https:\\\/\\\/hijasdejesus.org\\\/en\\\/#\\\/schema\\\/person\\\/ce4455965da733f2791f23b6ec14e9b6\",\"name\":\"Webmaster\",\"image\":{\"@type\":\"ImageObject\",\"inLanguage\":\"en-US\",\"@id\":\"https:\\\/\\\/secure.gravatar.com\\\/avatar\\\/cfd0acaac86c3981d541d2e99a0ffb7b6d33a5ac8989a62f5518b9e0f7ee128a?s=96&d=mm&r=g\",\"url\":\"https:\\\/\\\/secure.gravatar.com\\\/avatar\\\/cfd0acaac86c3981d541d2e99a0ffb7b6d33a5ac8989a62f5518b9e0f7ee128a?s=96&d=mm&r=g\",\"contentUrl\":\"https:\\\/\\\/secure.gravatar.com\\\/avatar\\\/cfd0acaac86c3981d541d2e99a0ffb7b6d33a5ac8989a62f5518b9e0f7ee128a?s=96&d=mm&r=g\",\"caption\":\"Webmaster\"},\"url\":\"https:\\\/\\\/hijasdejesus.org\\\/en\\\/author\\\/webmaster\\\/\"}]}<\/script>\n<!-- \/ Yoast SEO plugin. -->","yoast_head_json":{"title":"Preparing the feast of the Immaculate Conception in the \"Memorial Year\" - Hijas de Jes\u00fas","robots":{"index":"index","follow":"follow","max-snippet":"max-snippet:-1","max-image-preview":"max-image-preview:large","max-video-preview":"max-video-preview:-1"},"canonical":"https:\/\/hijasdejesus.org\/en\/preparing-the-feast-of-the-immaculate-conception-in-the-memorial-year\/","og_locale":"en_US","og_type":"article","og_title":"Preparing the feast of the Immaculate Conception in the \"Memorial Year\" - Hijas de Jes\u00fas","og_description":"On December 8 we celebrate the 147th anniversary of the founding of the Congregation, \u201cand we do so within the framework of the Memorial Year of the Rosarillo Experience and of the 18th\u00a0General Congregation\u201d. In this context, M\u00aa Inez Furtado FI, Superior General, writes her latest circular to all the sisters of the Congregation in [&hellip;]","og_url":"https:\/\/hijasdejesus.org\/en\/preparing-the-feast-of-the-immaculate-conception-in-the-memorial-year\/","og_site_name":"Hijas de Jes\u00fas","article_publisher":"https:\/\/www.facebook.com\/hijasdejesusenelmundo\/","article_published_time":"2018-12-06T17:40:55+00:00","article_modified_time":"2018-12-07T17:06:57+00:00","og_image":[{"width":1920,"height":1280,"url":"https:\/\/hijasdejesus.org\/wp-content\/uploads\/2018\/12\/IMG_3231.JPG","type":"image\/jpeg"}],"author":"Webmaster","twitter_card":"summary_large_image","twitter_creator":"@hijasdjesus","twitter_site":"@hijasdjesus","twitter_misc":{"Written by":"Webmaster","Est. reading time":"2 minutes"},"schema":{"@context":"https:\/\/schema.org","@graph":[{"@type":"Article","@id":"https:\/\/hijasdejesus.org\/en\/preparing-the-feast-of-the-immaculate-conception-in-the-memorial-year\/#article","isPartOf":{"@id":"https:\/\/hijasdejesus.org\/en\/preparing-the-feast-of-the-immaculate-conception-in-the-memorial-year\/"},"author":{"name":"Webmaster","@id":"https:\/\/hijasdejesus.org\/en\/#\/schema\/person\/ce4455965da733f2791f23b6ec14e9b6"},"headline":"Preparing the feast of the Immaculate Conception in the &#8220;Memorial Year&#8221;","datePublished":"2018-12-06T17:40:55+00:00","dateModified":"2018-12-07T17:06:57+00:00","mainEntityOfPage":{"@id":"https:\/\/hijasdejesus.org\/en\/preparing-the-feast-of-the-immaculate-conception-in-the-memorial-year\/"},"wordCount":370,"publisher":{"@id":"https:\/\/hijasdejesus.org\/en\/#organization"},"image":{"@id":"https:\/\/hijasdejesus.org\/en\/preparing-the-feast-of-the-immaculate-conception-in-the-memorial-year\/#primaryimage"},"thumbnailUrl":"https:\/\/hijasdejesus.org\/wp-content\/uploads\/2018\/12\/IMG_3231.JPG","articleSection":["Hijas de Jes\u00fas","News"],"inLanguage":"en-US"},{"@type":"WebPage","@id":"https:\/\/hijasdejesus.org\/en\/preparing-the-feast-of-the-immaculate-conception-in-the-memorial-year\/","url":"https:\/\/hijasdejesus.org\/en\/preparing-the-feast-of-the-immaculate-conception-in-the-memorial-year\/","name":"Preparing the feast of the Immaculate Conception in the \"Memorial Year\" - Hijas de Jes\u00fas","isPartOf":{"@id":"https:\/\/hijasdejesus.org\/en\/#website"},"primaryImageOfPage":{"@id":"https:\/\/hijasdejesus.org\/en\/preparing-the-feast-of-the-immaculate-conception-in-the-memorial-year\/#primaryimage"},"image":{"@id":"https:\/\/hijasdejesus.org\/en\/preparing-the-feast-of-the-immaculate-conception-in-the-memorial-year\/#primaryimage"},"thumbnailUrl":"https:\/\/hijasdejesus.org\/wp-content\/uploads\/2018\/12\/IMG_3231.JPG","datePublished":"2018-12-06T17:40:55+00:00","dateModified":"2018-12-07T17:06:57+00:00","breadcrumb":{"@id":"https:\/\/hijasdejesus.org\/en\/preparing-the-feast-of-the-immaculate-conception-in-the-memorial-year\/#breadcrumb"},"inLanguage":"en-US","potentialAction":[{"@type":"ReadAction","target":["https:\/\/hijasdejesus.org\/en\/preparing-the-feast-of-the-immaculate-conception-in-the-memorial-year\/"]}]},{"@type":"ImageObject","inLanguage":"en-US","@id":"https:\/\/hijasdejesus.org\/en\/preparing-the-feast-of-the-immaculate-conception-in-the-memorial-year\/#primaryimage","url":"https:\/\/hijasdejesus.org\/wp-content\/uploads\/2018\/12\/IMG_3231.JPG","contentUrl":"https:\/\/hijasdejesus.org\/wp-content\/uploads\/2018\/12\/IMG_3231.JPG","width":1920,"height":1280},{"@type":"BreadcrumbList","@id":"https:\/\/hijasdejesus.org\/en\/preparing-the-feast-of-the-immaculate-conception-in-the-memorial-year\/#breadcrumb","itemListElement":[{"@type":"ListItem","position":1,"name":"Portada","item":"https:\/\/hijasdejesus.org\/en\/"},{"@type":"ListItem","position":2,"name":"Preparing the feast of the Immaculate Conception in the \u00abMemorial Year\u00bb"}]},{"@type":"WebSite","@id":"https:\/\/hijasdejesus.org\/en\/#website","url":"https:\/\/hijasdejesus.org\/en\/","name":"Hijas de Jes\u00fas","description":"Despertamos a Jes\u00fas en el coraz\u00f3n, sacando lo mejor de las personas. Somos una congregaci\u00f3n religiosa ignaciana fundada por la Madre Candida","publisher":{"@id":"https:\/\/hijasdejesus.org\/en\/#organization"},"potentialAction":[{"@type":"SearchAction","target":{"@type":"EntryPoint","urlTemplate":"https:\/\/hijasdejesus.org\/en\/?s={search_term_string}"},"query-input":{"@type":"PropertyValueSpecification","valueRequired":true,"valueName":"search_term_string"}}],"inLanguage":"en-US"},{"@type":"Organization","@id":"https:\/\/hijasdejesus.org\/en\/#organization","name":"Hijas de Jes\u00fas","url":"https:\/\/hijasdejesus.org\/en\/","logo":{"@type":"ImageObject","inLanguage":"en-US","@id":"https:\/\/hijasdejesus.org\/en\/#\/schema\/logo\/image\/","url":"https:\/\/hijasdejesus.org\/wp-content\/uploads\/2023\/01\/Hijas-de-Jesus_hor-A7C957.png","contentUrl":"https:\/\/hijasdejesus.org\/wp-content\/uploads\/2023\/01\/Hijas-de-Jesus_hor-A7C957.png","width":700,"height":360,"caption":"Hijas de Jes\u00fas"},"image":{"@id":"https:\/\/hijasdejesus.org\/en\/#\/schema\/logo\/image\/"},"sameAs":["https:\/\/www.facebook.com\/hijasdejesusenelmundo\/","https:\/\/x.com\/hijasdjesus"]},{"@type":"Person","@id":"https:\/\/hijasdejesus.org\/en\/#\/schema\/person\/ce4455965da733f2791f23b6ec14e9b6","name":"Webmaster","image":{"@type":"ImageObject","inLanguage":"en-US","@id":"https:\/\/secure.gravatar.com\/avatar\/cfd0acaac86c3981d541d2e99a0ffb7b6d33a5ac8989a62f5518b9e0f7ee128a?s=96&d=mm&r=g","url":"https:\/\/secure.gravatar.com\/avatar\/cfd0acaac86c3981d541d2e99a0ffb7b6d33a5ac8989a62f5518b9e0f7ee128a?s=96&d=mm&r=g","contentUrl":"https:\/\/secure.gravatar.com\/avatar\/cfd0acaac86c3981d541d2e99a0ffb7b6d33a5ac8989a62f5518b9e0f7ee128a?s=96&d=mm&r=g","caption":"Webmaster"},"url":"https:\/\/hijasdejesus.org\/en\/author\/webmaster\/"}]}},"_links":{"self":[{"href":"https:\/\/hijasdejesus.org\/en\/wp-json\/wp\/v2\/posts\/28915","targetHints":{"allow":["GET"]}}],"collection":[{"href":"https:\/\/hijasdejesus.org\/en\/wp-json\/wp\/v2\/posts"}],"about":[{"href":"https:\/\/hijasdejesus.org\/en\/wp-json\/wp\/v2\/types\/post"}],"author":[{"embeddable":true,"href":"https:\/\/hijasdejesus.org\/en\/wp-json\/wp\/v2\/users\/28"}],"replies":[{"embeddable":true,"href":"https:\/\/hijasdejesus.org\/en\/wp-json\/wp\/v2\/comments?post=28915"}],"version-history":[{"count":0,"href":"https:\/\/hijasdejesus.org\/en\/wp-json\/wp\/v2\/posts\/28915\/revisions"}],"wp:featuredmedia":[{"embeddable":true,"href":"https:\/\/hijasdejesus.org\/en\/wp-json\/wp\/v2\/media\/9716"}],"wp:attachment":[{"href":"https:\/\/hijasdejesus.org\/en\/wp-json\/wp\/v2\/media?parent=28915"}],"wp:term":[{"taxonomy":"category","embeddable":true,"href":"https:\/\/hijasdejesus.org\/en\/wp-json\/wp\/v2\/categories?post=28915"},{"taxonomy":"post_tag","embeddable":true,"href":"https:\/\/hijasdejesus.org\/en\/wp-json\/wp\/v2\/tags?post=28915"}],"curies":[{"name":"wp","href":"https:\/\/api.w.org\/{rel}","templated":true}]}}