{"id":29035,"date":"2019-04-24T22:43:23","date_gmt":"2019-04-24T20:43:23","guid":{"rendered":"https:\/\/nueva.hijasdejesus.org\/looking-at-the-reality-and-how-is-the-congregation\/"},"modified":"2019-05-02T16:46:47","modified_gmt":"2019-05-02T14:46:47","slug":"looking-at-the-reality-and-how-is-the-congregation","status":"publish","type":"post","link":"https:\/\/hijasdejesus.org\/en\/looking-at-the-reality-and-how-is-the-congregation\/","title":{"rendered":"Looking at the reality and how is the Congregation"},"content":{"rendered":"<p dir=\"ltr\">\n<p dir=\"ltr\">\u00a0 \u00a0 \u00a0 \u00a0 \u00a0 As in every morning, we started at 7:30 A.M. with the Eucharist presided\u00a0 by Osvaldo Vivar Mart\u00ednez, O. de M.. At 8:45 A.M., the liturgy commission of the day invited us to invoke the Creator Spirit, the One that gives fecundity to life, who pushes history towards freedom that help us look at reality.<\/p>\n<p dir=\"ltr\">\u00a0<\/p>\n<p dir=\"ltr\">\u00a0 \u00a0 \u00a0 \u00a0 \u00a0 The Official Preparatory Commission (CPO) ended their work as a team yesterday and we have entered into another phase, in which the Commission for the State of the Congregation (CEC)\u00a0 will direct the process. We were presented with the work for the day, to know more closely state of the Congregation, with a look at reality. For this, we have\u00a0looked\u00a0at our world and we have seen where we are in that world.<\/p>\n<p dir=\"ltr\"><img loading=\"lazy\" decoding=\"async\" style=\"display: block; margin-left: auto; margin-right: auto;\" src=\"https:\/\/lh4.googleusercontent.com\/vmrz9D0XT5OsA4Zi7w6zVRLKEJ_MycE6NbkozDnp1m9Rt28N5W22VB-prmLfIIyhJ31Wb89BVrv3BSPQch8LppZkSdVQfroxPzfLURXzUgj3QaZcgaaxu982tjpNzCfnhDuROE9B9LboqwRmMQ\" alt=\"DSC01394edit\" width=\"500\" height=\"271\" \/><\/p>\n<p dir=\"ltr\">\u00a0 \u00a0 \u00a0 \u00a0 \u00a0 To start off, we watched for a few minutes the documentary\u00a0\u201cMa\u00f1ana\u201d or\u00a0&#8220;Tomorrow&#8221;, directed by Cyril Dion and M\u00e9lanie Laurent in which a supposed scaremonger\u00a0 is presented with a solid scientific basis: an interdisciplinary study published in 2012 by the Nature magazine that predicts a planetary catastrophe, the disappearance of part of humanity towards 2100 as a result of the combined economic, ecological and social crises. From that assumption, a \u201cglobal road\u201d movie is done to go searching, in the five continents, for new ideas and innovators\u00a0that are changing the way things are done &#8211; in agriculture, economy, energy, politics and education- and who can, therefore, prevent the apocalyptic prophecy.<\/p>\n<p dir=\"ltr\">\u00a0 \u00a0 \u00a0 \u00a0 \u00a0 After this starting point we have been presented with a working document: &#8220;Our gaze at our world&#8221;, with a triple objective:<\/p>\n<p dir=\"ltr\">&#8211; to approach reality with a &#8220;wider&#8221; gaze<\/p>\n<p dir=\"ltr\">&#8211; to ask ourselves how\u00a0 the Congregation is in this world<\/p>\n<p dir=\"ltr\">&#8211; to share our views and conversations about them.<\/p>\n<p dir=\"ltr\">\u00a0 \u00a0 \u00a0 \u00a0 \u00a0 And we have had time for personal, and group work. The Grouping was made according to the continents. Each group made a very rich reflection that made the sharing in the Assembly very deep and touching.<\/p>\n<p dir=\"ltr\" style=\"text-align: center;\"><strong>Members of the GCXVIII from the Continent of America<\/strong><\/p>\n<p dir=\"ltr\"><strong><img loading=\"lazy\" decoding=\"async\" style=\"display: block; margin-left: auto; margin-right: auto;\" src=\"https:\/\/lh5.googleusercontent.com\/L5PSu9sjWpT-LLpSCyWrpbGZIQjuHMODbHipHufXmhAq3cEON1j0u4iln9yPA0Y5b_0goUi7yFUJBX9iF0E2atcEGT9ZM5ilaDQ92N2cmVF-fY41Ixmx_enrX9OOxwKDlqU8J13bU-g5Mhar6w\" alt=\"DSC01396edit\" width=\"450\" height=\"205\" \/><\/strong><\/p>\n<p dir=\"ltr\" style=\"text-align: center;\"><strong>Members of the\u00a0GCXVIII\u00a0\u00a0from the Continent of\u00a0Asia<\/strong><\/p>\n<p dir=\"ltr\"><strong><img loading=\"lazy\" decoding=\"async\" style=\"display: block; margin-left: auto; margin-right: auto;\" src=\"https:\/\/lh6.googleusercontent.com\/vJvCL5TH-c6-ODL-j6jbgYvm66_vSfVk2HszdAr4IlxzBYu-RkDCPiS9EGj24v1fmpdXok-rmIJkaaDeeGOh896zt_-uDz8BG9L1ep6bXYdV8LMBCGdalGym0W0vdiRMbHT-fCjqD9dOrcroAg\" alt=\"DSC01397edit\" width=\"450\" height=\"172\" \/><\/strong><\/p>\n<p dir=\"ltr\">\u00a0<\/p>\n<p dir=\"ltr\" style=\"text-align: center;\"><strong>Members of the\u00a0GCXVIII\u00a0\u00a0from the Continent of Europe<\/strong><\/p>\n<p dir=\"ltr\"><strong><img loading=\"lazy\" decoding=\"async\" style=\"display: block; margin-left: auto; margin-right: auto;\" src=\"https:\/\/lh4.googleusercontent.com\/PEA2_NWB6ChshdrP1d6X2cBlBAAHPBK77eRRq_JM-ml4is6NEBlVhWOmlS0AmGDaypQkeeAzHRcTT14x5WJ4TrTieMJ9NlgGW_2WmFj2NVdcpKfcq-HRGnzCzvF2DBA24L3bDUtj4NISL_44RA\" alt=\"DSC01399edit\" width=\"500\" height=\"199\" \/><\/strong><\/p>\n<p dir=\"ltr\">\u00a0 \u00a0 \u00a0 \u00a0 \u00a0 We ended the day giving thanks to the God of Life because He continues to call us to be co-creators of the common home, of a new humanity and asking Him to encourage us in this task. May we all feel called to live in a transformative way.<\/p>\n<p dir=\"ltr\" style=\"text-align: center;\"><strong>PRAYER FOR OUR LAND<\/strong><\/p>\n<p>Omnipotent God, Who is present in the entire universe and in the smallest of your creatures,<br \/>You, who surround with your tenderness all that exists, pour out in us the strength of your love so that we can take care of life and beauty. Fill us with peace, so that we may live as brothers and sisters without harming anyone.<\/p>\n<p dir=\"ltr\" style=\"text-align: center;\">God of the poor, help us to rescue the abandoned and forgotten of this land that are so valuable in your eyes.<\/p>\n<p dir=\"ltr\" style=\"text-align: center;\">Heal our lives, so that we may be protectors, not predators, of the world and, so that we may sow beauty and not contamination and destruction.<\/p>\n<p dir=\"ltr\" style=\"text-align: center;\">Touch the hearts of those who seek only benefits at the expense of the poor and the earth. Teach us to discover the value of everything, to contemplate in admiration, to recognize that we are deeply united with all creatures on our way to your infinite Light.<\/p>\n<p style=\"text-align: center;\">\u00a0<\/p>\n<p dir=\"ltr\" style=\"line-height: 1.38; margin-top: 6pt; margin-bottom: 6pt; background-color: #ffffff; text-align: center;\"><span style=\"font-size: 9.5pt; font-family: Arial; color: #333333; background-color: transparent; font-weight: 400; font-style: normal; font-variant: normal; text-decoration: none; vertical-align: baseline; white-space: pre-wrap;\">Thank you, because, you are with us every day. Please, encourage us in our struggle for justice, love and peace.<\/span><\/p>\n","protected":false},"excerpt":{"rendered":"<p>\u00a0 \u00a0 \u00a0 \u00a0 \u00a0 As in every morning, we started at 7:30 A.M. with the Eucharist presided\u00a0 by Osvaldo Vivar Mart\u00ednez, O. de M.. At 8:45 A.M., the liturgy commission of the day invited us to invoke the Creator Spirit, the One that gives fecundity to life, who pushes history towards freedom that help [&hellip;]<\/p>\n","protected":false},"author":28,"featured_media":9844,"comment_status":"closed","ping_status":"closed","sticky":false,"template":"","format":"standard","meta":{"_et_pb_use_builder":"","_et_pb_old_content":"","_et_gb_content_width":"","footnotes":"","_links_to":"","_links_to_target":""},"categories":[526,528,412],"tags":[],"class_list":["post-29035","post","type-post","status-publish","format-standard","has-post-thumbnail","hentry","category-general_government","category-hijas-de-jesus-en","category-news"],"yoast_head":"<!-- This site is optimized with the Yoast SEO plugin v27.5 - https:\/\/yoast.com\/product\/yoast-seo-wordpress\/ -->\n<title>Looking at the reality and how is the Congregation - Hijas de Jes\u00fas<\/title>\n<meta name=\"robots\" content=\"index, follow, max-snippet:-1, max-image-preview:large, max-video-preview:-1\" \/>\n<link rel=\"canonical\" href=\"https:\/\/hijasdejesus.org\/en\/looking-at-the-reality-and-how-is-the-congregation\/\" \/>\n<meta property=\"og:locale\" content=\"en_US\" \/>\n<meta property=\"og:type\" content=\"article\" \/>\n<meta property=\"og:title\" content=\"Looking at the reality and how is the Congregation - Hijas de Jes\u00fas\" \/>\n<meta property=\"og:description\" content=\"\u00a0 \u00a0 \u00a0 \u00a0 \u00a0 As in every morning, we started at 7:30 A.M. with the Eucharist presided\u00a0 by Osvaldo Vivar Mart\u00ednez, O. de M.. At 8:45 A.M., the liturgy commission of the day invited us to invoke the Creator Spirit, the One that gives fecundity to life, who pushes history towards freedom that help [&hellip;]\" \/>\n<meta property=\"og:url\" content=\"https:\/\/hijasdejesus.org\/en\/looking-at-the-reality-and-how-is-the-congregation\/\" \/>\n<meta property=\"og:site_name\" content=\"Hijas de Jes\u00fas\" \/>\n<meta property=\"article:publisher\" content=\"https:\/\/www.facebook.com\/hijasdejesusenelmundo\/\" \/>\n<meta property=\"article:published_time\" content=\"2019-04-24T20:43:23+00:00\" \/>\n<meta property=\"article:modified_time\" content=\"2019-05-02T14:46:47+00:00\" \/>\n<meta property=\"og:image\" content=\"https:\/\/hijasdejesus.org\/wp-content\/uploads\/2019\/04\/manos-mundo.jpg\" \/>\n\t<meta property=\"og:image:width\" content=\"960\" \/>\n\t<meta property=\"og:image:height\" content=\"637\" \/>\n\t<meta property=\"og:image:type\" content=\"image\/jpeg\" \/>\n<meta name=\"author\" content=\"Webmaster\" \/>\n<meta name=\"twitter:card\" content=\"summary_large_image\" \/>\n<meta name=\"twitter:creator\" content=\"@hijasdjesus\" \/>\n<meta name=\"twitter:site\" content=\"@hijasdjesus\" \/>\n<meta name=\"twitter:label1\" content=\"Written by\" \/>\n\t<meta name=\"twitter:data1\" content=\"Webmaster\" \/>\n\t<meta name=\"twitter:label2\" content=\"Est. reading time\" \/>\n\t<meta name=\"twitter:data2\" content=\"3 minutes\" \/>\n<script type=\"application\/ld+json\" class=\"yoast-schema-graph\">{\"@context\":\"https:\\\/\\\/schema.org\",\"@graph\":[{\"@type\":\"Article\",\"@id\":\"https:\\\/\\\/hijasdejesus.org\\\/en\\\/looking-at-the-reality-and-how-is-the-congregation\\\/#article\",\"isPartOf\":{\"@id\":\"https:\\\/\\\/hijasdejesus.org\\\/en\\\/looking-at-the-reality-and-how-is-the-congregation\\\/\"},\"author\":{\"name\":\"Webmaster\",\"@id\":\"https:\\\/\\\/hijasdejesus.org\\\/en\\\/#\\\/schema\\\/person\\\/ce4455965da733f2791f23b6ec14e9b6\"},\"headline\":\"Looking at the reality and how is the Congregation\",\"datePublished\":\"2019-04-24T20:43:23+00:00\",\"dateModified\":\"2019-05-02T14:46:47+00:00\",\"mainEntityOfPage\":{\"@id\":\"https:\\\/\\\/hijasdejesus.org\\\/en\\\/looking-at-the-reality-and-how-is-the-congregation\\\/\"},\"wordCount\":589,\"publisher\":{\"@id\":\"https:\\\/\\\/hijasdejesus.org\\\/en\\\/#organization\"},\"image\":{\"@id\":\"https:\\\/\\\/hijasdejesus.org\\\/en\\\/looking-at-the-reality-and-how-is-the-congregation\\\/#primaryimage\"},\"thumbnailUrl\":\"https:\\\/\\\/hijasdejesus.org\\\/wp-content\\\/uploads\\\/2019\\\/04\\\/manos-mundo.jpg\",\"articleSection\":[\"General government\",\"Hijas de Jes\u00fas\",\"News\"],\"inLanguage\":\"en-US\"},{\"@type\":\"WebPage\",\"@id\":\"https:\\\/\\\/hijasdejesus.org\\\/en\\\/looking-at-the-reality-and-how-is-the-congregation\\\/\",\"url\":\"https:\\\/\\\/hijasdejesus.org\\\/en\\\/looking-at-the-reality-and-how-is-the-congregation\\\/\",\"name\":\"Looking at the reality and how is the Congregation - Hijas de Jes\u00fas\",\"isPartOf\":{\"@id\":\"https:\\\/\\\/hijasdejesus.org\\\/en\\\/#website\"},\"primaryImageOfPage\":{\"@id\":\"https:\\\/\\\/hijasdejesus.org\\\/en\\\/looking-at-the-reality-and-how-is-the-congregation\\\/#primaryimage\"},\"image\":{\"@id\":\"https:\\\/\\\/hijasdejesus.org\\\/en\\\/looking-at-the-reality-and-how-is-the-congregation\\\/#primaryimage\"},\"thumbnailUrl\":\"https:\\\/\\\/hijasdejesus.org\\\/wp-content\\\/uploads\\\/2019\\\/04\\\/manos-mundo.jpg\",\"datePublished\":\"2019-04-24T20:43:23+00:00\",\"dateModified\":\"2019-05-02T14:46:47+00:00\",\"breadcrumb\":{\"@id\":\"https:\\\/\\\/hijasdejesus.org\\\/en\\\/looking-at-the-reality-and-how-is-the-congregation\\\/#breadcrumb\"},\"inLanguage\":\"en-US\",\"potentialAction\":[{\"@type\":\"ReadAction\",\"target\":[\"https:\\\/\\\/hijasdejesus.org\\\/en\\\/looking-at-the-reality-and-how-is-the-congregation\\\/\"]}]},{\"@type\":\"ImageObject\",\"inLanguage\":\"en-US\",\"@id\":\"https:\\\/\\\/hijasdejesus.org\\\/en\\\/looking-at-the-reality-and-how-is-the-congregation\\\/#primaryimage\",\"url\":\"https:\\\/\\\/hijasdejesus.org\\\/wp-content\\\/uploads\\\/2019\\\/04\\\/manos-mundo.jpg\",\"contentUrl\":\"https:\\\/\\\/hijasdejesus.org\\\/wp-content\\\/uploads\\\/2019\\\/04\\\/manos-mundo.jpg\",\"width\":960,\"height\":637},{\"@type\":\"BreadcrumbList\",\"@id\":\"https:\\\/\\\/hijasdejesus.org\\\/en\\\/looking-at-the-reality-and-how-is-the-congregation\\\/#breadcrumb\",\"itemListElement\":[{\"@type\":\"ListItem\",\"position\":1,\"name\":\"Portada\",\"item\":\"https:\\\/\\\/hijasdejesus.org\\\/en\\\/\"},{\"@type\":\"ListItem\",\"position\":2,\"name\":\"Looking at the reality and how is the Congregation\"}]},{\"@type\":\"WebSite\",\"@id\":\"https:\\\/\\\/hijasdejesus.org\\\/en\\\/#website\",\"url\":\"https:\\\/\\\/hijasdejesus.org\\\/en\\\/\",\"name\":\"Hijas de Jes\u00fas\",\"description\":\"Despertamos a Jes\u00fas en el coraz\u00f3n, sacando lo mejor de las personas. Somos una congregaci\u00f3n religiosa ignaciana fundada por la Madre Candida\",\"publisher\":{\"@id\":\"https:\\\/\\\/hijasdejesus.org\\\/en\\\/#organization\"},\"potentialAction\":[{\"@type\":\"SearchAction\",\"target\":{\"@type\":\"EntryPoint\",\"urlTemplate\":\"https:\\\/\\\/hijasdejesus.org\\\/en\\\/?s={search_term_string}\"},\"query-input\":{\"@type\":\"PropertyValueSpecification\",\"valueRequired\":true,\"valueName\":\"search_term_string\"}}],\"inLanguage\":\"en-US\"},{\"@type\":\"Organization\",\"@id\":\"https:\\\/\\\/hijasdejesus.org\\\/en\\\/#organization\",\"name\":\"Hijas de Jes\u00fas\",\"url\":\"https:\\\/\\\/hijasdejesus.org\\\/en\\\/\",\"logo\":{\"@type\":\"ImageObject\",\"inLanguage\":\"en-US\",\"@id\":\"https:\\\/\\\/hijasdejesus.org\\\/en\\\/#\\\/schema\\\/logo\\\/image\\\/\",\"url\":\"https:\\\/\\\/hijasdejesus.org\\\/wp-content\\\/uploads\\\/2023\\\/01\\\/Hijas-de-Jesus_hor-A7C957.png\",\"contentUrl\":\"https:\\\/\\\/hijasdejesus.org\\\/wp-content\\\/uploads\\\/2023\\\/01\\\/Hijas-de-Jesus_hor-A7C957.png\",\"width\":700,\"height\":360,\"caption\":\"Hijas de Jes\u00fas\"},\"image\":{\"@id\":\"https:\\\/\\\/hijasdejesus.org\\\/en\\\/#\\\/schema\\\/logo\\\/image\\\/\"},\"sameAs\":[\"https:\\\/\\\/www.facebook.com\\\/hijasdejesusenelmundo\\\/\",\"https:\\\/\\\/x.com\\\/hijasdjesus\"]},{\"@type\":\"Person\",\"@id\":\"https:\\\/\\\/hijasdejesus.org\\\/en\\\/#\\\/schema\\\/person\\\/ce4455965da733f2791f23b6ec14e9b6\",\"name\":\"Webmaster\",\"image\":{\"@type\":\"ImageObject\",\"inLanguage\":\"en-US\",\"@id\":\"https:\\\/\\\/secure.gravatar.com\\\/avatar\\\/cfd0acaac86c3981d541d2e99a0ffb7b6d33a5ac8989a62f5518b9e0f7ee128a?s=96&d=mm&r=g\",\"url\":\"https:\\\/\\\/secure.gravatar.com\\\/avatar\\\/cfd0acaac86c3981d541d2e99a0ffb7b6d33a5ac8989a62f5518b9e0f7ee128a?s=96&d=mm&r=g\",\"contentUrl\":\"https:\\\/\\\/secure.gravatar.com\\\/avatar\\\/cfd0acaac86c3981d541d2e99a0ffb7b6d33a5ac8989a62f5518b9e0f7ee128a?s=96&d=mm&r=g\",\"caption\":\"Webmaster\"},\"url\":\"https:\\\/\\\/hijasdejesus.org\\\/en\\\/author\\\/webmaster\\\/\"}]}<\/script>\n<!-- \/ Yoast SEO plugin. -->","yoast_head_json":{"title":"Looking at the reality and how is the Congregation - Hijas de Jes\u00fas","robots":{"index":"index","follow":"follow","max-snippet":"max-snippet:-1","max-image-preview":"max-image-preview:large","max-video-preview":"max-video-preview:-1"},"canonical":"https:\/\/hijasdejesus.org\/en\/looking-at-the-reality-and-how-is-the-congregation\/","og_locale":"en_US","og_type":"article","og_title":"Looking at the reality and how is the Congregation - Hijas de Jes\u00fas","og_description":"\u00a0 \u00a0 \u00a0 \u00a0 \u00a0 As in every morning, we started at 7:30 A.M. with the Eucharist presided\u00a0 by Osvaldo Vivar Mart\u00ednez, O. de M.. At 8:45 A.M., the liturgy commission of the day invited us to invoke the Creator Spirit, the One that gives fecundity to life, who pushes history towards freedom that help [&hellip;]","og_url":"https:\/\/hijasdejesus.org\/en\/looking-at-the-reality-and-how-is-the-congregation\/","og_site_name":"Hijas de Jes\u00fas","article_publisher":"https:\/\/www.facebook.com\/hijasdejesusenelmundo\/","article_published_time":"2019-04-24T20:43:23+00:00","article_modified_time":"2019-05-02T14:46:47+00:00","og_image":[{"width":960,"height":637,"url":"https:\/\/hijasdejesus.org\/wp-content\/uploads\/2019\/04\/manos-mundo.jpg","type":"image\/jpeg"}],"author":"Webmaster","twitter_card":"summary_large_image","twitter_creator":"@hijasdjesus","twitter_site":"@hijasdjesus","twitter_misc":{"Written by":"Webmaster","Est. reading time":"3 minutes"},"schema":{"@context":"https:\/\/schema.org","@graph":[{"@type":"Article","@id":"https:\/\/hijasdejesus.org\/en\/looking-at-the-reality-and-how-is-the-congregation\/#article","isPartOf":{"@id":"https:\/\/hijasdejesus.org\/en\/looking-at-the-reality-and-how-is-the-congregation\/"},"author":{"name":"Webmaster","@id":"https:\/\/hijasdejesus.org\/en\/#\/schema\/person\/ce4455965da733f2791f23b6ec14e9b6"},"headline":"Looking at the reality and how is the Congregation","datePublished":"2019-04-24T20:43:23+00:00","dateModified":"2019-05-02T14:46:47+00:00","mainEntityOfPage":{"@id":"https:\/\/hijasdejesus.org\/en\/looking-at-the-reality-and-how-is-the-congregation\/"},"wordCount":589,"publisher":{"@id":"https:\/\/hijasdejesus.org\/en\/#organization"},"image":{"@id":"https:\/\/hijasdejesus.org\/en\/looking-at-the-reality-and-how-is-the-congregation\/#primaryimage"},"thumbnailUrl":"https:\/\/hijasdejesus.org\/wp-content\/uploads\/2019\/04\/manos-mundo.jpg","articleSection":["General government","Hijas de Jes\u00fas","News"],"inLanguage":"en-US"},{"@type":"WebPage","@id":"https:\/\/hijasdejesus.org\/en\/looking-at-the-reality-and-how-is-the-congregation\/","url":"https:\/\/hijasdejesus.org\/en\/looking-at-the-reality-and-how-is-the-congregation\/","name":"Looking at the reality and how is the Congregation - Hijas de Jes\u00fas","isPartOf":{"@id":"https:\/\/hijasdejesus.org\/en\/#website"},"primaryImageOfPage":{"@id":"https:\/\/hijasdejesus.org\/en\/looking-at-the-reality-and-how-is-the-congregation\/#primaryimage"},"image":{"@id":"https:\/\/hijasdejesus.org\/en\/looking-at-the-reality-and-how-is-the-congregation\/#primaryimage"},"thumbnailUrl":"https:\/\/hijasdejesus.org\/wp-content\/uploads\/2019\/04\/manos-mundo.jpg","datePublished":"2019-04-24T20:43:23+00:00","dateModified":"2019-05-02T14:46:47+00:00","breadcrumb":{"@id":"https:\/\/hijasdejesus.org\/en\/looking-at-the-reality-and-how-is-the-congregation\/#breadcrumb"},"inLanguage":"en-US","potentialAction":[{"@type":"ReadAction","target":["https:\/\/hijasdejesus.org\/en\/looking-at-the-reality-and-how-is-the-congregation\/"]}]},{"@type":"ImageObject","inLanguage":"en-US","@id":"https:\/\/hijasdejesus.org\/en\/looking-at-the-reality-and-how-is-the-congregation\/#primaryimage","url":"https:\/\/hijasdejesus.org\/wp-content\/uploads\/2019\/04\/manos-mundo.jpg","contentUrl":"https:\/\/hijasdejesus.org\/wp-content\/uploads\/2019\/04\/manos-mundo.jpg","width":960,"height":637},{"@type":"BreadcrumbList","@id":"https:\/\/hijasdejesus.org\/en\/looking-at-the-reality-and-how-is-the-congregation\/#breadcrumb","itemListElement":[{"@type":"ListItem","position":1,"name":"Portada","item":"https:\/\/hijasdejesus.org\/en\/"},{"@type":"ListItem","position":2,"name":"Looking at the reality and how is the Congregation"}]},{"@type":"WebSite","@id":"https:\/\/hijasdejesus.org\/en\/#website","url":"https:\/\/hijasdejesus.org\/en\/","name":"Hijas de Jes\u00fas","description":"Despertamos a Jes\u00fas en el coraz\u00f3n, sacando lo mejor de las personas. Somos una congregaci\u00f3n religiosa ignaciana fundada por la Madre Candida","publisher":{"@id":"https:\/\/hijasdejesus.org\/en\/#organization"},"potentialAction":[{"@type":"SearchAction","target":{"@type":"EntryPoint","urlTemplate":"https:\/\/hijasdejesus.org\/en\/?s={search_term_string}"},"query-input":{"@type":"PropertyValueSpecification","valueRequired":true,"valueName":"search_term_string"}}],"inLanguage":"en-US"},{"@type":"Organization","@id":"https:\/\/hijasdejesus.org\/en\/#organization","name":"Hijas de Jes\u00fas","url":"https:\/\/hijasdejesus.org\/en\/","logo":{"@type":"ImageObject","inLanguage":"en-US","@id":"https:\/\/hijasdejesus.org\/en\/#\/schema\/logo\/image\/","url":"https:\/\/hijasdejesus.org\/wp-content\/uploads\/2023\/01\/Hijas-de-Jesus_hor-A7C957.png","contentUrl":"https:\/\/hijasdejesus.org\/wp-content\/uploads\/2023\/01\/Hijas-de-Jesus_hor-A7C957.png","width":700,"height":360,"caption":"Hijas de Jes\u00fas"},"image":{"@id":"https:\/\/hijasdejesus.org\/en\/#\/schema\/logo\/image\/"},"sameAs":["https:\/\/www.facebook.com\/hijasdejesusenelmundo\/","https:\/\/x.com\/hijasdjesus"]},{"@type":"Person","@id":"https:\/\/hijasdejesus.org\/en\/#\/schema\/person\/ce4455965da733f2791f23b6ec14e9b6","name":"Webmaster","image":{"@type":"ImageObject","inLanguage":"en-US","@id":"https:\/\/secure.gravatar.com\/avatar\/cfd0acaac86c3981d541d2e99a0ffb7b6d33a5ac8989a62f5518b9e0f7ee128a?s=96&d=mm&r=g","url":"https:\/\/secure.gravatar.com\/avatar\/cfd0acaac86c3981d541d2e99a0ffb7b6d33a5ac8989a62f5518b9e0f7ee128a?s=96&d=mm&r=g","contentUrl":"https:\/\/secure.gravatar.com\/avatar\/cfd0acaac86c3981d541d2e99a0ffb7b6d33a5ac8989a62f5518b9e0f7ee128a?s=96&d=mm&r=g","caption":"Webmaster"},"url":"https:\/\/hijasdejesus.org\/en\/author\/webmaster\/"}]}},"_links":{"self":[{"href":"https:\/\/hijasdejesus.org\/en\/wp-json\/wp\/v2\/posts\/29035","targetHints":{"allow":["GET"]}}],"collection":[{"href":"https:\/\/hijasdejesus.org\/en\/wp-json\/wp\/v2\/posts"}],"about":[{"href":"https:\/\/hijasdejesus.org\/en\/wp-json\/wp\/v2\/types\/post"}],"author":[{"embeddable":true,"href":"https:\/\/hijasdejesus.org\/en\/wp-json\/wp\/v2\/users\/28"}],"replies":[{"embeddable":true,"href":"https:\/\/hijasdejesus.org\/en\/wp-json\/wp\/v2\/comments?post=29035"}],"version-history":[{"count":0,"href":"https:\/\/hijasdejesus.org\/en\/wp-json\/wp\/v2\/posts\/29035\/revisions"}],"wp:featuredmedia":[{"embeddable":true,"href":"https:\/\/hijasdejesus.org\/en\/wp-json\/wp\/v2\/media\/9844"}],"wp:attachment":[{"href":"https:\/\/hijasdejesus.org\/en\/wp-json\/wp\/v2\/media?parent=29035"}],"wp:term":[{"taxonomy":"category","embeddable":true,"href":"https:\/\/hijasdejesus.org\/en\/wp-json\/wp\/v2\/categories?post=29035"},{"taxonomy":"post_tag","embeddable":true,"href":"https:\/\/hijasdejesus.org\/en\/wp-json\/wp\/v2\/tags?post=29035"}],"curies":[{"name":"wp","href":"https:\/\/api.w.org\/{rel}","templated":true}]}}