{"id":29039,"date":"2019-04-28T11:52:35","date_gmt":"2019-04-28T09:52:35","guid":{"rendered":"https:\/\/nueva.hijasdejesus.org\/getting-to-know-us-ii-2\/"},"modified":"2019-05-02T17:00:10","modified_gmt":"2019-05-02T15:00:10","slug":"getting-to-know-us-ii-2","status":"publish","type":"post","link":"https:\/\/hijasdejesus.org\/en\/getting-to-know-us-ii-2\/","title":{"rendered":"Getting to know us (II)"},"content":{"rendered":"<p dir=\"ltr\" style=\"line-height: 1.2; margin-top: 0pt; margin-bottom: 0pt; text-align: justify; background-color: #ffffff;\">\u00a0<\/p>\n<p dir=\"ltr\" style=\"line-height: 1.2; margin-top: 6pt; margin-bottom: 6pt; background-color: #ffffff;\"><span style=\"font-size: 9.5pt; font-family: Arial; color: #333333; background-color: transparent; font-weight: 400; font-style: normal; font-variant: normal; text-decoration: none; vertical-align: baseline; white-space: pre-wrap;\"><\/span><\/p>\n<p dir=\"ltr\" style=\"line-height: 1.2; margin-top: 0pt; margin-bottom: 0pt; text-align: justify; background-color: #ffffff;\"><span style=\"font-size: 9.5pt; font-family: Arial; color: #333333; background-color: transparent; font-weight: 400; font-style: normal; font-variant: normal; text-decoration: none; vertical-align: baseline; white-space: pre-wrap;\"><br \/><\/span>We continue to make known three other sisters of the GC. One from each continent: Asia, America and Europe. Today we present Patricia Arag\u00f3n, Pola Mendoza and Mar\u00eda de la O Mart\u00ednez.<\/p>\n<p dir=\"ltr\" style=\"text-align: center;\"><strong>PATRICIA ANNA ARAG\u00d3N TORROBA<\/strong><strong>\u00a0<\/strong><\/p>\n<p dir=\"ltr\"><strong><img loading=\"lazy\" decoding=\"async\" style=\"display: block; margin-left: auto; margin-right: auto;\" src=\"https:\/\/lh5.googleusercontent.com\/VFPlC8cWlbkvwS1-KFi7EPwrhbW_xj0eVG_lC_dXuSD3ppNIaoRZFZtaNbRAVu0i_6UqpOYg5JAWHjfC6R-prNzDFr1-QymhSMxN1_tJxIWCBd0uUeN1OpERR3MPiGkEGWuOBSzLxXU05ClBbQ\" alt=\"Tricia\" width=\"336\" height=\"450\" \/><\/strong><\/p>\n<p dir=\"ltr\">Patricia Arag\u00f3n is from the Philippines, from the Indico-Pacific Province. Her current assignment is in Davao, Mindanao (Philippines). She works in the school.<\/p>\n<p dir=\"ltr\">She participates in the General Congregation for the first time.<\/p>\n<p dir=\"ltr\">She dreams of a world with peace, joy and hope in which we all live the filiation and fraternity. A world that breathes respect and loves creation. That we see GOD in all things &#8230; God reigns!<\/p>\n<p dir=\"ltr\" style=\"text-align: center;\"><strong>MAR\u00cdA DE LA O MART\u00cdNEZ MART\u00cdN<\/strong><strong>\u00a0<\/strong><\/p>\n<p dir=\"ltr\"><strong><img loading=\"lazy\" decoding=\"async\" style=\"display: block; margin-left: auto; margin-right: auto;\" src=\"https:\/\/lh4.googleusercontent.com\/vuIVXjlCMG7aOsS8BFyZ4IHF6PNMGeeyXV_nfhLDI2ijT0rpH97hrks3nDTAS_xCLBvrJzSYAIA6_8fShLiMDMNXvV2L_ouFhKpaW41Tp_NxkSRYW4-Kca1lOKxN5LFx0BLG4v7j7OJ7ieFWvw\" alt=\"maria de la o\" width=\"337\" height=\"450\" \/><\/strong><\/p>\n<p dir=\"ltr\">Mar\u00eda de la O Mart\u00ednez is from Spain, of the Province of Spain-Italy. She is at present the superior of the community of Galicia and lives in the Galician city of A Coru\u00f1a. She works in the school \u201cJesuitinas\u201d giving classes and being Coordinator of the Evangelizing Action Team. She also collaborates in family catechesis and is a CLC guide.<\/p>\n<p dir=\"ltr\">This is her first time in the General Congregation.<\/p>\n<p dir=\"ltr\">She likes to know people, places and cultures. Also enjoys walking, reading, music and the sea. Her dream is to discover every day the essentials of life and improve the dream of God in our world. Mar\u00eda is passionate about believing that the best is yet to come.<\/p>\n<p dir=\"ltr\" style=\"text-align: center;\"><strong>ANA APOLONIA MENDOZA L\u00d3PEZ (POLA)\u00a0<\/strong><\/p>\n<p dir=\"ltr\"><strong><img loading=\"lazy\" decoding=\"async\" style=\"display: block; margin-left: auto; margin-right: auto;\" src=\"https:\/\/lh3.googleusercontent.com\/HzlEaNjJhXFa6K_6_qrR-MgHjOYImK1kyjOq3tLQmv4VvkSz4qxs_lHiZ9kfnE3QHA5uMUB6hIeBqMsUWFvjvbF43YDYwE5eQ35Zmg6qkcZpYlwZ_ZD3CXWS8XN8BKTCfGBamMVdTvJhDJyhig\" alt=\"Pola\" width=\"450\" height=\"337\" \/><\/strong><\/p>\n<p dir=\"ltr\">Pola Mendoza is from Colombia, from the Province of America Andina. She is assigned to Colombia, in Reina de la Paz, Florida Blanca. She is a Provincial Counselor, legal representative of the Congregation in the school Reina de la Paz and member of the Council on Economic Matters. She coordinates the evangelizing action in the school, attends to the youth and vocational pastoral, both in the school and in the parish and in different platforms. She accompanies an aspirant.<\/p>\n<p dir=\"ltr\">She participates in the General Congregation for the 2nd time.<\/p>\n<p dir=\"ltr\">She enjoys reading, walking, playing basketball, swimming, listening to music and praying.\u00a0Her dream is to live in coherence, feeling Jesus as the center of her life. For this reason, she lives in love with sharing life with joy and faith with the people with whom she walks, discovering in them the face of God.<\/p>\n<p dir=\"ltr\">Pola is passionate about the work for the Kingdom, that is why she gives herself without reserve in the accompaniment of boys and girls, young people, sisters, seeking to strengthen their being, their identity and their encounter with God, our Father. She also defines herself as passionate about Mary, our mother. She affirms that she always gives her hand and leads her to Jesus. In the same way, St. C\u00e1ndida Mar\u00eda de Jes\u00fas is her model of living the Gospel.<\/p>\n<p>\u00a0<\/p>\n<p dir=\"ltr\">\u00a0<\/p>\n","protected":false},"excerpt":{"rendered":"<p>\u00a0 We continue to make known three other sisters of the GC. One from each continent: Asia, America and Europe. Today we present Patricia Arag\u00f3n, Pola Mendoza and Mar\u00eda de la O Mart\u00ednez. PATRICIA ANNA ARAG\u00d3N TORROBA\u00a0 Patricia Arag\u00f3n is from the Philippines, from the Indico-Pacific Province. Her current assignment is in Davao, Mindanao (Philippines). [&hellip;]<\/p>\n","protected":false},"author":28,"featured_media":9864,"comment_status":"closed","ping_status":"closed","sticky":false,"template":"","format":"standard","meta":{"_et_pb_use_builder":"","_et_pb_old_content":"","_et_gb_content_width":"","footnotes":"","_links_to":"","_links_to_target":""},"categories":[526,528,412],"tags":[],"class_list":["post-29039","post","type-post","status-publish","format-standard","has-post-thumbnail","hentry","category-general_government","category-hijas-de-jesus-en","category-news"],"yoast_head":"<!-- This site is optimized with the Yoast SEO plugin v27.4 - https:\/\/yoast.com\/product\/yoast-seo-wordpress\/ -->\n<title>Getting to know us (II) - Hijas de Jes\u00fas<\/title>\n<meta name=\"robots\" content=\"index, follow, max-snippet:-1, max-image-preview:large, max-video-preview:-1\" \/>\n<link rel=\"canonical\" href=\"https:\/\/hijasdejesus.org\/en\/getting-to-know-us-ii-2\/\" \/>\n<meta property=\"og:locale\" content=\"en_US\" \/>\n<meta property=\"og:type\" content=\"article\" \/>\n<meta property=\"og:title\" content=\"Getting to know us (II) - Hijas de Jes\u00fas\" \/>\n<meta property=\"og:description\" content=\"\u00a0 We continue to make known three other sisters of the GC. One from each continent: Asia, America and Europe. Today we present Patricia Arag\u00f3n, Pola Mendoza and Mar\u00eda de la O Mart\u00ednez. PATRICIA ANNA ARAG\u00d3N TORROBA\u00a0 Patricia Arag\u00f3n is from the Philippines, from the Indico-Pacific Province. Her current assignment is in Davao, Mindanao (Philippines). [&hellip;]\" \/>\n<meta property=\"og:url\" content=\"https:\/\/hijasdejesus.org\/en\/getting-to-know-us-ii-2\/\" \/>\n<meta property=\"og:site_name\" content=\"Hijas de Jes\u00fas\" \/>\n<meta property=\"article:publisher\" content=\"https:\/\/www.facebook.com\/hijasdejesusenelmundo\/\" \/>\n<meta property=\"article:published_time\" content=\"2019-04-28T09:52:35+00:00\" \/>\n<meta property=\"article:modified_time\" content=\"2019-05-02T15:00:10+00:00\" \/>\n<meta property=\"og:image\" content=\"https:\/\/hijasdejesus.org\/wp-content\/uploads\/2019\/04\/WhatsApp-Image-2019-04-26-at-23.10.41.jpeg\" \/>\n\t<meta property=\"og:image:width\" content=\"1600\" \/>\n\t<meta property=\"og:image:height\" content=\"619\" \/>\n\t<meta property=\"og:image:type\" content=\"image\/jpeg\" \/>\n<meta name=\"author\" content=\"Webmaster\" \/>\n<meta name=\"twitter:card\" content=\"summary_large_image\" \/>\n<meta name=\"twitter:creator\" content=\"@hijasdjesus\" \/>\n<meta name=\"twitter:site\" content=\"@hijasdjesus\" \/>\n<meta name=\"twitter:label1\" content=\"Written by\" \/>\n\t<meta name=\"twitter:data1\" content=\"Webmaster\" \/>\n\t<meta name=\"twitter:label2\" content=\"Est. reading time\" \/>\n\t<meta name=\"twitter:data2\" content=\"2 minutes\" \/>\n<script type=\"application\/ld+json\" class=\"yoast-schema-graph\">{\"@context\":\"https:\\\/\\\/schema.org\",\"@graph\":[{\"@type\":\"Article\",\"@id\":\"https:\\\/\\\/hijasdejesus.org\\\/en\\\/getting-to-know-us-ii-2\\\/#article\",\"isPartOf\":{\"@id\":\"https:\\\/\\\/hijasdejesus.org\\\/en\\\/getting-to-know-us-ii-2\\\/\"},\"author\":{\"name\":\"Webmaster\",\"@id\":\"https:\\\/\\\/hijasdejesus.org\\\/en\\\/#\\\/schema\\\/person\\\/ce4455965da733f2791f23b6ec14e9b6\"},\"headline\":\"Getting to know us (II)\",\"datePublished\":\"2019-04-28T09:52:35+00:00\",\"dateModified\":\"2019-05-02T15:00:10+00:00\",\"mainEntityOfPage\":{\"@id\":\"https:\\\/\\\/hijasdejesus.org\\\/en\\\/getting-to-know-us-ii-2\\\/\"},\"wordCount\":478,\"publisher\":{\"@id\":\"https:\\\/\\\/hijasdejesus.org\\\/en\\\/#organization\"},\"image\":{\"@id\":\"https:\\\/\\\/hijasdejesus.org\\\/en\\\/getting-to-know-us-ii-2\\\/#primaryimage\"},\"thumbnailUrl\":\"https:\\\/\\\/hijasdejesus.org\\\/wp-content\\\/uploads\\\/2019\\\/04\\\/WhatsApp-Image-2019-04-26-at-23.10.41.jpeg\",\"articleSection\":[\"General government\",\"Hijas de Jes\u00fas\",\"News\"],\"inLanguage\":\"en-US\"},{\"@type\":\"WebPage\",\"@id\":\"https:\\\/\\\/hijasdejesus.org\\\/en\\\/getting-to-know-us-ii-2\\\/\",\"url\":\"https:\\\/\\\/hijasdejesus.org\\\/en\\\/getting-to-know-us-ii-2\\\/\",\"name\":\"Getting to know us (II) - Hijas de Jes\u00fas\",\"isPartOf\":{\"@id\":\"https:\\\/\\\/hijasdejesus.org\\\/en\\\/#website\"},\"primaryImageOfPage\":{\"@id\":\"https:\\\/\\\/hijasdejesus.org\\\/en\\\/getting-to-know-us-ii-2\\\/#primaryimage\"},\"image\":{\"@id\":\"https:\\\/\\\/hijasdejesus.org\\\/en\\\/getting-to-know-us-ii-2\\\/#primaryimage\"},\"thumbnailUrl\":\"https:\\\/\\\/hijasdejesus.org\\\/wp-content\\\/uploads\\\/2019\\\/04\\\/WhatsApp-Image-2019-04-26-at-23.10.41.jpeg\",\"datePublished\":\"2019-04-28T09:52:35+00:00\",\"dateModified\":\"2019-05-02T15:00:10+00:00\",\"breadcrumb\":{\"@id\":\"https:\\\/\\\/hijasdejesus.org\\\/en\\\/getting-to-know-us-ii-2\\\/#breadcrumb\"},\"inLanguage\":\"en-US\",\"potentialAction\":[{\"@type\":\"ReadAction\",\"target\":[\"https:\\\/\\\/hijasdejesus.org\\\/en\\\/getting-to-know-us-ii-2\\\/\"]}]},{\"@type\":\"ImageObject\",\"inLanguage\":\"en-US\",\"@id\":\"https:\\\/\\\/hijasdejesus.org\\\/en\\\/getting-to-know-us-ii-2\\\/#primaryimage\",\"url\":\"https:\\\/\\\/hijasdejesus.org\\\/wp-content\\\/uploads\\\/2019\\\/04\\\/WhatsApp-Image-2019-04-26-at-23.10.41.jpeg\",\"contentUrl\":\"https:\\\/\\\/hijasdejesus.org\\\/wp-content\\\/uploads\\\/2019\\\/04\\\/WhatsApp-Image-2019-04-26-at-23.10.41.jpeg\",\"width\":1600,\"height\":619},{\"@type\":\"BreadcrumbList\",\"@id\":\"https:\\\/\\\/hijasdejesus.org\\\/en\\\/getting-to-know-us-ii-2\\\/#breadcrumb\",\"itemListElement\":[{\"@type\":\"ListItem\",\"position\":1,\"name\":\"Portada\",\"item\":\"https:\\\/\\\/hijasdejesus.org\\\/en\\\/\"},{\"@type\":\"ListItem\",\"position\":2,\"name\":\"Getting to know us (II)\"}]},{\"@type\":\"WebSite\",\"@id\":\"https:\\\/\\\/hijasdejesus.org\\\/en\\\/#website\",\"url\":\"https:\\\/\\\/hijasdejesus.org\\\/en\\\/\",\"name\":\"Hijas de Jes\u00fas\",\"description\":\"Despertamos a Jes\u00fas en el coraz\u00f3n, sacando lo mejor de las personas. Somos una congregaci\u00f3n religiosa ignaciana fundada por la Madre Candida\",\"publisher\":{\"@id\":\"https:\\\/\\\/hijasdejesus.org\\\/en\\\/#organization\"},\"potentialAction\":[{\"@type\":\"SearchAction\",\"target\":{\"@type\":\"EntryPoint\",\"urlTemplate\":\"https:\\\/\\\/hijasdejesus.org\\\/en\\\/?s={search_term_string}\"},\"query-input\":{\"@type\":\"PropertyValueSpecification\",\"valueRequired\":true,\"valueName\":\"search_term_string\"}}],\"inLanguage\":\"en-US\"},{\"@type\":\"Organization\",\"@id\":\"https:\\\/\\\/hijasdejesus.org\\\/en\\\/#organization\",\"name\":\"Hijas de Jes\u00fas\",\"url\":\"https:\\\/\\\/hijasdejesus.org\\\/en\\\/\",\"logo\":{\"@type\":\"ImageObject\",\"inLanguage\":\"en-US\",\"@id\":\"https:\\\/\\\/hijasdejesus.org\\\/en\\\/#\\\/schema\\\/logo\\\/image\\\/\",\"url\":\"https:\\\/\\\/hijasdejesus.org\\\/wp-content\\\/uploads\\\/2023\\\/01\\\/Hijas-de-Jesus_hor-A7C957.png\",\"contentUrl\":\"https:\\\/\\\/hijasdejesus.org\\\/wp-content\\\/uploads\\\/2023\\\/01\\\/Hijas-de-Jesus_hor-A7C957.png\",\"width\":700,\"height\":360,\"caption\":\"Hijas de Jes\u00fas\"},\"image\":{\"@id\":\"https:\\\/\\\/hijasdejesus.org\\\/en\\\/#\\\/schema\\\/logo\\\/image\\\/\"},\"sameAs\":[\"https:\\\/\\\/www.facebook.com\\\/hijasdejesusenelmundo\\\/\",\"https:\\\/\\\/x.com\\\/hijasdjesus\"]},{\"@type\":\"Person\",\"@id\":\"https:\\\/\\\/hijasdejesus.org\\\/en\\\/#\\\/schema\\\/person\\\/ce4455965da733f2791f23b6ec14e9b6\",\"name\":\"Webmaster\",\"image\":{\"@type\":\"ImageObject\",\"inLanguage\":\"en-US\",\"@id\":\"https:\\\/\\\/secure.gravatar.com\\\/avatar\\\/cfd0acaac86c3981d541d2e99a0ffb7b6d33a5ac8989a62f5518b9e0f7ee128a?s=96&d=mm&r=g\",\"url\":\"https:\\\/\\\/secure.gravatar.com\\\/avatar\\\/cfd0acaac86c3981d541d2e99a0ffb7b6d33a5ac8989a62f5518b9e0f7ee128a?s=96&d=mm&r=g\",\"contentUrl\":\"https:\\\/\\\/secure.gravatar.com\\\/avatar\\\/cfd0acaac86c3981d541d2e99a0ffb7b6d33a5ac8989a62f5518b9e0f7ee128a?s=96&d=mm&r=g\",\"caption\":\"Webmaster\"},\"url\":\"https:\\\/\\\/hijasdejesus.org\\\/en\\\/author\\\/webmaster\\\/\"}]}<\/script>\n<!-- \/ Yoast SEO plugin. -->","yoast_head_json":{"title":"Getting to know us (II) - Hijas de Jes\u00fas","robots":{"index":"index","follow":"follow","max-snippet":"max-snippet:-1","max-image-preview":"max-image-preview:large","max-video-preview":"max-video-preview:-1"},"canonical":"https:\/\/hijasdejesus.org\/en\/getting-to-know-us-ii-2\/","og_locale":"en_US","og_type":"article","og_title":"Getting to know us (II) - Hijas de Jes\u00fas","og_description":"\u00a0 We continue to make known three other sisters of the GC. One from each continent: Asia, America and Europe. Today we present Patricia Arag\u00f3n, Pola Mendoza and Mar\u00eda de la O Mart\u00ednez. PATRICIA ANNA ARAG\u00d3N TORROBA\u00a0 Patricia Arag\u00f3n is from the Philippines, from the Indico-Pacific Province. Her current assignment is in Davao, Mindanao (Philippines). [&hellip;]","og_url":"https:\/\/hijasdejesus.org\/en\/getting-to-know-us-ii-2\/","og_site_name":"Hijas de Jes\u00fas","article_publisher":"https:\/\/www.facebook.com\/hijasdejesusenelmundo\/","article_published_time":"2019-04-28T09:52:35+00:00","article_modified_time":"2019-05-02T15:00:10+00:00","og_image":[{"width":1600,"height":619,"url":"https:\/\/hijasdejesus.org\/wp-content\/uploads\/2019\/04\/WhatsApp-Image-2019-04-26-at-23.10.41.jpeg","type":"image\/jpeg"}],"author":"Webmaster","twitter_card":"summary_large_image","twitter_creator":"@hijasdjesus","twitter_site":"@hijasdjesus","twitter_misc":{"Written by":"Webmaster","Est. reading time":"2 minutes"},"schema":{"@context":"https:\/\/schema.org","@graph":[{"@type":"Article","@id":"https:\/\/hijasdejesus.org\/en\/getting-to-know-us-ii-2\/#article","isPartOf":{"@id":"https:\/\/hijasdejesus.org\/en\/getting-to-know-us-ii-2\/"},"author":{"name":"Webmaster","@id":"https:\/\/hijasdejesus.org\/en\/#\/schema\/person\/ce4455965da733f2791f23b6ec14e9b6"},"headline":"Getting to know us (II)","datePublished":"2019-04-28T09:52:35+00:00","dateModified":"2019-05-02T15:00:10+00:00","mainEntityOfPage":{"@id":"https:\/\/hijasdejesus.org\/en\/getting-to-know-us-ii-2\/"},"wordCount":478,"publisher":{"@id":"https:\/\/hijasdejesus.org\/en\/#organization"},"image":{"@id":"https:\/\/hijasdejesus.org\/en\/getting-to-know-us-ii-2\/#primaryimage"},"thumbnailUrl":"https:\/\/hijasdejesus.org\/wp-content\/uploads\/2019\/04\/WhatsApp-Image-2019-04-26-at-23.10.41.jpeg","articleSection":["General government","Hijas de Jes\u00fas","News"],"inLanguage":"en-US"},{"@type":"WebPage","@id":"https:\/\/hijasdejesus.org\/en\/getting-to-know-us-ii-2\/","url":"https:\/\/hijasdejesus.org\/en\/getting-to-know-us-ii-2\/","name":"Getting to know us (II) - Hijas de Jes\u00fas","isPartOf":{"@id":"https:\/\/hijasdejesus.org\/en\/#website"},"primaryImageOfPage":{"@id":"https:\/\/hijasdejesus.org\/en\/getting-to-know-us-ii-2\/#primaryimage"},"image":{"@id":"https:\/\/hijasdejesus.org\/en\/getting-to-know-us-ii-2\/#primaryimage"},"thumbnailUrl":"https:\/\/hijasdejesus.org\/wp-content\/uploads\/2019\/04\/WhatsApp-Image-2019-04-26-at-23.10.41.jpeg","datePublished":"2019-04-28T09:52:35+00:00","dateModified":"2019-05-02T15:00:10+00:00","breadcrumb":{"@id":"https:\/\/hijasdejesus.org\/en\/getting-to-know-us-ii-2\/#breadcrumb"},"inLanguage":"en-US","potentialAction":[{"@type":"ReadAction","target":["https:\/\/hijasdejesus.org\/en\/getting-to-know-us-ii-2\/"]}]},{"@type":"ImageObject","inLanguage":"en-US","@id":"https:\/\/hijasdejesus.org\/en\/getting-to-know-us-ii-2\/#primaryimage","url":"https:\/\/hijasdejesus.org\/wp-content\/uploads\/2019\/04\/WhatsApp-Image-2019-04-26-at-23.10.41.jpeg","contentUrl":"https:\/\/hijasdejesus.org\/wp-content\/uploads\/2019\/04\/WhatsApp-Image-2019-04-26-at-23.10.41.jpeg","width":1600,"height":619},{"@type":"BreadcrumbList","@id":"https:\/\/hijasdejesus.org\/en\/getting-to-know-us-ii-2\/#breadcrumb","itemListElement":[{"@type":"ListItem","position":1,"name":"Portada","item":"https:\/\/hijasdejesus.org\/en\/"},{"@type":"ListItem","position":2,"name":"Getting to know us (II)"}]},{"@type":"WebSite","@id":"https:\/\/hijasdejesus.org\/en\/#website","url":"https:\/\/hijasdejesus.org\/en\/","name":"Hijas de Jes\u00fas","description":"Despertamos a Jes\u00fas en el coraz\u00f3n, sacando lo mejor de las personas. Somos una congregaci\u00f3n religiosa ignaciana fundada por la Madre Candida","publisher":{"@id":"https:\/\/hijasdejesus.org\/en\/#organization"},"potentialAction":[{"@type":"SearchAction","target":{"@type":"EntryPoint","urlTemplate":"https:\/\/hijasdejesus.org\/en\/?s={search_term_string}"},"query-input":{"@type":"PropertyValueSpecification","valueRequired":true,"valueName":"search_term_string"}}],"inLanguage":"en-US"},{"@type":"Organization","@id":"https:\/\/hijasdejesus.org\/en\/#organization","name":"Hijas de Jes\u00fas","url":"https:\/\/hijasdejesus.org\/en\/","logo":{"@type":"ImageObject","inLanguage":"en-US","@id":"https:\/\/hijasdejesus.org\/en\/#\/schema\/logo\/image\/","url":"https:\/\/hijasdejesus.org\/wp-content\/uploads\/2023\/01\/Hijas-de-Jesus_hor-A7C957.png","contentUrl":"https:\/\/hijasdejesus.org\/wp-content\/uploads\/2023\/01\/Hijas-de-Jesus_hor-A7C957.png","width":700,"height":360,"caption":"Hijas de Jes\u00fas"},"image":{"@id":"https:\/\/hijasdejesus.org\/en\/#\/schema\/logo\/image\/"},"sameAs":["https:\/\/www.facebook.com\/hijasdejesusenelmundo\/","https:\/\/x.com\/hijasdjesus"]},{"@type":"Person","@id":"https:\/\/hijasdejesus.org\/en\/#\/schema\/person\/ce4455965da733f2791f23b6ec14e9b6","name":"Webmaster","image":{"@type":"ImageObject","inLanguage":"en-US","@id":"https:\/\/secure.gravatar.com\/avatar\/cfd0acaac86c3981d541d2e99a0ffb7b6d33a5ac8989a62f5518b9e0f7ee128a?s=96&d=mm&r=g","url":"https:\/\/secure.gravatar.com\/avatar\/cfd0acaac86c3981d541d2e99a0ffb7b6d33a5ac8989a62f5518b9e0f7ee128a?s=96&d=mm&r=g","contentUrl":"https:\/\/secure.gravatar.com\/avatar\/cfd0acaac86c3981d541d2e99a0ffb7b6d33a5ac8989a62f5518b9e0f7ee128a?s=96&d=mm&r=g","caption":"Webmaster"},"url":"https:\/\/hijasdejesus.org\/en\/author\/webmaster\/"}]}},"_links":{"self":[{"href":"https:\/\/hijasdejesus.org\/en\/wp-json\/wp\/v2\/posts\/29039","targetHints":{"allow":["GET"]}}],"collection":[{"href":"https:\/\/hijasdejesus.org\/en\/wp-json\/wp\/v2\/posts"}],"about":[{"href":"https:\/\/hijasdejesus.org\/en\/wp-json\/wp\/v2\/types\/post"}],"author":[{"embeddable":true,"href":"https:\/\/hijasdejesus.org\/en\/wp-json\/wp\/v2\/users\/28"}],"replies":[{"embeddable":true,"href":"https:\/\/hijasdejesus.org\/en\/wp-json\/wp\/v2\/comments?post=29039"}],"version-history":[{"count":0,"href":"https:\/\/hijasdejesus.org\/en\/wp-json\/wp\/v2\/posts\/29039\/revisions"}],"wp:featuredmedia":[{"embeddable":true,"href":"https:\/\/hijasdejesus.org\/en\/wp-json\/wp\/v2\/media\/9864"}],"wp:attachment":[{"href":"https:\/\/hijasdejesus.org\/en\/wp-json\/wp\/v2\/media?parent=29039"}],"wp:term":[{"taxonomy":"category","embeddable":true,"href":"https:\/\/hijasdejesus.org\/en\/wp-json\/wp\/v2\/categories?post=29039"},{"taxonomy":"post_tag","embeddable":true,"href":"https:\/\/hijasdejesus.org\/en\/wp-json\/wp\/v2\/tags?post=29039"}],"curies":[{"name":"wp","href":"https:\/\/api.w.org\/{rel}","templated":true}]}}