{"id":29040,"date":"2019-04-29T18:31:41","date_gmt":"2019-04-29T16:31:41","guid":{"rendered":"https:\/\/nueva.hijasdejesus.org\/getting-to-know-us-iii\/"},"modified":"2019-05-02T17:03:11","modified_gmt":"2019-05-02T15:03:11","slug":"getting-to-know-us-iii","status":"publish","type":"post","link":"https:\/\/hijasdejesus.org\/en\/getting-to-know-us-iii\/","title":{"rendered":"Getting to know us (III)"},"content":{"rendered":"<p dir=\"ltr\">\n<p dir=\"ltr\">We are in the time of discernment for the election of the Superior General, so today we only present profiles. The first will be that of M\u00aa Inez Furtado de Mendon\u00e7a, to whom we are grateful for the 12 years of dedication to the Kingdom through her being sent as \u00a0the General Superior of the Congregation. And the other two will be the two sisters who are celebrating their birthdays today and tomorrow: Melba del Pilar Neris and Pilar Brufal. Happy Birthday!\u00a0<\/p>\n<p dir=\"ltr\"><strong>M\u00aa INEZ FURTADO DE MENDON\u00c7A<\/strong><\/p>\n<p dir=\"ltr\">M\u00aa Inez Furtado de Mendon\u00e7a is from Brazil, from the Brazil-Caribbean Province. She currently resides in Rome and, as she herself says, is in pre-retirement of her current office, Superior General of the Congregation.<\/p>\n<p dir=\"ltr\">In the last twelve years, her apostolic task has been to animate the LIFE of the entire Congregation. And from the election of the new General Superior, she will await new assignment.<\/p>\n<p dir=\"ltr\">She participate for the 6th time in a General Congregation.<\/p>\n<p dir=\"ltr\">M\u00aa Inez likes to live, to enjoy, to be happy, to encounter herself\u2026<\/p>\n<p dir=\"ltr\">Her dream is to see tomorrow born with more hope and so on.<\/p>\n<p dir=\"ltr\">She is passionate about many things: reading, water, our charism, children, joy, nature, silence &#8230; but her LOVE is Jesus Christ.\u00a0<\/p>\n<p dir=\"ltr\"><img loading=\"lazy\" decoding=\"async\" style=\"display: block; margin-left: auto; margin-right: auto;\" src=\"https:\/\/lh4.googleusercontent.com\/R8C6s-dvJ8jMgVA22dbziAcbCih-u1Dj1oAJYWVHOYnyr6nCcQJJ7uKSXEdbr7coG1uwz3IqVmfWm4qI4VuM1WzIMcplcksZNxa8XIAjhImkTRsAab-eyVomdtzKJszbKgxJF7IIysgLyJg0vA\" alt=\"https:\/\/hijasdejesus.org\/images\/noticias\/hijasdejesus\/CGXVIII\/1.-M-INEZ-FURTADO.jpg\" width=\"261\" height=\"348\" \/><\/p>\n<p dir=\"ltr\"><strong>MELBA DEL PILAR NERIS GUZM\u00c1N<\/strong><\/p>\n<p dir=\"ltr\">Melba Neris is from the Dominican Republic, from the Province of Brazil-Caribbean She is sent to the Cibao community. She animates and accompanies the life of the community. She is in charge of accompanying the postulants and aspirants. She is a member of the Provincial Council. She belongs to the Ignatian Center of Spirituality (CIE-MANRESA) where she accompanies EE and workshops on human growth and spiritual maturity. She accompanies personal psychological or spiritual processes.<\/p>\n<p dir=\"ltr\">She participates for the 2nd time in a General Congregation.<\/p>\n<p dir=\"ltr\">Everything that she likes does not fit in this space! She loves people, nature, struggling with earth, sowing, harvesting, eating from her own garden &#8230; sharing the harvest\u2026<\/p>\n<p dir=\"ltr\">Melba likes to listen to birds, contemplate the sea and the sunset. She loves poetry and songs that speak of hope, love and life. And she \u00a0dances the salsa!<\/p>\n<p dir=\"ltr\">She is fascinated to teach and to help persons to think. She loves to talk about God and existential issues.<\/p>\n<p dir=\"ltr\">She dreams of a simpler life, more united to the earth and respectful of it and that generates more supportive people \u00a0and open to what is different.<\/p>\n<p dir=\"ltr\">She dreams of a congregation in which being sent to any corner of the world is natural. In short, Melba considers herself a lover of Life, of her vocation and of Ignatian spirituality. She feels and lives very grateful.<\/p>\n<p dir=\"ltr\"><img loading=\"lazy\" decoding=\"async\" style=\"display: block; margin-left: auto; margin-right: auto;\" src=\"https:\/\/lh4.googleusercontent.com\/gYSm5aN2YsX3px6gLe8GdBzsi5L_uztGdOCx9VOO8k0fiI5RugOhLK09yoOTl2ROPBuHyHOLE76AysyihRanERg-oyPVXfgrkxY81fBYOLjG399lM_uIOwe_cdCf55RJ18KrW1fAgbGvpEKAlA\" alt=\"https:\/\/hijasdejesus.org\/images\/noticias\/hijasdejesus\/CGXVIII\/2.-MELBA-NERIS.jpg\" width=\"343\" height=\"455\" \/><\/p>\n<p dir=\"ltr\"><strong>PILAR BRUFAL JA\u00c9N<\/strong><\/p>\n<p dir=\"ltr\">Pilar Brufal is from Spain, from the Province of Spain-Italy. She is currently sent to the Thai-Myianmar community of the East Asia Province. She works at JRS in a camp for displaced persons, boarding house and school for pastoral and psychosocial accompaniment of children, youth and families.<\/p>\n<p dir=\"ltr\">This is her 1st General Congregation.<\/p>\n<p dir=\"ltr\">Pilar&#8217;s dream is &#8220;the dream of God&#8221;: a world without borders, fraternal, human, hospitable, joyful and supportive in harmony with every created thing. And as she says &#8230; that&#8217;s it! She loves planting trees, sowing, touching the earth and feeling its moist smell. To look and contemplate the sea, to walk barefoot on the beach feeling the sand playing with the waves.<\/p>\n<p dir=\"ltr\">She likes to read and watch films that question and bring her closer to the reality of other cultures, religions, customs &#8230; She enjoys eating kachin food with chopsticks with her community and her JRS colleagues, amid laughter, experiences, worries and &#8220;dreams&#8221;. Finally, she shares that she is passionate about education in all its diversity and the face of amazement and joy of children when they learn, their resilience, welcome and desire to grow. It&#8217;s contagious!<\/p>\n<p>\u00a0<\/p>\n<p dir=\"ltr\"><img loading=\"lazy\" decoding=\"async\" style=\"display: block; margin-left: auto; margin-right: auto;\" src=\"https:\/\/lh3.googleusercontent.com\/cmZruZCpRx8mTZU9XJNyHKvGzdwIJQFiwRR1obUspoTRvHg3X4ux5DgxOMUK1yi3tBd2LriPXu5quRmoivDZhegaAi7NLIsk3QdIH803VqL44giCCef1yaQwyrDv2eVYXMxA5SsdAuPZ803Dzg\" alt=\"https:\/\/hijasdejesus.org\/images\/noticias\/hijasdejesus\/CGXVIII\/3.-PILAR-BRUFAL.jpg\" width=\"315\" height=\"419\" \/><\/p>\n<p><span style=\"font-size: 12pt; font-family: Calibri; color: #49105b; background-color: transparent; font-weight: 400; font-style: normal; font-variant: normal; text-decoration: none; vertical-align: baseline; white-space: pre-wrap;\">\u00a0<\/span><\/p>\n","protected":false},"excerpt":{"rendered":"<p>We are in the time of discernment for the election of the Superior General, so today we only present profiles. The first will be that of M\u00aa Inez Furtado de Mendon\u00e7a, to whom we are grateful for the 12 years of dedication to the Kingdom through her being sent as \u00a0the General Superior of the [&hellip;]<\/p>\n","protected":false},"author":28,"featured_media":9864,"comment_status":"closed","ping_status":"closed","sticky":false,"template":"","format":"standard","meta":{"_et_pb_use_builder":"","_et_pb_old_content":"","_et_gb_content_width":"","footnotes":"","_links_to":"","_links_to_target":""},"categories":[526,528,412],"tags":[],"class_list":["post-29040","post","type-post","status-publish","format-standard","has-post-thumbnail","hentry","category-general_government","category-hijas-de-jesus-en","category-news"],"yoast_head":"<!-- This site is optimized with the Yoast SEO plugin v27.5 - https:\/\/yoast.com\/product\/yoast-seo-wordpress\/ -->\n<title>Getting to know us (III) - Hijas de Jes\u00fas<\/title>\n<meta name=\"robots\" content=\"index, follow, max-snippet:-1, max-image-preview:large, max-video-preview:-1\" \/>\n<link rel=\"canonical\" href=\"https:\/\/hijasdejesus.org\/en\/getting-to-know-us-iii\/\" \/>\n<meta property=\"og:locale\" content=\"en_US\" \/>\n<meta property=\"og:type\" content=\"article\" \/>\n<meta property=\"og:title\" content=\"Getting to know us (III) - Hijas de Jes\u00fas\" \/>\n<meta property=\"og:description\" content=\"We are in the time of discernment for the election of the Superior General, so today we only present profiles. The first will be that of M\u00aa Inez Furtado de Mendon\u00e7a, to whom we are grateful for the 12 years of dedication to the Kingdom through her being sent as \u00a0the General Superior of the [&hellip;]\" \/>\n<meta property=\"og:url\" content=\"https:\/\/hijasdejesus.org\/en\/getting-to-know-us-iii\/\" \/>\n<meta property=\"og:site_name\" content=\"Hijas de Jes\u00fas\" \/>\n<meta property=\"article:publisher\" content=\"https:\/\/www.facebook.com\/hijasdejesusenelmundo\/\" \/>\n<meta property=\"article:published_time\" content=\"2019-04-29T16:31:41+00:00\" \/>\n<meta property=\"article:modified_time\" content=\"2019-05-02T15:03:11+00:00\" \/>\n<meta property=\"og:image\" content=\"https:\/\/hijasdejesus.org\/wp-content\/uploads\/2019\/04\/WhatsApp-Image-2019-04-26-at-23.10.41.jpeg\" \/>\n\t<meta property=\"og:image:width\" content=\"1600\" \/>\n\t<meta property=\"og:image:height\" content=\"619\" \/>\n\t<meta property=\"og:image:type\" content=\"image\/jpeg\" \/>\n<meta name=\"author\" content=\"Webmaster\" \/>\n<meta name=\"twitter:card\" content=\"summary_large_image\" \/>\n<meta name=\"twitter:creator\" content=\"@hijasdjesus\" \/>\n<meta name=\"twitter:site\" content=\"@hijasdjesus\" \/>\n<meta name=\"twitter:label1\" content=\"Written by\" \/>\n\t<meta name=\"twitter:data1\" content=\"Webmaster\" \/>\n\t<meta name=\"twitter:label2\" content=\"Est. reading time\" \/>\n\t<meta name=\"twitter:data2\" content=\"3 minutes\" \/>\n<script type=\"application\/ld+json\" class=\"yoast-schema-graph\">{\"@context\":\"https:\\\/\\\/schema.org\",\"@graph\":[{\"@type\":\"Article\",\"@id\":\"https:\\\/\\\/hijasdejesus.org\\\/en\\\/getting-to-know-us-iii\\\/#article\",\"isPartOf\":{\"@id\":\"https:\\\/\\\/hijasdejesus.org\\\/en\\\/getting-to-know-us-iii\\\/\"},\"author\":{\"name\":\"Webmaster\",\"@id\":\"https:\\\/\\\/hijasdejesus.org\\\/en\\\/#\\\/schema\\\/person\\\/ce4455965da733f2791f23b6ec14e9b6\"},\"headline\":\"Getting to know us (III)\",\"datePublished\":\"2019-04-29T16:31:41+00:00\",\"dateModified\":\"2019-05-02T15:03:11+00:00\",\"mainEntityOfPage\":{\"@id\":\"https:\\\/\\\/hijasdejesus.org\\\/en\\\/getting-to-know-us-iii\\\/\"},\"wordCount\":644,\"publisher\":{\"@id\":\"https:\\\/\\\/hijasdejesus.org\\\/en\\\/#organization\"},\"image\":{\"@id\":\"https:\\\/\\\/hijasdejesus.org\\\/en\\\/getting-to-know-us-iii\\\/#primaryimage\"},\"thumbnailUrl\":\"https:\\\/\\\/hijasdejesus.org\\\/wp-content\\\/uploads\\\/2019\\\/04\\\/WhatsApp-Image-2019-04-26-at-23.10.41.jpeg\",\"articleSection\":[\"General government\",\"Hijas de Jes\u00fas\",\"News\"],\"inLanguage\":\"en-US\"},{\"@type\":\"WebPage\",\"@id\":\"https:\\\/\\\/hijasdejesus.org\\\/en\\\/getting-to-know-us-iii\\\/\",\"url\":\"https:\\\/\\\/hijasdejesus.org\\\/en\\\/getting-to-know-us-iii\\\/\",\"name\":\"Getting to know us (III) - Hijas de Jes\u00fas\",\"isPartOf\":{\"@id\":\"https:\\\/\\\/hijasdejesus.org\\\/en\\\/#website\"},\"primaryImageOfPage\":{\"@id\":\"https:\\\/\\\/hijasdejesus.org\\\/en\\\/getting-to-know-us-iii\\\/#primaryimage\"},\"image\":{\"@id\":\"https:\\\/\\\/hijasdejesus.org\\\/en\\\/getting-to-know-us-iii\\\/#primaryimage\"},\"thumbnailUrl\":\"https:\\\/\\\/hijasdejesus.org\\\/wp-content\\\/uploads\\\/2019\\\/04\\\/WhatsApp-Image-2019-04-26-at-23.10.41.jpeg\",\"datePublished\":\"2019-04-29T16:31:41+00:00\",\"dateModified\":\"2019-05-02T15:03:11+00:00\",\"breadcrumb\":{\"@id\":\"https:\\\/\\\/hijasdejesus.org\\\/en\\\/getting-to-know-us-iii\\\/#breadcrumb\"},\"inLanguage\":\"en-US\",\"potentialAction\":[{\"@type\":\"ReadAction\",\"target\":[\"https:\\\/\\\/hijasdejesus.org\\\/en\\\/getting-to-know-us-iii\\\/\"]}]},{\"@type\":\"ImageObject\",\"inLanguage\":\"en-US\",\"@id\":\"https:\\\/\\\/hijasdejesus.org\\\/en\\\/getting-to-know-us-iii\\\/#primaryimage\",\"url\":\"https:\\\/\\\/hijasdejesus.org\\\/wp-content\\\/uploads\\\/2019\\\/04\\\/WhatsApp-Image-2019-04-26-at-23.10.41.jpeg\",\"contentUrl\":\"https:\\\/\\\/hijasdejesus.org\\\/wp-content\\\/uploads\\\/2019\\\/04\\\/WhatsApp-Image-2019-04-26-at-23.10.41.jpeg\",\"width\":1600,\"height\":619},{\"@type\":\"BreadcrumbList\",\"@id\":\"https:\\\/\\\/hijasdejesus.org\\\/en\\\/getting-to-know-us-iii\\\/#breadcrumb\",\"itemListElement\":[{\"@type\":\"ListItem\",\"position\":1,\"name\":\"Portada\",\"item\":\"https:\\\/\\\/hijasdejesus.org\\\/en\\\/\"},{\"@type\":\"ListItem\",\"position\":2,\"name\":\"Getting to know us (III)\"}]},{\"@type\":\"WebSite\",\"@id\":\"https:\\\/\\\/hijasdejesus.org\\\/en\\\/#website\",\"url\":\"https:\\\/\\\/hijasdejesus.org\\\/en\\\/\",\"name\":\"Hijas de Jes\u00fas\",\"description\":\"Despertamos a Jes\u00fas en el coraz\u00f3n, sacando lo mejor de las personas. Somos una congregaci\u00f3n religiosa ignaciana fundada por la Madre Candida\",\"publisher\":{\"@id\":\"https:\\\/\\\/hijasdejesus.org\\\/en\\\/#organization\"},\"potentialAction\":[{\"@type\":\"SearchAction\",\"target\":{\"@type\":\"EntryPoint\",\"urlTemplate\":\"https:\\\/\\\/hijasdejesus.org\\\/en\\\/?s={search_term_string}\"},\"query-input\":{\"@type\":\"PropertyValueSpecification\",\"valueRequired\":true,\"valueName\":\"search_term_string\"}}],\"inLanguage\":\"en-US\"},{\"@type\":\"Organization\",\"@id\":\"https:\\\/\\\/hijasdejesus.org\\\/en\\\/#organization\",\"name\":\"Hijas de Jes\u00fas\",\"url\":\"https:\\\/\\\/hijasdejesus.org\\\/en\\\/\",\"logo\":{\"@type\":\"ImageObject\",\"inLanguage\":\"en-US\",\"@id\":\"https:\\\/\\\/hijasdejesus.org\\\/en\\\/#\\\/schema\\\/logo\\\/image\\\/\",\"url\":\"https:\\\/\\\/hijasdejesus.org\\\/wp-content\\\/uploads\\\/2023\\\/01\\\/Hijas-de-Jesus_hor-A7C957.png\",\"contentUrl\":\"https:\\\/\\\/hijasdejesus.org\\\/wp-content\\\/uploads\\\/2023\\\/01\\\/Hijas-de-Jesus_hor-A7C957.png\",\"width\":700,\"height\":360,\"caption\":\"Hijas de Jes\u00fas\"},\"image\":{\"@id\":\"https:\\\/\\\/hijasdejesus.org\\\/en\\\/#\\\/schema\\\/logo\\\/image\\\/\"},\"sameAs\":[\"https:\\\/\\\/www.facebook.com\\\/hijasdejesusenelmundo\\\/\",\"https:\\\/\\\/x.com\\\/hijasdjesus\"]},{\"@type\":\"Person\",\"@id\":\"https:\\\/\\\/hijasdejesus.org\\\/en\\\/#\\\/schema\\\/person\\\/ce4455965da733f2791f23b6ec14e9b6\",\"name\":\"Webmaster\",\"image\":{\"@type\":\"ImageObject\",\"inLanguage\":\"en-US\",\"@id\":\"https:\\\/\\\/secure.gravatar.com\\\/avatar\\\/cfd0acaac86c3981d541d2e99a0ffb7b6d33a5ac8989a62f5518b9e0f7ee128a?s=96&d=mm&r=g\",\"url\":\"https:\\\/\\\/secure.gravatar.com\\\/avatar\\\/cfd0acaac86c3981d541d2e99a0ffb7b6d33a5ac8989a62f5518b9e0f7ee128a?s=96&d=mm&r=g\",\"contentUrl\":\"https:\\\/\\\/secure.gravatar.com\\\/avatar\\\/cfd0acaac86c3981d541d2e99a0ffb7b6d33a5ac8989a62f5518b9e0f7ee128a?s=96&d=mm&r=g\",\"caption\":\"Webmaster\"},\"url\":\"https:\\\/\\\/hijasdejesus.org\\\/en\\\/author\\\/webmaster\\\/\"}]}<\/script>\n<!-- \/ Yoast SEO plugin. -->","yoast_head_json":{"title":"Getting to know us (III) - Hijas de Jes\u00fas","robots":{"index":"index","follow":"follow","max-snippet":"max-snippet:-1","max-image-preview":"max-image-preview:large","max-video-preview":"max-video-preview:-1"},"canonical":"https:\/\/hijasdejesus.org\/en\/getting-to-know-us-iii\/","og_locale":"en_US","og_type":"article","og_title":"Getting to know us (III) - Hijas de Jes\u00fas","og_description":"We are in the time of discernment for the election of the Superior General, so today we only present profiles. The first will be that of M\u00aa Inez Furtado de Mendon\u00e7a, to whom we are grateful for the 12 years of dedication to the Kingdom through her being sent as \u00a0the General Superior of the [&hellip;]","og_url":"https:\/\/hijasdejesus.org\/en\/getting-to-know-us-iii\/","og_site_name":"Hijas de Jes\u00fas","article_publisher":"https:\/\/www.facebook.com\/hijasdejesusenelmundo\/","article_published_time":"2019-04-29T16:31:41+00:00","article_modified_time":"2019-05-02T15:03:11+00:00","og_image":[{"width":1600,"height":619,"url":"https:\/\/hijasdejesus.org\/wp-content\/uploads\/2019\/04\/WhatsApp-Image-2019-04-26-at-23.10.41.jpeg","type":"image\/jpeg"}],"author":"Webmaster","twitter_card":"summary_large_image","twitter_creator":"@hijasdjesus","twitter_site":"@hijasdjesus","twitter_misc":{"Written by":"Webmaster","Est. reading time":"3 minutes"},"schema":{"@context":"https:\/\/schema.org","@graph":[{"@type":"Article","@id":"https:\/\/hijasdejesus.org\/en\/getting-to-know-us-iii\/#article","isPartOf":{"@id":"https:\/\/hijasdejesus.org\/en\/getting-to-know-us-iii\/"},"author":{"name":"Webmaster","@id":"https:\/\/hijasdejesus.org\/en\/#\/schema\/person\/ce4455965da733f2791f23b6ec14e9b6"},"headline":"Getting to know us (III)","datePublished":"2019-04-29T16:31:41+00:00","dateModified":"2019-05-02T15:03:11+00:00","mainEntityOfPage":{"@id":"https:\/\/hijasdejesus.org\/en\/getting-to-know-us-iii\/"},"wordCount":644,"publisher":{"@id":"https:\/\/hijasdejesus.org\/en\/#organization"},"image":{"@id":"https:\/\/hijasdejesus.org\/en\/getting-to-know-us-iii\/#primaryimage"},"thumbnailUrl":"https:\/\/hijasdejesus.org\/wp-content\/uploads\/2019\/04\/WhatsApp-Image-2019-04-26-at-23.10.41.jpeg","articleSection":["General government","Hijas de Jes\u00fas","News"],"inLanguage":"en-US"},{"@type":"WebPage","@id":"https:\/\/hijasdejesus.org\/en\/getting-to-know-us-iii\/","url":"https:\/\/hijasdejesus.org\/en\/getting-to-know-us-iii\/","name":"Getting to know us (III) - Hijas de Jes\u00fas","isPartOf":{"@id":"https:\/\/hijasdejesus.org\/en\/#website"},"primaryImageOfPage":{"@id":"https:\/\/hijasdejesus.org\/en\/getting-to-know-us-iii\/#primaryimage"},"image":{"@id":"https:\/\/hijasdejesus.org\/en\/getting-to-know-us-iii\/#primaryimage"},"thumbnailUrl":"https:\/\/hijasdejesus.org\/wp-content\/uploads\/2019\/04\/WhatsApp-Image-2019-04-26-at-23.10.41.jpeg","datePublished":"2019-04-29T16:31:41+00:00","dateModified":"2019-05-02T15:03:11+00:00","breadcrumb":{"@id":"https:\/\/hijasdejesus.org\/en\/getting-to-know-us-iii\/#breadcrumb"},"inLanguage":"en-US","potentialAction":[{"@type":"ReadAction","target":["https:\/\/hijasdejesus.org\/en\/getting-to-know-us-iii\/"]}]},{"@type":"ImageObject","inLanguage":"en-US","@id":"https:\/\/hijasdejesus.org\/en\/getting-to-know-us-iii\/#primaryimage","url":"https:\/\/hijasdejesus.org\/wp-content\/uploads\/2019\/04\/WhatsApp-Image-2019-04-26-at-23.10.41.jpeg","contentUrl":"https:\/\/hijasdejesus.org\/wp-content\/uploads\/2019\/04\/WhatsApp-Image-2019-04-26-at-23.10.41.jpeg","width":1600,"height":619},{"@type":"BreadcrumbList","@id":"https:\/\/hijasdejesus.org\/en\/getting-to-know-us-iii\/#breadcrumb","itemListElement":[{"@type":"ListItem","position":1,"name":"Portada","item":"https:\/\/hijasdejesus.org\/en\/"},{"@type":"ListItem","position":2,"name":"Getting to know us (III)"}]},{"@type":"WebSite","@id":"https:\/\/hijasdejesus.org\/en\/#website","url":"https:\/\/hijasdejesus.org\/en\/","name":"Hijas de Jes\u00fas","description":"Despertamos a Jes\u00fas en el coraz\u00f3n, sacando lo mejor de las personas. Somos una congregaci\u00f3n religiosa ignaciana fundada por la Madre Candida","publisher":{"@id":"https:\/\/hijasdejesus.org\/en\/#organization"},"potentialAction":[{"@type":"SearchAction","target":{"@type":"EntryPoint","urlTemplate":"https:\/\/hijasdejesus.org\/en\/?s={search_term_string}"},"query-input":{"@type":"PropertyValueSpecification","valueRequired":true,"valueName":"search_term_string"}}],"inLanguage":"en-US"},{"@type":"Organization","@id":"https:\/\/hijasdejesus.org\/en\/#organization","name":"Hijas de Jes\u00fas","url":"https:\/\/hijasdejesus.org\/en\/","logo":{"@type":"ImageObject","inLanguage":"en-US","@id":"https:\/\/hijasdejesus.org\/en\/#\/schema\/logo\/image\/","url":"https:\/\/hijasdejesus.org\/wp-content\/uploads\/2023\/01\/Hijas-de-Jesus_hor-A7C957.png","contentUrl":"https:\/\/hijasdejesus.org\/wp-content\/uploads\/2023\/01\/Hijas-de-Jesus_hor-A7C957.png","width":700,"height":360,"caption":"Hijas de Jes\u00fas"},"image":{"@id":"https:\/\/hijasdejesus.org\/en\/#\/schema\/logo\/image\/"},"sameAs":["https:\/\/www.facebook.com\/hijasdejesusenelmundo\/","https:\/\/x.com\/hijasdjesus"]},{"@type":"Person","@id":"https:\/\/hijasdejesus.org\/en\/#\/schema\/person\/ce4455965da733f2791f23b6ec14e9b6","name":"Webmaster","image":{"@type":"ImageObject","inLanguage":"en-US","@id":"https:\/\/secure.gravatar.com\/avatar\/cfd0acaac86c3981d541d2e99a0ffb7b6d33a5ac8989a62f5518b9e0f7ee128a?s=96&d=mm&r=g","url":"https:\/\/secure.gravatar.com\/avatar\/cfd0acaac86c3981d541d2e99a0ffb7b6d33a5ac8989a62f5518b9e0f7ee128a?s=96&d=mm&r=g","contentUrl":"https:\/\/secure.gravatar.com\/avatar\/cfd0acaac86c3981d541d2e99a0ffb7b6d33a5ac8989a62f5518b9e0f7ee128a?s=96&d=mm&r=g","caption":"Webmaster"},"url":"https:\/\/hijasdejesus.org\/en\/author\/webmaster\/"}]}},"_links":{"self":[{"href":"https:\/\/hijasdejesus.org\/en\/wp-json\/wp\/v2\/posts\/29040","targetHints":{"allow":["GET"]}}],"collection":[{"href":"https:\/\/hijasdejesus.org\/en\/wp-json\/wp\/v2\/posts"}],"about":[{"href":"https:\/\/hijasdejesus.org\/en\/wp-json\/wp\/v2\/types\/post"}],"author":[{"embeddable":true,"href":"https:\/\/hijasdejesus.org\/en\/wp-json\/wp\/v2\/users\/28"}],"replies":[{"embeddable":true,"href":"https:\/\/hijasdejesus.org\/en\/wp-json\/wp\/v2\/comments?post=29040"}],"version-history":[{"count":0,"href":"https:\/\/hijasdejesus.org\/en\/wp-json\/wp\/v2\/posts\/29040\/revisions"}],"wp:featuredmedia":[{"embeddable":true,"href":"https:\/\/hijasdejesus.org\/en\/wp-json\/wp\/v2\/media\/9864"}],"wp:attachment":[{"href":"https:\/\/hijasdejesus.org\/en\/wp-json\/wp\/v2\/media?parent=29040"}],"wp:term":[{"taxonomy":"category","embeddable":true,"href":"https:\/\/hijasdejesus.org\/en\/wp-json\/wp\/v2\/categories?post=29040"},{"taxonomy":"post_tag","embeddable":true,"href":"https:\/\/hijasdejesus.org\/en\/wp-json\/wp\/v2\/tags?post=29040"}],"curies":[{"name":"wp","href":"https:\/\/api.w.org\/{rel}","templated":true}]}}