{"id":29062,"date":"2019-05-06T22:08:27","date_gmt":"2019-05-06T20:08:27","guid":{"rendered":"https:\/\/nueva.hijasdejesus.org\/reflection-groups\/"},"modified":"2019-05-15T15:07:24","modified_gmt":"2019-05-15T13:07:24","slug":"reflection-groups","status":"publish","type":"post","link":"https:\/\/hijasdejesus.org\/en\/reflection-groups\/","title":{"rendered":"Reflection groups"},"content":{"rendered":"<p dir=\"ltr\">We present the reflection groups that have been formed for this phase of the treatment of matters \u00a0and in which we are doing the process of discernment:<\/p>\n<p dir=\"ltr\">GROUP 1:\u00a0Teresa Li, Sonia Mar\u00eda Soares, Sagrario de Andr\u00e9s, Marlene Serrano, Rosa Espinosa, Mar\u00eda del Mar Dom\u00ednguez and Felisa Molina<\/p>\n<p dir=\"ltr\">\n<p dir=\"ltr\"><strong>GROUP 2<\/strong>:\u00a0Yolanda Brandol\u00edn, Dayse Agretti, M\u00aa Carmen Mart\u00edn, Jocelyn Salomo, Sonia Regina Rosa, Pilar Brufal and Julia Mart\u00edn<\/p>\n<p dir=\"ltr\"><img loading=\"lazy\" decoding=\"async\" style=\"display: block; margin-left: auto; margin-right: auto;\" src=\"https:\/\/lh5.googleusercontent.com\/X4zyBtwETGrYHLTJsJGnTc2PVnH0EGy3f0S5XyywvnsS4KCKGPcU1FD9JhuM-aEin_g6FsPeeA76xoqdt8RqjBeel_ux43dkXWGlTKcXm2oIXOdmGdyPm1l2HwkkmN7cceypz4NRL0MHfYxg2A\" alt=\"https:\/\/hijasdejesus.org\/images\/noticias\/hijasdejesus\/CGXVIII\/Grupos-Trabajo-1.JPG\" width=\"482\" height=\"362\" \/><\/p>\n<p dir=\"ltr\"><strong>GROUP 3:<\/strong> Melba Neris, Pola Mendoza, Yahaira Hern\u00e1ndez, Marian Cantalejo, Thelma Barbarona, Clara Echarte and Magda Zhang<\/p>\n<p dir=\"ltr\"><img loading=\"lazy\" decoding=\"async\" style=\"display: block; margin-left: auto; margin-right: auto;\" src=\"https:\/\/lh3.googleusercontent.com\/YGenYMfsfLud2oOXXNQ-EgZ0eR5KVJp4eNVI_RiIHTTsFxGkG585cntfWLOWBw1pq7MDbxcaGuOojBa3z3dIICtwaU-nYaINMJTtTEQ--jCC0ZILWYaVJgJNvuuH4ULJaGnaj3px4TkfrqSGTQ\" alt=\"https:\/\/hijasdejesus.org\/images\/noticias\/Grupos-Trabajo-2.jpg\" width=\"492\" height=\"370\" \/><\/p>\n<p dir=\"ltr\"><strong>GROUP 4:<\/strong>\u00a0Beatriz Neff, Enaceyla C\u00e1rdenas, Sof\u00eda Chang, Matilde Polanco, Patricia Arag\u00f3n and Teresa Pinto<\/p>\n<p dir=\"ltr\"><img loading=\"lazy\" decoding=\"async\" style=\"display: block; margin-left: auto; margin-right: auto;\" src=\"https:\/\/lh4.googleusercontent.com\/0qh3icMlCsTzfZWza0rkudqrDXsr9_7u9oyc1a_BXh9Xwu5K-f9GoCS9073jCMgIbZPLxzYCiEzbnBgGFpKuphAIHt5cPLJSPx0YWOxTDr-nkb-BESuxqYztaxVx5muqzUlmQtBUV75rsWiK9Q\" alt=\"https:\/\/hijasdejesus.org\/images\/noticias\/hijasdejesus\/CGXVIII\/Grupos-Trabajo-3.JPG\" width=\"500\" height=\"375\" \/><\/p>\n<p dir=\"ltr\"><strong>GROUP 5<\/strong>:\u00a0Leoly Quitorio, In\u00e9s Ma, M\u00aa Inez Furtado de Mendon\u00e7a, Raquel Amigot, Mar\u00eda de la O Mart\u00ednez, Iris Gonz\u00e1lez and Elisa Huang<\/p>\n<p>\u00a0<\/p>\n<p dir=\"ltr\"><img loading=\"lazy\" decoding=\"async\" style=\"display: block; margin-left: auto; margin-right: auto;\" src=\"https:\/\/lh5.googleusercontent.com\/nMnwQTTeBqFauEL7MCO5K0LLH_HsUuqOJtTzCcr-r0a7U04bCw0Xw4Ev88dbsu86QDDlqxAJ1hur7N-RjcpLdTMuzJm1a9ITgEDPIewv4UXa5n4UciRr2qDrQh3zhPUyK037vZvfVtYa64I4WA\" alt=\"https:\/\/hijasdejesus.org\/images\/noticias\/hijasdejesus\/CGXVIII\/Grupos-Trabajo-4.jpg\" width=\"491\" height=\"368\" \/><\/p>\n","protected":false},"excerpt":{"rendered":"<p>We present the reflection groups that have been formed for this phase of the treatment of matters \u00a0and in which we are doing the process of discernment: GROUP 1:\u00a0Teresa Li, Sonia Mar\u00eda Soares, Sagrario de Andr\u00e9s, Marlene Serrano, Rosa Espinosa, Mar\u00eda del Mar Dom\u00ednguez and Felisa Molina GROUP 2:\u00a0Yolanda Brandol\u00edn, Dayse Agretti, M\u00aa Carmen Mart\u00edn, [&hellip;]<\/p>\n","protected":false},"author":28,"featured_media":9926,"comment_status":"closed","ping_status":"closed","sticky":false,"template":"","format":"standard","meta":{"_et_pb_use_builder":"","_et_pb_old_content":"","_et_gb_content_width":"","footnotes":"","_links_to":"","_links_to_target":""},"categories":[526,528,412],"tags":[],"class_list":["post-29062","post","type-post","status-publish","format-standard","has-post-thumbnail","hentry","category-general_government","category-hijas-de-jesus-en","category-news"],"yoast_head":"<!-- This site is optimized with the Yoast SEO plugin v27.5 - https:\/\/yoast.com\/product\/yoast-seo-wordpress\/ -->\n<title>Reflection groups - Hijas de Jes\u00fas<\/title>\n<meta name=\"robots\" content=\"index, follow, max-snippet:-1, max-image-preview:large, max-video-preview:-1\" \/>\n<link rel=\"canonical\" href=\"https:\/\/hijasdejesus.org\/en\/reflection-groups\/\" \/>\n<meta property=\"og:locale\" content=\"en_US\" \/>\n<meta property=\"og:type\" content=\"article\" \/>\n<meta property=\"og:title\" content=\"Reflection groups - Hijas de Jes\u00fas\" \/>\n<meta property=\"og:description\" content=\"We present the reflection groups that have been formed for this phase of the treatment of matters \u00a0and in which we are doing the process of discernment: GROUP 1:\u00a0Teresa Li, Sonia Mar\u00eda Soares, Sagrario de Andr\u00e9s, Marlene Serrano, Rosa Espinosa, Mar\u00eda del Mar Dom\u00ednguez and Felisa Molina GROUP 2:\u00a0Yolanda Brandol\u00edn, Dayse Agretti, M\u00aa Carmen Mart\u00edn, [&hellip;]\" \/>\n<meta property=\"og:url\" content=\"https:\/\/hijasdejesus.org\/en\/reflection-groups\/\" \/>\n<meta property=\"og:site_name\" content=\"Hijas de Jes\u00fas\" \/>\n<meta property=\"article:publisher\" content=\"https:\/\/www.facebook.com\/hijasdejesusenelmundo\/\" \/>\n<meta property=\"article:published_time\" content=\"2019-05-06T20:08:27+00:00\" \/>\n<meta property=\"article:modified_time\" content=\"2019-05-15T13:07:24+00:00\" \/>\n<meta property=\"og:image\" content=\"https:\/\/hijasdejesus.org\/wp-content\/uploads\/2019\/05\/GRUPO-1-bueno.JPG\" \/>\n\t<meta property=\"og:image:width\" content=\"960\" \/>\n\t<meta property=\"og:image:height\" content=\"1128\" \/>\n\t<meta property=\"og:image:type\" content=\"image\/jpeg\" \/>\n<meta name=\"author\" content=\"Webmaster\" \/>\n<meta name=\"twitter:card\" content=\"summary_large_image\" \/>\n<meta name=\"twitter:creator\" content=\"@hijasdjesus\" \/>\n<meta name=\"twitter:site\" content=\"@hijasdjesus\" \/>\n<meta name=\"twitter:label1\" content=\"Written by\" \/>\n\t<meta name=\"twitter:data1\" content=\"Webmaster\" \/>\n\t<meta name=\"twitter:label2\" content=\"Est. reading time\" \/>\n\t<meta name=\"twitter:data2\" content=\"1 minute\" \/>\n<script type=\"application\/ld+json\" class=\"yoast-schema-graph\">{\"@context\":\"https:\\\/\\\/schema.org\",\"@graph\":[{\"@type\":\"Article\",\"@id\":\"https:\\\/\\\/hijasdejesus.org\\\/en\\\/reflection-groups\\\/#article\",\"isPartOf\":{\"@id\":\"https:\\\/\\\/hijasdejesus.org\\\/en\\\/reflection-groups\\\/\"},\"author\":{\"name\":\"Webmaster\",\"@id\":\"https:\\\/\\\/hijasdejesus.org\\\/en\\\/#\\\/schema\\\/person\\\/ce4455965da733f2791f23b6ec14e9b6\"},\"headline\":\"Reflection groups\",\"datePublished\":\"2019-05-06T20:08:27+00:00\",\"dateModified\":\"2019-05-15T13:07:24+00:00\",\"mainEntityOfPage\":{\"@id\":\"https:\\\/\\\/hijasdejesus.org\\\/en\\\/reflection-groups\\\/\"},\"wordCount\":135,\"publisher\":{\"@id\":\"https:\\\/\\\/hijasdejesus.org\\\/en\\\/#organization\"},\"image\":{\"@id\":\"https:\\\/\\\/hijasdejesus.org\\\/en\\\/reflection-groups\\\/#primaryimage\"},\"thumbnailUrl\":\"https:\\\/\\\/hijasdejesus.org\\\/wp-content\\\/uploads\\\/2019\\\/05\\\/GRUPO-1-bueno.JPG\",\"articleSection\":[\"General government\",\"Hijas de Jes\u00fas\",\"News\"],\"inLanguage\":\"en-US\"},{\"@type\":\"WebPage\",\"@id\":\"https:\\\/\\\/hijasdejesus.org\\\/en\\\/reflection-groups\\\/\",\"url\":\"https:\\\/\\\/hijasdejesus.org\\\/en\\\/reflection-groups\\\/\",\"name\":\"Reflection groups - Hijas de Jes\u00fas\",\"isPartOf\":{\"@id\":\"https:\\\/\\\/hijasdejesus.org\\\/en\\\/#website\"},\"primaryImageOfPage\":{\"@id\":\"https:\\\/\\\/hijasdejesus.org\\\/en\\\/reflection-groups\\\/#primaryimage\"},\"image\":{\"@id\":\"https:\\\/\\\/hijasdejesus.org\\\/en\\\/reflection-groups\\\/#primaryimage\"},\"thumbnailUrl\":\"https:\\\/\\\/hijasdejesus.org\\\/wp-content\\\/uploads\\\/2019\\\/05\\\/GRUPO-1-bueno.JPG\",\"datePublished\":\"2019-05-06T20:08:27+00:00\",\"dateModified\":\"2019-05-15T13:07:24+00:00\",\"breadcrumb\":{\"@id\":\"https:\\\/\\\/hijasdejesus.org\\\/en\\\/reflection-groups\\\/#breadcrumb\"},\"inLanguage\":\"en-US\",\"potentialAction\":[{\"@type\":\"ReadAction\",\"target\":[\"https:\\\/\\\/hijasdejesus.org\\\/en\\\/reflection-groups\\\/\"]}]},{\"@type\":\"ImageObject\",\"inLanguage\":\"en-US\",\"@id\":\"https:\\\/\\\/hijasdejesus.org\\\/en\\\/reflection-groups\\\/#primaryimage\",\"url\":\"https:\\\/\\\/hijasdejesus.org\\\/wp-content\\\/uploads\\\/2019\\\/05\\\/GRUPO-1-bueno.JPG\",\"contentUrl\":\"https:\\\/\\\/hijasdejesus.org\\\/wp-content\\\/uploads\\\/2019\\\/05\\\/GRUPO-1-bueno.JPG\",\"width\":960,\"height\":1128},{\"@type\":\"BreadcrumbList\",\"@id\":\"https:\\\/\\\/hijasdejesus.org\\\/en\\\/reflection-groups\\\/#breadcrumb\",\"itemListElement\":[{\"@type\":\"ListItem\",\"position\":1,\"name\":\"Portada\",\"item\":\"https:\\\/\\\/hijasdejesus.org\\\/en\\\/\"},{\"@type\":\"ListItem\",\"position\":2,\"name\":\"Reflection groups\"}]},{\"@type\":\"WebSite\",\"@id\":\"https:\\\/\\\/hijasdejesus.org\\\/en\\\/#website\",\"url\":\"https:\\\/\\\/hijasdejesus.org\\\/en\\\/\",\"name\":\"Hijas de Jes\u00fas\",\"description\":\"Despertamos a Jes\u00fas en el coraz\u00f3n, sacando lo mejor de las personas. Somos una congregaci\u00f3n religiosa ignaciana fundada por la Madre Candida\",\"publisher\":{\"@id\":\"https:\\\/\\\/hijasdejesus.org\\\/en\\\/#organization\"},\"potentialAction\":[{\"@type\":\"SearchAction\",\"target\":{\"@type\":\"EntryPoint\",\"urlTemplate\":\"https:\\\/\\\/hijasdejesus.org\\\/en\\\/?s={search_term_string}\"},\"query-input\":{\"@type\":\"PropertyValueSpecification\",\"valueRequired\":true,\"valueName\":\"search_term_string\"}}],\"inLanguage\":\"en-US\"},{\"@type\":\"Organization\",\"@id\":\"https:\\\/\\\/hijasdejesus.org\\\/en\\\/#organization\",\"name\":\"Hijas de Jes\u00fas\",\"url\":\"https:\\\/\\\/hijasdejesus.org\\\/en\\\/\",\"logo\":{\"@type\":\"ImageObject\",\"inLanguage\":\"en-US\",\"@id\":\"https:\\\/\\\/hijasdejesus.org\\\/en\\\/#\\\/schema\\\/logo\\\/image\\\/\",\"url\":\"https:\\\/\\\/hijasdejesus.org\\\/wp-content\\\/uploads\\\/2023\\\/01\\\/Hijas-de-Jesus_hor-A7C957.png\",\"contentUrl\":\"https:\\\/\\\/hijasdejesus.org\\\/wp-content\\\/uploads\\\/2023\\\/01\\\/Hijas-de-Jesus_hor-A7C957.png\",\"width\":700,\"height\":360,\"caption\":\"Hijas de Jes\u00fas\"},\"image\":{\"@id\":\"https:\\\/\\\/hijasdejesus.org\\\/en\\\/#\\\/schema\\\/logo\\\/image\\\/\"},\"sameAs\":[\"https:\\\/\\\/www.facebook.com\\\/hijasdejesusenelmundo\\\/\",\"https:\\\/\\\/x.com\\\/hijasdjesus\"]},{\"@type\":\"Person\",\"@id\":\"https:\\\/\\\/hijasdejesus.org\\\/en\\\/#\\\/schema\\\/person\\\/ce4455965da733f2791f23b6ec14e9b6\",\"name\":\"Webmaster\",\"image\":{\"@type\":\"ImageObject\",\"inLanguage\":\"en-US\",\"@id\":\"https:\\\/\\\/secure.gravatar.com\\\/avatar\\\/cfd0acaac86c3981d541d2e99a0ffb7b6d33a5ac8989a62f5518b9e0f7ee128a?s=96&d=mm&r=g\",\"url\":\"https:\\\/\\\/secure.gravatar.com\\\/avatar\\\/cfd0acaac86c3981d541d2e99a0ffb7b6d33a5ac8989a62f5518b9e0f7ee128a?s=96&d=mm&r=g\",\"contentUrl\":\"https:\\\/\\\/secure.gravatar.com\\\/avatar\\\/cfd0acaac86c3981d541d2e99a0ffb7b6d33a5ac8989a62f5518b9e0f7ee128a?s=96&d=mm&r=g\",\"caption\":\"Webmaster\"},\"url\":\"https:\\\/\\\/hijasdejesus.org\\\/en\\\/author\\\/webmaster\\\/\"}]}<\/script>\n<!-- \/ Yoast SEO plugin. -->","yoast_head_json":{"title":"Reflection groups - Hijas de Jes\u00fas","robots":{"index":"index","follow":"follow","max-snippet":"max-snippet:-1","max-image-preview":"max-image-preview:large","max-video-preview":"max-video-preview:-1"},"canonical":"https:\/\/hijasdejesus.org\/en\/reflection-groups\/","og_locale":"en_US","og_type":"article","og_title":"Reflection groups - Hijas de Jes\u00fas","og_description":"We present the reflection groups that have been formed for this phase of the treatment of matters \u00a0and in which we are doing the process of discernment: GROUP 1:\u00a0Teresa Li, Sonia Mar\u00eda Soares, Sagrario de Andr\u00e9s, Marlene Serrano, Rosa Espinosa, Mar\u00eda del Mar Dom\u00ednguez and Felisa Molina GROUP 2:\u00a0Yolanda Brandol\u00edn, Dayse Agretti, M\u00aa Carmen Mart\u00edn, [&hellip;]","og_url":"https:\/\/hijasdejesus.org\/en\/reflection-groups\/","og_site_name":"Hijas de Jes\u00fas","article_publisher":"https:\/\/www.facebook.com\/hijasdejesusenelmundo\/","article_published_time":"2019-05-06T20:08:27+00:00","article_modified_time":"2019-05-15T13:07:24+00:00","og_image":[{"width":960,"height":1128,"url":"https:\/\/hijasdejesus.org\/wp-content\/uploads\/2019\/05\/GRUPO-1-bueno.JPG","type":"image\/jpeg"}],"author":"Webmaster","twitter_card":"summary_large_image","twitter_creator":"@hijasdjesus","twitter_site":"@hijasdjesus","twitter_misc":{"Written by":"Webmaster","Est. reading time":"1 minute"},"schema":{"@context":"https:\/\/schema.org","@graph":[{"@type":"Article","@id":"https:\/\/hijasdejesus.org\/en\/reflection-groups\/#article","isPartOf":{"@id":"https:\/\/hijasdejesus.org\/en\/reflection-groups\/"},"author":{"name":"Webmaster","@id":"https:\/\/hijasdejesus.org\/en\/#\/schema\/person\/ce4455965da733f2791f23b6ec14e9b6"},"headline":"Reflection groups","datePublished":"2019-05-06T20:08:27+00:00","dateModified":"2019-05-15T13:07:24+00:00","mainEntityOfPage":{"@id":"https:\/\/hijasdejesus.org\/en\/reflection-groups\/"},"wordCount":135,"publisher":{"@id":"https:\/\/hijasdejesus.org\/en\/#organization"},"image":{"@id":"https:\/\/hijasdejesus.org\/en\/reflection-groups\/#primaryimage"},"thumbnailUrl":"https:\/\/hijasdejesus.org\/wp-content\/uploads\/2019\/05\/GRUPO-1-bueno.JPG","articleSection":["General government","Hijas de Jes\u00fas","News"],"inLanguage":"en-US"},{"@type":"WebPage","@id":"https:\/\/hijasdejesus.org\/en\/reflection-groups\/","url":"https:\/\/hijasdejesus.org\/en\/reflection-groups\/","name":"Reflection groups - Hijas de Jes\u00fas","isPartOf":{"@id":"https:\/\/hijasdejesus.org\/en\/#website"},"primaryImageOfPage":{"@id":"https:\/\/hijasdejesus.org\/en\/reflection-groups\/#primaryimage"},"image":{"@id":"https:\/\/hijasdejesus.org\/en\/reflection-groups\/#primaryimage"},"thumbnailUrl":"https:\/\/hijasdejesus.org\/wp-content\/uploads\/2019\/05\/GRUPO-1-bueno.JPG","datePublished":"2019-05-06T20:08:27+00:00","dateModified":"2019-05-15T13:07:24+00:00","breadcrumb":{"@id":"https:\/\/hijasdejesus.org\/en\/reflection-groups\/#breadcrumb"},"inLanguage":"en-US","potentialAction":[{"@type":"ReadAction","target":["https:\/\/hijasdejesus.org\/en\/reflection-groups\/"]}]},{"@type":"ImageObject","inLanguage":"en-US","@id":"https:\/\/hijasdejesus.org\/en\/reflection-groups\/#primaryimage","url":"https:\/\/hijasdejesus.org\/wp-content\/uploads\/2019\/05\/GRUPO-1-bueno.JPG","contentUrl":"https:\/\/hijasdejesus.org\/wp-content\/uploads\/2019\/05\/GRUPO-1-bueno.JPG","width":960,"height":1128},{"@type":"BreadcrumbList","@id":"https:\/\/hijasdejesus.org\/en\/reflection-groups\/#breadcrumb","itemListElement":[{"@type":"ListItem","position":1,"name":"Portada","item":"https:\/\/hijasdejesus.org\/en\/"},{"@type":"ListItem","position":2,"name":"Reflection groups"}]},{"@type":"WebSite","@id":"https:\/\/hijasdejesus.org\/en\/#website","url":"https:\/\/hijasdejesus.org\/en\/","name":"Hijas de Jes\u00fas","description":"Despertamos a Jes\u00fas en el coraz\u00f3n, sacando lo mejor de las personas. Somos una congregaci\u00f3n religiosa ignaciana fundada por la Madre Candida","publisher":{"@id":"https:\/\/hijasdejesus.org\/en\/#organization"},"potentialAction":[{"@type":"SearchAction","target":{"@type":"EntryPoint","urlTemplate":"https:\/\/hijasdejesus.org\/en\/?s={search_term_string}"},"query-input":{"@type":"PropertyValueSpecification","valueRequired":true,"valueName":"search_term_string"}}],"inLanguage":"en-US"},{"@type":"Organization","@id":"https:\/\/hijasdejesus.org\/en\/#organization","name":"Hijas de Jes\u00fas","url":"https:\/\/hijasdejesus.org\/en\/","logo":{"@type":"ImageObject","inLanguage":"en-US","@id":"https:\/\/hijasdejesus.org\/en\/#\/schema\/logo\/image\/","url":"https:\/\/hijasdejesus.org\/wp-content\/uploads\/2023\/01\/Hijas-de-Jesus_hor-A7C957.png","contentUrl":"https:\/\/hijasdejesus.org\/wp-content\/uploads\/2023\/01\/Hijas-de-Jesus_hor-A7C957.png","width":700,"height":360,"caption":"Hijas de Jes\u00fas"},"image":{"@id":"https:\/\/hijasdejesus.org\/en\/#\/schema\/logo\/image\/"},"sameAs":["https:\/\/www.facebook.com\/hijasdejesusenelmundo\/","https:\/\/x.com\/hijasdjesus"]},{"@type":"Person","@id":"https:\/\/hijasdejesus.org\/en\/#\/schema\/person\/ce4455965da733f2791f23b6ec14e9b6","name":"Webmaster","image":{"@type":"ImageObject","inLanguage":"en-US","@id":"https:\/\/secure.gravatar.com\/avatar\/cfd0acaac86c3981d541d2e99a0ffb7b6d33a5ac8989a62f5518b9e0f7ee128a?s=96&d=mm&r=g","url":"https:\/\/secure.gravatar.com\/avatar\/cfd0acaac86c3981d541d2e99a0ffb7b6d33a5ac8989a62f5518b9e0f7ee128a?s=96&d=mm&r=g","contentUrl":"https:\/\/secure.gravatar.com\/avatar\/cfd0acaac86c3981d541d2e99a0ffb7b6d33a5ac8989a62f5518b9e0f7ee128a?s=96&d=mm&r=g","caption":"Webmaster"},"url":"https:\/\/hijasdejesus.org\/en\/author\/webmaster\/"}]}},"_links":{"self":[{"href":"https:\/\/hijasdejesus.org\/en\/wp-json\/wp\/v2\/posts\/29062","targetHints":{"allow":["GET"]}}],"collection":[{"href":"https:\/\/hijasdejesus.org\/en\/wp-json\/wp\/v2\/posts"}],"about":[{"href":"https:\/\/hijasdejesus.org\/en\/wp-json\/wp\/v2\/types\/post"}],"author":[{"embeddable":true,"href":"https:\/\/hijasdejesus.org\/en\/wp-json\/wp\/v2\/users\/28"}],"replies":[{"embeddable":true,"href":"https:\/\/hijasdejesus.org\/en\/wp-json\/wp\/v2\/comments?post=29062"}],"version-history":[{"count":0,"href":"https:\/\/hijasdejesus.org\/en\/wp-json\/wp\/v2\/posts\/29062\/revisions"}],"wp:featuredmedia":[{"embeddable":true,"href":"https:\/\/hijasdejesus.org\/en\/wp-json\/wp\/v2\/media\/9926"}],"wp:attachment":[{"href":"https:\/\/hijasdejesus.org\/en\/wp-json\/wp\/v2\/media?parent=29062"}],"wp:term":[{"taxonomy":"category","embeddable":true,"href":"https:\/\/hijasdejesus.org\/en\/wp-json\/wp\/v2\/categories?post=29062"},{"taxonomy":"post_tag","embeddable":true,"href":"https:\/\/hijasdejesus.org\/en\/wp-json\/wp\/v2\/tags?post=29062"}],"curies":[{"name":"wp","href":"https:\/\/api.w.org\/{rel}","templated":true}]}}