{"id":29359,"date":"2020-12-08T20:59:16","date_gmt":"2020-12-08T19:59:16","guid":{"rendered":"https:\/\/nueva.hijasdejesus.org\/accion-de-gracias-eucaristia-8-diciembre-2021\/"},"modified":"2020-12-08T20:59:16","modified_gmt":"2020-12-08T19:59:16","slug":"accion-de-gracias-eucaristia-8-diciembre-2021","status":"publish","type":"post","link":"https:\/\/hijasdejesus.org\/en\/accion-de-gracias-eucaristia-8-diciembre-2021\/","title":{"rendered":"Acci\u00f3n de gracias &#8211; Eucarist\u00eda 8 diciembre 2020"},"content":{"rendered":"<p style=\"text-align: justify;\">Con esta celebraci\u00f3n eucar\u00edstica hemos dado inicio al A\u00f1o Jubilar que nos conduce a la celebraci\u00f3n de los 150 a\u00f1os de vida del Instituto en la Iglesia y en el mundo. Agradezco a las Hijas de Jes\u00fas de Salamanca, que all\u00ed presentes, nos representan a todas las que estamos dispersas por el mundo, a la gran Familia Madre C\u00e1ndida y educadores que tiene rostro en los laicos que hoy se encuentran en ese lugar, y a todos los que, desde distintos lugares del mundo, estamos conectados para seguir esta celebraci\u00f3n virtual y hacer un v\u00ednculo de uni\u00f3n universal.<\/p>\n<p style=\"text-align: justify;\">Deseo subrayar cuatro aspectos que me gustar\u00eda tener muy presentes a lo largo de este a\u00f1o de gracia.<\/p>\n<p style=\"text-align: justify; padding-left: 30px;\">&#8211; <strong>Ser agradecidos\u2026<\/strong> Nuestra Madre Fundadora lo ha sido siempre, a\u00fan en medio de circunstancias muy adversas que le tocaron vivir en los inicios de la Congregaci\u00f3n: \u201cBendito sea Dios que tanto nos quiere\u201d. \u201cSe\u00e1mosle, pues, agradecidas y d\u00e9mosle gracias por tan grandes regalos\u201d, \u201cQue seamos muy agradecidas a tantos beneficios como el Se\u00f1or nos hace\u201d. Son algunas expresiones de sus cartas que nos muestran su coraz\u00f3n agradecido a Dios, a las personas con las que conviv\u00eda y a las personas con las que se relacionaba en los diversos avatares de su vida.<\/p>\n<p style=\"text-align: justify; padding-left: 30px;\">&#8211; <strong>Cuidar unos de otros\u2026<\/strong> La Madre C\u00e1ndida no us\u00f3 esta expresi\u00f3n, pero s\u00ed la hizo vida. La refleja en una carta cuando dice: \u201cBajo la divina providencia estamos, y, Dios, como Padre bondadoso, vela por nosotras\u201d. Ese cuidado del Padre bueno la lleva a manifestar la bondad de Dios que a todos hace hermanos. Una manera propicia de hacer vivo este carisma es el cuidado de la entera creaci\u00f3n, de las personas y de las relaciones entre unos y otros.<\/p>\n<p style=\"text-align: justify; padding-left: 30px;\">&#8211;<strong> Vivir en esperanza\u2026<\/strong> \u201cEst\u00e1 puesta en las manos de Dios nuestra causa. Somos Hijas de Jes\u00fas. \u00c9l nos defender\u00e1 de todo mal. Esta es nuestra esperanza y no quedaremos confundidas\u201d. La Madre C\u00e1ndida comparte su honda experiencia de esperanza con sus hermanas, sus hijas. Este regalo de Dios lo expresa con sencillez es su modo de vivir el evangelio. Hoy sabemos que su experiencia ilumina a muchos laicos quienes descubren en ella una inspiraci\u00f3n para vivir y profundizar su fe. Esperanza en aquello que no vemos ni tenemos hoy, esperanza que va de la mano de la fe, esperanza que nos hace pensar que algo bueno, siempre vendr\u00e1 ma\u00f1ana. Esperanza que reconoce que este mundo tiene mucha bondad de la que somos parte y de la que tenemos que llevar unos a otros.<\/p>\n<p style=\"text-align: justify; padding-left: 30px;\">&#8211;<strong> Tener siempre un horizonte universal:<\/strong> Me expresa mucho la frase de la Madre C\u00e1ndida \u201cEl mundo es peque\u00f1o para mis deseos\u201d. El mundo, la casa com\u00fan, la aldea global. Ensanchar siempre el espacio de nuestra tienda, somos un Cuerpo universal y nos convoca un carisma universal, donde hay lugar para todos.<\/p>\n<p style=\"text-align: justify;\">Que en este d\u00eda podamos experimentar que Mar\u00eda es la Madre que nunca abandona a sus hijos. Desde la figura de Mar\u00eda brota una luz: la luz de Cristo, de su misterio Pascual, que es la que alumbra la esperanza a todos los que transitamos este incierto tiempo de pandemia.<\/p>\n<p style=\"text-align: justify;\">Dejemos que Mar\u00eda, la Virgen Inmaculada, nos diga a cada una: Quiero entrar en tu casa para llevarte la luz de la Esperanza, que no es otra sino mi Hijo Jes\u00fas. Quiero entrar en tu vida y ense\u00f1arte cada d\u00eda, particularmente, en este a\u00f1o jubilar, a ser verdadera Hija de Jes\u00fas.<\/p>\n<p style=\"text-align: justify; padding-left: 420px;\"><em><strong>Graciela Francovig &#8211; Superiora General<\/strong><\/em><\/p>\n<p style=\"text-align: justify;\">Desc\u00e1rgala <a href=\"index.php?option=com_jdownloads&amp;task=download.send&amp;id=981&amp;catid=29&amp;m=0&amp;lang=es\">aqu\u00ed<\/a>.<\/p>\n","protected":false},"excerpt":{"rendered":"<p>Con esta celebraci\u00f3n eucar\u00edstica hemos dado inicio al A\u00f1o Jubilar que nos conduce a la celebraci\u00f3n de los 150 a\u00f1os de vida del Instituto en la Iglesia y en el mundo. Agradezco a las Hijas de Jes\u00fas de Salamanca, que all\u00ed presentes, nos representan a todas las que estamos dispersas por el mundo, a la [&hellip;]<\/p>\n","protected":false},"author":28,"featured_media":0,"comment_status":"closed","ping_status":"closed","sticky":false,"template":"","format":"standard","meta":{"_et_pb_use_builder":"","_et_pb_old_content":"","_et_gb_content_width":"","footnotes":"","_links_to":"","_links_to_target":""},"categories":[528,412],"tags":[],"class_list":["post-29359","post","type-post","status-publish","format-standard","hentry","category-hijas-de-jesus-en","category-news"],"yoast_head":"<!-- This site is optimized with the Yoast SEO plugin v27.5 - https:\/\/yoast.com\/product\/yoast-seo-wordpress\/ -->\n<title>Acci\u00f3n de gracias - Eucarist\u00eda 8 diciembre 2020 - Hijas de Jes\u00fas<\/title>\n<meta name=\"robots\" content=\"index, follow, max-snippet:-1, max-image-preview:large, max-video-preview:-1\" \/>\n<link rel=\"canonical\" href=\"https:\/\/hijasdejesus.org\/en\/accion-de-gracias-eucaristia-8-diciembre-2021\/\" \/>\n<meta property=\"og:locale\" content=\"en_US\" \/>\n<meta property=\"og:type\" content=\"article\" \/>\n<meta property=\"og:title\" content=\"Acci\u00f3n de gracias - Eucarist\u00eda 8 diciembre 2020 - Hijas de Jes\u00fas\" \/>\n<meta property=\"og:description\" content=\"Con esta celebraci\u00f3n eucar\u00edstica hemos dado inicio al A\u00f1o Jubilar que nos conduce a la celebraci\u00f3n de los 150 a\u00f1os de vida del Instituto en la Iglesia y en el mundo. Agradezco a las Hijas de Jes\u00fas de Salamanca, que all\u00ed presentes, nos representan a todas las que estamos dispersas por el mundo, a la [&hellip;]\" \/>\n<meta property=\"og:url\" content=\"https:\/\/hijasdejesus.org\/en\/accion-de-gracias-eucaristia-8-diciembre-2021\/\" \/>\n<meta property=\"og:site_name\" content=\"Hijas de Jes\u00fas\" \/>\n<meta property=\"article:publisher\" content=\"https:\/\/www.facebook.com\/hijasdejesusenelmundo\/\" \/>\n<meta property=\"article:published_time\" content=\"2020-12-08T19:59:16+00:00\" \/>\n<meta name=\"author\" content=\"Webmaster\" \/>\n<meta name=\"twitter:card\" content=\"summary_large_image\" \/>\n<meta name=\"twitter:creator\" content=\"@hijasdjesus\" \/>\n<meta name=\"twitter:site\" content=\"@hijasdjesus\" \/>\n<meta name=\"twitter:label1\" content=\"Written by\" \/>\n\t<meta name=\"twitter:data1\" content=\"Webmaster\" \/>\n\t<meta name=\"twitter:label2\" content=\"Est. reading time\" \/>\n\t<meta name=\"twitter:data2\" content=\"3 minutes\" \/>\n<script type=\"application\/ld+json\" class=\"yoast-schema-graph\">{\"@context\":\"https:\\\/\\\/schema.org\",\"@graph\":[{\"@type\":\"Article\",\"@id\":\"https:\\\/\\\/hijasdejesus.org\\\/en\\\/accion-de-gracias-eucaristia-8-diciembre-2021\\\/#article\",\"isPartOf\":{\"@id\":\"https:\\\/\\\/hijasdejesus.org\\\/en\\\/accion-de-gracias-eucaristia-8-diciembre-2021\\\/\"},\"author\":{\"name\":\"Webmaster\",\"@id\":\"https:\\\/\\\/hijasdejesus.org\\\/en\\\/#\\\/schema\\\/person\\\/ce4455965da733f2791f23b6ec14e9b6\"},\"headline\":\"Acci\u00f3n de gracias &#8211; Eucarist\u00eda 8 diciembre 2020\",\"datePublished\":\"2020-12-08T19:59:16+00:00\",\"mainEntityOfPage\":{\"@id\":\"https:\\\/\\\/hijasdejesus.org\\\/en\\\/accion-de-gracias-eucaristia-8-diciembre-2021\\\/\"},\"wordCount\":630,\"publisher\":{\"@id\":\"https:\\\/\\\/hijasdejesus.org\\\/en\\\/#organization\"},\"articleSection\":[\"Hijas de Jes\u00fas\",\"News\"],\"inLanguage\":\"en-US\"},{\"@type\":\"WebPage\",\"@id\":\"https:\\\/\\\/hijasdejesus.org\\\/en\\\/accion-de-gracias-eucaristia-8-diciembre-2021\\\/\",\"url\":\"https:\\\/\\\/hijasdejesus.org\\\/en\\\/accion-de-gracias-eucaristia-8-diciembre-2021\\\/\",\"name\":\"Acci\u00f3n de gracias - Eucarist\u00eda 8 diciembre 2020 - Hijas de Jes\u00fas\",\"isPartOf\":{\"@id\":\"https:\\\/\\\/hijasdejesus.org\\\/en\\\/#website\"},\"datePublished\":\"2020-12-08T19:59:16+00:00\",\"breadcrumb\":{\"@id\":\"https:\\\/\\\/hijasdejesus.org\\\/en\\\/accion-de-gracias-eucaristia-8-diciembre-2021\\\/#breadcrumb\"},\"inLanguage\":\"en-US\",\"potentialAction\":[{\"@type\":\"ReadAction\",\"target\":[\"https:\\\/\\\/hijasdejesus.org\\\/en\\\/accion-de-gracias-eucaristia-8-diciembre-2021\\\/\"]}]},{\"@type\":\"BreadcrumbList\",\"@id\":\"https:\\\/\\\/hijasdejesus.org\\\/en\\\/accion-de-gracias-eucaristia-8-diciembre-2021\\\/#breadcrumb\",\"itemListElement\":[{\"@type\":\"ListItem\",\"position\":1,\"name\":\"Portada\",\"item\":\"https:\\\/\\\/hijasdejesus.org\\\/en\\\/\"},{\"@type\":\"ListItem\",\"position\":2,\"name\":\"Acci\u00f3n de gracias &#8211; Eucarist\u00eda 8 diciembre 2020\"}]},{\"@type\":\"WebSite\",\"@id\":\"https:\\\/\\\/hijasdejesus.org\\\/en\\\/#website\",\"url\":\"https:\\\/\\\/hijasdejesus.org\\\/en\\\/\",\"name\":\"Hijas de Jes\u00fas\",\"description\":\"Despertamos a Jes\u00fas en el coraz\u00f3n, sacando lo mejor de las personas. Somos una congregaci\u00f3n religiosa ignaciana fundada por la Madre Candida\",\"publisher\":{\"@id\":\"https:\\\/\\\/hijasdejesus.org\\\/en\\\/#organization\"},\"potentialAction\":[{\"@type\":\"SearchAction\",\"target\":{\"@type\":\"EntryPoint\",\"urlTemplate\":\"https:\\\/\\\/hijasdejesus.org\\\/en\\\/?s={search_term_string}\"},\"query-input\":{\"@type\":\"PropertyValueSpecification\",\"valueRequired\":true,\"valueName\":\"search_term_string\"}}],\"inLanguage\":\"en-US\"},{\"@type\":\"Organization\",\"@id\":\"https:\\\/\\\/hijasdejesus.org\\\/en\\\/#organization\",\"name\":\"Hijas de Jes\u00fas\",\"url\":\"https:\\\/\\\/hijasdejesus.org\\\/en\\\/\",\"logo\":{\"@type\":\"ImageObject\",\"inLanguage\":\"en-US\",\"@id\":\"https:\\\/\\\/hijasdejesus.org\\\/en\\\/#\\\/schema\\\/logo\\\/image\\\/\",\"url\":\"https:\\\/\\\/hijasdejesus.org\\\/wp-content\\\/uploads\\\/2023\\\/01\\\/Hijas-de-Jesus_hor-A7C957.png\",\"contentUrl\":\"https:\\\/\\\/hijasdejesus.org\\\/wp-content\\\/uploads\\\/2023\\\/01\\\/Hijas-de-Jesus_hor-A7C957.png\",\"width\":700,\"height\":360,\"caption\":\"Hijas de Jes\u00fas\"},\"image\":{\"@id\":\"https:\\\/\\\/hijasdejesus.org\\\/en\\\/#\\\/schema\\\/logo\\\/image\\\/\"},\"sameAs\":[\"https:\\\/\\\/www.facebook.com\\\/hijasdejesusenelmundo\\\/\",\"https:\\\/\\\/x.com\\\/hijasdjesus\"]},{\"@type\":\"Person\",\"@id\":\"https:\\\/\\\/hijasdejesus.org\\\/en\\\/#\\\/schema\\\/person\\\/ce4455965da733f2791f23b6ec14e9b6\",\"name\":\"Webmaster\",\"image\":{\"@type\":\"ImageObject\",\"inLanguage\":\"en-US\",\"@id\":\"https:\\\/\\\/secure.gravatar.com\\\/avatar\\\/cfd0acaac86c3981d541d2e99a0ffb7b6d33a5ac8989a62f5518b9e0f7ee128a?s=96&d=mm&r=g\",\"url\":\"https:\\\/\\\/secure.gravatar.com\\\/avatar\\\/cfd0acaac86c3981d541d2e99a0ffb7b6d33a5ac8989a62f5518b9e0f7ee128a?s=96&d=mm&r=g\",\"contentUrl\":\"https:\\\/\\\/secure.gravatar.com\\\/avatar\\\/cfd0acaac86c3981d541d2e99a0ffb7b6d33a5ac8989a62f5518b9e0f7ee128a?s=96&d=mm&r=g\",\"caption\":\"Webmaster\"},\"url\":\"https:\\\/\\\/hijasdejesus.org\\\/en\\\/author\\\/webmaster\\\/\"}]}<\/script>\n<!-- \/ Yoast SEO plugin. -->","yoast_head_json":{"title":"Acci\u00f3n de gracias - Eucarist\u00eda 8 diciembre 2020 - Hijas de Jes\u00fas","robots":{"index":"index","follow":"follow","max-snippet":"max-snippet:-1","max-image-preview":"max-image-preview:large","max-video-preview":"max-video-preview:-1"},"canonical":"https:\/\/hijasdejesus.org\/en\/accion-de-gracias-eucaristia-8-diciembre-2021\/","og_locale":"en_US","og_type":"article","og_title":"Acci\u00f3n de gracias - Eucarist\u00eda 8 diciembre 2020 - Hijas de Jes\u00fas","og_description":"Con esta celebraci\u00f3n eucar\u00edstica hemos dado inicio al A\u00f1o Jubilar que nos conduce a la celebraci\u00f3n de los 150 a\u00f1os de vida del Instituto en la Iglesia y en el mundo. Agradezco a las Hijas de Jes\u00fas de Salamanca, que all\u00ed presentes, nos representan a todas las que estamos dispersas por el mundo, a la [&hellip;]","og_url":"https:\/\/hijasdejesus.org\/en\/accion-de-gracias-eucaristia-8-diciembre-2021\/","og_site_name":"Hijas de Jes\u00fas","article_publisher":"https:\/\/www.facebook.com\/hijasdejesusenelmundo\/","article_published_time":"2020-12-08T19:59:16+00:00","author":"Webmaster","twitter_card":"summary_large_image","twitter_creator":"@hijasdjesus","twitter_site":"@hijasdjesus","twitter_misc":{"Written by":"Webmaster","Est. reading time":"3 minutes"},"schema":{"@context":"https:\/\/schema.org","@graph":[{"@type":"Article","@id":"https:\/\/hijasdejesus.org\/en\/accion-de-gracias-eucaristia-8-diciembre-2021\/#article","isPartOf":{"@id":"https:\/\/hijasdejesus.org\/en\/accion-de-gracias-eucaristia-8-diciembre-2021\/"},"author":{"name":"Webmaster","@id":"https:\/\/hijasdejesus.org\/en\/#\/schema\/person\/ce4455965da733f2791f23b6ec14e9b6"},"headline":"Acci\u00f3n de gracias &#8211; Eucarist\u00eda 8 diciembre 2020","datePublished":"2020-12-08T19:59:16+00:00","mainEntityOfPage":{"@id":"https:\/\/hijasdejesus.org\/en\/accion-de-gracias-eucaristia-8-diciembre-2021\/"},"wordCount":630,"publisher":{"@id":"https:\/\/hijasdejesus.org\/en\/#organization"},"articleSection":["Hijas de Jes\u00fas","News"],"inLanguage":"en-US"},{"@type":"WebPage","@id":"https:\/\/hijasdejesus.org\/en\/accion-de-gracias-eucaristia-8-diciembre-2021\/","url":"https:\/\/hijasdejesus.org\/en\/accion-de-gracias-eucaristia-8-diciembre-2021\/","name":"Acci\u00f3n de gracias - Eucarist\u00eda 8 diciembre 2020 - Hijas de Jes\u00fas","isPartOf":{"@id":"https:\/\/hijasdejesus.org\/en\/#website"},"datePublished":"2020-12-08T19:59:16+00:00","breadcrumb":{"@id":"https:\/\/hijasdejesus.org\/en\/accion-de-gracias-eucaristia-8-diciembre-2021\/#breadcrumb"},"inLanguage":"en-US","potentialAction":[{"@type":"ReadAction","target":["https:\/\/hijasdejesus.org\/en\/accion-de-gracias-eucaristia-8-diciembre-2021\/"]}]},{"@type":"BreadcrumbList","@id":"https:\/\/hijasdejesus.org\/en\/accion-de-gracias-eucaristia-8-diciembre-2021\/#breadcrumb","itemListElement":[{"@type":"ListItem","position":1,"name":"Portada","item":"https:\/\/hijasdejesus.org\/en\/"},{"@type":"ListItem","position":2,"name":"Acci\u00f3n de gracias &#8211; Eucarist\u00eda 8 diciembre 2020"}]},{"@type":"WebSite","@id":"https:\/\/hijasdejesus.org\/en\/#website","url":"https:\/\/hijasdejesus.org\/en\/","name":"Hijas de Jes\u00fas","description":"Despertamos a Jes\u00fas en el coraz\u00f3n, sacando lo mejor de las personas. Somos una congregaci\u00f3n religiosa ignaciana fundada por la Madre Candida","publisher":{"@id":"https:\/\/hijasdejesus.org\/en\/#organization"},"potentialAction":[{"@type":"SearchAction","target":{"@type":"EntryPoint","urlTemplate":"https:\/\/hijasdejesus.org\/en\/?s={search_term_string}"},"query-input":{"@type":"PropertyValueSpecification","valueRequired":true,"valueName":"search_term_string"}}],"inLanguage":"en-US"},{"@type":"Organization","@id":"https:\/\/hijasdejesus.org\/en\/#organization","name":"Hijas de Jes\u00fas","url":"https:\/\/hijasdejesus.org\/en\/","logo":{"@type":"ImageObject","inLanguage":"en-US","@id":"https:\/\/hijasdejesus.org\/en\/#\/schema\/logo\/image\/","url":"https:\/\/hijasdejesus.org\/wp-content\/uploads\/2023\/01\/Hijas-de-Jesus_hor-A7C957.png","contentUrl":"https:\/\/hijasdejesus.org\/wp-content\/uploads\/2023\/01\/Hijas-de-Jesus_hor-A7C957.png","width":700,"height":360,"caption":"Hijas de Jes\u00fas"},"image":{"@id":"https:\/\/hijasdejesus.org\/en\/#\/schema\/logo\/image\/"},"sameAs":["https:\/\/www.facebook.com\/hijasdejesusenelmundo\/","https:\/\/x.com\/hijasdjesus"]},{"@type":"Person","@id":"https:\/\/hijasdejesus.org\/en\/#\/schema\/person\/ce4455965da733f2791f23b6ec14e9b6","name":"Webmaster","image":{"@type":"ImageObject","inLanguage":"en-US","@id":"https:\/\/secure.gravatar.com\/avatar\/cfd0acaac86c3981d541d2e99a0ffb7b6d33a5ac8989a62f5518b9e0f7ee128a?s=96&d=mm&r=g","url":"https:\/\/secure.gravatar.com\/avatar\/cfd0acaac86c3981d541d2e99a0ffb7b6d33a5ac8989a62f5518b9e0f7ee128a?s=96&d=mm&r=g","contentUrl":"https:\/\/secure.gravatar.com\/avatar\/cfd0acaac86c3981d541d2e99a0ffb7b6d33a5ac8989a62f5518b9e0f7ee128a?s=96&d=mm&r=g","caption":"Webmaster"},"url":"https:\/\/hijasdejesus.org\/en\/author\/webmaster\/"}]}},"_links":{"self":[{"href":"https:\/\/hijasdejesus.org\/en\/wp-json\/wp\/v2\/posts\/29359","targetHints":{"allow":["GET"]}}],"collection":[{"href":"https:\/\/hijasdejesus.org\/en\/wp-json\/wp\/v2\/posts"}],"about":[{"href":"https:\/\/hijasdejesus.org\/en\/wp-json\/wp\/v2\/types\/post"}],"author":[{"embeddable":true,"href":"https:\/\/hijasdejesus.org\/en\/wp-json\/wp\/v2\/users\/28"}],"replies":[{"embeddable":true,"href":"https:\/\/hijasdejesus.org\/en\/wp-json\/wp\/v2\/comments?post=29359"}],"version-history":[{"count":0,"href":"https:\/\/hijasdejesus.org\/en\/wp-json\/wp\/v2\/posts\/29359\/revisions"}],"wp:attachment":[{"href":"https:\/\/hijasdejesus.org\/en\/wp-json\/wp\/v2\/media?parent=29359"}],"wp:term":[{"taxonomy":"category","embeddable":true,"href":"https:\/\/hijasdejesus.org\/en\/wp-json\/wp\/v2\/categories?post=29359"},{"taxonomy":"post_tag","embeddable":true,"href":"https:\/\/hijasdejesus.org\/en\/wp-json\/wp\/v2\/tags?post=29359"}],"curies":[{"name":"wp","href":"https:\/\/api.w.org\/{rel}","templated":true}]}}