{"id":29449,"date":"2021-02-13T08:21:53","date_gmt":"2021-02-13T07:21:53","guid":{"rendered":"https:\/\/nueva.hijasdejesus.org\/the-provincial-meets-the-young-professed-sisters\/"},"modified":"2021-02-13T08:21:53","modified_gmt":"2021-02-13T07:21:53","slug":"the-provincial-meets-the-young-professed-sisters","status":"publish","type":"post","link":"https:\/\/hijasdejesus.org\/en\/the-provincial-meets-the-young-professed-sisters\/","title":{"rendered":"The Provincial Meets the Young Professed Sisters"},"content":{"rendered":"<\/p>\n<p style=\"text-align: justify;\">PROVINCE MEETS THE YOUNG PROFESSED SISTERS<\/p>\n<p style=\"text-align: justify;\">In the morning of February 5, a first Friday dedicated to the Sacred Heart of Jesus, we, 10 young\u00a0sisters et online for an encounter with the Provincial, Sr. Emelinda Falsis, FI.\u00a0<span lang=\"en\">We are sisters who have made perpetual vows less than 10 years ago.<\/span><\/p>\n<p style=\"text-align: justify;\">The first-day session dwelt primarily on the question \u2018What do you really want?\u2019 It was a time of\u00a0digging into one\u2019s depths and getting in touch with our desires and dreams. Sister Lynn shared\u00a0not only points of reflection but also her personal dreams and wish for the Congregation.\u00a0Moreover, each one of us shared our present dreams with transparency and sincerity. It was a\u00a0joyful reunion for us with a deep appreciation for a morning filled with the spirit of sisterhood\u00a0and love.<\/p>\n<p style=\"text-align: justify;\">The following day at exactly 9 A.M., we found each other together again for the continuation of\u00a0our encounter. It was here that Sister Lynn shared about \u2018the spirituality of care\u2019 &#8211; from the lens\u00a0of the Constitutions, the determination, and the encyclical Fratelli Tutti. She expounded on\u00a0each topic that allowed each one of us to enter slowly and found ourselves moved to live this\u00a0kind of life.<\/p>\n<p style=\"text-align: justify;\">Questions were given for personal reflection<\/p>\n<p style=\"padding-left: 30px; text-align: justify;\">1) How do you take care of yourself?<\/p>\n<p style=\"padding-left: 30px; text-align: justify;\">2) How do you\u00a0take care of your sisters, community, Province, and the Congregation?<\/p>\n<p style=\"padding-left: 30px; text-align: justify;\">3) and formulate one\u2019s\u00a0personal commitment. We shared, by dyads, our reflection, after which, we made our\u00a0commitments done in a prayerful way.<\/p>\n<p style=\"text-align: justify;\">We ended the session with thanksgiving for the opportunity to reconnect and to feel that we\u00a0journey together despite the distance and the health crisis the world faces. We expressed our\u00a0gratitude to one another and to Sister Lynn for this beautiful two-day pause which renewed our\u00a0love for the Lord, the congregation, and our brothers and sisters.<\/p>\n<p style=\"text-align: justify;\">Blessed be God who loves us dearly!<\/p>\n<p style=\"text-align: justify; padding-left: 270px;\"><em><strong>Patricia Aragon, De Davao City, Colegio de Stella Maris <\/strong><\/em><\/p>\n<p><img loading=\"lazy\" decoding=\"async\" class=\" size-full wp-image-10664\" style=\"display: block; margin-left: auto; margin-right: auto;\" src=\"https:\/\/hijasdejesus.org\/wp-content\/uploads\/2021\/02\/2021-02-05_ProfesasJovenes_I-P_2.png\" alt=\"\" width=\"1090\" height=\"462\" srcset=\"https:\/\/hijasdejesus.org\/wp-content\/uploads\/2021\/02\/2021-02-05_ProfesasJovenes_I-P_2.png 1090w, https:\/\/hijasdejesus.org\/wp-content\/uploads\/2021\/02\/2021-02-05_ProfesasJovenes_I-P_2-980x415.png 980w, https:\/\/hijasdejesus.org\/wp-content\/uploads\/2021\/02\/2021-02-05_ProfesasJovenes_I-P_2-480x203.png 480w\" sizes=\"(min-width: 0px) and (max-width: 480px) 480px, (min-width: 481px) and (max-width: 980px) 980px, (min-width: 981px) 1090px, 100vw\" \/><\/p>\n<p><img loading=\"lazy\" decoding=\"async\" class=\" size-full wp-image-10666\" style=\"display: block; margin-left: auto; margin-right: auto;\" src=\"https:\/\/hijasdejesus.org\/wp-content\/uploads\/2021\/02\/2021-02-05_ProfesasJovenes_I-P_1.png\" alt=\"\" width=\"1210\" height=\"519\" srcset=\"https:\/\/hijasdejesus.org\/wp-content\/uploads\/2021\/02\/2021-02-05_ProfesasJovenes_I-P_1.png 1210w, https:\/\/hijasdejesus.org\/wp-content\/uploads\/2021\/02\/2021-02-05_ProfesasJovenes_I-P_1-980x420.png 980w, https:\/\/hijasdejesus.org\/wp-content\/uploads\/2021\/02\/2021-02-05_ProfesasJovenes_I-P_1-480x206.png 480w\" sizes=\"(min-width: 0px) and (max-width: 480px) 480px, (min-width: 481px) and (max-width: 980px) 980px, (min-width: 981px) 1210px, 100vw\" \/><\/p>\n","protected":false},"excerpt":{"rendered":"<p>PROVINCE MEETS THE YOUNG PROFESSED SISTERS In the morning of February 5, a first Friday dedicated to the Sacred Heart of Jesus, we, 10 young\u00a0sisters et online for an encounter with the Provincial, Sr. Emelinda Falsis, FI.\u00a0We are sisters who have made perpetual vows less than 10 years ago. The first-day session dwelt primarily on [&hellip;]<\/p>\n","protected":false},"author":28,"featured_media":10662,"comment_status":"closed","ping_status":"closed","sticky":false,"template":"","format":"standard","meta":{"_et_pb_use_builder":"","_et_pb_old_content":"","_et_gb_content_width":"","footnotes":"","_links_to":"","_links_to_target":""},"categories":[500,554,52,412,524,536],"tags":[703],"class_list":["post-29449","post","type-post","status-publish","format-standard","has-post-thumbnail","hentry","category-bangladesh-en","category-indico-pacific","category-japan","category-news","category-philippines","category-youth","tag-formacion-inicial-en"],"yoast_head":"<!-- This site is optimized with the Yoast SEO plugin v27.5 - https:\/\/yoast.com\/product\/yoast-seo-wordpress\/ -->\n<title>The Provincial Meets the Young Professed Sisters - Hijas de Jes\u00fas<\/title>\n<meta name=\"robots\" content=\"index, follow, max-snippet:-1, max-image-preview:large, max-video-preview:-1\" \/>\n<link rel=\"canonical\" href=\"https:\/\/hijasdejesus.org\/en\/the-provincial-meets-the-young-professed-sisters\/\" \/>\n<meta property=\"og:locale\" content=\"en_US\" \/>\n<meta property=\"og:type\" content=\"article\" \/>\n<meta property=\"og:title\" content=\"The Provincial Meets the Young Professed Sisters - Hijas de Jes\u00fas\" \/>\n<meta property=\"og:description\" content=\"PROVINCE MEETS THE YOUNG PROFESSED SISTERS In the morning of February 5, a first Friday dedicated to the Sacred Heart of Jesus, we, 10 young\u00a0sisters et online for an encounter with the Provincial, Sr. Emelinda Falsis, FI.\u00a0We are sisters who have made perpetual vows less than 10 years ago. The first-day session dwelt primarily on [&hellip;]\" \/>\n<meta property=\"og:url\" content=\"https:\/\/hijasdejesus.org\/en\/the-provincial-meets-the-young-professed-sisters\/\" \/>\n<meta property=\"og:site_name\" content=\"Hijas de Jes\u00fas\" \/>\n<meta property=\"article:publisher\" content=\"https:\/\/www.facebook.com\/hijasdejesusenelmundo\/\" \/>\n<meta property=\"article:published_time\" content=\"2021-02-13T07:21:53+00:00\" \/>\n<meta property=\"og:image\" content=\"https:\/\/hijasdejesus.org\/wp-content\/uploads\/2021\/02\/2021-02-05_Cabecera.jpg\" \/>\n\t<meta property=\"og:image:width\" content=\"2000\" \/>\n\t<meta property=\"og:image:height\" content=\"647\" \/>\n\t<meta property=\"og:image:type\" content=\"image\/jpeg\" \/>\n<meta name=\"author\" content=\"Webmaster\" \/>\n<meta name=\"twitter:card\" content=\"summary_large_image\" \/>\n<meta name=\"twitter:creator\" content=\"@hijasdjesus\" \/>\n<meta name=\"twitter:site\" content=\"@hijasdjesus\" \/>\n<meta name=\"twitter:label1\" content=\"Written by\" \/>\n\t<meta name=\"twitter:data1\" content=\"Webmaster\" \/>\n\t<meta name=\"twitter:label2\" content=\"Est. reading time\" \/>\n\t<meta name=\"twitter:data2\" content=\"2 minutes\" \/>\n<script type=\"application\/ld+json\" class=\"yoast-schema-graph\">{\"@context\":\"https:\\\/\\\/schema.org\",\"@graph\":[{\"@type\":\"Article\",\"@id\":\"https:\\\/\\\/hijasdejesus.org\\\/en\\\/the-provincial-meets-the-young-professed-sisters\\\/#article\",\"isPartOf\":{\"@id\":\"https:\\\/\\\/hijasdejesus.org\\\/en\\\/the-provincial-meets-the-young-professed-sisters\\\/\"},\"author\":{\"name\":\"Webmaster\",\"@id\":\"https:\\\/\\\/hijasdejesus.org\\\/en\\\/#\\\/schema\\\/person\\\/ce4455965da733f2791f23b6ec14e9b6\"},\"headline\":\"The Provincial Meets the Young Professed Sisters\",\"datePublished\":\"2021-02-13T07:21:53+00:00\",\"mainEntityOfPage\":{\"@id\":\"https:\\\/\\\/hijasdejesus.org\\\/en\\\/the-provincial-meets-the-young-professed-sisters\\\/\"},\"wordCount\":332,\"publisher\":{\"@id\":\"https:\\\/\\\/hijasdejesus.org\\\/en\\\/#organization\"},\"image\":{\"@id\":\"https:\\\/\\\/hijasdejesus.org\\\/en\\\/the-provincial-meets-the-young-professed-sisters\\\/#primaryimage\"},\"thumbnailUrl\":\"https:\\\/\\\/hijasdejesus.org\\\/wp-content\\\/uploads\\\/2021\\\/02\\\/2021-02-05_Cabecera.jpg\",\"keywords\":[\"Formaci\u00f3n inicial\"],\"articleSection\":[\"Bangladesh\",\"Indico-Pacific\",\"Japan\",\"News\",\"Philippines\",\"Youth\"],\"inLanguage\":\"en-US\"},{\"@type\":\"WebPage\",\"@id\":\"https:\\\/\\\/hijasdejesus.org\\\/en\\\/the-provincial-meets-the-young-professed-sisters\\\/\",\"url\":\"https:\\\/\\\/hijasdejesus.org\\\/en\\\/the-provincial-meets-the-young-professed-sisters\\\/\",\"name\":\"The Provincial Meets the Young Professed Sisters - Hijas de Jes\u00fas\",\"isPartOf\":{\"@id\":\"https:\\\/\\\/hijasdejesus.org\\\/en\\\/#website\"},\"primaryImageOfPage\":{\"@id\":\"https:\\\/\\\/hijasdejesus.org\\\/en\\\/the-provincial-meets-the-young-professed-sisters\\\/#primaryimage\"},\"image\":{\"@id\":\"https:\\\/\\\/hijasdejesus.org\\\/en\\\/the-provincial-meets-the-young-professed-sisters\\\/#primaryimage\"},\"thumbnailUrl\":\"https:\\\/\\\/hijasdejesus.org\\\/wp-content\\\/uploads\\\/2021\\\/02\\\/2021-02-05_Cabecera.jpg\",\"datePublished\":\"2021-02-13T07:21:53+00:00\",\"breadcrumb\":{\"@id\":\"https:\\\/\\\/hijasdejesus.org\\\/en\\\/the-provincial-meets-the-young-professed-sisters\\\/#breadcrumb\"},\"inLanguage\":\"en-US\",\"potentialAction\":[{\"@type\":\"ReadAction\",\"target\":[\"https:\\\/\\\/hijasdejesus.org\\\/en\\\/the-provincial-meets-the-young-professed-sisters\\\/\"]}]},{\"@type\":\"ImageObject\",\"inLanguage\":\"en-US\",\"@id\":\"https:\\\/\\\/hijasdejesus.org\\\/en\\\/the-provincial-meets-the-young-professed-sisters\\\/#primaryimage\",\"url\":\"https:\\\/\\\/hijasdejesus.org\\\/wp-content\\\/uploads\\\/2021\\\/02\\\/2021-02-05_Cabecera.jpg\",\"contentUrl\":\"https:\\\/\\\/hijasdejesus.org\\\/wp-content\\\/uploads\\\/2021\\\/02\\\/2021-02-05_Cabecera.jpg\",\"width\":2000,\"height\":647},{\"@type\":\"BreadcrumbList\",\"@id\":\"https:\\\/\\\/hijasdejesus.org\\\/en\\\/the-provincial-meets-the-young-professed-sisters\\\/#breadcrumb\",\"itemListElement\":[{\"@type\":\"ListItem\",\"position\":1,\"name\":\"Portada\",\"item\":\"https:\\\/\\\/hijasdejesus.org\\\/en\\\/\"},{\"@type\":\"ListItem\",\"position\":2,\"name\":\"The Provincial Meets the Young Professed Sisters\"}]},{\"@type\":\"WebSite\",\"@id\":\"https:\\\/\\\/hijasdejesus.org\\\/en\\\/#website\",\"url\":\"https:\\\/\\\/hijasdejesus.org\\\/en\\\/\",\"name\":\"Hijas de Jes\u00fas\",\"description\":\"Despertamos a Jes\u00fas en el coraz\u00f3n, sacando lo mejor de las personas. Somos una congregaci\u00f3n religiosa ignaciana fundada por la Madre Candida\",\"publisher\":{\"@id\":\"https:\\\/\\\/hijasdejesus.org\\\/en\\\/#organization\"},\"potentialAction\":[{\"@type\":\"SearchAction\",\"target\":{\"@type\":\"EntryPoint\",\"urlTemplate\":\"https:\\\/\\\/hijasdejesus.org\\\/en\\\/?s={search_term_string}\"},\"query-input\":{\"@type\":\"PropertyValueSpecification\",\"valueRequired\":true,\"valueName\":\"search_term_string\"}}],\"inLanguage\":\"en-US\"},{\"@type\":\"Organization\",\"@id\":\"https:\\\/\\\/hijasdejesus.org\\\/en\\\/#organization\",\"name\":\"Hijas de Jes\u00fas\",\"url\":\"https:\\\/\\\/hijasdejesus.org\\\/en\\\/\",\"logo\":{\"@type\":\"ImageObject\",\"inLanguage\":\"en-US\",\"@id\":\"https:\\\/\\\/hijasdejesus.org\\\/en\\\/#\\\/schema\\\/logo\\\/image\\\/\",\"url\":\"https:\\\/\\\/hijasdejesus.org\\\/wp-content\\\/uploads\\\/2023\\\/01\\\/Hijas-de-Jesus_hor-A7C957.png\",\"contentUrl\":\"https:\\\/\\\/hijasdejesus.org\\\/wp-content\\\/uploads\\\/2023\\\/01\\\/Hijas-de-Jesus_hor-A7C957.png\",\"width\":700,\"height\":360,\"caption\":\"Hijas de Jes\u00fas\"},\"image\":{\"@id\":\"https:\\\/\\\/hijasdejesus.org\\\/en\\\/#\\\/schema\\\/logo\\\/image\\\/\"},\"sameAs\":[\"https:\\\/\\\/www.facebook.com\\\/hijasdejesusenelmundo\\\/\",\"https:\\\/\\\/x.com\\\/hijasdjesus\"]},{\"@type\":\"Person\",\"@id\":\"https:\\\/\\\/hijasdejesus.org\\\/en\\\/#\\\/schema\\\/person\\\/ce4455965da733f2791f23b6ec14e9b6\",\"name\":\"Webmaster\",\"image\":{\"@type\":\"ImageObject\",\"inLanguage\":\"en-US\",\"@id\":\"https:\\\/\\\/secure.gravatar.com\\\/avatar\\\/cfd0acaac86c3981d541d2e99a0ffb7b6d33a5ac8989a62f5518b9e0f7ee128a?s=96&d=mm&r=g\",\"url\":\"https:\\\/\\\/secure.gravatar.com\\\/avatar\\\/cfd0acaac86c3981d541d2e99a0ffb7b6d33a5ac8989a62f5518b9e0f7ee128a?s=96&d=mm&r=g\",\"contentUrl\":\"https:\\\/\\\/secure.gravatar.com\\\/avatar\\\/cfd0acaac86c3981d541d2e99a0ffb7b6d33a5ac8989a62f5518b9e0f7ee128a?s=96&d=mm&r=g\",\"caption\":\"Webmaster\"},\"url\":\"https:\\\/\\\/hijasdejesus.org\\\/en\\\/author\\\/webmaster\\\/\"}]}<\/script>\n<!-- \/ Yoast SEO plugin. -->","yoast_head_json":{"title":"The Provincial Meets the Young Professed Sisters - Hijas de Jes\u00fas","robots":{"index":"index","follow":"follow","max-snippet":"max-snippet:-1","max-image-preview":"max-image-preview:large","max-video-preview":"max-video-preview:-1"},"canonical":"https:\/\/hijasdejesus.org\/en\/the-provincial-meets-the-young-professed-sisters\/","og_locale":"en_US","og_type":"article","og_title":"The Provincial Meets the Young Professed Sisters - Hijas de Jes\u00fas","og_description":"PROVINCE MEETS THE YOUNG PROFESSED SISTERS In the morning of February 5, a first Friday dedicated to the Sacred Heart of Jesus, we, 10 young\u00a0sisters et online for an encounter with the Provincial, Sr. Emelinda Falsis, FI.\u00a0We are sisters who have made perpetual vows less than 10 years ago. The first-day session dwelt primarily on [&hellip;]","og_url":"https:\/\/hijasdejesus.org\/en\/the-provincial-meets-the-young-professed-sisters\/","og_site_name":"Hijas de Jes\u00fas","article_publisher":"https:\/\/www.facebook.com\/hijasdejesusenelmundo\/","article_published_time":"2021-02-13T07:21:53+00:00","og_image":[{"width":2000,"height":647,"url":"https:\/\/hijasdejesus.org\/wp-content\/uploads\/2021\/02\/2021-02-05_Cabecera.jpg","type":"image\/jpeg"}],"author":"Webmaster","twitter_card":"summary_large_image","twitter_creator":"@hijasdjesus","twitter_site":"@hijasdjesus","twitter_misc":{"Written by":"Webmaster","Est. reading time":"2 minutes"},"schema":{"@context":"https:\/\/schema.org","@graph":[{"@type":"Article","@id":"https:\/\/hijasdejesus.org\/en\/the-provincial-meets-the-young-professed-sisters\/#article","isPartOf":{"@id":"https:\/\/hijasdejesus.org\/en\/the-provincial-meets-the-young-professed-sisters\/"},"author":{"name":"Webmaster","@id":"https:\/\/hijasdejesus.org\/en\/#\/schema\/person\/ce4455965da733f2791f23b6ec14e9b6"},"headline":"The Provincial Meets the Young Professed Sisters","datePublished":"2021-02-13T07:21:53+00:00","mainEntityOfPage":{"@id":"https:\/\/hijasdejesus.org\/en\/the-provincial-meets-the-young-professed-sisters\/"},"wordCount":332,"publisher":{"@id":"https:\/\/hijasdejesus.org\/en\/#organization"},"image":{"@id":"https:\/\/hijasdejesus.org\/en\/the-provincial-meets-the-young-professed-sisters\/#primaryimage"},"thumbnailUrl":"https:\/\/hijasdejesus.org\/wp-content\/uploads\/2021\/02\/2021-02-05_Cabecera.jpg","keywords":["Formaci\u00f3n inicial"],"articleSection":["Bangladesh","Indico-Pacific","Japan","News","Philippines","Youth"],"inLanguage":"en-US"},{"@type":"WebPage","@id":"https:\/\/hijasdejesus.org\/en\/the-provincial-meets-the-young-professed-sisters\/","url":"https:\/\/hijasdejesus.org\/en\/the-provincial-meets-the-young-professed-sisters\/","name":"The Provincial Meets the Young Professed Sisters - Hijas de Jes\u00fas","isPartOf":{"@id":"https:\/\/hijasdejesus.org\/en\/#website"},"primaryImageOfPage":{"@id":"https:\/\/hijasdejesus.org\/en\/the-provincial-meets-the-young-professed-sisters\/#primaryimage"},"image":{"@id":"https:\/\/hijasdejesus.org\/en\/the-provincial-meets-the-young-professed-sisters\/#primaryimage"},"thumbnailUrl":"https:\/\/hijasdejesus.org\/wp-content\/uploads\/2021\/02\/2021-02-05_Cabecera.jpg","datePublished":"2021-02-13T07:21:53+00:00","breadcrumb":{"@id":"https:\/\/hijasdejesus.org\/en\/the-provincial-meets-the-young-professed-sisters\/#breadcrumb"},"inLanguage":"en-US","potentialAction":[{"@type":"ReadAction","target":["https:\/\/hijasdejesus.org\/en\/the-provincial-meets-the-young-professed-sisters\/"]}]},{"@type":"ImageObject","inLanguage":"en-US","@id":"https:\/\/hijasdejesus.org\/en\/the-provincial-meets-the-young-professed-sisters\/#primaryimage","url":"https:\/\/hijasdejesus.org\/wp-content\/uploads\/2021\/02\/2021-02-05_Cabecera.jpg","contentUrl":"https:\/\/hijasdejesus.org\/wp-content\/uploads\/2021\/02\/2021-02-05_Cabecera.jpg","width":2000,"height":647},{"@type":"BreadcrumbList","@id":"https:\/\/hijasdejesus.org\/en\/the-provincial-meets-the-young-professed-sisters\/#breadcrumb","itemListElement":[{"@type":"ListItem","position":1,"name":"Portada","item":"https:\/\/hijasdejesus.org\/en\/"},{"@type":"ListItem","position":2,"name":"The Provincial Meets the Young Professed Sisters"}]},{"@type":"WebSite","@id":"https:\/\/hijasdejesus.org\/en\/#website","url":"https:\/\/hijasdejesus.org\/en\/","name":"Hijas de Jes\u00fas","description":"Despertamos a Jes\u00fas en el coraz\u00f3n, sacando lo mejor de las personas. Somos una congregaci\u00f3n religiosa ignaciana fundada por la Madre Candida","publisher":{"@id":"https:\/\/hijasdejesus.org\/en\/#organization"},"potentialAction":[{"@type":"SearchAction","target":{"@type":"EntryPoint","urlTemplate":"https:\/\/hijasdejesus.org\/en\/?s={search_term_string}"},"query-input":{"@type":"PropertyValueSpecification","valueRequired":true,"valueName":"search_term_string"}}],"inLanguage":"en-US"},{"@type":"Organization","@id":"https:\/\/hijasdejesus.org\/en\/#organization","name":"Hijas de Jes\u00fas","url":"https:\/\/hijasdejesus.org\/en\/","logo":{"@type":"ImageObject","inLanguage":"en-US","@id":"https:\/\/hijasdejesus.org\/en\/#\/schema\/logo\/image\/","url":"https:\/\/hijasdejesus.org\/wp-content\/uploads\/2023\/01\/Hijas-de-Jesus_hor-A7C957.png","contentUrl":"https:\/\/hijasdejesus.org\/wp-content\/uploads\/2023\/01\/Hijas-de-Jesus_hor-A7C957.png","width":700,"height":360,"caption":"Hijas de Jes\u00fas"},"image":{"@id":"https:\/\/hijasdejesus.org\/en\/#\/schema\/logo\/image\/"},"sameAs":["https:\/\/www.facebook.com\/hijasdejesusenelmundo\/","https:\/\/x.com\/hijasdjesus"]},{"@type":"Person","@id":"https:\/\/hijasdejesus.org\/en\/#\/schema\/person\/ce4455965da733f2791f23b6ec14e9b6","name":"Webmaster","image":{"@type":"ImageObject","inLanguage":"en-US","@id":"https:\/\/secure.gravatar.com\/avatar\/cfd0acaac86c3981d541d2e99a0ffb7b6d33a5ac8989a62f5518b9e0f7ee128a?s=96&d=mm&r=g","url":"https:\/\/secure.gravatar.com\/avatar\/cfd0acaac86c3981d541d2e99a0ffb7b6d33a5ac8989a62f5518b9e0f7ee128a?s=96&d=mm&r=g","contentUrl":"https:\/\/secure.gravatar.com\/avatar\/cfd0acaac86c3981d541d2e99a0ffb7b6d33a5ac8989a62f5518b9e0f7ee128a?s=96&d=mm&r=g","caption":"Webmaster"},"url":"https:\/\/hijasdejesus.org\/en\/author\/webmaster\/"}]}},"_links":{"self":[{"href":"https:\/\/hijasdejesus.org\/en\/wp-json\/wp\/v2\/posts\/29449","targetHints":{"allow":["GET"]}}],"collection":[{"href":"https:\/\/hijasdejesus.org\/en\/wp-json\/wp\/v2\/posts"}],"about":[{"href":"https:\/\/hijasdejesus.org\/en\/wp-json\/wp\/v2\/types\/post"}],"author":[{"embeddable":true,"href":"https:\/\/hijasdejesus.org\/en\/wp-json\/wp\/v2\/users\/28"}],"replies":[{"embeddable":true,"href":"https:\/\/hijasdejesus.org\/en\/wp-json\/wp\/v2\/comments?post=29449"}],"version-history":[{"count":0,"href":"https:\/\/hijasdejesus.org\/en\/wp-json\/wp\/v2\/posts\/29449\/revisions"}],"wp:featuredmedia":[{"embeddable":true,"href":"https:\/\/hijasdejesus.org\/en\/wp-json\/wp\/v2\/media\/10662"}],"wp:attachment":[{"href":"https:\/\/hijasdejesus.org\/en\/wp-json\/wp\/v2\/media?parent=29449"}],"wp:term":[{"taxonomy":"category","embeddable":true,"href":"https:\/\/hijasdejesus.org\/en\/wp-json\/wp\/v2\/categories?post=29449"},{"taxonomy":"post_tag","embeddable":true,"href":"https:\/\/hijasdejesus.org\/en\/wp-json\/wp\/v2\/tags?post=29449"}],"curies":[{"name":"wp","href":"https:\/\/api.w.org\/{rel}","templated":true}]}}