{"id":29461,"date":"2021-02-21T15:54:25","date_gmt":"2021-02-21T14:54:25","guid":{"rendered":"https:\/\/nueva.hijasdejesus.org\/letter-no-15-from-the-superior-general\/"},"modified":"2021-02-21T15:54:25","modified_gmt":"2021-02-21T14:54:25","slug":"letter-no-15-from-the-superior-general","status":"publish","type":"post","link":"https:\/\/hijasdejesus.org\/en\/letter-no-15-from-the-superior-general\/","title":{"rendered":"Letter No. 15 from the Superior General"},"content":{"rendered":"<\/p>\n<p style=\"text-align: justify;\">On February 14th, in her circular letter No. 15, our Superior General communicated to us the closure of our presence in \u00a0Montevideo, Uruguay because although it is news of the province of Andean America, \u00a0it affects the whole \u00a0Body.<\/p>\n<p style=\"text-align: justify;\">We have asked the \u00a0Daughters of Jesus who have been there to tell us something of what these 10 years have been.<\/p>\n<p style=\"padding-left: 60px; text-align: justify;\"><em>We arrived in Uruguay on February 16, 2010.<\/em> <em>Two<\/em> <em>Jesuits<\/em> <em>were waiting<\/em>\u00a0<em>for us there: Juan Jos\u00e9 <\/em>Mosca <em>and Marcelo Amaro.<\/em> <em>From<\/em> the Tres <em>Cruces terminal,<\/em> we<em> head<\/em> <em>towards<\/em>\u00a0<em>the <\/em>\u00a0\u00a0Sagrada<em> Familia parish house located <\/em>in Luis<em> Alberto de Herrera street, next\u00a0<\/em><em>to<\/em> the<em> Manresa spirituality house, <\/em><em>\u00a0where\u00a0<\/em>we\u00a0<em>stayed<\/em>\u00a0<em>until June 16 <\/em>of<em> that\u00a0<\/em><em>same<\/em>\u00a0<em>year<\/em>\u00a0<em>since<\/em> from that<em> date<\/em> we<em> began<\/em> to<em> rent<\/em>\u00a0<em>a<\/em> <em>small<\/em>\u00a0<em>house\u00a0<\/em><em>near<\/em> the parish Of<strong><em> St. Ignatius and the Colegio San Ignacio-Isasa,<\/em><\/strong> <em>\u00a0since much\u00a0<\/em><strong><em>of <\/em><\/strong>our pastoral life<strong><em> was developed there.<\/em><\/strong><\/p>\n<p style=\"padding-left: 60px;\"><em>We went to Uruguay with the\u00a0<\/em><em style=\"font-weight: bold;\">aim<\/em>\u00a0<strong><em>of\u00a0<\/em><\/strong><em style=\"font-weight: bold;\">working<\/em>\u00a0<em style=\"font-weight: bold;\">in<\/em>\u00a0<em style=\"font-weight: bold;\">collaboration<\/em>\u00a0<strong><em>with the <\/em><\/strong>\u00a0<em style=\"font-weight: bold;\">Jesuits in<\/em>\u00a0the\u00a0<strong><em>youth<\/em><\/strong> <strong><em>ministry.<\/em><\/strong> <strong><em>\u00a0<\/em><\/strong>\u00a0<em>This\u00a0<\/em><em>goal<\/em>\u00a0<em>had<\/em>\u00a0<em>a<\/em> lot<em> of<\/em>\u00a0<em>evangelical<img loading=\"lazy\" decoding=\"async\" class=\" alignright size-full wp-image-10698\" style=\"float: right;\" src=\"https:\/\/hijasdejesus.org\/wp-content\/uploads\/2021\/02\/2021-02-20_Uruguay.jpeg\" alt=\"\" width=\"383\" height=\"287\" \/> fertility.<\/em> <em>We work<\/em> co<em>llaboratively<\/em>\u00a0<em>in<\/em>\u00a0<em>different<\/em>\u00a0fields: Parroquia \u00a0\u00a0<em>\u00a0San Ignacio, Colegio San Ignacio-Isasa, The \u00a0Ignatian Youth Network, the diocesan Youth<\/em> <em>Ministry <\/em>since <em>we<\/em>\u00a0<em>had\u00a0<\/em>the opportunity to\u00a0<em>share <\/em>the<em> Spiritual<\/em> <em>Exercises<\/em> with young people from different parish through<em> the <\/em>young<em> Church<\/em>\u00a0<em>of Montevideo, the\u00a0<\/em><em>communities<\/em> of the Christian life<em>,\u00a0 personal accompaniment to\u00a0<\/em>young people<em>, etc. <\/em>Our house gradually became\u00a0<em>a <\/em>reference <em>place<\/em>\u00a0<em>for <\/em>young people<em>, which<\/em>\u00a0<em>challenges<\/em>\u00a0<em>us<\/em> to make <em style=\"font-weight: bold;\">our<\/em>\u00a0<strong><em>house\u00a0<\/em><\/strong><em>a <\/em>place where young people would make an experience of the <em style=\"font-weight: bold;\">\u00a0&#8220;Come<\/em>\u00a0<strong><em>and see&#8221;.<\/em><\/strong>\u00a0 <em>This<\/em>\u00a0<em>led<\/em>\u00a0<em>us<\/em>\u00a0<em>to<\/em> offer weekend\u00a0<em>retreats.<\/em> <em>\u00a0Celina Garcia, current\u00a0<\/em><em>junior sister, lived\u00a0<\/em><em>in our<\/em> house<em> for\u00a0<\/em><em>six<\/em>\u00a0<em>months<\/em>\u00a0<em>and\u00a0<\/em><em>then<\/em>\u00a0<em>a <\/em>\u00a0<em>French<\/em>\u00a0<em>volunteer<\/em>\u00a0<em>lived<\/em>\u00a0<em>for<\/em>\u00a0<em>a <\/em>\u00a0<em>year.<\/em> <em>In<\/em>\u00a0<strong><em>addition<\/em><\/strong> from<strong><em> 2012 to the end of 2014,\u00a0<\/em><\/strong><em style=\"font-weight: bold;\">this presence<\/em>\u00a0<em style=\"font-weight: bold;\">was<\/em>\u00a0<strong><em>a <\/em><\/strong>\u00a0<strong><em>house of formation, <\/em><\/strong><strong><em>postulant stage.<\/em><\/strong><\/p>\n<p style=\"padding-left: 60px; text-align: justify;\"><em style=\"font-weight: bold;\">We have<\/em>\u00a0<strong><em>accompanied\u00a0<\/em><\/strong><em style=\"font-weight: bold;\">many<\/em>\u00a0<em style=\"font-weight: bold;\">young<\/em>\u00a0<strong><em>people\u00a0<\/em><\/strong><strong><em>in their vocational discernment.<\/em><\/strong> <strong><em>\u00a0<\/em><\/strong><em>\u00a0What gave\u00a0<\/em><em>us<\/em>\u00a0<em>back<\/em>\u00a0<em>and<\/em>\u00a0<em>returns young\u00a0<\/em><em>people<\/em>\u00a0<em>is that\u00a0<\/em><em>we\u00a0<\/em><em>are<\/em>\u00a0<em>a <\/em>\u00a0<em>different,<\/em> more\u00a0<em>open,\u00a0\u00a0 <\/em>\u00a0\u00a0<em>\u00a0closer religious<\/em>\u00a0<em>life<\/em> <em>presence, with the\u00a0<\/em><em>ability<\/em> <em>to see<\/em>\u00a0<em>and\u00a0<\/em><em>hear<\/em>\u00a0<em>the needs\u00a0<\/em><em>that\u00a0<\/em><em>arise and<\/em>\u00a0<em>be\u00a0<\/em><em>responsive, <\/em>\u00a0<em>dynamic, <\/em>\u00a0<em>creative.<\/em><\/p>\n<p style=\"padding-left: 60px;\"><em>That goal<\/em>\u00a0<em>was\u00a0<\/em><em>maintained<\/em>\u00a0<em>during<\/em>\u00a0<em>these<\/em> <em>\u00a011 <\/em>\u00a0<em>years<\/em>\u00a0<em>of\u00a0<\/em><em>presence.<\/em><\/p>\n<p style=\"padding-left: 60px;\"><em><img loading=\"lazy\" decoding=\"async\" class=\" alignleft size-full wp-image-10700\" style=\"float: left;\" src=\"https:\/\/hijasdejesus.org\/wp-content\/uploads\/2021\/02\/2021-02-20_Uruguay_1.jpeg\" alt=\"\" width=\"384\" height=\"382\" \/>While that was our<\/em>\u00a0<em>goal<\/em>\u00a0<em>we<\/em> did<em> not know<\/em>\u00a0<em>that<\/em> <em>\u00a0God\u00a0<\/em><strong><em>had <\/em><\/strong>us <em style=\"font-weight: bold;\">set<\/em>\u00a0<em style=\"font-weight: bold;\">aside<\/em>\u00a0<strong><em>a<\/em><\/strong> <strong><em>\u00a0second\u00a0<\/em><\/strong><em style=\"font-weight: bold;\">goal<\/em>\u00a0<em style=\"font-weight: bold;\">our<\/em>\u00a0<em style=\"font-weight: bold;\">presence<\/em>\u00a0<strong><em>among the poorest.<\/em><\/strong>\u00a0 <em>This<\/em>\u00a0<em>is\u00a0<\/em><em>concrete<\/em>\u00a0<em>through\u00a0<\/em><em>work<\/em>\u00a0<em>in <\/em>\u00a0<em style=\"font-weight: bold;\">Faith<\/em>\u00a0<strong><em>and<\/em><\/strong> <strong><em>\u00a0Joy in\u00a0<\/em><\/strong><em style=\"font-weight: bold;\">different<\/em>\u00a0<em style=\"font-weight: bold;\">centers<\/em>\u00a0<em style=\"font-weight: bold;\">of<\/em>\u00a0<strong><em>critical\u00a0<\/em><\/strong><strong><em>contexts,<\/em><\/strong> <strong><em>\u00a0marginalization,\u00a0<\/em><\/strong><strong><em>and<\/em><\/strong> <strong><em>vulnerability.<\/em><\/strong> <strong><em>\u00a0<\/em><\/strong>\u00a0<em>In<\/em> <em>\u00a0Fe y <\/em>\u00a0<em>Alegr\u00eda<\/em>\u00a0<em>we<\/em>\u00a0<em>were<\/em>\u00a0<em>present<\/em>\u00a0<em>from 2010 <\/em>to <em>early<\/em> <em>\u00a02019.<\/em> <strong><em>From<\/em><\/strong> <strong><em>\u00a0<\/em><\/strong>\u00a0<em style=\"font-weight: bold;\">2019 until<\/em>\u00a0<strong><em>today the <\/em><\/strong>\u00a0<em style=\"font-weight: bold;\">Lord<\/em>\u00a0<em style=\"font-weight: bold;\">showed<\/em>\u00a0<strong><em>us<\/em><\/strong> that<strong><em> this\u00a0<\/em><\/strong><em style=\"font-weight: bold;\">goal<\/em>\u00a0<strong><em>had<\/em><\/strong> a new face &#8220;<strong><em>migrants&#8221;,<\/em><\/strong> many of them living on the streets<em> of Montevideo, <\/em>\u00a0<em>others<\/em>\u00a0<em>in<\/em>\u00a0<em>state shelters,<\/em> <em>\u00a0etc.<\/em> <strong><em>\u00a0<\/em><\/strong><\/p>\n<p style=\"padding-left: 60px;\"><em>Uruguay has been<\/em>\u00a0<strong><em>a <\/em><\/strong>\u00a0<em style=\"font-weight: bold;\">presence<\/em>\u00a0<strong><em>with two\u00a0<\/em><\/strong><strong><em>faces: <\/em><\/strong>\u00a0<em>Young\u00a0<\/em><em style=\"font-weight: bold;\">and<\/em>\u00a0<strong><em>poor.<\/em><\/strong><\/p>\n<p style=\"padding-left: 30px;\">\u00a0<\/p>\n<p><strong>Why this<\/strong>\u00a0<strong>closure?<\/strong> To explain it, Graciela collects the words of the Provincial Superior, \u00a0H. Dayse\u00a0 Agretti, \u00a0when she communicated it to her province.<\/p>\n<p>By different circumstances and already on occasion we had considered as a \u00a0congregation the continuity or not of our presence in \u00a0Montevideo. Between the end of last year and this year,\u00a0 our Superior \u00a0General betting on continuity, considering the pastoral wealth that the place provides and that tunes with our apostolic calls, \u00a0sent two sisters \u00a0&#8211; from other provinces- and with the right profile for the project with young people. \u00a0<\/p>\n<p>&#8230; The global situation of the pandemic significantly altered our lives and plans, \u00a0coupled with health situations. \u00a0\u00a0These real facts that life offered us, \u00a0made us reflect as the provincial government and placed us in dynamics of discernment in the face of this situation: The circumstances of times and people incline us to think that we cannot sustain our presence there.<\/p>\n<p>The Superior General, \u00a0with the data \u00a0I \u00a0have presented to her and after considering it with her government, has decided to close the community of Montevideo and therefore leave Uruguay.<\/p>\n<p><em>We <\/em>appreciate, says Graciela at the end, \u00a0<em>the 10 <\/em>\u00a0<em>years<\/em>\u00a0<em>we\u00a0<\/em><em>have<\/em>\u00a0<em>been<\/em>\u00a0<em>present<\/em>\u00a0<em>as<\/em> <em>\u00a0Daughters<\/em>\u00a0<em>of Jesus\u00a0<\/em><em>in<\/em>\u00a0<em>that\u00a0<\/em><em>country, and\u00a0<\/em><em>the<\/em> vocation that <em>that country<\/em>\u00a0<em>has given<\/em>\u00a0<em>us\u00a0<\/em><em>in<\/em> <em>the junior<\/em>\u00a0,<em>\u00a0Celina Garc\u00eda, and\u00a0<\/em><em>also<\/em>\u00a0<em>the\u00a0<\/em><em>different<\/em> <em>\u00a0Daughters<\/em> of Jesus<em> who\u00a0<\/em><em>have<\/em>\u00a0<em>passed<\/em>\u00a0<em>through\u00a0<\/em><em>that<\/em>\u00a0<em>community. The\u00a0<\/em><em>exits<\/em>\u00a0<em>and\u00a0<\/em><em>closures<\/em>\u00a0<em>are<\/em>\u00a0<em>always<\/em>\u00a0<em>some<\/em>\u00a0<em>pain. I <\/em>\u00a0<em>invite<\/em>\u00a0<em>you\u00a0<\/em><em>to<\/em>\u00a0<em>live<\/em>\u00a0<em>from\u00a0<\/em><em>gratitude<\/em>\u00a0<em>and\u00a0<\/em><em>hope<\/em>\u00a0<em>that\u00a0<\/em><em>the<\/em> <em>\u00a0Lord makes<\/em>\u00a0<em>things\u00a0<\/em><em>new.<\/em><\/p>\n<p style=\"padding-left: 60px;\">\u00a0<\/p>\n<p>The\u00a0<strong>sisters<\/strong>\u00a0<strong>who\u00a0<\/strong><strong>were<\/strong><strong>\u00a0assigned\u00a0to Uruguay have<\/strong> been sent to their provinces of origin, \u00a0where they will go as permitted by the current limitations of mobility between countries.<\/p>\n<p style=\"padding-left: 60px;\"><em><strong>Mar\u00eda del Carmen Jim\u00e9nez Correa<\/strong><\/em><strong>: she\u00a0<\/strong>was waiting for the possibility, which did not arrive, to travel to Uruguay. At the moment she is sent, for a time, to the General Curia to work on the international animation of the Call for the Apostolic Action of &#8220;young people&#8221; together with Councillor \u00a0Teresa Li, who is in charge of this field.<\/p>\n<p style=\"padding-left: 60px;\"><em><strong>Consolation de Matos<\/strong><\/em><strong>:<\/strong> \u00a0sent from Uruguay to \u00a0Brazil.<\/p>\n<p style=\"padding-left: 60px;\"><em><strong>Immaculada Eceizabarrena:\u00a0<\/strong><\/em><strong>from<\/strong> \u00a0Uruguay to \u00a0Spain.<\/p>\n<p style=\"padding-left: 30px;\"><img loading=\"lazy\" decoding=\"async\" class=\" alignleft size-full wp-image-10702\" style=\"float: left;\" src=\"https:\/\/hijasdejesus.org\/wp-content\/uploads\/2021\/02\/MCarmenJimnez.jpg\" alt=\"\" width=\"200\" height=\"251\" \/><img loading=\"lazy\" decoding=\"async\" class=\" size-full wp-image-10704\" src=\"https:\/\/hijasdejesus.org\/wp-content\/uploads\/2021\/02\/Consola_de_Matos.jpeg\" alt=\"\" width=\"207\" height=\"254\" \/><img loading=\"lazy\" decoding=\"async\" class=\" size-full wp-image-10706\" src=\"https:\/\/hijasdejesus.org\/wp-content\/uploads\/2021\/02\/Inmaculada_Eceizabarrena.jpg\" alt=\"\" width=\"201\" height=\"253\" srcset=\"https:\/\/hijasdejesus.org\/wp-content\/uploads\/2021\/02\/Inmaculada_Eceizabarrena.jpg 372w, https:\/\/hijasdejesus.org\/wp-content\/uploads\/2021\/02\/Inmaculada_Eceizabarrena-239x300.jpg 239w\" sizes=\"(max-width: 201px) 100vw, 201px\" \/><\/p>\n<p>\u00a0<\/p>\n<p>In this \u00a0same letter \u00a0she \u00a0communicates \u00a0\u00a0<strong>the<\/strong> <strong>\u00a0appointment <\/strong>\u00a0<strong>of Superior<\/strong> of casa<strong> Curia.<\/strong><\/p>\n<p style=\"padding-left: 60px;\">Ana\u00a0<em><strong>Ma <\/strong><\/em><em><strong>Baeza,<\/strong><\/em> \u00a0who is already in\u00a0 Rome, \u00a0serving as secretary of the \u00a0\u00a0\u00a0General Government, \u00a0has now been entrusted with the mission of local Superior of the \u00a0Curia.<\/p>\n<p>\u00a0<strong><img loading=\"lazy\" decoding=\"async\" class=\" alignright size-full wp-image-10708\" style=\"float: right;\" src=\"https:\/\/hijasdejesus.org\/wp-content\/uploads\/2021\/02\/Ana_Baeza.jpg\" alt=\"\" width=\"187\" height=\"218\" srcset=\"https:\/\/hijasdejesus.org\/wp-content\/uploads\/2021\/02\/Ana_Baeza.jpg 344w, https:\/\/hijasdejesus.org\/wp-content\/uploads\/2021\/02\/Ana_Baeza-256x300.jpg 256w\" sizes=\"(max-width: 187px) 100vw, 187px\" \/><\/strong><\/p>\n<p>And it shares the good news that \u00a0<em><strong>Pilar <\/strong><\/em>\u00a0<em><strong>Brufal\u00a0<\/strong><\/em>is already with the documents in hand to carry out her visa procedure for \u00a0Thailand.<\/p>\n<p>It ends by encouraging \u00a0us \u00a0to \u00a0pray \u00a0for \u00a0these \u00a0sisters and \u00a0\u00a0\u00a0each \u00a0other:<\/p>\n<p style=\"padding-left: 60px;\">Let&#8217;s pray for these sisters and their shipments. \u00a0\u00a0As long as we maintain availability and welcome this time that is presented with these characteristics. <em>&#8220;&#8230;<\/em> <em>let us<\/em> remember<em> the<\/em> <em>\u00a0One who\u00a0<\/em><em>humbled<\/em>\u00a0<em>himself, <\/em>made obedient<em> to death, <\/em>\u00a0<em>and\u00a0<\/em><em>death of<\/em> the <em>cross,(Phil. 2,8).<\/em>\u00a0 <em>In<\/em>\u00a0<em>this<\/em>\u00a0<em>time<\/em>\u00a0<em>of\u00a0<\/em><em>conversion<\/em>\u00a0<em>let us renew<\/em>\u00a0<em>our<\/em>\u00a0<em>faith, <\/em>\u00a0<em>quench<\/em>\u00a0<em>our thirst with\u00a0<\/em><em>the<\/em> living<em> water of\u00a0<\/em><em>hope,<\/em> <em>\u00a0<\/em>\u00a0<em>and<\/em>\u00a0<em>receive with <\/em>our open hearts the <em>love<\/em>\u00a0<em>of God <\/em>that <em>makes<\/em>\u00a0<em>us<\/em>\u00a0<em>brothers<\/em>\u00a0<em>and\u00a0<\/em><em>sisters<\/em> in<em> Christ&#8221;<\/em> \u00a0(from the \u00a0Pope&#8217;s Message of \u00a0Lent).<\/p>\n<p>Let us not forget to pray for each other, \u00a0especially for those who were most affected by pandemic deaths.\u00a0 May the union of one another help us to keep firm and safe the lamp of faith, \u00a0hope, and charity.<\/p>\n<p>\u00a0<\/p>\n<p>\u00a0<\/p>\n<p>\u00a0<\/p>\n","protected":false},"excerpt":{"rendered":"<p>On February 14th, in her circular letter No. 15, our Superior General communicated to us the closure of our presence in \u00a0Montevideo, Uruguay because although it is news of the province of Andean America, \u00a0it affects the whole \u00a0Body. We have asked the \u00a0Daughters of Jesus who have been there to tell us something of [&hellip;]<\/p>\n","protected":false},"author":28,"featured_media":10710,"comment_status":"closed","ping_status":"closed","sticky":false,"template":"","format":"standard","meta":{"_et_pb_use_builder":"","_et_pb_old_content":"","_et_gb_content_width":"","footnotes":"","_links_to":"","_links_to_target":""},"categories":[482,526,528,412],"tags":[741],"class_list":["post-29461","post","type-post","status-publish","format-standard","has-post-thumbnail","hentry","category-andean-america","category-general_government","category-hijas-de-jesus-en","category-news","tag-letters-superior-general"],"yoast_head":"<!-- This site is optimized with the Yoast SEO plugin v27.5 - https:\/\/yoast.com\/product\/yoast-seo-wordpress\/ -->\n<title>Letter No. 15 from the Superior General - Hijas de Jes\u00fas<\/title>\n<meta name=\"robots\" content=\"index, follow, max-snippet:-1, max-image-preview:large, max-video-preview:-1\" \/>\n<link rel=\"canonical\" href=\"https:\/\/hijasdejesus.org\/en\/letter-no-15-from-the-superior-general\/\" \/>\n<meta property=\"og:locale\" content=\"en_US\" \/>\n<meta property=\"og:type\" content=\"article\" \/>\n<meta property=\"og:title\" content=\"Letter No. 15 from the Superior General - Hijas de Jes\u00fas\" \/>\n<meta property=\"og:description\" content=\"On February 14th, in her circular letter No. 15, our Superior General communicated to us the closure of our presence in \u00a0Montevideo, Uruguay because although it is news of the province of Andean America, \u00a0it affects the whole \u00a0Body. We have asked the \u00a0Daughters of Jesus who have been there to tell us something of [&hellip;]\" \/>\n<meta property=\"og:url\" content=\"https:\/\/hijasdejesus.org\/en\/letter-no-15-from-the-superior-general\/\" \/>\n<meta property=\"og:site_name\" content=\"Hijas de Jes\u00fas\" \/>\n<meta property=\"article:publisher\" content=\"https:\/\/www.facebook.com\/hijasdejesusenelmundo\/\" \/>\n<meta property=\"article:published_time\" content=\"2021-02-21T14:54:25+00:00\" \/>\n<meta property=\"og:image\" content=\"https:\/\/hijasdejesus.org\/wp-content\/uploads\/2021\/02\/Carta_15_Cabecera__GB.jpg\" \/>\n\t<meta property=\"og:image:width\" content=\"2000\" \/>\n\t<meta property=\"og:image:height\" content=\"647\" \/>\n\t<meta property=\"og:image:type\" content=\"image\/jpeg\" \/>\n<meta name=\"author\" content=\"Webmaster\" \/>\n<meta name=\"twitter:card\" content=\"summary_large_image\" \/>\n<meta name=\"twitter:creator\" content=\"@hijasdjesus\" \/>\n<meta name=\"twitter:site\" content=\"@hijasdjesus\" \/>\n<meta name=\"twitter:label1\" content=\"Written by\" \/>\n\t<meta name=\"twitter:data1\" content=\"Webmaster\" \/>\n\t<meta name=\"twitter:label2\" content=\"Est. reading time\" \/>\n\t<meta name=\"twitter:data2\" content=\"5 minutes\" \/>\n<script type=\"application\/ld+json\" class=\"yoast-schema-graph\">{\"@context\":\"https:\\\/\\\/schema.org\",\"@graph\":[{\"@type\":\"Article\",\"@id\":\"https:\\\/\\\/hijasdejesus.org\\\/en\\\/letter-no-15-from-the-superior-general\\\/#article\",\"isPartOf\":{\"@id\":\"https:\\\/\\\/hijasdejesus.org\\\/en\\\/letter-no-15-from-the-superior-general\\\/\"},\"author\":{\"name\":\"Webmaster\",\"@id\":\"https:\\\/\\\/hijasdejesus.org\\\/en\\\/#\\\/schema\\\/person\\\/ce4455965da733f2791f23b6ec14e9b6\"},\"headline\":\"Letter No. 15 from the Superior General\",\"datePublished\":\"2021-02-21T14:54:25+00:00\",\"mainEntityOfPage\":{\"@id\":\"https:\\\/\\\/hijasdejesus.org\\\/en\\\/letter-no-15-from-the-superior-general\\\/\"},\"wordCount\":1016,\"publisher\":{\"@id\":\"https:\\\/\\\/hijasdejesus.org\\\/en\\\/#organization\"},\"image\":{\"@id\":\"https:\\\/\\\/hijasdejesus.org\\\/en\\\/letter-no-15-from-the-superior-general\\\/#primaryimage\"},\"thumbnailUrl\":\"https:\\\/\\\/hijasdejesus.org\\\/wp-content\\\/uploads\\\/2021\\\/02\\\/Carta_15_Cabecera__GB.jpg\",\"keywords\":[\"Letters Superior General\"],\"articleSection\":[\"Andean America\",\"General government\",\"Hijas de Jes\u00fas\",\"News\"],\"inLanguage\":\"en-US\"},{\"@type\":\"WebPage\",\"@id\":\"https:\\\/\\\/hijasdejesus.org\\\/en\\\/letter-no-15-from-the-superior-general\\\/\",\"url\":\"https:\\\/\\\/hijasdejesus.org\\\/en\\\/letter-no-15-from-the-superior-general\\\/\",\"name\":\"Letter No. 15 from the Superior General - Hijas de Jes\u00fas\",\"isPartOf\":{\"@id\":\"https:\\\/\\\/hijasdejesus.org\\\/en\\\/#website\"},\"primaryImageOfPage\":{\"@id\":\"https:\\\/\\\/hijasdejesus.org\\\/en\\\/letter-no-15-from-the-superior-general\\\/#primaryimage\"},\"image\":{\"@id\":\"https:\\\/\\\/hijasdejesus.org\\\/en\\\/letter-no-15-from-the-superior-general\\\/#primaryimage\"},\"thumbnailUrl\":\"https:\\\/\\\/hijasdejesus.org\\\/wp-content\\\/uploads\\\/2021\\\/02\\\/Carta_15_Cabecera__GB.jpg\",\"datePublished\":\"2021-02-21T14:54:25+00:00\",\"breadcrumb\":{\"@id\":\"https:\\\/\\\/hijasdejesus.org\\\/en\\\/letter-no-15-from-the-superior-general\\\/#breadcrumb\"},\"inLanguage\":\"en-US\",\"potentialAction\":[{\"@type\":\"ReadAction\",\"target\":[\"https:\\\/\\\/hijasdejesus.org\\\/en\\\/letter-no-15-from-the-superior-general\\\/\"]}]},{\"@type\":\"ImageObject\",\"inLanguage\":\"en-US\",\"@id\":\"https:\\\/\\\/hijasdejesus.org\\\/en\\\/letter-no-15-from-the-superior-general\\\/#primaryimage\",\"url\":\"https:\\\/\\\/hijasdejesus.org\\\/wp-content\\\/uploads\\\/2021\\\/02\\\/Carta_15_Cabecera__GB.jpg\",\"contentUrl\":\"https:\\\/\\\/hijasdejesus.org\\\/wp-content\\\/uploads\\\/2021\\\/02\\\/Carta_15_Cabecera__GB.jpg\",\"width\":2000,\"height\":647},{\"@type\":\"BreadcrumbList\",\"@id\":\"https:\\\/\\\/hijasdejesus.org\\\/en\\\/letter-no-15-from-the-superior-general\\\/#breadcrumb\",\"itemListElement\":[{\"@type\":\"ListItem\",\"position\":1,\"name\":\"Portada\",\"item\":\"https:\\\/\\\/hijasdejesus.org\\\/en\\\/\"},{\"@type\":\"ListItem\",\"position\":2,\"name\":\"Letter No. 15 from the Superior General\"}]},{\"@type\":\"WebSite\",\"@id\":\"https:\\\/\\\/hijasdejesus.org\\\/en\\\/#website\",\"url\":\"https:\\\/\\\/hijasdejesus.org\\\/en\\\/\",\"name\":\"Hijas de Jes\u00fas\",\"description\":\"Despertamos a Jes\u00fas en el coraz\u00f3n, sacando lo mejor de las personas. Somos una congregaci\u00f3n religiosa ignaciana fundada por la Madre Candida\",\"publisher\":{\"@id\":\"https:\\\/\\\/hijasdejesus.org\\\/en\\\/#organization\"},\"potentialAction\":[{\"@type\":\"SearchAction\",\"target\":{\"@type\":\"EntryPoint\",\"urlTemplate\":\"https:\\\/\\\/hijasdejesus.org\\\/en\\\/?s={search_term_string}\"},\"query-input\":{\"@type\":\"PropertyValueSpecification\",\"valueRequired\":true,\"valueName\":\"search_term_string\"}}],\"inLanguage\":\"en-US\"},{\"@type\":\"Organization\",\"@id\":\"https:\\\/\\\/hijasdejesus.org\\\/en\\\/#organization\",\"name\":\"Hijas de Jes\u00fas\",\"url\":\"https:\\\/\\\/hijasdejesus.org\\\/en\\\/\",\"logo\":{\"@type\":\"ImageObject\",\"inLanguage\":\"en-US\",\"@id\":\"https:\\\/\\\/hijasdejesus.org\\\/en\\\/#\\\/schema\\\/logo\\\/image\\\/\",\"url\":\"https:\\\/\\\/hijasdejesus.org\\\/wp-content\\\/uploads\\\/2023\\\/01\\\/Hijas-de-Jesus_hor-A7C957.png\",\"contentUrl\":\"https:\\\/\\\/hijasdejesus.org\\\/wp-content\\\/uploads\\\/2023\\\/01\\\/Hijas-de-Jesus_hor-A7C957.png\",\"width\":700,\"height\":360,\"caption\":\"Hijas de Jes\u00fas\"},\"image\":{\"@id\":\"https:\\\/\\\/hijasdejesus.org\\\/en\\\/#\\\/schema\\\/logo\\\/image\\\/\"},\"sameAs\":[\"https:\\\/\\\/www.facebook.com\\\/hijasdejesusenelmundo\\\/\",\"https:\\\/\\\/x.com\\\/hijasdjesus\"]},{\"@type\":\"Person\",\"@id\":\"https:\\\/\\\/hijasdejesus.org\\\/en\\\/#\\\/schema\\\/person\\\/ce4455965da733f2791f23b6ec14e9b6\",\"name\":\"Webmaster\",\"image\":{\"@type\":\"ImageObject\",\"inLanguage\":\"en-US\",\"@id\":\"https:\\\/\\\/secure.gravatar.com\\\/avatar\\\/cfd0acaac86c3981d541d2e99a0ffb7b6d33a5ac8989a62f5518b9e0f7ee128a?s=96&d=mm&r=g\",\"url\":\"https:\\\/\\\/secure.gravatar.com\\\/avatar\\\/cfd0acaac86c3981d541d2e99a0ffb7b6d33a5ac8989a62f5518b9e0f7ee128a?s=96&d=mm&r=g\",\"contentUrl\":\"https:\\\/\\\/secure.gravatar.com\\\/avatar\\\/cfd0acaac86c3981d541d2e99a0ffb7b6d33a5ac8989a62f5518b9e0f7ee128a?s=96&d=mm&r=g\",\"caption\":\"Webmaster\"},\"url\":\"https:\\\/\\\/hijasdejesus.org\\\/en\\\/author\\\/webmaster\\\/\"}]}<\/script>\n<!-- \/ Yoast SEO plugin. -->","yoast_head_json":{"title":"Letter No. 15 from the Superior General - Hijas de Jes\u00fas","robots":{"index":"index","follow":"follow","max-snippet":"max-snippet:-1","max-image-preview":"max-image-preview:large","max-video-preview":"max-video-preview:-1"},"canonical":"https:\/\/hijasdejesus.org\/en\/letter-no-15-from-the-superior-general\/","og_locale":"en_US","og_type":"article","og_title":"Letter No. 15 from the Superior General - Hijas de Jes\u00fas","og_description":"On February 14th, in her circular letter No. 15, our Superior General communicated to us the closure of our presence in \u00a0Montevideo, Uruguay because although it is news of the province of Andean America, \u00a0it affects the whole \u00a0Body. We have asked the \u00a0Daughters of Jesus who have been there to tell us something of [&hellip;]","og_url":"https:\/\/hijasdejesus.org\/en\/letter-no-15-from-the-superior-general\/","og_site_name":"Hijas de Jes\u00fas","article_publisher":"https:\/\/www.facebook.com\/hijasdejesusenelmundo\/","article_published_time":"2021-02-21T14:54:25+00:00","og_image":[{"width":2000,"height":647,"url":"https:\/\/hijasdejesus.org\/wp-content\/uploads\/2021\/02\/Carta_15_Cabecera__GB.jpg","type":"image\/jpeg"}],"author":"Webmaster","twitter_card":"summary_large_image","twitter_creator":"@hijasdjesus","twitter_site":"@hijasdjesus","twitter_misc":{"Written by":"Webmaster","Est. reading time":"5 minutes"},"schema":{"@context":"https:\/\/schema.org","@graph":[{"@type":"Article","@id":"https:\/\/hijasdejesus.org\/en\/letter-no-15-from-the-superior-general\/#article","isPartOf":{"@id":"https:\/\/hijasdejesus.org\/en\/letter-no-15-from-the-superior-general\/"},"author":{"name":"Webmaster","@id":"https:\/\/hijasdejesus.org\/en\/#\/schema\/person\/ce4455965da733f2791f23b6ec14e9b6"},"headline":"Letter No. 15 from the Superior General","datePublished":"2021-02-21T14:54:25+00:00","mainEntityOfPage":{"@id":"https:\/\/hijasdejesus.org\/en\/letter-no-15-from-the-superior-general\/"},"wordCount":1016,"publisher":{"@id":"https:\/\/hijasdejesus.org\/en\/#organization"},"image":{"@id":"https:\/\/hijasdejesus.org\/en\/letter-no-15-from-the-superior-general\/#primaryimage"},"thumbnailUrl":"https:\/\/hijasdejesus.org\/wp-content\/uploads\/2021\/02\/Carta_15_Cabecera__GB.jpg","keywords":["Letters Superior General"],"articleSection":["Andean America","General government","Hijas de Jes\u00fas","News"],"inLanguage":"en-US"},{"@type":"WebPage","@id":"https:\/\/hijasdejesus.org\/en\/letter-no-15-from-the-superior-general\/","url":"https:\/\/hijasdejesus.org\/en\/letter-no-15-from-the-superior-general\/","name":"Letter No. 15 from the Superior General - Hijas de Jes\u00fas","isPartOf":{"@id":"https:\/\/hijasdejesus.org\/en\/#website"},"primaryImageOfPage":{"@id":"https:\/\/hijasdejesus.org\/en\/letter-no-15-from-the-superior-general\/#primaryimage"},"image":{"@id":"https:\/\/hijasdejesus.org\/en\/letter-no-15-from-the-superior-general\/#primaryimage"},"thumbnailUrl":"https:\/\/hijasdejesus.org\/wp-content\/uploads\/2021\/02\/Carta_15_Cabecera__GB.jpg","datePublished":"2021-02-21T14:54:25+00:00","breadcrumb":{"@id":"https:\/\/hijasdejesus.org\/en\/letter-no-15-from-the-superior-general\/#breadcrumb"},"inLanguage":"en-US","potentialAction":[{"@type":"ReadAction","target":["https:\/\/hijasdejesus.org\/en\/letter-no-15-from-the-superior-general\/"]}]},{"@type":"ImageObject","inLanguage":"en-US","@id":"https:\/\/hijasdejesus.org\/en\/letter-no-15-from-the-superior-general\/#primaryimage","url":"https:\/\/hijasdejesus.org\/wp-content\/uploads\/2021\/02\/Carta_15_Cabecera__GB.jpg","contentUrl":"https:\/\/hijasdejesus.org\/wp-content\/uploads\/2021\/02\/Carta_15_Cabecera__GB.jpg","width":2000,"height":647},{"@type":"BreadcrumbList","@id":"https:\/\/hijasdejesus.org\/en\/letter-no-15-from-the-superior-general\/#breadcrumb","itemListElement":[{"@type":"ListItem","position":1,"name":"Portada","item":"https:\/\/hijasdejesus.org\/en\/"},{"@type":"ListItem","position":2,"name":"Letter No. 15 from the Superior General"}]},{"@type":"WebSite","@id":"https:\/\/hijasdejesus.org\/en\/#website","url":"https:\/\/hijasdejesus.org\/en\/","name":"Hijas de Jes\u00fas","description":"Despertamos a Jes\u00fas en el coraz\u00f3n, sacando lo mejor de las personas. Somos una congregaci\u00f3n religiosa ignaciana fundada por la Madre Candida","publisher":{"@id":"https:\/\/hijasdejesus.org\/en\/#organization"},"potentialAction":[{"@type":"SearchAction","target":{"@type":"EntryPoint","urlTemplate":"https:\/\/hijasdejesus.org\/en\/?s={search_term_string}"},"query-input":{"@type":"PropertyValueSpecification","valueRequired":true,"valueName":"search_term_string"}}],"inLanguage":"en-US"},{"@type":"Organization","@id":"https:\/\/hijasdejesus.org\/en\/#organization","name":"Hijas de Jes\u00fas","url":"https:\/\/hijasdejesus.org\/en\/","logo":{"@type":"ImageObject","inLanguage":"en-US","@id":"https:\/\/hijasdejesus.org\/en\/#\/schema\/logo\/image\/","url":"https:\/\/hijasdejesus.org\/wp-content\/uploads\/2023\/01\/Hijas-de-Jesus_hor-A7C957.png","contentUrl":"https:\/\/hijasdejesus.org\/wp-content\/uploads\/2023\/01\/Hijas-de-Jesus_hor-A7C957.png","width":700,"height":360,"caption":"Hijas de Jes\u00fas"},"image":{"@id":"https:\/\/hijasdejesus.org\/en\/#\/schema\/logo\/image\/"},"sameAs":["https:\/\/www.facebook.com\/hijasdejesusenelmundo\/","https:\/\/x.com\/hijasdjesus"]},{"@type":"Person","@id":"https:\/\/hijasdejesus.org\/en\/#\/schema\/person\/ce4455965da733f2791f23b6ec14e9b6","name":"Webmaster","image":{"@type":"ImageObject","inLanguage":"en-US","@id":"https:\/\/secure.gravatar.com\/avatar\/cfd0acaac86c3981d541d2e99a0ffb7b6d33a5ac8989a62f5518b9e0f7ee128a?s=96&d=mm&r=g","url":"https:\/\/secure.gravatar.com\/avatar\/cfd0acaac86c3981d541d2e99a0ffb7b6d33a5ac8989a62f5518b9e0f7ee128a?s=96&d=mm&r=g","contentUrl":"https:\/\/secure.gravatar.com\/avatar\/cfd0acaac86c3981d541d2e99a0ffb7b6d33a5ac8989a62f5518b9e0f7ee128a?s=96&d=mm&r=g","caption":"Webmaster"},"url":"https:\/\/hijasdejesus.org\/en\/author\/webmaster\/"}]}},"_links":{"self":[{"href":"https:\/\/hijasdejesus.org\/en\/wp-json\/wp\/v2\/posts\/29461","targetHints":{"allow":["GET"]}}],"collection":[{"href":"https:\/\/hijasdejesus.org\/en\/wp-json\/wp\/v2\/posts"}],"about":[{"href":"https:\/\/hijasdejesus.org\/en\/wp-json\/wp\/v2\/types\/post"}],"author":[{"embeddable":true,"href":"https:\/\/hijasdejesus.org\/en\/wp-json\/wp\/v2\/users\/28"}],"replies":[{"embeddable":true,"href":"https:\/\/hijasdejesus.org\/en\/wp-json\/wp\/v2\/comments?post=29461"}],"version-history":[{"count":0,"href":"https:\/\/hijasdejesus.org\/en\/wp-json\/wp\/v2\/posts\/29461\/revisions"}],"wp:featuredmedia":[{"embeddable":true,"href":"https:\/\/hijasdejesus.org\/en\/wp-json\/wp\/v2\/media\/10710"}],"wp:attachment":[{"href":"https:\/\/hijasdejesus.org\/en\/wp-json\/wp\/v2\/media?parent=29461"}],"wp:term":[{"taxonomy":"category","embeddable":true,"href":"https:\/\/hijasdejesus.org\/en\/wp-json\/wp\/v2\/categories?post=29461"},{"taxonomy":"post_tag","embeddable":true,"href":"https:\/\/hijasdejesus.org\/en\/wp-json\/wp\/v2\/tags?post=29461"}],"curies":[{"name":"wp","href":"https:\/\/api.w.org\/{rel}","templated":true}]}}