{"id":29473,"date":"2021-03-10T12:48:33","date_gmt":"2021-03-10T11:48:33","guid":{"rendered":"https:\/\/nueva.hijasdejesus.org\/pjv-proposal-for-the-family-of-mother-candida\/"},"modified":"2021-03-10T12:48:33","modified_gmt":"2021-03-10T11:48:33","slug":"pjv-proposal-for-the-family-of-mother-candida","status":"publish","type":"post","link":"https:\/\/hijasdejesus.org\/en\/pjv-proposal-for-the-family-of-mother-candida\/","title":{"rendered":"PJV Proposal for the Family of Mother Candida"},"content":{"rendered":"<p><strong><\/strong>\u00a0<\/p>\n<p>\u00a0<\/p>\n<p style=\"text-align: center;\">\u00a0<strong><em>We are looking for passionate people with their vocation and called to the pastoral care with young people.<\/em><\/strong><\/p>\n<p style=\"text-align: center;\">We present this proposal <strong>to energize the field of vocational Pastoral Youth Ministry of<\/strong> the Daughters of Jesus in the Church and in the world. It is aimed, from<strong> the general level, at the whole Family<\/strong>\u00a0<strong>of Mother Candida <\/strong>(Daughters of Jesus and Laity, Adults and Young People).<\/p>\n<p style=\"text-align: center;\">We want this impulse to <strong><em>be a\u00a0 help for all, an engine of unity, reflection, innovation, involvement, and commitment to pastoral care with young <\/em><\/strong>people. (Letter No. 2 of the Superior General to the FMC, 9-March-2021)<\/p>\n<p style=\"text-align: center;\">\u00a0We encourage you to have a <strong>personal encounter with God and you can ask Him this question<\/strong> and let Him answer it to you:<\/p>\n<p style=\"text-align: center;\"><strong><em>LORD, ARE YOU CALLING ME TO GET INVOLVED IN THE PASTORAL CARE OF YOUNG PEOPLE?<\/em><\/strong><\/p>\n<p style=\"text-align: center;\">We offer <strong>you some aids<\/strong>:<\/p>\n<p>\u00a0\u00a0\u00a0<\/p>\n<h1 style=\"text-align: center;\">\u00a0<\/h1>\n<p style=\"text-align: justify; padding-left: 60px;\">1 The <a href=\"index.php?option=com_jdownloads&amp;task=download.send&amp;id=1002&amp;catid=23&amp;m=0&amp;Itemid=121&amp;lang=es\">Letter of the Superior General<\/a><\/p>\n<p style=\"text-align: justify; padding-left: 60px;\">2\u00a0A <a href=\"index.php?option=com_jdownloads&amp;task=download.send&amp;id=1004&amp;catid=23&amp;m=0&amp;Itemid=121&amp;lang=es\">Prayer<\/a><\/p>\n<p style=\"text-align: justify; padding-left: 60px;\">3\u00a0<a href=\"index.php?option=com_jdownloads&amp;task=download.send&amp;id=1003&amp;catid=23&amp;m=0&amp;Itemid=121&amp;lang=es\">Presentation of the proposal<\/a> with the form<\/p>\n<p style=\"text-align: justify;\">\u00a0<\/p>\n<p><strong>If you feel that the Lord calls you to accompany young <\/strong>people, to get involved in the vocational youth ministry of the Daughters of Jesus, you can complete the form in the link corresponding to your language:<\/p>\n<p style=\"text-align: center;\"><a href=\"https:\/\/forms.gle\/7PN1hHwxULN4vr3h9\">CHINO<\/a>\u00a0 \u00a0 \u00a0 \u00a0\u00a0\u00a0<a href=\"https:\/\/forms.gle\/ifs48swg42dt8gcx5\">ESPA\u00d1OL<\/a>\u00a0 \u00a0\u00a0 <a href=\"https:\/\/forms.gle\/MthKAK6SvqkyiCU36\">ENGLISH<\/a>\u00a0 \u00a0 \u00a0\u00a0<a href=\"https:\/\/forms.gle\/FfzcZ9ZLixJCSkgY9\">PORTUGU\u00c9S<\/a>\u00a0 \u00a0 \u00a0 \u00a0 <a href=\"https:\/\/forms.gle\/mDdQxSBmu1quAt6T8\">ITALIANO<\/a><\/p>\n<p>The <strong>deadline is<\/strong> \u00a0\u00a0<strong>March 25, the <\/strong>day of the Annunciation, the day of Mary&#8217;s YES to God&#8217;s Plan and God&#8217;s Love for Humanity with his Incarnation.<\/p>\n<p><strong><em>May we all be helped by the encounter with Jesus Christ, the Way, Truth, and Life for the world<\/em>,<\/strong> as Graciela tells us at the end of her letter.<\/p>\n<p>\u00a0<\/p>\n<p style=\"text-align: justify;\">\u00a0<\/p>\n<p style=\"text-align: center;\">\u00a0<\/p>\n","protected":false},"excerpt":{"rendered":"<p>\u00a0 \u00a0 \u00a0We are looking for passionate people with their vocation and called to the pastoral care with young people. We present this proposal to energize the field of vocational Pastoral Youth Ministry of the Daughters of Jesus in the Church and in the world. It is aimed, from the general level, at the whole [&hellip;]<\/p>\n","protected":false},"author":28,"featured_media":10724,"comment_status":"closed","ping_status":"closed","sticky":false,"template":"","format":"standard","meta":{"_et_pb_use_builder":"","_et_pb_old_content":"","_et_gb_content_width":"","footnotes":"","_links_to":"","_links_to_target":""},"categories":[528,538,412,536],"tags":[],"class_list":["post-29473","post","type-post","status-publish","format-standard","has-post-thumbnail","hentry","category-hijas-de-jesus-en","category-lay-people","category-news","category-youth"],"yoast_head":"<!-- This site is optimized with the Yoast SEO plugin v27.5 - https:\/\/yoast.com\/product\/yoast-seo-wordpress\/ -->\n<title>PJV Proposal for the Family of Mother Candida - Hijas de Jes\u00fas<\/title>\n<meta name=\"robots\" content=\"index, follow, max-snippet:-1, max-image-preview:large, max-video-preview:-1\" \/>\n<link rel=\"canonical\" href=\"https:\/\/hijasdejesus.org\/en\/pjv-proposal-for-the-family-of-mother-candida\/\" \/>\n<meta property=\"og:locale\" content=\"en_US\" \/>\n<meta property=\"og:type\" content=\"article\" \/>\n<meta property=\"og:title\" content=\"PJV Proposal for the Family of Mother Candida - Hijas de Jes\u00fas\" \/>\n<meta property=\"og:description\" content=\"\u00a0 \u00a0 \u00a0We are looking for passionate people with their vocation and called to the pastoral care with young people. We present this proposal to energize the field of vocational Pastoral Youth Ministry of the Daughters of Jesus in the Church and in the world. It is aimed, from the general level, at the whole [&hellip;]\" \/>\n<meta property=\"og:url\" content=\"https:\/\/hijasdejesus.org\/en\/pjv-proposal-for-the-family-of-mother-candida\/\" \/>\n<meta property=\"og:site_name\" content=\"Hijas de Jes\u00fas\" \/>\n<meta property=\"article:publisher\" content=\"https:\/\/www.facebook.com\/hijasdejesusenelmundo\/\" \/>\n<meta property=\"article:published_time\" content=\"2021-03-10T11:48:33+00:00\" \/>\n<meta property=\"og:image\" content=\"https:\/\/hijasdejesus.org\/wp-content\/uploads\/2021\/03\/Volar_PJV_2021-03-09.jpg\" \/>\n\t<meta property=\"og:image:width\" content=\"1920\" \/>\n\t<meta property=\"og:image:height\" content=\"660\" \/>\n\t<meta property=\"og:image:type\" content=\"image\/jpeg\" \/>\n<meta name=\"author\" content=\"Webmaster\" \/>\n<meta name=\"twitter:card\" content=\"summary_large_image\" \/>\n<meta name=\"twitter:creator\" content=\"@hijasdjesus\" \/>\n<meta name=\"twitter:site\" content=\"@hijasdjesus\" \/>\n<meta name=\"twitter:label1\" content=\"Written by\" \/>\n\t<meta name=\"twitter:data1\" content=\"Webmaster\" \/>\n\t<meta name=\"twitter:label2\" content=\"Est. reading time\" \/>\n\t<meta name=\"twitter:data2\" content=\"1 minute\" \/>\n<script type=\"application\/ld+json\" class=\"yoast-schema-graph\">{\"@context\":\"https:\\\/\\\/schema.org\",\"@graph\":[{\"@type\":\"Article\",\"@id\":\"https:\\\/\\\/hijasdejesus.org\\\/en\\\/pjv-proposal-for-the-family-of-mother-candida\\\/#article\",\"isPartOf\":{\"@id\":\"https:\\\/\\\/hijasdejesus.org\\\/en\\\/pjv-proposal-for-the-family-of-mother-candida\\\/\"},\"author\":{\"name\":\"Webmaster\",\"@id\":\"https:\\\/\\\/hijasdejesus.org\\\/en\\\/#\\\/schema\\\/person\\\/ce4455965da733f2791f23b6ec14e9b6\"},\"headline\":\"PJV Proposal for the Family of Mother Candida\",\"datePublished\":\"2021-03-10T11:48:33+00:00\",\"mainEntityOfPage\":{\"@id\":\"https:\\\/\\\/hijasdejesus.org\\\/en\\\/pjv-proposal-for-the-family-of-mother-candida\\\/\"},\"wordCount\":269,\"publisher\":{\"@id\":\"https:\\\/\\\/hijasdejesus.org\\\/en\\\/#organization\"},\"image\":{\"@id\":\"https:\\\/\\\/hijasdejesus.org\\\/en\\\/pjv-proposal-for-the-family-of-mother-candida\\\/#primaryimage\"},\"thumbnailUrl\":\"https:\\\/\\\/hijasdejesus.org\\\/wp-content\\\/uploads\\\/2021\\\/03\\\/Volar_PJV_2021-03-09.jpg\",\"articleSection\":[\"Hijas de Jes\u00fas\",\"lay people\",\"News\",\"Youth\"],\"inLanguage\":\"en-US\"},{\"@type\":\"WebPage\",\"@id\":\"https:\\\/\\\/hijasdejesus.org\\\/en\\\/pjv-proposal-for-the-family-of-mother-candida\\\/\",\"url\":\"https:\\\/\\\/hijasdejesus.org\\\/en\\\/pjv-proposal-for-the-family-of-mother-candida\\\/\",\"name\":\"PJV Proposal for the Family of Mother Candida - Hijas de Jes\u00fas\",\"isPartOf\":{\"@id\":\"https:\\\/\\\/hijasdejesus.org\\\/en\\\/#website\"},\"primaryImageOfPage\":{\"@id\":\"https:\\\/\\\/hijasdejesus.org\\\/en\\\/pjv-proposal-for-the-family-of-mother-candida\\\/#primaryimage\"},\"image\":{\"@id\":\"https:\\\/\\\/hijasdejesus.org\\\/en\\\/pjv-proposal-for-the-family-of-mother-candida\\\/#primaryimage\"},\"thumbnailUrl\":\"https:\\\/\\\/hijasdejesus.org\\\/wp-content\\\/uploads\\\/2021\\\/03\\\/Volar_PJV_2021-03-09.jpg\",\"datePublished\":\"2021-03-10T11:48:33+00:00\",\"breadcrumb\":{\"@id\":\"https:\\\/\\\/hijasdejesus.org\\\/en\\\/pjv-proposal-for-the-family-of-mother-candida\\\/#breadcrumb\"},\"inLanguage\":\"en-US\",\"potentialAction\":[{\"@type\":\"ReadAction\",\"target\":[\"https:\\\/\\\/hijasdejesus.org\\\/en\\\/pjv-proposal-for-the-family-of-mother-candida\\\/\"]}]},{\"@type\":\"ImageObject\",\"inLanguage\":\"en-US\",\"@id\":\"https:\\\/\\\/hijasdejesus.org\\\/en\\\/pjv-proposal-for-the-family-of-mother-candida\\\/#primaryimage\",\"url\":\"https:\\\/\\\/hijasdejesus.org\\\/wp-content\\\/uploads\\\/2021\\\/03\\\/Volar_PJV_2021-03-09.jpg\",\"contentUrl\":\"https:\\\/\\\/hijasdejesus.org\\\/wp-content\\\/uploads\\\/2021\\\/03\\\/Volar_PJV_2021-03-09.jpg\",\"width\":1920,\"height\":660},{\"@type\":\"BreadcrumbList\",\"@id\":\"https:\\\/\\\/hijasdejesus.org\\\/en\\\/pjv-proposal-for-the-family-of-mother-candida\\\/#breadcrumb\",\"itemListElement\":[{\"@type\":\"ListItem\",\"position\":1,\"name\":\"Portada\",\"item\":\"https:\\\/\\\/hijasdejesus.org\\\/en\\\/\"},{\"@type\":\"ListItem\",\"position\":2,\"name\":\"PJV Proposal for the Family of Mother Candida\"}]},{\"@type\":\"WebSite\",\"@id\":\"https:\\\/\\\/hijasdejesus.org\\\/en\\\/#website\",\"url\":\"https:\\\/\\\/hijasdejesus.org\\\/en\\\/\",\"name\":\"Hijas de Jes\u00fas\",\"description\":\"Despertamos a Jes\u00fas en el coraz\u00f3n, sacando lo mejor de las personas. Somos una congregaci\u00f3n religiosa ignaciana fundada por la Madre Candida\",\"publisher\":{\"@id\":\"https:\\\/\\\/hijasdejesus.org\\\/en\\\/#organization\"},\"potentialAction\":[{\"@type\":\"SearchAction\",\"target\":{\"@type\":\"EntryPoint\",\"urlTemplate\":\"https:\\\/\\\/hijasdejesus.org\\\/en\\\/?s={search_term_string}\"},\"query-input\":{\"@type\":\"PropertyValueSpecification\",\"valueRequired\":true,\"valueName\":\"search_term_string\"}}],\"inLanguage\":\"en-US\"},{\"@type\":\"Organization\",\"@id\":\"https:\\\/\\\/hijasdejesus.org\\\/en\\\/#organization\",\"name\":\"Hijas de Jes\u00fas\",\"url\":\"https:\\\/\\\/hijasdejesus.org\\\/en\\\/\",\"logo\":{\"@type\":\"ImageObject\",\"inLanguage\":\"en-US\",\"@id\":\"https:\\\/\\\/hijasdejesus.org\\\/en\\\/#\\\/schema\\\/logo\\\/image\\\/\",\"url\":\"https:\\\/\\\/hijasdejesus.org\\\/wp-content\\\/uploads\\\/2023\\\/01\\\/Hijas-de-Jesus_hor-A7C957.png\",\"contentUrl\":\"https:\\\/\\\/hijasdejesus.org\\\/wp-content\\\/uploads\\\/2023\\\/01\\\/Hijas-de-Jesus_hor-A7C957.png\",\"width\":700,\"height\":360,\"caption\":\"Hijas de Jes\u00fas\"},\"image\":{\"@id\":\"https:\\\/\\\/hijasdejesus.org\\\/en\\\/#\\\/schema\\\/logo\\\/image\\\/\"},\"sameAs\":[\"https:\\\/\\\/www.facebook.com\\\/hijasdejesusenelmundo\\\/\",\"https:\\\/\\\/x.com\\\/hijasdjesus\"]},{\"@type\":\"Person\",\"@id\":\"https:\\\/\\\/hijasdejesus.org\\\/en\\\/#\\\/schema\\\/person\\\/ce4455965da733f2791f23b6ec14e9b6\",\"name\":\"Webmaster\",\"image\":{\"@type\":\"ImageObject\",\"inLanguage\":\"en-US\",\"@id\":\"https:\\\/\\\/secure.gravatar.com\\\/avatar\\\/cfd0acaac86c3981d541d2e99a0ffb7b6d33a5ac8989a62f5518b9e0f7ee128a?s=96&d=mm&r=g\",\"url\":\"https:\\\/\\\/secure.gravatar.com\\\/avatar\\\/cfd0acaac86c3981d541d2e99a0ffb7b6d33a5ac8989a62f5518b9e0f7ee128a?s=96&d=mm&r=g\",\"contentUrl\":\"https:\\\/\\\/secure.gravatar.com\\\/avatar\\\/cfd0acaac86c3981d541d2e99a0ffb7b6d33a5ac8989a62f5518b9e0f7ee128a?s=96&d=mm&r=g\",\"caption\":\"Webmaster\"},\"url\":\"https:\\\/\\\/hijasdejesus.org\\\/en\\\/author\\\/webmaster\\\/\"}]}<\/script>\n<!-- \/ Yoast SEO plugin. -->","yoast_head_json":{"title":"PJV Proposal for the Family of Mother Candida - Hijas de Jes\u00fas","robots":{"index":"index","follow":"follow","max-snippet":"max-snippet:-1","max-image-preview":"max-image-preview:large","max-video-preview":"max-video-preview:-1"},"canonical":"https:\/\/hijasdejesus.org\/en\/pjv-proposal-for-the-family-of-mother-candida\/","og_locale":"en_US","og_type":"article","og_title":"PJV Proposal for the Family of Mother Candida - Hijas de Jes\u00fas","og_description":"\u00a0 \u00a0 \u00a0We are looking for passionate people with their vocation and called to the pastoral care with young people. We present this proposal to energize the field of vocational Pastoral Youth Ministry of the Daughters of Jesus in the Church and in the world. It is aimed, from the general level, at the whole [&hellip;]","og_url":"https:\/\/hijasdejesus.org\/en\/pjv-proposal-for-the-family-of-mother-candida\/","og_site_name":"Hijas de Jes\u00fas","article_publisher":"https:\/\/www.facebook.com\/hijasdejesusenelmundo\/","article_published_time":"2021-03-10T11:48:33+00:00","og_image":[{"width":1920,"height":660,"url":"https:\/\/hijasdejesus.org\/wp-content\/uploads\/2021\/03\/Volar_PJV_2021-03-09.jpg","type":"image\/jpeg"}],"author":"Webmaster","twitter_card":"summary_large_image","twitter_creator":"@hijasdjesus","twitter_site":"@hijasdjesus","twitter_misc":{"Written by":"Webmaster","Est. reading time":"1 minute"},"schema":{"@context":"https:\/\/schema.org","@graph":[{"@type":"Article","@id":"https:\/\/hijasdejesus.org\/en\/pjv-proposal-for-the-family-of-mother-candida\/#article","isPartOf":{"@id":"https:\/\/hijasdejesus.org\/en\/pjv-proposal-for-the-family-of-mother-candida\/"},"author":{"name":"Webmaster","@id":"https:\/\/hijasdejesus.org\/en\/#\/schema\/person\/ce4455965da733f2791f23b6ec14e9b6"},"headline":"PJV Proposal for the Family of Mother Candida","datePublished":"2021-03-10T11:48:33+00:00","mainEntityOfPage":{"@id":"https:\/\/hijasdejesus.org\/en\/pjv-proposal-for-the-family-of-mother-candida\/"},"wordCount":269,"publisher":{"@id":"https:\/\/hijasdejesus.org\/en\/#organization"},"image":{"@id":"https:\/\/hijasdejesus.org\/en\/pjv-proposal-for-the-family-of-mother-candida\/#primaryimage"},"thumbnailUrl":"https:\/\/hijasdejesus.org\/wp-content\/uploads\/2021\/03\/Volar_PJV_2021-03-09.jpg","articleSection":["Hijas de Jes\u00fas","lay people","News","Youth"],"inLanguage":"en-US"},{"@type":"WebPage","@id":"https:\/\/hijasdejesus.org\/en\/pjv-proposal-for-the-family-of-mother-candida\/","url":"https:\/\/hijasdejesus.org\/en\/pjv-proposal-for-the-family-of-mother-candida\/","name":"PJV Proposal for the Family of Mother Candida - Hijas de Jes\u00fas","isPartOf":{"@id":"https:\/\/hijasdejesus.org\/en\/#website"},"primaryImageOfPage":{"@id":"https:\/\/hijasdejesus.org\/en\/pjv-proposal-for-the-family-of-mother-candida\/#primaryimage"},"image":{"@id":"https:\/\/hijasdejesus.org\/en\/pjv-proposal-for-the-family-of-mother-candida\/#primaryimage"},"thumbnailUrl":"https:\/\/hijasdejesus.org\/wp-content\/uploads\/2021\/03\/Volar_PJV_2021-03-09.jpg","datePublished":"2021-03-10T11:48:33+00:00","breadcrumb":{"@id":"https:\/\/hijasdejesus.org\/en\/pjv-proposal-for-the-family-of-mother-candida\/#breadcrumb"},"inLanguage":"en-US","potentialAction":[{"@type":"ReadAction","target":["https:\/\/hijasdejesus.org\/en\/pjv-proposal-for-the-family-of-mother-candida\/"]}]},{"@type":"ImageObject","inLanguage":"en-US","@id":"https:\/\/hijasdejesus.org\/en\/pjv-proposal-for-the-family-of-mother-candida\/#primaryimage","url":"https:\/\/hijasdejesus.org\/wp-content\/uploads\/2021\/03\/Volar_PJV_2021-03-09.jpg","contentUrl":"https:\/\/hijasdejesus.org\/wp-content\/uploads\/2021\/03\/Volar_PJV_2021-03-09.jpg","width":1920,"height":660},{"@type":"BreadcrumbList","@id":"https:\/\/hijasdejesus.org\/en\/pjv-proposal-for-the-family-of-mother-candida\/#breadcrumb","itemListElement":[{"@type":"ListItem","position":1,"name":"Portada","item":"https:\/\/hijasdejesus.org\/en\/"},{"@type":"ListItem","position":2,"name":"PJV Proposal for the Family of Mother Candida"}]},{"@type":"WebSite","@id":"https:\/\/hijasdejesus.org\/en\/#website","url":"https:\/\/hijasdejesus.org\/en\/","name":"Hijas de Jes\u00fas","description":"Despertamos a Jes\u00fas en el coraz\u00f3n, sacando lo mejor de las personas. Somos una congregaci\u00f3n religiosa ignaciana fundada por la Madre Candida","publisher":{"@id":"https:\/\/hijasdejesus.org\/en\/#organization"},"potentialAction":[{"@type":"SearchAction","target":{"@type":"EntryPoint","urlTemplate":"https:\/\/hijasdejesus.org\/en\/?s={search_term_string}"},"query-input":{"@type":"PropertyValueSpecification","valueRequired":true,"valueName":"search_term_string"}}],"inLanguage":"en-US"},{"@type":"Organization","@id":"https:\/\/hijasdejesus.org\/en\/#organization","name":"Hijas de Jes\u00fas","url":"https:\/\/hijasdejesus.org\/en\/","logo":{"@type":"ImageObject","inLanguage":"en-US","@id":"https:\/\/hijasdejesus.org\/en\/#\/schema\/logo\/image\/","url":"https:\/\/hijasdejesus.org\/wp-content\/uploads\/2023\/01\/Hijas-de-Jesus_hor-A7C957.png","contentUrl":"https:\/\/hijasdejesus.org\/wp-content\/uploads\/2023\/01\/Hijas-de-Jesus_hor-A7C957.png","width":700,"height":360,"caption":"Hijas de Jes\u00fas"},"image":{"@id":"https:\/\/hijasdejesus.org\/en\/#\/schema\/logo\/image\/"},"sameAs":["https:\/\/www.facebook.com\/hijasdejesusenelmundo\/","https:\/\/x.com\/hijasdjesus"]},{"@type":"Person","@id":"https:\/\/hijasdejesus.org\/en\/#\/schema\/person\/ce4455965da733f2791f23b6ec14e9b6","name":"Webmaster","image":{"@type":"ImageObject","inLanguage":"en-US","@id":"https:\/\/secure.gravatar.com\/avatar\/cfd0acaac86c3981d541d2e99a0ffb7b6d33a5ac8989a62f5518b9e0f7ee128a?s=96&d=mm&r=g","url":"https:\/\/secure.gravatar.com\/avatar\/cfd0acaac86c3981d541d2e99a0ffb7b6d33a5ac8989a62f5518b9e0f7ee128a?s=96&d=mm&r=g","contentUrl":"https:\/\/secure.gravatar.com\/avatar\/cfd0acaac86c3981d541d2e99a0ffb7b6d33a5ac8989a62f5518b9e0f7ee128a?s=96&d=mm&r=g","caption":"Webmaster"},"url":"https:\/\/hijasdejesus.org\/en\/author\/webmaster\/"}]}},"_links":{"self":[{"href":"https:\/\/hijasdejesus.org\/en\/wp-json\/wp\/v2\/posts\/29473","targetHints":{"allow":["GET"]}}],"collection":[{"href":"https:\/\/hijasdejesus.org\/en\/wp-json\/wp\/v2\/posts"}],"about":[{"href":"https:\/\/hijasdejesus.org\/en\/wp-json\/wp\/v2\/types\/post"}],"author":[{"embeddable":true,"href":"https:\/\/hijasdejesus.org\/en\/wp-json\/wp\/v2\/users\/28"}],"replies":[{"embeddable":true,"href":"https:\/\/hijasdejesus.org\/en\/wp-json\/wp\/v2\/comments?post=29473"}],"version-history":[{"count":0,"href":"https:\/\/hijasdejesus.org\/en\/wp-json\/wp\/v2\/posts\/29473\/revisions"}],"wp:featuredmedia":[{"embeddable":true,"href":"https:\/\/hijasdejesus.org\/en\/wp-json\/wp\/v2\/media\/10724"}],"wp:attachment":[{"href":"https:\/\/hijasdejesus.org\/en\/wp-json\/wp\/v2\/media?parent=29473"}],"wp:term":[{"taxonomy":"category","embeddable":true,"href":"https:\/\/hijasdejesus.org\/en\/wp-json\/wp\/v2\/categories?post=29473"},{"taxonomy":"post_tag","embeddable":true,"href":"https:\/\/hijasdejesus.org\/en\/wp-json\/wp\/v2\/tags?post=29473"}],"curies":[{"name":"wp","href":"https:\/\/api.w.org\/{rel}","templated":true}]}}