{"id":29506,"date":"2021-05-14T09:18:07","date_gmt":"2021-05-14T07:18:07","guid":{"rendered":"https:\/\/nueva.hijasdejesus.org\/i-put-my-89-years-in-your-hands\/"},"modified":"2021-05-14T12:18:07","modified_gmt":"2021-05-14T10:18:07","slug":"i-put-my-89-years-in-your-hands","status":"publish","type":"post","link":"https:\/\/hijasdejesus.org\/en\/i-put-my-89-years-in-your-hands\/","title":{"rendered":"I Put My 89 Years in Your Hands"},"content":{"rendered":"<p>The\u00a0Sisters of the Community of Colombia shared on page 15 <a href=\"index.php?option=com_jdownloads&amp;task=download.send&amp;id=1030&amp;catid=20&amp;m=0&amp;Itemid=121&amp;lang=es\">of NotiAndina 175,<\/a>\u00a0of the month of March, this poem by Matilde Sanz on his 89th birthday. Thank you for your testimony of a happy life and trust in the hands of the Father. Oh, Congratulations!<\/p>\n<p>We shared the poem of one of our sisters, who, at 89 years old and with the lucidity that accompanies her, Matilde San just turned\u00a0 this age on 14 March, simply shared with us the strength of her heart:<\/p>\n<p style=\"padding-left: 90px;\">I come to your presence, Lord,<\/p>\n<p style=\"padding-left: 90px;\">to thank you for life,<\/p>\n<p style=\"padding-left: 90px;\">for the love you give me every day,<\/p>\n<p style=\"padding-left: 90px;\">because you don&#8217;t take into account<\/p>\n<p style=\"padding-left: 90px;\">my weaknesses and limitations,<\/p>\n<p style=\"padding-left: 90px;\">because above all,<\/p>\n<p style=\"padding-left: 90px;\">you show your FATHER with me.<\/p>\n<p style=\"padding-left: 90px;\">\u00a0<\/p>\n<p style=\"padding-left: 90px;\">Today I would like to\u00a0make up for<\/p>\n<p style=\"padding-left: 90px;\">all the sins that, every day,<\/p>\n<p style=\"padding-left: 90px;\">committed on in the world,<\/p>\n<p style=\"padding-left: 90px;\">especially those of consecrated persons<\/p>\n<p style=\"padding-left: 90px;\">and, in a very special way,<\/p>\n<p style=\"padding-left: 90px;\">for my personal ones.<\/p>\n<p style=\"padding-left: 90px;\">\u00a0<\/p>\n<p style=\"padding-left: 90px;\">You know my weaknesses and faults,<\/p>\n<p style=\"padding-left: 90px;\">but also of my desires for fidelity to your grace.<\/p>\n<\/p>\n<p>\u00a0<\/p>\n<p>Today I want to thank you, especially,<\/p>\n<p>for giving me Mary for Mother.<\/p>\n<p>I put my 89 years in your hands<\/p>\n<p>and I gratefully accept the gift of long life<\/p>\n<p>you give me.<\/p>\n<p>\u00a0<\/p>\n<p>I can&#8217;t finish without thanking you.<\/p>\n<p>the family you gave me, a gift to me,<\/p>\n<p>the vocation to the Congregation of Daughters of Jesus,<\/p>\n<p>each of the sisters in the community.<\/p>\n<p>Bless them, Lord, and grant us all<\/p>\n<p>the grace to be\u00a0 better Daughters of Jesus\u00a0every day,<\/p>\n<p>I trust in your Mercy for me<\/p>\n<p>and, I hope that in my definitive encounter with you,<\/p>\n<p>you welcome me with an embrace of merciful father.<\/p>\n<p><strong><em>Sisters of the Community of Colombia<\/em><\/strong><\/p>\n<p style=\"padding-left: 60px;\">\u00a0<\/p>\n","protected":false},"excerpt":{"rendered":"<p>The\u00a0Sisters of the Community of Colombia shared on page 15 of NotiAndina 175,\u00a0of the month of March, this poem by Matilde Sanz on his 89th birthday. Thank you for your testimony of a happy life and trust in the hands of the Father. Oh, Congratulations! We shared the poem of one of our sisters, who, [&hellip;]<\/p>\n","protected":false},"author":28,"featured_media":10830,"comment_status":"closed","ping_status":"closed","sticky":false,"template":"","format":"standard","meta":{"_et_pb_use_builder":"","_et_pb_old_content":"","_et_gb_content_width":"","footnotes":"","_links_to":"","_links_to_target":""},"categories":[528,412],"tags":[],"class_list":["post-29506","post","type-post","status-publish","format-standard","has-post-thumbnail","hentry","category-hijas-de-jesus-en","category-news"],"yoast_head":"<!-- This site is optimized with the Yoast SEO plugin v27.4 - https:\/\/yoast.com\/product\/yoast-seo-wordpress\/ -->\n<title>I Put My 89 Years in Your Hands - Hijas de Jes\u00fas<\/title>\n<meta name=\"robots\" content=\"index, follow, max-snippet:-1, max-image-preview:large, max-video-preview:-1\" \/>\n<link rel=\"canonical\" href=\"https:\/\/hijasdejesus.org\/en\/i-put-my-89-years-in-your-hands\/\" \/>\n<meta property=\"og:locale\" content=\"en_US\" \/>\n<meta property=\"og:type\" content=\"article\" \/>\n<meta property=\"og:title\" content=\"I Put My 89 Years in Your Hands - Hijas de Jes\u00fas\" \/>\n<meta property=\"og:description\" content=\"The\u00a0Sisters of the Community of Colombia shared on page 15 of NotiAndina 175,\u00a0of the month of March, this poem by Matilde Sanz on his 89th birthday. Thank you for your testimony of a happy life and trust in the hands of the Father. Oh, Congratulations! We shared the poem of one of our sisters, who, [&hellip;]\" \/>\n<meta property=\"og:url\" content=\"https:\/\/hijasdejesus.org\/en\/i-put-my-89-years-in-your-hands\/\" \/>\n<meta property=\"og:site_name\" content=\"Hijas de Jes\u00fas\" \/>\n<meta property=\"article:publisher\" content=\"https:\/\/www.facebook.com\/hijasdejesusenelmundo\/\" \/>\n<meta property=\"article:published_time\" content=\"2021-05-14T07:18:07+00:00\" \/>\n<meta property=\"article:modified_time\" content=\"2021-05-14T10:18:07+00:00\" \/>\n<meta property=\"og:image\" content=\"https:\/\/hijasdejesus.org\/wp-content\/uploads\/2021\/05\/Matilde_Sanz2021-03-14.jpg\" \/>\n\t<meta property=\"og:image:width\" content=\"940\" \/>\n\t<meta property=\"og:image:height\" content=\"788\" \/>\n\t<meta property=\"og:image:type\" content=\"image\/jpeg\" \/>\n<meta name=\"author\" content=\"Webmaster\" \/>\n<meta name=\"twitter:card\" content=\"summary_large_image\" \/>\n<meta name=\"twitter:creator\" content=\"@hijasdjesus\" \/>\n<meta name=\"twitter:site\" content=\"@hijasdjesus\" \/>\n<meta name=\"twitter:label1\" content=\"Written by\" \/>\n\t<meta name=\"twitter:data1\" content=\"Webmaster\" \/>\n\t<meta name=\"twitter:label2\" content=\"Est. reading time\" \/>\n\t<meta name=\"twitter:data2\" content=\"1 minute\" \/>\n<script type=\"application\/ld+json\" class=\"yoast-schema-graph\">{\"@context\":\"https:\\\/\\\/schema.org\",\"@graph\":[{\"@type\":\"Article\",\"@id\":\"https:\\\/\\\/hijasdejesus.org\\\/en\\\/i-put-my-89-years-in-your-hands\\\/#article\",\"isPartOf\":{\"@id\":\"https:\\\/\\\/hijasdejesus.org\\\/en\\\/i-put-my-89-years-in-your-hands\\\/\"},\"author\":{\"name\":\"Webmaster\",\"@id\":\"https:\\\/\\\/hijasdejesus.org\\\/en\\\/#\\\/schema\\\/person\\\/ce4455965da733f2791f23b6ec14e9b6\"},\"headline\":\"I Put My 89 Years in Your Hands\",\"datePublished\":\"2021-05-14T07:18:07+00:00\",\"dateModified\":\"2021-05-14T10:18:07+00:00\",\"mainEntityOfPage\":{\"@id\":\"https:\\\/\\\/hijasdejesus.org\\\/en\\\/i-put-my-89-years-in-your-hands\\\/\"},\"wordCount\":291,\"publisher\":{\"@id\":\"https:\\\/\\\/hijasdejesus.org\\\/en\\\/#organization\"},\"image\":{\"@id\":\"https:\\\/\\\/hijasdejesus.org\\\/en\\\/i-put-my-89-years-in-your-hands\\\/#primaryimage\"},\"thumbnailUrl\":\"https:\\\/\\\/hijasdejesus.org\\\/wp-content\\\/uploads\\\/2021\\\/05\\\/Matilde_Sanz2021-03-14.jpg\",\"articleSection\":[\"Hijas de Jes\u00fas\",\"News\"],\"inLanguage\":\"en-US\"},{\"@type\":\"WebPage\",\"@id\":\"https:\\\/\\\/hijasdejesus.org\\\/en\\\/i-put-my-89-years-in-your-hands\\\/\",\"url\":\"https:\\\/\\\/hijasdejesus.org\\\/en\\\/i-put-my-89-years-in-your-hands\\\/\",\"name\":\"I Put My 89 Years in Your Hands - Hijas de Jes\u00fas\",\"isPartOf\":{\"@id\":\"https:\\\/\\\/hijasdejesus.org\\\/en\\\/#website\"},\"primaryImageOfPage\":{\"@id\":\"https:\\\/\\\/hijasdejesus.org\\\/en\\\/i-put-my-89-years-in-your-hands\\\/#primaryimage\"},\"image\":{\"@id\":\"https:\\\/\\\/hijasdejesus.org\\\/en\\\/i-put-my-89-years-in-your-hands\\\/#primaryimage\"},\"thumbnailUrl\":\"https:\\\/\\\/hijasdejesus.org\\\/wp-content\\\/uploads\\\/2021\\\/05\\\/Matilde_Sanz2021-03-14.jpg\",\"datePublished\":\"2021-05-14T07:18:07+00:00\",\"dateModified\":\"2021-05-14T10:18:07+00:00\",\"breadcrumb\":{\"@id\":\"https:\\\/\\\/hijasdejesus.org\\\/en\\\/i-put-my-89-years-in-your-hands\\\/#breadcrumb\"},\"inLanguage\":\"en-US\",\"potentialAction\":[{\"@type\":\"ReadAction\",\"target\":[\"https:\\\/\\\/hijasdejesus.org\\\/en\\\/i-put-my-89-years-in-your-hands\\\/\"]}]},{\"@type\":\"ImageObject\",\"inLanguage\":\"en-US\",\"@id\":\"https:\\\/\\\/hijasdejesus.org\\\/en\\\/i-put-my-89-years-in-your-hands\\\/#primaryimage\",\"url\":\"https:\\\/\\\/hijasdejesus.org\\\/wp-content\\\/uploads\\\/2021\\\/05\\\/Matilde_Sanz2021-03-14.jpg\",\"contentUrl\":\"https:\\\/\\\/hijasdejesus.org\\\/wp-content\\\/uploads\\\/2021\\\/05\\\/Matilde_Sanz2021-03-14.jpg\",\"width\":940,\"height\":788},{\"@type\":\"BreadcrumbList\",\"@id\":\"https:\\\/\\\/hijasdejesus.org\\\/en\\\/i-put-my-89-years-in-your-hands\\\/#breadcrumb\",\"itemListElement\":[{\"@type\":\"ListItem\",\"position\":1,\"name\":\"Portada\",\"item\":\"https:\\\/\\\/hijasdejesus.org\\\/en\\\/\"},{\"@type\":\"ListItem\",\"position\":2,\"name\":\"I Put My 89 Years in Your Hands\"}]},{\"@type\":\"WebSite\",\"@id\":\"https:\\\/\\\/hijasdejesus.org\\\/en\\\/#website\",\"url\":\"https:\\\/\\\/hijasdejesus.org\\\/en\\\/\",\"name\":\"Hijas de Jes\u00fas\",\"description\":\"Despertamos a Jes\u00fas en el coraz\u00f3n, sacando lo mejor de las personas. Somos una congregaci\u00f3n religiosa ignaciana fundada por la Madre Candida\",\"publisher\":{\"@id\":\"https:\\\/\\\/hijasdejesus.org\\\/en\\\/#organization\"},\"potentialAction\":[{\"@type\":\"SearchAction\",\"target\":{\"@type\":\"EntryPoint\",\"urlTemplate\":\"https:\\\/\\\/hijasdejesus.org\\\/en\\\/?s={search_term_string}\"},\"query-input\":{\"@type\":\"PropertyValueSpecification\",\"valueRequired\":true,\"valueName\":\"search_term_string\"}}],\"inLanguage\":\"en-US\"},{\"@type\":\"Organization\",\"@id\":\"https:\\\/\\\/hijasdejesus.org\\\/en\\\/#organization\",\"name\":\"Hijas de Jes\u00fas\",\"url\":\"https:\\\/\\\/hijasdejesus.org\\\/en\\\/\",\"logo\":{\"@type\":\"ImageObject\",\"inLanguage\":\"en-US\",\"@id\":\"https:\\\/\\\/hijasdejesus.org\\\/en\\\/#\\\/schema\\\/logo\\\/image\\\/\",\"url\":\"https:\\\/\\\/hijasdejesus.org\\\/wp-content\\\/uploads\\\/2023\\\/01\\\/Hijas-de-Jesus_hor-A7C957.png\",\"contentUrl\":\"https:\\\/\\\/hijasdejesus.org\\\/wp-content\\\/uploads\\\/2023\\\/01\\\/Hijas-de-Jesus_hor-A7C957.png\",\"width\":700,\"height\":360,\"caption\":\"Hijas de Jes\u00fas\"},\"image\":{\"@id\":\"https:\\\/\\\/hijasdejesus.org\\\/en\\\/#\\\/schema\\\/logo\\\/image\\\/\"},\"sameAs\":[\"https:\\\/\\\/www.facebook.com\\\/hijasdejesusenelmundo\\\/\",\"https:\\\/\\\/x.com\\\/hijasdjesus\"]},{\"@type\":\"Person\",\"@id\":\"https:\\\/\\\/hijasdejesus.org\\\/en\\\/#\\\/schema\\\/person\\\/ce4455965da733f2791f23b6ec14e9b6\",\"name\":\"Webmaster\",\"image\":{\"@type\":\"ImageObject\",\"inLanguage\":\"en-US\",\"@id\":\"https:\\\/\\\/secure.gravatar.com\\\/avatar\\\/cfd0acaac86c3981d541d2e99a0ffb7b6d33a5ac8989a62f5518b9e0f7ee128a?s=96&d=mm&r=g\",\"url\":\"https:\\\/\\\/secure.gravatar.com\\\/avatar\\\/cfd0acaac86c3981d541d2e99a0ffb7b6d33a5ac8989a62f5518b9e0f7ee128a?s=96&d=mm&r=g\",\"contentUrl\":\"https:\\\/\\\/secure.gravatar.com\\\/avatar\\\/cfd0acaac86c3981d541d2e99a0ffb7b6d33a5ac8989a62f5518b9e0f7ee128a?s=96&d=mm&r=g\",\"caption\":\"Webmaster\"},\"url\":\"https:\\\/\\\/hijasdejesus.org\\\/en\\\/author\\\/webmaster\\\/\"}]}<\/script>\n<!-- \/ Yoast SEO plugin. -->","yoast_head_json":{"title":"I Put My 89 Years in Your Hands - Hijas de Jes\u00fas","robots":{"index":"index","follow":"follow","max-snippet":"max-snippet:-1","max-image-preview":"max-image-preview:large","max-video-preview":"max-video-preview:-1"},"canonical":"https:\/\/hijasdejesus.org\/en\/i-put-my-89-years-in-your-hands\/","og_locale":"en_US","og_type":"article","og_title":"I Put My 89 Years in Your Hands - Hijas de Jes\u00fas","og_description":"The\u00a0Sisters of the Community of Colombia shared on page 15 of NotiAndina 175,\u00a0of the month of March, this poem by Matilde Sanz on his 89th birthday. Thank you for your testimony of a happy life and trust in the hands of the Father. Oh, Congratulations! We shared the poem of one of our sisters, who, [&hellip;]","og_url":"https:\/\/hijasdejesus.org\/en\/i-put-my-89-years-in-your-hands\/","og_site_name":"Hijas de Jes\u00fas","article_publisher":"https:\/\/www.facebook.com\/hijasdejesusenelmundo\/","article_published_time":"2021-05-14T07:18:07+00:00","article_modified_time":"2021-05-14T10:18:07+00:00","og_image":[{"width":940,"height":788,"url":"https:\/\/hijasdejesus.org\/wp-content\/uploads\/2021\/05\/Matilde_Sanz2021-03-14.jpg","type":"image\/jpeg"}],"author":"Webmaster","twitter_card":"summary_large_image","twitter_creator":"@hijasdjesus","twitter_site":"@hijasdjesus","twitter_misc":{"Written by":"Webmaster","Est. reading time":"1 minute"},"schema":{"@context":"https:\/\/schema.org","@graph":[{"@type":"Article","@id":"https:\/\/hijasdejesus.org\/en\/i-put-my-89-years-in-your-hands\/#article","isPartOf":{"@id":"https:\/\/hijasdejesus.org\/en\/i-put-my-89-years-in-your-hands\/"},"author":{"name":"Webmaster","@id":"https:\/\/hijasdejesus.org\/en\/#\/schema\/person\/ce4455965da733f2791f23b6ec14e9b6"},"headline":"I Put My 89 Years in Your Hands","datePublished":"2021-05-14T07:18:07+00:00","dateModified":"2021-05-14T10:18:07+00:00","mainEntityOfPage":{"@id":"https:\/\/hijasdejesus.org\/en\/i-put-my-89-years-in-your-hands\/"},"wordCount":291,"publisher":{"@id":"https:\/\/hijasdejesus.org\/en\/#organization"},"image":{"@id":"https:\/\/hijasdejesus.org\/en\/i-put-my-89-years-in-your-hands\/#primaryimage"},"thumbnailUrl":"https:\/\/hijasdejesus.org\/wp-content\/uploads\/2021\/05\/Matilde_Sanz2021-03-14.jpg","articleSection":["Hijas de Jes\u00fas","News"],"inLanguage":"en-US"},{"@type":"WebPage","@id":"https:\/\/hijasdejesus.org\/en\/i-put-my-89-years-in-your-hands\/","url":"https:\/\/hijasdejesus.org\/en\/i-put-my-89-years-in-your-hands\/","name":"I Put My 89 Years in Your Hands - Hijas de Jes\u00fas","isPartOf":{"@id":"https:\/\/hijasdejesus.org\/en\/#website"},"primaryImageOfPage":{"@id":"https:\/\/hijasdejesus.org\/en\/i-put-my-89-years-in-your-hands\/#primaryimage"},"image":{"@id":"https:\/\/hijasdejesus.org\/en\/i-put-my-89-years-in-your-hands\/#primaryimage"},"thumbnailUrl":"https:\/\/hijasdejesus.org\/wp-content\/uploads\/2021\/05\/Matilde_Sanz2021-03-14.jpg","datePublished":"2021-05-14T07:18:07+00:00","dateModified":"2021-05-14T10:18:07+00:00","breadcrumb":{"@id":"https:\/\/hijasdejesus.org\/en\/i-put-my-89-years-in-your-hands\/#breadcrumb"},"inLanguage":"en-US","potentialAction":[{"@type":"ReadAction","target":["https:\/\/hijasdejesus.org\/en\/i-put-my-89-years-in-your-hands\/"]}]},{"@type":"ImageObject","inLanguage":"en-US","@id":"https:\/\/hijasdejesus.org\/en\/i-put-my-89-years-in-your-hands\/#primaryimage","url":"https:\/\/hijasdejesus.org\/wp-content\/uploads\/2021\/05\/Matilde_Sanz2021-03-14.jpg","contentUrl":"https:\/\/hijasdejesus.org\/wp-content\/uploads\/2021\/05\/Matilde_Sanz2021-03-14.jpg","width":940,"height":788},{"@type":"BreadcrumbList","@id":"https:\/\/hijasdejesus.org\/en\/i-put-my-89-years-in-your-hands\/#breadcrumb","itemListElement":[{"@type":"ListItem","position":1,"name":"Portada","item":"https:\/\/hijasdejesus.org\/en\/"},{"@type":"ListItem","position":2,"name":"I Put My 89 Years in Your Hands"}]},{"@type":"WebSite","@id":"https:\/\/hijasdejesus.org\/en\/#website","url":"https:\/\/hijasdejesus.org\/en\/","name":"Hijas de Jes\u00fas","description":"Despertamos a Jes\u00fas en el coraz\u00f3n, sacando lo mejor de las personas. Somos una congregaci\u00f3n religiosa ignaciana fundada por la Madre Candida","publisher":{"@id":"https:\/\/hijasdejesus.org\/en\/#organization"},"potentialAction":[{"@type":"SearchAction","target":{"@type":"EntryPoint","urlTemplate":"https:\/\/hijasdejesus.org\/en\/?s={search_term_string}"},"query-input":{"@type":"PropertyValueSpecification","valueRequired":true,"valueName":"search_term_string"}}],"inLanguage":"en-US"},{"@type":"Organization","@id":"https:\/\/hijasdejesus.org\/en\/#organization","name":"Hijas de Jes\u00fas","url":"https:\/\/hijasdejesus.org\/en\/","logo":{"@type":"ImageObject","inLanguage":"en-US","@id":"https:\/\/hijasdejesus.org\/en\/#\/schema\/logo\/image\/","url":"https:\/\/hijasdejesus.org\/wp-content\/uploads\/2023\/01\/Hijas-de-Jesus_hor-A7C957.png","contentUrl":"https:\/\/hijasdejesus.org\/wp-content\/uploads\/2023\/01\/Hijas-de-Jesus_hor-A7C957.png","width":700,"height":360,"caption":"Hijas de Jes\u00fas"},"image":{"@id":"https:\/\/hijasdejesus.org\/en\/#\/schema\/logo\/image\/"},"sameAs":["https:\/\/www.facebook.com\/hijasdejesusenelmundo\/","https:\/\/x.com\/hijasdjesus"]},{"@type":"Person","@id":"https:\/\/hijasdejesus.org\/en\/#\/schema\/person\/ce4455965da733f2791f23b6ec14e9b6","name":"Webmaster","image":{"@type":"ImageObject","inLanguage":"en-US","@id":"https:\/\/secure.gravatar.com\/avatar\/cfd0acaac86c3981d541d2e99a0ffb7b6d33a5ac8989a62f5518b9e0f7ee128a?s=96&d=mm&r=g","url":"https:\/\/secure.gravatar.com\/avatar\/cfd0acaac86c3981d541d2e99a0ffb7b6d33a5ac8989a62f5518b9e0f7ee128a?s=96&d=mm&r=g","contentUrl":"https:\/\/secure.gravatar.com\/avatar\/cfd0acaac86c3981d541d2e99a0ffb7b6d33a5ac8989a62f5518b9e0f7ee128a?s=96&d=mm&r=g","caption":"Webmaster"},"url":"https:\/\/hijasdejesus.org\/en\/author\/webmaster\/"}]}},"_links":{"self":[{"href":"https:\/\/hijasdejesus.org\/en\/wp-json\/wp\/v2\/posts\/29506","targetHints":{"allow":["GET"]}}],"collection":[{"href":"https:\/\/hijasdejesus.org\/en\/wp-json\/wp\/v2\/posts"}],"about":[{"href":"https:\/\/hijasdejesus.org\/en\/wp-json\/wp\/v2\/types\/post"}],"author":[{"embeddable":true,"href":"https:\/\/hijasdejesus.org\/en\/wp-json\/wp\/v2\/users\/28"}],"replies":[{"embeddable":true,"href":"https:\/\/hijasdejesus.org\/en\/wp-json\/wp\/v2\/comments?post=29506"}],"version-history":[{"count":0,"href":"https:\/\/hijasdejesus.org\/en\/wp-json\/wp\/v2\/posts\/29506\/revisions"}],"wp:featuredmedia":[{"embeddable":true,"href":"https:\/\/hijasdejesus.org\/en\/wp-json\/wp\/v2\/media\/10830"}],"wp:attachment":[{"href":"https:\/\/hijasdejesus.org\/en\/wp-json\/wp\/v2\/media?parent=29506"}],"wp:term":[{"taxonomy":"category","embeddable":true,"href":"https:\/\/hijasdejesus.org\/en\/wp-json\/wp\/v2\/categories?post=29506"},{"taxonomy":"post_tag","embeddable":true,"href":"https:\/\/hijasdejesus.org\/en\/wp-json\/wp\/v2\/tags?post=29506"}],"curies":[{"name":"wp","href":"https:\/\/api.w.org\/{rel}","templated":true}]}}