{"id":29573,"date":"2021-07-04T05:04:35","date_gmt":"2021-07-04T03:04:35","guid":{"rendered":"https:\/\/nueva.hijasdejesus.org\/july-5-birth-of-father-herranz\/"},"modified":"2021-07-04T19:04:35","modified_gmt":"2021-07-04T17:04:35","slug":"july-5-birth-of-father-herranz","status":"publish","type":"post","link":"https:\/\/hijasdejesus.org\/en\/july-5-birth-of-father-herranz\/","title":{"rendered":"July 5 &#8211; Birth of Father Herranz"},"content":{"rendered":"<\/p>\n<p><strong>In the crises of history, fortuitous encounters happen<\/strong><\/p>\n<p>Happy birthday to our dear Father Herranz!<\/p>\n<p>For the family of Mother Candida today, July 5, is a very special day. We celebrate the birth of Fr. Herranz and thank the gift\u00a0of his life for the beginnings of the Congregation.<\/p>\n<p>Who was Fr. Herranz?<\/p>\n<p><em>&#8220;Spanish, tough and affable at the same time, so effective, as silent, so saustere or discreet that having been a very active man he has barely left a trace in the Jesuit documentation&#8221;<\/em> . <a href=\"#_ftn1\">[1]<\/a><\/p>\n<p>On July 5, 1819, Miguel de los Santos San Jos\u00e9 Herranz was born in Spain. As was customary, he was baptized with the saint of the day: St. Michael of the Saints.\u00a0In 1857, at the age of 36, he entered the Society of Jesus and trained in France. In 1861 he returned to Spain, performing different positions and offices in the Society of Jesus.<\/p>\n<p><em>&#8220;Man of few words, of righteous and healthy judgment, very confident in the council, very prudent in his resolutions and very firm and constant in which once determined, submissive, humble and obedient, mortified to a great degree, of an unlimited trust in God&#8221;<\/em><a href=\"#_ftn2\"> [2]<\/a><\/p>\n<p>&#8220;<em>Nothing sycophantic ( or servile)\u00a0 or fearful of human respect, of character and temperament&#8230; but very thoughtful, with a lot of mastery over himself, kind and kind to everything, frank and jovial in conversation.. a true man of God.&#8221;<\/em> <a href=\"#_ftn3\"><em>[3]<\/em><\/a><\/p>\n<p>Fr. Herranz was a close collaborator in the birth and development of a new congregation in Spain and for the Universal Church: the Congregation of the Daughters of Jesus.<\/p>\n<p>When Juana Josefa, at 26 years old, wondered how to respond to her vocation, she found in Fr. Herranz the appropriate accompaniment and help for her life.<\/p>\n<p style=\"padding-left: 30px;\"><em>&#8220;Attentive to the invitations of the Spirit, he strives for greater fidelity.\u00a0Grace is communicated to him in the usual contact with God. There will be the secret of his whole and constant donation (&#8230;) For whose benefit?\u00a0for his friends the poor, and\u00a0for the most needy<\/em>&#8221; he wishes to find with whom &#8220;to contrast the<em> graces he receives (&#8230;)&#8221; <\/em>and for his part, Father Herranz begins<em>\u00a0&#8220;&#8230;to ruminate in his mind how in need of Spain is of a regeneration&#8221;.<\/em> <a href=\"#_ftn5\">[4]<\/a><\/p>\n<p>The political instability of Spain in those years was very marked by many rivalries and a desire to erase Catholicism. For this reason, in 1868 the expulsions of religious communities take place, and the Society of Jesus was no stranger to it. Thus, in the midst of a social crisis, the fortuitous circumstances for the meeting between Fr. Herranz and the young Juan Josefa will occur.<\/p>\n<p>Around that time in September 1868 it is recorded that Juana Josefa prayed that &#8220;<em>I would find a director who is to my liking<\/em>&#8221; and, in the midst of this request, Fr. Herranz appears: &#8220;instrument that God had in store for our<em>Juana Josefa with his wise advice&#8230; in the right direction, he led her down the appointed path of divine Providence.&#8221;<\/em> <a href=\"#_ftn6\">[6]<\/a><\/p>\n<p>In the midst of a situation of exclaustration of community religious life, Fr. Herranz moves to Valladolid to his brother&#8217;s house. At this time Juana Josefa worked with the Sabater Becerra family who, for work reasons, moved from Burgos to Valladolid. Both arrive simultaneously.<\/p>\n<p style=\"padding-left: 30px;\">&#8220;Under\u00a0<em>the determined steps of Juna Josefa, the footprints of God are marking ahead that way<\/em>&#8220;. <a href=\"#_ftn7\">[7]<\/a><\/p>\n<p><strong><em>And to us now, in the midst of COVID-19, what chance encounters does the Lord give us?<\/em><\/strong><\/p>\n<p style=\"text-align: justify;\">\u00a0<\/p>\n<p style=\"text-align: justify; padding-left: 30px;\">\u00a0<\/p>\n<p style=\"text-align: justify;\"><a href=\"#_ftnref1\" name=\"_ftn1\">[1]<\/a>\u00a0De Fr\u00edas Tomero, Mar\u00eda del Carmen, FI. Biograf\u00eda de la Sierva de Dios, Madre C\u00e1ndida Mar\u00eda de Jes\u00fas (Juana Josefa Cipitria y Barriola) Fundadora de la Congregaci\u00f3n de las Hijas de Jes\u00fas (31 de mayo 1845 &#8211; 9 de agosto 1912) Hijas de Jes\u00fas, Postulaci\u00f3n de las causas de canonizaci\u00f3n, Roma, 1988,\u00a0p. 74.<\/p>\n<p style=\"text-align: justify;\"><a href=\"#_ftnref2\" name=\"_ftn2\">[2]<\/a> <em>Ib\u00edd : P. Garc\u00eda Alcalde primer bi\u00f3grafo de la M. C\u00e1ndida.\u00a0<\/em><\/p>\n<p style=\"text-align: justify;\"><a href=\"#_ftnref3\" name=\"_ftn3\">[3]<\/a> <em>Ib\u00edd.<\/em><\/p>\n<p style=\"text-align: justify;\"><a href=\"#_ftnref5\" name=\"_ftn5\">[4]<\/a>\u00a0Macarro C. B. FI,\u00a0<em>Historia de la Congregaci\u00f3n de las Hijas de Jes\u00fas <\/em>Tomo I , p.29.<\/p>\n<p style=\"text-align: justify;\"><a href=\"#_ftnref6\" name=\"_ftn6\">[5]<\/a>\u00a0<em>Ib\u00edd.<\/em> [1]<em>\u00a0<\/em>p. 73.<em>\u00a0<\/em>Citando a: <em>Conjunto de libretas de la M. Fundadora.<\/em><\/p>\n<p style=\"text-align: justify;\"><a href=\"#_ftnref7\" name=\"_ftn7\">[6]<\/a> <em>Ib\u00edd. <\/em>[1]\u00a0p. 72.<\/p>\n","protected":false},"excerpt":{"rendered":"<p>In the crises of history, fortuitous encounters happen Happy birthday to our dear Father Herranz! For the family of Mother Candida today, July 5, is a very special day. We celebrate the birth of Fr. Herranz and thank the gift\u00a0of his life for the beginnings of the Congregation. Who was Fr. Herranz? &#8220;Spanish, tough and [&hellip;]<\/p>\n","protected":false},"author":28,"featured_media":11030,"comment_status":"closed","ping_status":"closed","sticky":false,"template":"","format":"standard","meta":{"_et_pb_use_builder":"","_et_pb_old_content":"","_et_gb_content_width":"","footnotes":"","_links_to":"","_links_to_target":""},"categories":[528,412],"tags":[],"class_list":["post-29573","post","type-post","status-publish","format-standard","has-post-thumbnail","hentry","category-hijas-de-jesus-en","category-news"],"yoast_head":"<!-- This site is optimized with the Yoast SEO plugin v27.5 - https:\/\/yoast.com\/product\/yoast-seo-wordpress\/ -->\n<title>July 5 - Birth of Father Herranz - Hijas de Jes\u00fas<\/title>\n<meta name=\"robots\" content=\"index, follow, max-snippet:-1, max-image-preview:large, max-video-preview:-1\" \/>\n<link rel=\"canonical\" href=\"https:\/\/hijasdejesus.org\/en\/july-5-birth-of-father-herranz\/\" \/>\n<meta property=\"og:locale\" content=\"en_US\" \/>\n<meta property=\"og:type\" content=\"article\" \/>\n<meta property=\"og:title\" content=\"July 5 - Birth of Father Herranz - Hijas de Jes\u00fas\" \/>\n<meta property=\"og:description\" content=\"In the crises of history, fortuitous encounters happen Happy birthday to our dear Father Herranz! For the family of Mother Candida today, July 5, is a very special day. We celebrate the birth of Fr. Herranz and thank the gift\u00a0of his life for the beginnings of the Congregation. Who was Fr. Herranz? &#8220;Spanish, tough and [&hellip;]\" \/>\n<meta property=\"og:url\" content=\"https:\/\/hijasdejesus.org\/en\/july-5-birth-of-father-herranz\/\" \/>\n<meta property=\"og:site_name\" content=\"Hijas de Jes\u00fas\" \/>\n<meta property=\"article:publisher\" content=\"https:\/\/www.facebook.com\/hijasdejesusenelmundo\/\" \/>\n<meta property=\"article:published_time\" content=\"2021-07-04T03:04:35+00:00\" \/>\n<meta property=\"article:modified_time\" content=\"2021-07-04T17:04:35+00:00\" \/>\n<meta property=\"og:image\" content=\"https:\/\/hijasdejesus.org\/wp-content\/uploads\/2021\/07\/PHerranz_2021-Cabecera_GB.jpg\" \/>\n\t<meta property=\"og:image:width\" content=\"2000\" \/>\n\t<meta property=\"og:image:height\" content=\"647\" \/>\n\t<meta property=\"og:image:type\" content=\"image\/jpeg\" \/>\n<meta name=\"author\" content=\"Webmaster\" \/>\n<meta name=\"twitter:card\" content=\"summary_large_image\" \/>\n<meta name=\"twitter:creator\" content=\"@hijasdjesus\" \/>\n<meta name=\"twitter:site\" content=\"@hijasdjesus\" \/>\n<meta name=\"twitter:label1\" content=\"Written by\" \/>\n\t<meta name=\"twitter:data1\" content=\"Webmaster\" \/>\n\t<meta name=\"twitter:label2\" content=\"Est. reading time\" \/>\n\t<meta name=\"twitter:data2\" content=\"3 minutes\" \/>\n<script type=\"application\/ld+json\" class=\"yoast-schema-graph\">{\"@context\":\"https:\\\/\\\/schema.org\",\"@graph\":[{\"@type\":\"Article\",\"@id\":\"https:\\\/\\\/hijasdejesus.org\\\/en\\\/july-5-birth-of-father-herranz\\\/#article\",\"isPartOf\":{\"@id\":\"https:\\\/\\\/hijasdejesus.org\\\/en\\\/july-5-birth-of-father-herranz\\\/\"},\"author\":{\"name\":\"Webmaster\",\"@id\":\"https:\\\/\\\/hijasdejesus.org\\\/en\\\/#\\\/schema\\\/person\\\/ce4455965da733f2791f23b6ec14e9b6\"},\"headline\":\"July 5 &#8211; Birth of Father Herranz\",\"datePublished\":\"2021-07-04T03:04:35+00:00\",\"dateModified\":\"2021-07-04T17:04:35+00:00\",\"mainEntityOfPage\":{\"@id\":\"https:\\\/\\\/hijasdejesus.org\\\/en\\\/july-5-birth-of-father-herranz\\\/\"},\"wordCount\":678,\"publisher\":{\"@id\":\"https:\\\/\\\/hijasdejesus.org\\\/en\\\/#organization\"},\"image\":{\"@id\":\"https:\\\/\\\/hijasdejesus.org\\\/en\\\/july-5-birth-of-father-herranz\\\/#primaryimage\"},\"thumbnailUrl\":\"https:\\\/\\\/hijasdejesus.org\\\/wp-content\\\/uploads\\\/2021\\\/07\\\/PHerranz_2021-Cabecera_GB.jpg\",\"articleSection\":[\"Hijas de Jes\u00fas\",\"News\"],\"inLanguage\":\"en-US\"},{\"@type\":\"WebPage\",\"@id\":\"https:\\\/\\\/hijasdejesus.org\\\/en\\\/july-5-birth-of-father-herranz\\\/\",\"url\":\"https:\\\/\\\/hijasdejesus.org\\\/en\\\/july-5-birth-of-father-herranz\\\/\",\"name\":\"July 5 - Birth of Father Herranz - Hijas de Jes\u00fas\",\"isPartOf\":{\"@id\":\"https:\\\/\\\/hijasdejesus.org\\\/en\\\/#website\"},\"primaryImageOfPage\":{\"@id\":\"https:\\\/\\\/hijasdejesus.org\\\/en\\\/july-5-birth-of-father-herranz\\\/#primaryimage\"},\"image\":{\"@id\":\"https:\\\/\\\/hijasdejesus.org\\\/en\\\/july-5-birth-of-father-herranz\\\/#primaryimage\"},\"thumbnailUrl\":\"https:\\\/\\\/hijasdejesus.org\\\/wp-content\\\/uploads\\\/2021\\\/07\\\/PHerranz_2021-Cabecera_GB.jpg\",\"datePublished\":\"2021-07-04T03:04:35+00:00\",\"dateModified\":\"2021-07-04T17:04:35+00:00\",\"breadcrumb\":{\"@id\":\"https:\\\/\\\/hijasdejesus.org\\\/en\\\/july-5-birth-of-father-herranz\\\/#breadcrumb\"},\"inLanguage\":\"en-US\",\"potentialAction\":[{\"@type\":\"ReadAction\",\"target\":[\"https:\\\/\\\/hijasdejesus.org\\\/en\\\/july-5-birth-of-father-herranz\\\/\"]}]},{\"@type\":\"ImageObject\",\"inLanguage\":\"en-US\",\"@id\":\"https:\\\/\\\/hijasdejesus.org\\\/en\\\/july-5-birth-of-father-herranz\\\/#primaryimage\",\"url\":\"https:\\\/\\\/hijasdejesus.org\\\/wp-content\\\/uploads\\\/2021\\\/07\\\/PHerranz_2021-Cabecera_GB.jpg\",\"contentUrl\":\"https:\\\/\\\/hijasdejesus.org\\\/wp-content\\\/uploads\\\/2021\\\/07\\\/PHerranz_2021-Cabecera_GB.jpg\",\"width\":2000,\"height\":647},{\"@type\":\"BreadcrumbList\",\"@id\":\"https:\\\/\\\/hijasdejesus.org\\\/en\\\/july-5-birth-of-father-herranz\\\/#breadcrumb\",\"itemListElement\":[{\"@type\":\"ListItem\",\"position\":1,\"name\":\"Portada\",\"item\":\"https:\\\/\\\/hijasdejesus.org\\\/en\\\/\"},{\"@type\":\"ListItem\",\"position\":2,\"name\":\"July 5 &#8211; Birth of Father Herranz\"}]},{\"@type\":\"WebSite\",\"@id\":\"https:\\\/\\\/hijasdejesus.org\\\/en\\\/#website\",\"url\":\"https:\\\/\\\/hijasdejesus.org\\\/en\\\/\",\"name\":\"Hijas de Jes\u00fas\",\"description\":\"Despertamos a Jes\u00fas en el coraz\u00f3n, sacando lo mejor de las personas. Somos una congregaci\u00f3n religiosa ignaciana fundada por la Madre Candida\",\"publisher\":{\"@id\":\"https:\\\/\\\/hijasdejesus.org\\\/en\\\/#organization\"},\"potentialAction\":[{\"@type\":\"SearchAction\",\"target\":{\"@type\":\"EntryPoint\",\"urlTemplate\":\"https:\\\/\\\/hijasdejesus.org\\\/en\\\/?s={search_term_string}\"},\"query-input\":{\"@type\":\"PropertyValueSpecification\",\"valueRequired\":true,\"valueName\":\"search_term_string\"}}],\"inLanguage\":\"en-US\"},{\"@type\":\"Organization\",\"@id\":\"https:\\\/\\\/hijasdejesus.org\\\/en\\\/#organization\",\"name\":\"Hijas de Jes\u00fas\",\"url\":\"https:\\\/\\\/hijasdejesus.org\\\/en\\\/\",\"logo\":{\"@type\":\"ImageObject\",\"inLanguage\":\"en-US\",\"@id\":\"https:\\\/\\\/hijasdejesus.org\\\/en\\\/#\\\/schema\\\/logo\\\/image\\\/\",\"url\":\"https:\\\/\\\/hijasdejesus.org\\\/wp-content\\\/uploads\\\/2023\\\/01\\\/Hijas-de-Jesus_hor-A7C957.png\",\"contentUrl\":\"https:\\\/\\\/hijasdejesus.org\\\/wp-content\\\/uploads\\\/2023\\\/01\\\/Hijas-de-Jesus_hor-A7C957.png\",\"width\":700,\"height\":360,\"caption\":\"Hijas de Jes\u00fas\"},\"image\":{\"@id\":\"https:\\\/\\\/hijasdejesus.org\\\/en\\\/#\\\/schema\\\/logo\\\/image\\\/\"},\"sameAs\":[\"https:\\\/\\\/www.facebook.com\\\/hijasdejesusenelmundo\\\/\",\"https:\\\/\\\/x.com\\\/hijasdjesus\"]},{\"@type\":\"Person\",\"@id\":\"https:\\\/\\\/hijasdejesus.org\\\/en\\\/#\\\/schema\\\/person\\\/ce4455965da733f2791f23b6ec14e9b6\",\"name\":\"Webmaster\",\"image\":{\"@type\":\"ImageObject\",\"inLanguage\":\"en-US\",\"@id\":\"https:\\\/\\\/secure.gravatar.com\\\/avatar\\\/cfd0acaac86c3981d541d2e99a0ffb7b6d33a5ac8989a62f5518b9e0f7ee128a?s=96&d=mm&r=g\",\"url\":\"https:\\\/\\\/secure.gravatar.com\\\/avatar\\\/cfd0acaac86c3981d541d2e99a0ffb7b6d33a5ac8989a62f5518b9e0f7ee128a?s=96&d=mm&r=g\",\"contentUrl\":\"https:\\\/\\\/secure.gravatar.com\\\/avatar\\\/cfd0acaac86c3981d541d2e99a0ffb7b6d33a5ac8989a62f5518b9e0f7ee128a?s=96&d=mm&r=g\",\"caption\":\"Webmaster\"},\"url\":\"https:\\\/\\\/hijasdejesus.org\\\/en\\\/author\\\/webmaster\\\/\"}]}<\/script>\n<!-- \/ Yoast SEO plugin. -->","yoast_head_json":{"title":"July 5 - Birth of Father Herranz - Hijas de Jes\u00fas","robots":{"index":"index","follow":"follow","max-snippet":"max-snippet:-1","max-image-preview":"max-image-preview:large","max-video-preview":"max-video-preview:-1"},"canonical":"https:\/\/hijasdejesus.org\/en\/july-5-birth-of-father-herranz\/","og_locale":"en_US","og_type":"article","og_title":"July 5 - Birth of Father Herranz - Hijas de Jes\u00fas","og_description":"In the crises of history, fortuitous encounters happen Happy birthday to our dear Father Herranz! For the family of Mother Candida today, July 5, is a very special day. We celebrate the birth of Fr. Herranz and thank the gift\u00a0of his life for the beginnings of the Congregation. Who was Fr. Herranz? &#8220;Spanish, tough and [&hellip;]","og_url":"https:\/\/hijasdejesus.org\/en\/july-5-birth-of-father-herranz\/","og_site_name":"Hijas de Jes\u00fas","article_publisher":"https:\/\/www.facebook.com\/hijasdejesusenelmundo\/","article_published_time":"2021-07-04T03:04:35+00:00","article_modified_time":"2021-07-04T17:04:35+00:00","og_image":[{"width":2000,"height":647,"url":"https:\/\/hijasdejesus.org\/wp-content\/uploads\/2021\/07\/PHerranz_2021-Cabecera_GB.jpg","type":"image\/jpeg"}],"author":"Webmaster","twitter_card":"summary_large_image","twitter_creator":"@hijasdjesus","twitter_site":"@hijasdjesus","twitter_misc":{"Written by":"Webmaster","Est. reading time":"3 minutes"},"schema":{"@context":"https:\/\/schema.org","@graph":[{"@type":"Article","@id":"https:\/\/hijasdejesus.org\/en\/july-5-birth-of-father-herranz\/#article","isPartOf":{"@id":"https:\/\/hijasdejesus.org\/en\/july-5-birth-of-father-herranz\/"},"author":{"name":"Webmaster","@id":"https:\/\/hijasdejesus.org\/en\/#\/schema\/person\/ce4455965da733f2791f23b6ec14e9b6"},"headline":"July 5 &#8211; Birth of Father Herranz","datePublished":"2021-07-04T03:04:35+00:00","dateModified":"2021-07-04T17:04:35+00:00","mainEntityOfPage":{"@id":"https:\/\/hijasdejesus.org\/en\/july-5-birth-of-father-herranz\/"},"wordCount":678,"publisher":{"@id":"https:\/\/hijasdejesus.org\/en\/#organization"},"image":{"@id":"https:\/\/hijasdejesus.org\/en\/july-5-birth-of-father-herranz\/#primaryimage"},"thumbnailUrl":"https:\/\/hijasdejesus.org\/wp-content\/uploads\/2021\/07\/PHerranz_2021-Cabecera_GB.jpg","articleSection":["Hijas de Jes\u00fas","News"],"inLanguage":"en-US"},{"@type":"WebPage","@id":"https:\/\/hijasdejesus.org\/en\/july-5-birth-of-father-herranz\/","url":"https:\/\/hijasdejesus.org\/en\/july-5-birth-of-father-herranz\/","name":"July 5 - Birth of Father Herranz - Hijas de Jes\u00fas","isPartOf":{"@id":"https:\/\/hijasdejesus.org\/en\/#website"},"primaryImageOfPage":{"@id":"https:\/\/hijasdejesus.org\/en\/july-5-birth-of-father-herranz\/#primaryimage"},"image":{"@id":"https:\/\/hijasdejesus.org\/en\/july-5-birth-of-father-herranz\/#primaryimage"},"thumbnailUrl":"https:\/\/hijasdejesus.org\/wp-content\/uploads\/2021\/07\/PHerranz_2021-Cabecera_GB.jpg","datePublished":"2021-07-04T03:04:35+00:00","dateModified":"2021-07-04T17:04:35+00:00","breadcrumb":{"@id":"https:\/\/hijasdejesus.org\/en\/july-5-birth-of-father-herranz\/#breadcrumb"},"inLanguage":"en-US","potentialAction":[{"@type":"ReadAction","target":["https:\/\/hijasdejesus.org\/en\/july-5-birth-of-father-herranz\/"]}]},{"@type":"ImageObject","inLanguage":"en-US","@id":"https:\/\/hijasdejesus.org\/en\/july-5-birth-of-father-herranz\/#primaryimage","url":"https:\/\/hijasdejesus.org\/wp-content\/uploads\/2021\/07\/PHerranz_2021-Cabecera_GB.jpg","contentUrl":"https:\/\/hijasdejesus.org\/wp-content\/uploads\/2021\/07\/PHerranz_2021-Cabecera_GB.jpg","width":2000,"height":647},{"@type":"BreadcrumbList","@id":"https:\/\/hijasdejesus.org\/en\/july-5-birth-of-father-herranz\/#breadcrumb","itemListElement":[{"@type":"ListItem","position":1,"name":"Portada","item":"https:\/\/hijasdejesus.org\/en\/"},{"@type":"ListItem","position":2,"name":"July 5 &#8211; Birth of Father Herranz"}]},{"@type":"WebSite","@id":"https:\/\/hijasdejesus.org\/en\/#website","url":"https:\/\/hijasdejesus.org\/en\/","name":"Hijas de Jes\u00fas","description":"Despertamos a Jes\u00fas en el coraz\u00f3n, sacando lo mejor de las personas. Somos una congregaci\u00f3n religiosa ignaciana fundada por la Madre Candida","publisher":{"@id":"https:\/\/hijasdejesus.org\/en\/#organization"},"potentialAction":[{"@type":"SearchAction","target":{"@type":"EntryPoint","urlTemplate":"https:\/\/hijasdejesus.org\/en\/?s={search_term_string}"},"query-input":{"@type":"PropertyValueSpecification","valueRequired":true,"valueName":"search_term_string"}}],"inLanguage":"en-US"},{"@type":"Organization","@id":"https:\/\/hijasdejesus.org\/en\/#organization","name":"Hijas de Jes\u00fas","url":"https:\/\/hijasdejesus.org\/en\/","logo":{"@type":"ImageObject","inLanguage":"en-US","@id":"https:\/\/hijasdejesus.org\/en\/#\/schema\/logo\/image\/","url":"https:\/\/hijasdejesus.org\/wp-content\/uploads\/2023\/01\/Hijas-de-Jesus_hor-A7C957.png","contentUrl":"https:\/\/hijasdejesus.org\/wp-content\/uploads\/2023\/01\/Hijas-de-Jesus_hor-A7C957.png","width":700,"height":360,"caption":"Hijas de Jes\u00fas"},"image":{"@id":"https:\/\/hijasdejesus.org\/en\/#\/schema\/logo\/image\/"},"sameAs":["https:\/\/www.facebook.com\/hijasdejesusenelmundo\/","https:\/\/x.com\/hijasdjesus"]},{"@type":"Person","@id":"https:\/\/hijasdejesus.org\/en\/#\/schema\/person\/ce4455965da733f2791f23b6ec14e9b6","name":"Webmaster","image":{"@type":"ImageObject","inLanguage":"en-US","@id":"https:\/\/secure.gravatar.com\/avatar\/cfd0acaac86c3981d541d2e99a0ffb7b6d33a5ac8989a62f5518b9e0f7ee128a?s=96&d=mm&r=g","url":"https:\/\/secure.gravatar.com\/avatar\/cfd0acaac86c3981d541d2e99a0ffb7b6d33a5ac8989a62f5518b9e0f7ee128a?s=96&d=mm&r=g","contentUrl":"https:\/\/secure.gravatar.com\/avatar\/cfd0acaac86c3981d541d2e99a0ffb7b6d33a5ac8989a62f5518b9e0f7ee128a?s=96&d=mm&r=g","caption":"Webmaster"},"url":"https:\/\/hijasdejesus.org\/en\/author\/webmaster\/"}]}},"_links":{"self":[{"href":"https:\/\/hijasdejesus.org\/en\/wp-json\/wp\/v2\/posts\/29573","targetHints":{"allow":["GET"]}}],"collection":[{"href":"https:\/\/hijasdejesus.org\/en\/wp-json\/wp\/v2\/posts"}],"about":[{"href":"https:\/\/hijasdejesus.org\/en\/wp-json\/wp\/v2\/types\/post"}],"author":[{"embeddable":true,"href":"https:\/\/hijasdejesus.org\/en\/wp-json\/wp\/v2\/users\/28"}],"replies":[{"embeddable":true,"href":"https:\/\/hijasdejesus.org\/en\/wp-json\/wp\/v2\/comments?post=29573"}],"version-history":[{"count":0,"href":"https:\/\/hijasdejesus.org\/en\/wp-json\/wp\/v2\/posts\/29573\/revisions"}],"wp:featuredmedia":[{"embeddable":true,"href":"https:\/\/hijasdejesus.org\/en\/wp-json\/wp\/v2\/media\/11030"}],"wp:attachment":[{"href":"https:\/\/hijasdejesus.org\/en\/wp-json\/wp\/v2\/media?parent=29573"}],"wp:term":[{"taxonomy":"category","embeddable":true,"href":"https:\/\/hijasdejesus.org\/en\/wp-json\/wp\/v2\/categories?post=29573"},{"taxonomy":"post_tag","embeddable":true,"href":"https:\/\/hijasdejesus.org\/en\/wp-json\/wp\/v2\/tags?post=29573"}],"curies":[{"name":"wp","href":"https:\/\/api.w.org\/{rel}","templated":true}]}}