{"id":29642,"date":"2021-10-22T20:11:54","date_gmt":"2021-10-22T18:11:54","guid":{"rendered":"https:\/\/nueva.hijasdejesus.org\/st-candida-maria-de-jesus-parish\/"},"modified":"2021-10-22T20:11:54","modified_gmt":"2021-10-22T18:11:54","slug":"st-candida-maria-de-jesus-parish","status":"publish","type":"post","link":"https:\/\/hijasdejesus.org\/en\/st-candida-maria-de-jesus-parish\/","title":{"rendered":"St. Candida Maria de Jesus Parish"},"content":{"rendered":"<p style=\"text-align: justify;\">\n<p style=\"text-align: justify;\">DECLARATION OF ST. CANDIDA MARIA DE JESUS PARISH IN CIUDAD NUEVO, NAIC CAVITE<\/p>\n<p>October 18, 2021, marked a memorable and significant event in the history of the Hijas de Jesus Congregation in the Philippines and a day of thanksgiving and rejoicing among the people of Ciudad Nuevo, Naic Cavite: a day when St. Candida Maria de Jesus Parish Church was declared at Phase 5, Ciudad Nuevo, Naic Cavite, the first-ever Parish in the Philippines named after our Foundress, St. Candida Maria de Jesus.<\/p>\n<p>The Mass was held at 9:30 in the morning and was officiated by His Most Reverend, Bishop Reynaldo G. Evangelista, D.D., Bishop of Imus Cavite who also installed Rev. Fr. Joseph Mayola as the first parish priest. Due to health protocols, the Mass was attended by a limited number of people including representative Sisters from Manresa School and the Provincialate, four lay collaborators of Manresa School, parishioners, Mayor of Naic, local leaders, and a good number of priests from the different parishes of Cavite. It was a solemn and spirit-filled celebration with a beautiful and inspiring homily of Bishop Rey who affirms the missionary spirit of St. Candida<\/p>\n<p style=\"text-align: justify;\">For the people of Ciudad Nuevo, Naic Cavite, who went through a lot of challenging, unforgettable and unwavering faith and spiritual journey, this is a grace-filled moment and a dream come true for their desire to have a Church.\u00a0 This event will be forever etched in their Church history. This event is also a gift for the 150<sup>th<\/sup> founding anniversary of the Congregation and for the 50<sup>th<\/sup> golden anniversary of Manresa School that took charge of Naic Outreach activity and apostolate since 2010.<\/p>\n<p style=\"text-align: justify;\">Through the pioneer outreach coordinators: Sr. Rachel Bade, Sr. Lillian Lim, Sr. Pacita Legaspi, Sr. Felicidad de Jesus, and Sr. Nelida Pe\u00f1aflorida. For all of us, F.I. lay collaborators and family of Mo. Candida, and for all the people who will come to know her, this is a testimony of God\u2019s love and faithfulness through Mo. Candida as we celebrate the 500 years of Christianity in the Philippines. Mo. Candida, thank you for going to Naic in search for more souls. To God be the glory, honor, and praise! Mabuhay ka Santa Candida!<\/p>\n<p>The Mass ended with the singing of Clara Estrella.<\/p>\n<p>Read more on the <a href=\"http:\/\/hijasdejesusinpac.org\/main\/index.php\/articles\/1410-declaration-of-st-candida-maria-de-jesus-parish-in-ciudad-nuevo-naic-cavite\">\u00cdndico-Pac\u00edfico website <\/a>and enjoy the photos and videos.<\/p>\n<p>\u00a0<\/p>\n<p><img loading=\"lazy\" decoding=\"async\" class=\" size-full wp-image-11274\" style=\"display: block; margin-left: auto; margin-right: auto;\" src=\"https:\/\/hijasdejesus.org\/wp-content\/uploads\/2021\/10\/1_Front_of_St_Candida_Maria_de_Jesus_Church.jpg\" alt=\"\" width=\"801\" height=\"512\" \/><\/p>\n<p style=\"text-align: center;\">\u00a0<\/p>\n<p><img loading=\"lazy\" decoding=\"async\" class=\" size-full wp-image-11276\" style=\"display: block; margin-left: auto; margin-right: auto;\" src=\"https:\/\/hijasdejesus.org\/wp-content\/uploads\/2021\/10\/2_Sr_Cecile_points_to_the_Stained_glass_of_Mother_Cnadida.jpg\" alt=\"\" width=\"602\" height=\"803\" \/><\/p>\n<p style=\"text-align: center;\">\u00a0<\/p>\n<p><img loading=\"lazy\" decoding=\"async\" class=\" size-full wp-image-11278\" style=\"display: block; margin-left: auto; margin-right: auto;\" src=\"https:\/\/hijasdejesus.org\/wp-content\/uploads\/2021\/10\/4_The_Bishop_greets_the_Sisters.jpg\" alt=\"\" width=\"800\" height=\"600\" \/><\/p>\n<p style=\"text-align: center;\">\u00a0<\/p>\n<p style=\"text-align: center;\"><img loading=\"lazy\" decoding=\"async\" class=\" size-full wp-image-11280\" style=\"display: block; margin-left: auto; margin-right: auto;\" src=\"https:\/\/hijasdejesus.org\/wp-content\/uploads\/2021\/10\/5_Blessing_by_the_Bishop.jpg\" alt=\"\" width=\"800\" height=\"600\" \/><\/p>\n<p style=\"text-align: center;\">\u00a0<\/p>\n<p><img loading=\"lazy\" decoding=\"async\" class=\" size-full wp-image-11282\" style=\"display: block; margin-left: auto; margin-right: auto;\" src=\"https:\/\/hijasdejesus.org\/wp-content\/uploads\/2021\/10\/5_The_Altar.jpg\" alt=\"\" width=\"800\" height=\"600\" \/><\/p>\n<p style=\"text-align: center;\">\u00a0<\/p>\n<p>\u00a0<img loading=\"lazy\" decoding=\"async\" class=\" size-full wp-image-11284\" style=\"display: block; margin-left: auto; margin-right: auto;\" src=\"https:\/\/hijasdejesus.org\/wp-content\/uploads\/2021\/10\/6_Most_Reverend_Bishop_Reynaldo_Evangelista.jpg\" alt=\"\" width=\"800\" height=\"600\" \/><\/p>\n<p style=\"text-align: center;\">\u00a0<\/p>\n<p><img loading=\"lazy\" decoding=\"async\" class=\" size-full wp-image-11286\" style=\"display: block; margin-left: auto; margin-right: auto;\" src=\"https:\/\/hijasdejesus.org\/wp-content\/uploads\/2021\/10\/7_The_Processional_of_Concelebrants.jpg\" alt=\"\" width=\"800\" height=\"600\" \/><\/p>\n<p style=\"text-align: center;\">\u00a0<\/p>\n<p><img loading=\"lazy\" decoding=\"async\" class=\" size-full wp-image-11288\" style=\"display: block; margin-left: auto; margin-right: auto;\" src=\"https:\/\/hijasdejesus.org\/wp-content\/uploads\/2021\/10\/8_Offerttory_Procession.jpg\" alt=\"\" width=\"800\" height=\"600\" \/><\/p>\n<p style=\"text-align: center;\">\u00a0<\/p>\n<p><img loading=\"lazy\" decoding=\"async\" class=\" size-full wp-image-11290\" style=\"display: block; margin-left: auto; margin-right: auto;\" src=\"https:\/\/hijasdejesus.org\/wp-content\/uploads\/2021\/10\/9_The_Parishioners_and_the_Sisters.jpg\" alt=\"\" width=\"801\" height=\"601\" \/><\/p>\n<p style=\"text-align: center;\">\u00a0<\/p>\n<p><img loading=\"lazy\" decoding=\"async\" class=\" size-full wp-image-11292\" style=\"display: block; margin-left: auto; margin-right: auto;\" src=\"https:\/\/hijasdejesus.org\/wp-content\/uploads\/2021\/10\/9a_The_Declaration_and_Installation.jpg\" alt=\"\" width=\"800\" height=\"600\" \/><\/p>\n<p style=\"text-align: center;\">\u00a0<\/p>\n<p><img loading=\"lazy\" decoding=\"async\" class=\" size-full wp-image-11294\" style=\"display: block; margin-left: auto; margin-right: auto;\" src=\"https:\/\/hijasdejesus.org\/wp-content\/uploads\/2021\/10\/11aIncensation_of_the_statue_of_Mother_Candida_and_Singing_of_Clara_Estrella.jpg\" alt=\"\" width=\"800\" height=\"600\" \/><\/p>\n<p style=\"text-align: center;\">\u00a0<\/p>\n<p style=\"text-align: center;\"><em><img loading=\"lazy\" decoding=\"async\" class=\" size-full wp-image-11296\" src=\"https:\/\/hijasdejesus.org\/wp-content\/uploads\/2021\/10\/11_The_Incensation_of_the_Statue_of_Mother_Candida_while_singing_Clara_Estrella.jpg\" alt=\"\" width=\"801\" height=\"601\" \/><\/em><\/p>\n<p style=\"text-align: center;\">\u00a0<\/p>\n<p><img loading=\"lazy\" decoding=\"async\" class=\" size-full wp-image-11298\" style=\"display: block; margin-left: auto; margin-right: auto;\" src=\"https:\/\/hijasdejesus.org\/wp-content\/uploads\/2021\/10\/12_The_Bishop_with_all_concelebrants_of_the_Diocese_of_Imus.jpg\" alt=\"\" width=\"800\" height=\"600\" \/><\/p>\n<p style=\"text-align: center;\">\u00a0<\/p>\n<p>\u00a0<\/p>\n<p><img loading=\"lazy\" decoding=\"async\" class=\" size-full wp-image-11300\" style=\"display: block; margin-left: auto; margin-right: auto;\" src=\"https:\/\/hijasdejesus.org\/wp-content\/uploads\/2021\/10\/14_The_Bishop_Fr_Joseph_and_Sr_Lynn_and_Sisters_and_Lay_from_Manresa_School.jpg\" alt=\"\" width=\"800\" height=\"600\" \/><\/p>\n<p style=\"text-align: center;\">\u00a0<\/p>\n<p><img loading=\"lazy\" decoding=\"async\" class=\" size-full wp-image-11302\" style=\"display: block; margin-left: auto; margin-right: auto;\" src=\"https:\/\/hijasdejesus.org\/wp-content\/uploads\/2021\/10\/15_The_Choir.jpg\" alt=\"\" width=\"800\" height=\"600\" \/><\/p>\n<p style=\"text-align: center;\">\u00a0<\/p>\n<p style=\"text-align: center;\"><img loading=\"lazy\" decoding=\"async\" class=\" size-full wp-image-11304\" style=\"display: block; margin-left: auto; margin-right: auto;\" src=\"https:\/\/hijasdejesus.org\/wp-content\/uploads\/2021\/10\/16_The_Communion.jpg\" alt=\"\" width=\"800\" height=\"600\" \/><\/p>\n<p style=\"text-align: center;\">\u00a0<\/p>\n<p><img loading=\"lazy\" decoding=\"async\" class=\" size-full wp-image-11306\" style=\"display: block; margin-left: auto; margin-right: auto;\" src=\"https:\/\/hijasdejesus.org\/wp-content\/uploads\/2021\/10\/17_Young_leaders_of_St_Candida_Parish_and_lovers_of_Mother_Candida.jpg\" alt=\"\" width=\"800\" height=\"600\" \/><\/p>\n<p style=\"text-align: center;\">\u00a0<\/p>\n","protected":false},"excerpt":{"rendered":"<p>DECLARATION OF ST. CANDIDA MARIA DE JESUS PARISH IN CIUDAD NUEVO, NAIC CAVITE October 18, 2021, marked a memorable and significant event in the history of the Hijas de Jesus Congregation in the Philippines and a day of thanksgiving and rejoicing among the people of Ciudad Nuevo, Naic Cavite: a day when St. Candida Maria [&hellip;]<\/p>\n","protected":false},"author":28,"featured_media":11270,"comment_status":"closed","ping_status":"closed","sticky":false,"template":"","format":"standard","meta":{"_et_pb_use_builder":"","_et_pb_old_content":"","_et_gb_content_width":"","footnotes":"","_links_to":"","_links_to_target":""},"categories":[532,554,412],"tags":[789],"class_list":["post-29642","post","type-post","status-publish","format-standard","has-post-thumbnail","hentry","category-church","category-indico-pacific","category-news","tag-saint-candida"],"yoast_head":"<!-- This site is optimized with the Yoast SEO plugin v27.4 - https:\/\/yoast.com\/product\/yoast-seo-wordpress\/ -->\n<title>St. Candida Maria de Jesus Parish - Hijas de Jes\u00fas<\/title>\n<meta name=\"robots\" content=\"index, follow, max-snippet:-1, max-image-preview:large, max-video-preview:-1\" \/>\n<link rel=\"canonical\" href=\"https:\/\/hijasdejesus.org\/en\/st-candida-maria-de-jesus-parish\/\" \/>\n<meta property=\"og:locale\" content=\"en_US\" \/>\n<meta property=\"og:type\" content=\"article\" \/>\n<meta property=\"og:title\" content=\"St. Candida Maria de Jesus Parish - Hijas de Jes\u00fas\" \/>\n<meta property=\"og:description\" content=\"DECLARATION OF ST. CANDIDA MARIA DE JESUS PARISH IN CIUDAD NUEVO, NAIC CAVITE October 18, 2021, marked a memorable and significant event in the history of the Hijas de Jesus Congregation in the Philippines and a day of thanksgiving and rejoicing among the people of Ciudad Nuevo, Naic Cavite: a day when St. Candida Maria [&hellip;]\" \/>\n<meta property=\"og:url\" content=\"https:\/\/hijasdejesus.org\/en\/st-candida-maria-de-jesus-parish\/\" \/>\n<meta property=\"og:site_name\" content=\"Hijas de Jes\u00fas\" \/>\n<meta property=\"article:publisher\" content=\"https:\/\/www.facebook.com\/hijasdejesusenelmundo\/\" \/>\n<meta property=\"article:published_time\" content=\"2021-10-22T18:11:54+00:00\" \/>\n<meta property=\"og:image\" content=\"https:\/\/hijasdejesus.org\/wp-content\/uploads\/2021\/10\/Parroquia_de_Sta_Cndida_-_Cabecera2.jpg\" \/>\n\t<meta property=\"og:image:width\" content=\"2000\" \/>\n\t<meta property=\"og:image:height\" content=\"647\" \/>\n\t<meta property=\"og:image:type\" content=\"image\/jpeg\" \/>\n<meta name=\"author\" content=\"Webmaster\" \/>\n<meta name=\"twitter:card\" content=\"summary_large_image\" \/>\n<meta name=\"twitter:creator\" content=\"@hijasdjesus\" \/>\n<meta name=\"twitter:site\" content=\"@hijasdjesus\" \/>\n<meta name=\"twitter:label1\" content=\"Written by\" \/>\n\t<meta name=\"twitter:data1\" content=\"Webmaster\" \/>\n\t<meta name=\"twitter:label2\" content=\"Est. reading time\" \/>\n\t<meta name=\"twitter:data2\" content=\"2 minutes\" \/>\n<script type=\"application\/ld+json\" class=\"yoast-schema-graph\">{\"@context\":\"https:\\\/\\\/schema.org\",\"@graph\":[{\"@type\":\"Article\",\"@id\":\"https:\\\/\\\/hijasdejesus.org\\\/en\\\/st-candida-maria-de-jesus-parish\\\/#article\",\"isPartOf\":{\"@id\":\"https:\\\/\\\/hijasdejesus.org\\\/en\\\/st-candida-maria-de-jesus-parish\\\/\"},\"author\":{\"name\":\"Webmaster\",\"@id\":\"https:\\\/\\\/hijasdejesus.org\\\/en\\\/#\\\/schema\\\/person\\\/ce4455965da733f2791f23b6ec14e9b6\"},\"headline\":\"St. Candida Maria de Jesus Parish\",\"datePublished\":\"2021-10-22T18:11:54+00:00\",\"mainEntityOfPage\":{\"@id\":\"https:\\\/\\\/hijasdejesus.org\\\/en\\\/st-candida-maria-de-jesus-parish\\\/\"},\"wordCount\":393,\"publisher\":{\"@id\":\"https:\\\/\\\/hijasdejesus.org\\\/en\\\/#organization\"},\"image\":{\"@id\":\"https:\\\/\\\/hijasdejesus.org\\\/en\\\/st-candida-maria-de-jesus-parish\\\/#primaryimage\"},\"thumbnailUrl\":\"https:\\\/\\\/hijasdejesus.org\\\/wp-content\\\/uploads\\\/2021\\\/10\\\/Parroquia_de_Sta_Cndida_-_Cabecera2.jpg\",\"keywords\":[\"Saint Candida\"],\"articleSection\":[\"Church\",\"Indico-Pacific\",\"News\"],\"inLanguage\":\"en-US\"},{\"@type\":\"WebPage\",\"@id\":\"https:\\\/\\\/hijasdejesus.org\\\/en\\\/st-candida-maria-de-jesus-parish\\\/\",\"url\":\"https:\\\/\\\/hijasdejesus.org\\\/en\\\/st-candida-maria-de-jesus-parish\\\/\",\"name\":\"St. Candida Maria de Jesus Parish - Hijas de Jes\u00fas\",\"isPartOf\":{\"@id\":\"https:\\\/\\\/hijasdejesus.org\\\/en\\\/#website\"},\"primaryImageOfPage\":{\"@id\":\"https:\\\/\\\/hijasdejesus.org\\\/en\\\/st-candida-maria-de-jesus-parish\\\/#primaryimage\"},\"image\":{\"@id\":\"https:\\\/\\\/hijasdejesus.org\\\/en\\\/st-candida-maria-de-jesus-parish\\\/#primaryimage\"},\"thumbnailUrl\":\"https:\\\/\\\/hijasdejesus.org\\\/wp-content\\\/uploads\\\/2021\\\/10\\\/Parroquia_de_Sta_Cndida_-_Cabecera2.jpg\",\"datePublished\":\"2021-10-22T18:11:54+00:00\",\"breadcrumb\":{\"@id\":\"https:\\\/\\\/hijasdejesus.org\\\/en\\\/st-candida-maria-de-jesus-parish\\\/#breadcrumb\"},\"inLanguage\":\"en-US\",\"potentialAction\":[{\"@type\":\"ReadAction\",\"target\":[\"https:\\\/\\\/hijasdejesus.org\\\/en\\\/st-candida-maria-de-jesus-parish\\\/\"]}]},{\"@type\":\"ImageObject\",\"inLanguage\":\"en-US\",\"@id\":\"https:\\\/\\\/hijasdejesus.org\\\/en\\\/st-candida-maria-de-jesus-parish\\\/#primaryimage\",\"url\":\"https:\\\/\\\/hijasdejesus.org\\\/wp-content\\\/uploads\\\/2021\\\/10\\\/Parroquia_de_Sta_Cndida_-_Cabecera2.jpg\",\"contentUrl\":\"https:\\\/\\\/hijasdejesus.org\\\/wp-content\\\/uploads\\\/2021\\\/10\\\/Parroquia_de_Sta_Cndida_-_Cabecera2.jpg\",\"width\":2000,\"height\":647},{\"@type\":\"BreadcrumbList\",\"@id\":\"https:\\\/\\\/hijasdejesus.org\\\/en\\\/st-candida-maria-de-jesus-parish\\\/#breadcrumb\",\"itemListElement\":[{\"@type\":\"ListItem\",\"position\":1,\"name\":\"Portada\",\"item\":\"https:\\\/\\\/hijasdejesus.org\\\/en\\\/\"},{\"@type\":\"ListItem\",\"position\":2,\"name\":\"St. Candida Maria de Jesus Parish\"}]},{\"@type\":\"WebSite\",\"@id\":\"https:\\\/\\\/hijasdejesus.org\\\/en\\\/#website\",\"url\":\"https:\\\/\\\/hijasdejesus.org\\\/en\\\/\",\"name\":\"Hijas de Jes\u00fas\",\"description\":\"Despertamos a Jes\u00fas en el coraz\u00f3n, sacando lo mejor de las personas. Somos una congregaci\u00f3n religiosa ignaciana fundada por la Madre Candida\",\"publisher\":{\"@id\":\"https:\\\/\\\/hijasdejesus.org\\\/en\\\/#organization\"},\"potentialAction\":[{\"@type\":\"SearchAction\",\"target\":{\"@type\":\"EntryPoint\",\"urlTemplate\":\"https:\\\/\\\/hijasdejesus.org\\\/en\\\/?s={search_term_string}\"},\"query-input\":{\"@type\":\"PropertyValueSpecification\",\"valueRequired\":true,\"valueName\":\"search_term_string\"}}],\"inLanguage\":\"en-US\"},{\"@type\":\"Organization\",\"@id\":\"https:\\\/\\\/hijasdejesus.org\\\/en\\\/#organization\",\"name\":\"Hijas de Jes\u00fas\",\"url\":\"https:\\\/\\\/hijasdejesus.org\\\/en\\\/\",\"logo\":{\"@type\":\"ImageObject\",\"inLanguage\":\"en-US\",\"@id\":\"https:\\\/\\\/hijasdejesus.org\\\/en\\\/#\\\/schema\\\/logo\\\/image\\\/\",\"url\":\"https:\\\/\\\/hijasdejesus.org\\\/wp-content\\\/uploads\\\/2023\\\/01\\\/Hijas-de-Jesus_hor-A7C957.png\",\"contentUrl\":\"https:\\\/\\\/hijasdejesus.org\\\/wp-content\\\/uploads\\\/2023\\\/01\\\/Hijas-de-Jesus_hor-A7C957.png\",\"width\":700,\"height\":360,\"caption\":\"Hijas de Jes\u00fas\"},\"image\":{\"@id\":\"https:\\\/\\\/hijasdejesus.org\\\/en\\\/#\\\/schema\\\/logo\\\/image\\\/\"},\"sameAs\":[\"https:\\\/\\\/www.facebook.com\\\/hijasdejesusenelmundo\\\/\",\"https:\\\/\\\/x.com\\\/hijasdjesus\"]},{\"@type\":\"Person\",\"@id\":\"https:\\\/\\\/hijasdejesus.org\\\/en\\\/#\\\/schema\\\/person\\\/ce4455965da733f2791f23b6ec14e9b6\",\"name\":\"Webmaster\",\"image\":{\"@type\":\"ImageObject\",\"inLanguage\":\"en-US\",\"@id\":\"https:\\\/\\\/secure.gravatar.com\\\/avatar\\\/cfd0acaac86c3981d541d2e99a0ffb7b6d33a5ac8989a62f5518b9e0f7ee128a?s=96&d=mm&r=g\",\"url\":\"https:\\\/\\\/secure.gravatar.com\\\/avatar\\\/cfd0acaac86c3981d541d2e99a0ffb7b6d33a5ac8989a62f5518b9e0f7ee128a?s=96&d=mm&r=g\",\"contentUrl\":\"https:\\\/\\\/secure.gravatar.com\\\/avatar\\\/cfd0acaac86c3981d541d2e99a0ffb7b6d33a5ac8989a62f5518b9e0f7ee128a?s=96&d=mm&r=g\",\"caption\":\"Webmaster\"},\"url\":\"https:\\\/\\\/hijasdejesus.org\\\/en\\\/author\\\/webmaster\\\/\"}]}<\/script>\n<!-- \/ Yoast SEO plugin. -->","yoast_head_json":{"title":"St. Candida Maria de Jesus Parish - Hijas de Jes\u00fas","robots":{"index":"index","follow":"follow","max-snippet":"max-snippet:-1","max-image-preview":"max-image-preview:large","max-video-preview":"max-video-preview:-1"},"canonical":"https:\/\/hijasdejesus.org\/en\/st-candida-maria-de-jesus-parish\/","og_locale":"en_US","og_type":"article","og_title":"St. Candida Maria de Jesus Parish - Hijas de Jes\u00fas","og_description":"DECLARATION OF ST. CANDIDA MARIA DE JESUS PARISH IN CIUDAD NUEVO, NAIC CAVITE October 18, 2021, marked a memorable and significant event in the history of the Hijas de Jesus Congregation in the Philippines and a day of thanksgiving and rejoicing among the people of Ciudad Nuevo, Naic Cavite: a day when St. Candida Maria [&hellip;]","og_url":"https:\/\/hijasdejesus.org\/en\/st-candida-maria-de-jesus-parish\/","og_site_name":"Hijas de Jes\u00fas","article_publisher":"https:\/\/www.facebook.com\/hijasdejesusenelmundo\/","article_published_time":"2021-10-22T18:11:54+00:00","og_image":[{"width":2000,"height":647,"url":"https:\/\/hijasdejesus.org\/wp-content\/uploads\/2021\/10\/Parroquia_de_Sta_Cndida_-_Cabecera2.jpg","type":"image\/jpeg"}],"author":"Webmaster","twitter_card":"summary_large_image","twitter_creator":"@hijasdjesus","twitter_site":"@hijasdjesus","twitter_misc":{"Written by":"Webmaster","Est. reading time":"2 minutes"},"schema":{"@context":"https:\/\/schema.org","@graph":[{"@type":"Article","@id":"https:\/\/hijasdejesus.org\/en\/st-candida-maria-de-jesus-parish\/#article","isPartOf":{"@id":"https:\/\/hijasdejesus.org\/en\/st-candida-maria-de-jesus-parish\/"},"author":{"name":"Webmaster","@id":"https:\/\/hijasdejesus.org\/en\/#\/schema\/person\/ce4455965da733f2791f23b6ec14e9b6"},"headline":"St. Candida Maria de Jesus Parish","datePublished":"2021-10-22T18:11:54+00:00","mainEntityOfPage":{"@id":"https:\/\/hijasdejesus.org\/en\/st-candida-maria-de-jesus-parish\/"},"wordCount":393,"publisher":{"@id":"https:\/\/hijasdejesus.org\/en\/#organization"},"image":{"@id":"https:\/\/hijasdejesus.org\/en\/st-candida-maria-de-jesus-parish\/#primaryimage"},"thumbnailUrl":"https:\/\/hijasdejesus.org\/wp-content\/uploads\/2021\/10\/Parroquia_de_Sta_Cndida_-_Cabecera2.jpg","keywords":["Saint Candida"],"articleSection":["Church","Indico-Pacific","News"],"inLanguage":"en-US"},{"@type":"WebPage","@id":"https:\/\/hijasdejesus.org\/en\/st-candida-maria-de-jesus-parish\/","url":"https:\/\/hijasdejesus.org\/en\/st-candida-maria-de-jesus-parish\/","name":"St. Candida Maria de Jesus Parish - Hijas de Jes\u00fas","isPartOf":{"@id":"https:\/\/hijasdejesus.org\/en\/#website"},"primaryImageOfPage":{"@id":"https:\/\/hijasdejesus.org\/en\/st-candida-maria-de-jesus-parish\/#primaryimage"},"image":{"@id":"https:\/\/hijasdejesus.org\/en\/st-candida-maria-de-jesus-parish\/#primaryimage"},"thumbnailUrl":"https:\/\/hijasdejesus.org\/wp-content\/uploads\/2021\/10\/Parroquia_de_Sta_Cndida_-_Cabecera2.jpg","datePublished":"2021-10-22T18:11:54+00:00","breadcrumb":{"@id":"https:\/\/hijasdejesus.org\/en\/st-candida-maria-de-jesus-parish\/#breadcrumb"},"inLanguage":"en-US","potentialAction":[{"@type":"ReadAction","target":["https:\/\/hijasdejesus.org\/en\/st-candida-maria-de-jesus-parish\/"]}]},{"@type":"ImageObject","inLanguage":"en-US","@id":"https:\/\/hijasdejesus.org\/en\/st-candida-maria-de-jesus-parish\/#primaryimage","url":"https:\/\/hijasdejesus.org\/wp-content\/uploads\/2021\/10\/Parroquia_de_Sta_Cndida_-_Cabecera2.jpg","contentUrl":"https:\/\/hijasdejesus.org\/wp-content\/uploads\/2021\/10\/Parroquia_de_Sta_Cndida_-_Cabecera2.jpg","width":2000,"height":647},{"@type":"BreadcrumbList","@id":"https:\/\/hijasdejesus.org\/en\/st-candida-maria-de-jesus-parish\/#breadcrumb","itemListElement":[{"@type":"ListItem","position":1,"name":"Portada","item":"https:\/\/hijasdejesus.org\/en\/"},{"@type":"ListItem","position":2,"name":"St. Candida Maria de Jesus Parish"}]},{"@type":"WebSite","@id":"https:\/\/hijasdejesus.org\/en\/#website","url":"https:\/\/hijasdejesus.org\/en\/","name":"Hijas de Jes\u00fas","description":"Despertamos a Jes\u00fas en el coraz\u00f3n, sacando lo mejor de las personas. Somos una congregaci\u00f3n religiosa ignaciana fundada por la Madre Candida","publisher":{"@id":"https:\/\/hijasdejesus.org\/en\/#organization"},"potentialAction":[{"@type":"SearchAction","target":{"@type":"EntryPoint","urlTemplate":"https:\/\/hijasdejesus.org\/en\/?s={search_term_string}"},"query-input":{"@type":"PropertyValueSpecification","valueRequired":true,"valueName":"search_term_string"}}],"inLanguage":"en-US"},{"@type":"Organization","@id":"https:\/\/hijasdejesus.org\/en\/#organization","name":"Hijas de Jes\u00fas","url":"https:\/\/hijasdejesus.org\/en\/","logo":{"@type":"ImageObject","inLanguage":"en-US","@id":"https:\/\/hijasdejesus.org\/en\/#\/schema\/logo\/image\/","url":"https:\/\/hijasdejesus.org\/wp-content\/uploads\/2023\/01\/Hijas-de-Jesus_hor-A7C957.png","contentUrl":"https:\/\/hijasdejesus.org\/wp-content\/uploads\/2023\/01\/Hijas-de-Jesus_hor-A7C957.png","width":700,"height":360,"caption":"Hijas de Jes\u00fas"},"image":{"@id":"https:\/\/hijasdejesus.org\/en\/#\/schema\/logo\/image\/"},"sameAs":["https:\/\/www.facebook.com\/hijasdejesusenelmundo\/","https:\/\/x.com\/hijasdjesus"]},{"@type":"Person","@id":"https:\/\/hijasdejesus.org\/en\/#\/schema\/person\/ce4455965da733f2791f23b6ec14e9b6","name":"Webmaster","image":{"@type":"ImageObject","inLanguage":"en-US","@id":"https:\/\/secure.gravatar.com\/avatar\/cfd0acaac86c3981d541d2e99a0ffb7b6d33a5ac8989a62f5518b9e0f7ee128a?s=96&d=mm&r=g","url":"https:\/\/secure.gravatar.com\/avatar\/cfd0acaac86c3981d541d2e99a0ffb7b6d33a5ac8989a62f5518b9e0f7ee128a?s=96&d=mm&r=g","contentUrl":"https:\/\/secure.gravatar.com\/avatar\/cfd0acaac86c3981d541d2e99a0ffb7b6d33a5ac8989a62f5518b9e0f7ee128a?s=96&d=mm&r=g","caption":"Webmaster"},"url":"https:\/\/hijasdejesus.org\/en\/author\/webmaster\/"}]}},"_links":{"self":[{"href":"https:\/\/hijasdejesus.org\/en\/wp-json\/wp\/v2\/posts\/29642","targetHints":{"allow":["GET"]}}],"collection":[{"href":"https:\/\/hijasdejesus.org\/en\/wp-json\/wp\/v2\/posts"}],"about":[{"href":"https:\/\/hijasdejesus.org\/en\/wp-json\/wp\/v2\/types\/post"}],"author":[{"embeddable":true,"href":"https:\/\/hijasdejesus.org\/en\/wp-json\/wp\/v2\/users\/28"}],"replies":[{"embeddable":true,"href":"https:\/\/hijasdejesus.org\/en\/wp-json\/wp\/v2\/comments?post=29642"}],"version-history":[{"count":0,"href":"https:\/\/hijasdejesus.org\/en\/wp-json\/wp\/v2\/posts\/29642\/revisions"}],"wp:featuredmedia":[{"embeddable":true,"href":"https:\/\/hijasdejesus.org\/en\/wp-json\/wp\/v2\/media\/11270"}],"wp:attachment":[{"href":"https:\/\/hijasdejesus.org\/en\/wp-json\/wp\/v2\/media?parent=29642"}],"wp:term":[{"taxonomy":"category","embeddable":true,"href":"https:\/\/hijasdejesus.org\/en\/wp-json\/wp\/v2\/categories?post=29642"},{"taxonomy":"post_tag","embeddable":true,"href":"https:\/\/hijasdejesus.org\/en\/wp-json\/wp\/v2\/tags?post=29642"}],"curies":[{"name":"wp","href":"https:\/\/api.w.org\/{rel}","templated":true}]}}