{"id":29660,"date":"2021-11-23T04:30:37","date_gmt":"2021-11-23T03:30:37","guid":{"rendered":"https:\/\/nueva.hijasdejesus.org\/build-the-compact-on-education\/"},"modified":"2021-11-23T04:30:37","modified_gmt":"2021-11-23T03:30:37","slug":"build-the-compact-on-education","status":"publish","type":"post","link":"https:\/\/hijasdejesus.org\/en\/build-the-compact-on-education\/","title":{"rendered":"Build the Compact on Education"},"content":{"rendered":"<\/p>\n<p>A little over a month ago we enjoyed the joy of <strong>meeting many educators from the School of M. Candida.<\/strong> It was the \u00a0<a href=\"index.php?option=com_content&amp;view=article&amp;id=2282;educators-meeting-150fi&amp;catid=13&amp;Itemid=142&amp;lang=en\">ninth of October<\/a><\/p>\n<p>Within the celebration of this 150th anniversary of the founding of the Congregation, <strong>we began the response to the sixth Call in Apostolic Action.<\/strong> The\u00a0<strong>confluence<\/strong> of this call\u00a0<strong>with\u00a0<\/strong>the Global <a href=\"index.php?option=com_content&amp;view=article&amp;id=1923;for-a-global-educational-pact&amp;catid=13&amp;Itemid=142&amp;lang=en\">Educational Compact<\/a>\u00a0is undeniable.<\/p>\n<p>With the desire to continue taking steps in the creation of networks, in a dynamism &#8220;from the local to the global&#8221;, <strong>the Guide of the Pact was sent to the<\/strong> Educational Centers according to Mother Candida\u2019s way of educating.<\/p>\n<p>It&#8217;s exciting to send this<strong> &#8220;personalized&#8221; Guide<\/strong> \u00a0(courtesy of <strong>\u00a0SM).<\/strong> It carries our \u00a0J<em>esus\u00a0<\/em>and a few words from Graciela on the back cover. To the end that it reaches the Educational Centers through the person of the Director\/tress and the Legal Representative or REC.<\/p>\n<p>The Guide has been sent in Spanish, English, and Portuguese. The OIEC (International Catholic Education Bureau) is translating it into Chinese.<\/p>\n<p>We feel deeply <strong>church that evangelizes from the educational centers.<\/strong><\/p>\n<p style=\"text-align: center;\">Download the PEG guide in <a href=\"index.php?option=com_jdownloads&amp;task=download.send&amp;id=1071&amp;catid=7&amp;m=0&amp;Itemid=121&amp;lang=es\">SPANISH,<\/a> \u00a0<a href=\"index.php?option=com_jdownloads&amp;task=download.send&amp;id=1073&amp;catid=7&amp;m=0&amp;Itemid=121&amp;lang=es\">ENGLISH<\/a>, or \u00a0<a href=\"index.php?option=com_jdownloads&amp;task=download.send&amp;id=1072&amp;catid=7&amp;m=0&amp;Itemid=121&amp;lang=es\">PORTUGUESE.<\/a><\/p>\n<p style=\"font-weight: 400; text-align: left;\">\u00a0<\/p>\n<table style=\"margin-left: auto; margin-right: auto;\">\n<tbody>\n<tr>\n<td><a href=\"index.php?option=com_jdownloads&amp;task=download.send&amp;id=1071&amp;catid=7&amp;m=0&amp;Itemid=121&amp;lang=es\"><img loading=\"lazy\" decoding=\"async\" class=\" size-full wp-image-11382\" style=\"display: block; margin-left: auto; margin-right: auto;\" src=\"https:\/\/hijasdejesus.org\/wp-content\/uploads\/2021\/11\/PEG_-_SM_-_ESP.jpg\" alt=\"\" width=\"230\" height=\"313\" \/><\/a><\/td>\n<td style=\"text-align: center;\"><a href=\"index.php?option=com_jdownloads&amp;task=download.send&amp;id=1073&amp;catid=7&amp;m=0&amp;Itemid=121&amp;lang=es\"><img loading=\"lazy\" decoding=\"async\" class=\" size-full wp-image-11384\" style=\"display: block; margin-left: auto; margin-right: auto;\" src=\"https:\/\/hijasdejesus.org\/wp-content\/uploads\/2021\/11\/PEG_-_SM_-_GB.jpg\" alt=\"\" width=\"231\" height=\"313\" \/><\/a><\/td>\n<td style=\"text-align: center;\"><a href=\"index.php?option=com_jdownloads&amp;task=download.send&amp;id=1072&amp;catid=7&amp;m=0&amp;Itemid=121&amp;lang=es\"><img loading=\"lazy\" decoding=\"async\" class=\" size-full wp-image-11386\" style=\"display: block; margin-left: auto; margin-right: auto;\" src=\"https:\/\/hijasdejesus.org\/wp-content\/uploads\/2021\/11\/PEG_-_SM_-_PT.jpg\" alt=\"\" width=\"234\" height=\"314\" srcset=\"https:\/\/hijasdejesus.org\/wp-content\/uploads\/2021\/11\/PEG_-_SM_-_PT.jpg 459w, https:\/\/hijasdejesus.org\/wp-content\/uploads\/2021\/11\/PEG_-_SM_-_PT-224x300.jpg 224w\" sizes=\"(max-width: 234px) 100vw, 234px\" \/><\/a><\/td>\n<\/tr>\n<\/tbody>\n<\/table>\n","protected":false},"excerpt":{"rendered":"<p>A little over a month ago we enjoyed the joy of meeting many educators from the School of M. Candida. It was the \u00a0ninth of October Within the celebration of this 150th anniversary of the founding of the Congregation, we began the response to the sixth Call in Apostolic Action. The\u00a0confluence of this call\u00a0with\u00a0the Global [&hellip;]<\/p>\n","protected":false},"author":28,"featured_media":11380,"comment_status":"closed","ping_status":"closed","sticky":false,"template":"","format":"standard","meta":{"_et_pb_use_builder":"","_et_pb_old_content":"","_et_gb_content_width":"","footnotes":"","_links_to":"","_links_to_target":""},"categories":[532,516,412],"tags":[739,803],"class_list":["post-29660","post","type-post","status-publish","format-standard","has-post-thumbnail","hentry","category-church","category-education","category-news","tag-pacto-educativo-global-en","tag-pope-francis"],"yoast_head":"<!-- This site is optimized with the Yoast SEO plugin v27.5 - https:\/\/yoast.com\/product\/yoast-seo-wordpress\/ -->\n<title>Build the Compact on Education - Hijas de Jes\u00fas<\/title>\n<meta name=\"robots\" content=\"index, follow, max-snippet:-1, max-image-preview:large, max-video-preview:-1\" \/>\n<link rel=\"canonical\" href=\"https:\/\/hijasdejesus.org\/en\/build-the-compact-on-education\/\" \/>\n<meta property=\"og:locale\" content=\"en_US\" \/>\n<meta property=\"og:type\" content=\"article\" \/>\n<meta property=\"og:title\" content=\"Build the Compact on Education - Hijas de Jes\u00fas\" \/>\n<meta property=\"og:description\" content=\"A little over a month ago we enjoyed the joy of meeting many educators from the School of M. Candida. It was the \u00a0ninth of October Within the celebration of this 150th anniversary of the founding of the Congregation, we began the response to the sixth Call in Apostolic Action. The\u00a0confluence of this call\u00a0with\u00a0the Global [&hellip;]\" \/>\n<meta property=\"og:url\" content=\"https:\/\/hijasdejesus.org\/en\/build-the-compact-on-education\/\" \/>\n<meta property=\"og:site_name\" content=\"Hijas de Jes\u00fas\" \/>\n<meta property=\"article:publisher\" content=\"https:\/\/www.facebook.com\/hijasdejesusenelmundo\/\" \/>\n<meta property=\"article:published_time\" content=\"2021-11-23T03:30:37+00:00\" \/>\n<meta property=\"og:image\" content=\"https:\/\/hijasdejesus.org\/wp-content\/uploads\/2021\/11\/Gua_del_Pacto_EG_-_Cabecera.jpg\" \/>\n\t<meta property=\"og:image:width\" content=\"2000\" \/>\n\t<meta property=\"og:image:height\" content=\"647\" \/>\n\t<meta property=\"og:image:type\" content=\"image\/jpeg\" \/>\n<meta name=\"author\" content=\"Webmaster\" \/>\n<meta name=\"twitter:card\" content=\"summary_large_image\" \/>\n<meta name=\"twitter:creator\" content=\"@hijasdjesus\" \/>\n<meta name=\"twitter:site\" content=\"@hijasdjesus\" \/>\n<meta name=\"twitter:label1\" content=\"Written by\" \/>\n\t<meta name=\"twitter:data1\" content=\"Webmaster\" \/>\n\t<meta name=\"twitter:label2\" content=\"Est. reading time\" \/>\n\t<meta name=\"twitter:data2\" content=\"1 minute\" \/>\n<script type=\"application\/ld+json\" class=\"yoast-schema-graph\">{\"@context\":\"https:\\\/\\\/schema.org\",\"@graph\":[{\"@type\":\"Article\",\"@id\":\"https:\\\/\\\/hijasdejesus.org\\\/en\\\/build-the-compact-on-education\\\/#article\",\"isPartOf\":{\"@id\":\"https:\\\/\\\/hijasdejesus.org\\\/en\\\/build-the-compact-on-education\\\/\"},\"author\":{\"name\":\"Webmaster\",\"@id\":\"https:\\\/\\\/hijasdejesus.org\\\/en\\\/#\\\/schema\\\/person\\\/ce4455965da733f2791f23b6ec14e9b6\"},\"headline\":\"Build the Compact on Education\",\"datePublished\":\"2021-11-23T03:30:37+00:00\",\"mainEntityOfPage\":{\"@id\":\"https:\\\/\\\/hijasdejesus.org\\\/en\\\/build-the-compact-on-education\\\/\"},\"wordCount\":194,\"publisher\":{\"@id\":\"https:\\\/\\\/hijasdejesus.org\\\/en\\\/#organization\"},\"image\":{\"@id\":\"https:\\\/\\\/hijasdejesus.org\\\/en\\\/build-the-compact-on-education\\\/#primaryimage\"},\"thumbnailUrl\":\"https:\\\/\\\/hijasdejesus.org\\\/wp-content\\\/uploads\\\/2021\\\/11\\\/Gua_del_Pacto_EG_-_Cabecera.jpg\",\"keywords\":[\"Pacto Educativo Global\",\"Pope Francis\"],\"articleSection\":[\"Church\",\"Education\",\"News\"],\"inLanguage\":\"en-US\"},{\"@type\":\"WebPage\",\"@id\":\"https:\\\/\\\/hijasdejesus.org\\\/en\\\/build-the-compact-on-education\\\/\",\"url\":\"https:\\\/\\\/hijasdejesus.org\\\/en\\\/build-the-compact-on-education\\\/\",\"name\":\"Build the Compact on Education - Hijas de Jes\u00fas\",\"isPartOf\":{\"@id\":\"https:\\\/\\\/hijasdejesus.org\\\/en\\\/#website\"},\"primaryImageOfPage\":{\"@id\":\"https:\\\/\\\/hijasdejesus.org\\\/en\\\/build-the-compact-on-education\\\/#primaryimage\"},\"image\":{\"@id\":\"https:\\\/\\\/hijasdejesus.org\\\/en\\\/build-the-compact-on-education\\\/#primaryimage\"},\"thumbnailUrl\":\"https:\\\/\\\/hijasdejesus.org\\\/wp-content\\\/uploads\\\/2021\\\/11\\\/Gua_del_Pacto_EG_-_Cabecera.jpg\",\"datePublished\":\"2021-11-23T03:30:37+00:00\",\"breadcrumb\":{\"@id\":\"https:\\\/\\\/hijasdejesus.org\\\/en\\\/build-the-compact-on-education\\\/#breadcrumb\"},\"inLanguage\":\"en-US\",\"potentialAction\":[{\"@type\":\"ReadAction\",\"target\":[\"https:\\\/\\\/hijasdejesus.org\\\/en\\\/build-the-compact-on-education\\\/\"]}]},{\"@type\":\"ImageObject\",\"inLanguage\":\"en-US\",\"@id\":\"https:\\\/\\\/hijasdejesus.org\\\/en\\\/build-the-compact-on-education\\\/#primaryimage\",\"url\":\"https:\\\/\\\/hijasdejesus.org\\\/wp-content\\\/uploads\\\/2021\\\/11\\\/Gua_del_Pacto_EG_-_Cabecera.jpg\",\"contentUrl\":\"https:\\\/\\\/hijasdejesus.org\\\/wp-content\\\/uploads\\\/2021\\\/11\\\/Gua_del_Pacto_EG_-_Cabecera.jpg\",\"width\":2000,\"height\":647},{\"@type\":\"BreadcrumbList\",\"@id\":\"https:\\\/\\\/hijasdejesus.org\\\/en\\\/build-the-compact-on-education\\\/#breadcrumb\",\"itemListElement\":[{\"@type\":\"ListItem\",\"position\":1,\"name\":\"Portada\",\"item\":\"https:\\\/\\\/hijasdejesus.org\\\/en\\\/\"},{\"@type\":\"ListItem\",\"position\":2,\"name\":\"Build the Compact on Education\"}]},{\"@type\":\"WebSite\",\"@id\":\"https:\\\/\\\/hijasdejesus.org\\\/en\\\/#website\",\"url\":\"https:\\\/\\\/hijasdejesus.org\\\/en\\\/\",\"name\":\"Hijas de Jes\u00fas\",\"description\":\"Despertamos a Jes\u00fas en el coraz\u00f3n, sacando lo mejor de las personas. Somos una congregaci\u00f3n religiosa ignaciana fundada por la Madre Candida\",\"publisher\":{\"@id\":\"https:\\\/\\\/hijasdejesus.org\\\/en\\\/#organization\"},\"potentialAction\":[{\"@type\":\"SearchAction\",\"target\":{\"@type\":\"EntryPoint\",\"urlTemplate\":\"https:\\\/\\\/hijasdejesus.org\\\/en\\\/?s={search_term_string}\"},\"query-input\":{\"@type\":\"PropertyValueSpecification\",\"valueRequired\":true,\"valueName\":\"search_term_string\"}}],\"inLanguage\":\"en-US\"},{\"@type\":\"Organization\",\"@id\":\"https:\\\/\\\/hijasdejesus.org\\\/en\\\/#organization\",\"name\":\"Hijas de Jes\u00fas\",\"url\":\"https:\\\/\\\/hijasdejesus.org\\\/en\\\/\",\"logo\":{\"@type\":\"ImageObject\",\"inLanguage\":\"en-US\",\"@id\":\"https:\\\/\\\/hijasdejesus.org\\\/en\\\/#\\\/schema\\\/logo\\\/image\\\/\",\"url\":\"https:\\\/\\\/hijasdejesus.org\\\/wp-content\\\/uploads\\\/2023\\\/01\\\/Hijas-de-Jesus_hor-A7C957.png\",\"contentUrl\":\"https:\\\/\\\/hijasdejesus.org\\\/wp-content\\\/uploads\\\/2023\\\/01\\\/Hijas-de-Jesus_hor-A7C957.png\",\"width\":700,\"height\":360,\"caption\":\"Hijas de Jes\u00fas\"},\"image\":{\"@id\":\"https:\\\/\\\/hijasdejesus.org\\\/en\\\/#\\\/schema\\\/logo\\\/image\\\/\"},\"sameAs\":[\"https:\\\/\\\/www.facebook.com\\\/hijasdejesusenelmundo\\\/\",\"https:\\\/\\\/x.com\\\/hijasdjesus\"]},{\"@type\":\"Person\",\"@id\":\"https:\\\/\\\/hijasdejesus.org\\\/en\\\/#\\\/schema\\\/person\\\/ce4455965da733f2791f23b6ec14e9b6\",\"name\":\"Webmaster\",\"image\":{\"@type\":\"ImageObject\",\"inLanguage\":\"en-US\",\"@id\":\"https:\\\/\\\/secure.gravatar.com\\\/avatar\\\/cfd0acaac86c3981d541d2e99a0ffb7b6d33a5ac8989a62f5518b9e0f7ee128a?s=96&d=mm&r=g\",\"url\":\"https:\\\/\\\/secure.gravatar.com\\\/avatar\\\/cfd0acaac86c3981d541d2e99a0ffb7b6d33a5ac8989a62f5518b9e0f7ee128a?s=96&d=mm&r=g\",\"contentUrl\":\"https:\\\/\\\/secure.gravatar.com\\\/avatar\\\/cfd0acaac86c3981d541d2e99a0ffb7b6d33a5ac8989a62f5518b9e0f7ee128a?s=96&d=mm&r=g\",\"caption\":\"Webmaster\"},\"url\":\"https:\\\/\\\/hijasdejesus.org\\\/en\\\/author\\\/webmaster\\\/\"}]}<\/script>\n<!-- \/ Yoast SEO plugin. -->","yoast_head_json":{"title":"Build the Compact on Education - Hijas de Jes\u00fas","robots":{"index":"index","follow":"follow","max-snippet":"max-snippet:-1","max-image-preview":"max-image-preview:large","max-video-preview":"max-video-preview:-1"},"canonical":"https:\/\/hijasdejesus.org\/en\/build-the-compact-on-education\/","og_locale":"en_US","og_type":"article","og_title":"Build the Compact on Education - Hijas de Jes\u00fas","og_description":"A little over a month ago we enjoyed the joy of meeting many educators from the School of M. Candida. It was the \u00a0ninth of October Within the celebration of this 150th anniversary of the founding of the Congregation, we began the response to the sixth Call in Apostolic Action. The\u00a0confluence of this call\u00a0with\u00a0the Global [&hellip;]","og_url":"https:\/\/hijasdejesus.org\/en\/build-the-compact-on-education\/","og_site_name":"Hijas de Jes\u00fas","article_publisher":"https:\/\/www.facebook.com\/hijasdejesusenelmundo\/","article_published_time":"2021-11-23T03:30:37+00:00","og_image":[{"width":2000,"height":647,"url":"https:\/\/hijasdejesus.org\/wp-content\/uploads\/2021\/11\/Gua_del_Pacto_EG_-_Cabecera.jpg","type":"image\/jpeg"}],"author":"Webmaster","twitter_card":"summary_large_image","twitter_creator":"@hijasdjesus","twitter_site":"@hijasdjesus","twitter_misc":{"Written by":"Webmaster","Est. reading time":"1 minute"},"schema":{"@context":"https:\/\/schema.org","@graph":[{"@type":"Article","@id":"https:\/\/hijasdejesus.org\/en\/build-the-compact-on-education\/#article","isPartOf":{"@id":"https:\/\/hijasdejesus.org\/en\/build-the-compact-on-education\/"},"author":{"name":"Webmaster","@id":"https:\/\/hijasdejesus.org\/en\/#\/schema\/person\/ce4455965da733f2791f23b6ec14e9b6"},"headline":"Build the Compact on Education","datePublished":"2021-11-23T03:30:37+00:00","mainEntityOfPage":{"@id":"https:\/\/hijasdejesus.org\/en\/build-the-compact-on-education\/"},"wordCount":194,"publisher":{"@id":"https:\/\/hijasdejesus.org\/en\/#organization"},"image":{"@id":"https:\/\/hijasdejesus.org\/en\/build-the-compact-on-education\/#primaryimage"},"thumbnailUrl":"https:\/\/hijasdejesus.org\/wp-content\/uploads\/2021\/11\/Gua_del_Pacto_EG_-_Cabecera.jpg","keywords":["Pacto Educativo Global","Pope Francis"],"articleSection":["Church","Education","News"],"inLanguage":"en-US"},{"@type":"WebPage","@id":"https:\/\/hijasdejesus.org\/en\/build-the-compact-on-education\/","url":"https:\/\/hijasdejesus.org\/en\/build-the-compact-on-education\/","name":"Build the Compact on Education - Hijas de Jes\u00fas","isPartOf":{"@id":"https:\/\/hijasdejesus.org\/en\/#website"},"primaryImageOfPage":{"@id":"https:\/\/hijasdejesus.org\/en\/build-the-compact-on-education\/#primaryimage"},"image":{"@id":"https:\/\/hijasdejesus.org\/en\/build-the-compact-on-education\/#primaryimage"},"thumbnailUrl":"https:\/\/hijasdejesus.org\/wp-content\/uploads\/2021\/11\/Gua_del_Pacto_EG_-_Cabecera.jpg","datePublished":"2021-11-23T03:30:37+00:00","breadcrumb":{"@id":"https:\/\/hijasdejesus.org\/en\/build-the-compact-on-education\/#breadcrumb"},"inLanguage":"en-US","potentialAction":[{"@type":"ReadAction","target":["https:\/\/hijasdejesus.org\/en\/build-the-compact-on-education\/"]}]},{"@type":"ImageObject","inLanguage":"en-US","@id":"https:\/\/hijasdejesus.org\/en\/build-the-compact-on-education\/#primaryimage","url":"https:\/\/hijasdejesus.org\/wp-content\/uploads\/2021\/11\/Gua_del_Pacto_EG_-_Cabecera.jpg","contentUrl":"https:\/\/hijasdejesus.org\/wp-content\/uploads\/2021\/11\/Gua_del_Pacto_EG_-_Cabecera.jpg","width":2000,"height":647},{"@type":"BreadcrumbList","@id":"https:\/\/hijasdejesus.org\/en\/build-the-compact-on-education\/#breadcrumb","itemListElement":[{"@type":"ListItem","position":1,"name":"Portada","item":"https:\/\/hijasdejesus.org\/en\/"},{"@type":"ListItem","position":2,"name":"Build the Compact on Education"}]},{"@type":"WebSite","@id":"https:\/\/hijasdejesus.org\/en\/#website","url":"https:\/\/hijasdejesus.org\/en\/","name":"Hijas de Jes\u00fas","description":"Despertamos a Jes\u00fas en el coraz\u00f3n, sacando lo mejor de las personas. Somos una congregaci\u00f3n religiosa ignaciana fundada por la Madre Candida","publisher":{"@id":"https:\/\/hijasdejesus.org\/en\/#organization"},"potentialAction":[{"@type":"SearchAction","target":{"@type":"EntryPoint","urlTemplate":"https:\/\/hijasdejesus.org\/en\/?s={search_term_string}"},"query-input":{"@type":"PropertyValueSpecification","valueRequired":true,"valueName":"search_term_string"}}],"inLanguage":"en-US"},{"@type":"Organization","@id":"https:\/\/hijasdejesus.org\/en\/#organization","name":"Hijas de Jes\u00fas","url":"https:\/\/hijasdejesus.org\/en\/","logo":{"@type":"ImageObject","inLanguage":"en-US","@id":"https:\/\/hijasdejesus.org\/en\/#\/schema\/logo\/image\/","url":"https:\/\/hijasdejesus.org\/wp-content\/uploads\/2023\/01\/Hijas-de-Jesus_hor-A7C957.png","contentUrl":"https:\/\/hijasdejesus.org\/wp-content\/uploads\/2023\/01\/Hijas-de-Jesus_hor-A7C957.png","width":700,"height":360,"caption":"Hijas de Jes\u00fas"},"image":{"@id":"https:\/\/hijasdejesus.org\/en\/#\/schema\/logo\/image\/"},"sameAs":["https:\/\/www.facebook.com\/hijasdejesusenelmundo\/","https:\/\/x.com\/hijasdjesus"]},{"@type":"Person","@id":"https:\/\/hijasdejesus.org\/en\/#\/schema\/person\/ce4455965da733f2791f23b6ec14e9b6","name":"Webmaster","image":{"@type":"ImageObject","inLanguage":"en-US","@id":"https:\/\/secure.gravatar.com\/avatar\/cfd0acaac86c3981d541d2e99a0ffb7b6d33a5ac8989a62f5518b9e0f7ee128a?s=96&d=mm&r=g","url":"https:\/\/secure.gravatar.com\/avatar\/cfd0acaac86c3981d541d2e99a0ffb7b6d33a5ac8989a62f5518b9e0f7ee128a?s=96&d=mm&r=g","contentUrl":"https:\/\/secure.gravatar.com\/avatar\/cfd0acaac86c3981d541d2e99a0ffb7b6d33a5ac8989a62f5518b9e0f7ee128a?s=96&d=mm&r=g","caption":"Webmaster"},"url":"https:\/\/hijasdejesus.org\/en\/author\/webmaster\/"}]}},"_links":{"self":[{"href":"https:\/\/hijasdejesus.org\/en\/wp-json\/wp\/v2\/posts\/29660","targetHints":{"allow":["GET"]}}],"collection":[{"href":"https:\/\/hijasdejesus.org\/en\/wp-json\/wp\/v2\/posts"}],"about":[{"href":"https:\/\/hijasdejesus.org\/en\/wp-json\/wp\/v2\/types\/post"}],"author":[{"embeddable":true,"href":"https:\/\/hijasdejesus.org\/en\/wp-json\/wp\/v2\/users\/28"}],"replies":[{"embeddable":true,"href":"https:\/\/hijasdejesus.org\/en\/wp-json\/wp\/v2\/comments?post=29660"}],"version-history":[{"count":0,"href":"https:\/\/hijasdejesus.org\/en\/wp-json\/wp\/v2\/posts\/29660\/revisions"}],"wp:featuredmedia":[{"embeddable":true,"href":"https:\/\/hijasdejesus.org\/en\/wp-json\/wp\/v2\/media\/11380"}],"wp:attachment":[{"href":"https:\/\/hijasdejesus.org\/en\/wp-json\/wp\/v2\/media?parent=29660"}],"wp:term":[{"taxonomy":"category","embeddable":true,"href":"https:\/\/hijasdejesus.org\/en\/wp-json\/wp\/v2\/categories?post=29660"},{"taxonomy":"post_tag","embeddable":true,"href":"https:\/\/hijasdejesus.org\/en\/wp-json\/wp\/v2\/tags?post=29660"}],"curies":[{"name":"wp","href":"https:\/\/api.w.org\/{rel}","templated":true}]}}