{"id":29682,"date":"2021-12-09T04:29:21","date_gmt":"2021-12-09T03:29:21","guid":{"rendered":"https:\/\/nueva.hijasdejesus.org\/news-bulletin-of-the-province-of-brasil-caribe-n-20\/"},"modified":"2021-12-09T04:29:21","modified_gmt":"2021-12-09T03:29:21","slug":"news-bulletin-of-the-province-of-brasil-caribe-n-20","status":"publish","type":"post","link":"https:\/\/hijasdejesus.org\/en\/news-bulletin-of-the-province-of-brasil-caribe-n-20\/","title":{"rendered":"News Bulletin of the Province of Brasil-Caribe n\u00ba 20"},"content":{"rendered":"<\/p>\n<p>The 20th Newsletter of the Province of Brazil-Caribbean arrives full of mission experiences. Frequent communication between us, by this and other means, helps the Daughters of Jesus to maintain our interest in each other and to accompany us with prayer.<\/p>\n<p>Access the entire Bulletin <a href=\"index.php?option=com_jdownloads&amp;task=download.send&amp;id=1075&amp;catid=22&amp;m=0&amp;Itemid=121&amp;lang=es\">HERE. <\/a>\u00a0<\/p>\n<p>\u00a0<\/p>\n<p>1.\u00a0<a href=\"index.php?option=com_jdownloads&amp;task=download.send&amp;id=1075&amp;catid=22&amp;m=0&amp;Itemid=121&amp;lang=es\">ANNIVERSARY OF SJMR &#8211; MINAS GERAIS<\/a><\/p>\n<p>2.\u00a0<a href=\"index.php?option=com_jdownloads&amp;task=download.send&amp;id=1075&amp;catid=22&amp;m=0&amp;Itemid=121&amp;lang=es\">NEW GROUP OF INTERNALIZED VENEZUELANS ARRIVES IN BELO HORIZONTE<\/a><\/p>\n<p>3.\u00a0<a href=\"index.php?option=com_jdownloads&amp;task=download.send&amp;id=1075&amp;catid=22&amp;m=0&amp;Itemid=121&amp;lang=es\">CELEBRATION OF THE DAY OF SAN MART\u00cdN DE PORRES<\/a><\/p>\n<p>4.\u00a0<a href=\"index.php?option=com_jdownloads&amp;task=download.send&amp;id=1075&amp;catid=22&amp;m=0&amp;Itemid=121&amp;lang=es\">WEEK OF SOLIDARITY IN THE SOCIAL WORK AT \u00a0OUR LADY OF FATIMA<\/a><\/p>\n<p>5.\u00a0<a href=\"index.php?option=com_jdownloads&amp;task=download.send&amp;id=1075&amp;catid=22&amp;m=0&amp;Itemid=121&amp;lang=es\">COR CIRANDA PROJECT &#8211; ACTION<\/a><\/p>\n<p>6.\u00a0<a href=\"index.php?option=com_jdownloads&amp;task=download.send&amp;id=1075&amp;catid=22&amp;m=0&amp;Itemid=121&amp;lang=es\">THANK YOU FOR WHAT YOU HAVE LIVED AND WHAT YOU HAVE ACHIEVED<\/a><\/p>\n<p>7.\u00a0<a href=\"index.php?option=com_jdownloads&amp;task=download.send&amp;id=1075&amp;catid=22&amp;m=0&amp;Itemid=121&amp;lang=es\">SPIRITUAL EXERCISES IN THE HOLY TRINITY HOUSE<\/a><\/p>\n<p>8.\u00a0<a href=\"index.php?option=com_jdownloads&amp;task=download.send&amp;id=1075&amp;catid=22&amp;m=0&amp;Itemid=121&amp;lang=es\">EXERCISES BY<\/a> STAGES<\/p>\n<p>9.\u00a0<a href=\"index.php?option=com_jdownloads&amp;task=download.send&amp;id=1075&amp;catid=22&amp;m=0&amp;Itemid=121&amp;lang=es\">VISIT OF THE PROVINCIAL SUPERIOR TO THE DOMINICAN REPUBLIC<\/a><\/p>\n<p>10.\u00a0<a href=\"index.php?option=com_jdownloads&amp;task=download.send&amp;id=1075&amp;catid=22&amp;m=0&amp;Itemid=121&amp;lang=es\">FI VOCATIONAL ENCOUNTER<\/a><\/p>\n<p>11.\u00a0<a href=\"index.php?option=com_jdownloads&amp;task=download.send&amp;id=1075&amp;catid=22&amp;m=0&amp;Itemid=121&amp;lang=es\">GRATEFUL MEMORY<\/a><\/p>\n<p>12.\u00a0<a href=\"index.php?option=com_jdownloads&amp;task=download.send&amp;id=1075&amp;catid=22&amp;m=0&amp;Itemid=121&amp;lang=es\">PARTICIPATION IN CRB IN MONTES CLAROS<\/a><\/p>\n<p>13.\u00a0<a href=\"index.php?option=com_jdownloads&amp;task=download.send&amp;id=1075&amp;catid=22&amp;m=0&amp;Itemid=121&amp;lang=es\">ENCOUNTER: THE FACE OF FI YOUTH <\/a><\/p>\n<p>\u00a0<\/p>\n","protected":false},"excerpt":{"rendered":"<p>The 20th Newsletter of the Province of Brazil-Caribbean arrives full of mission experiences. Frequent communication between us, by this and other means, helps the Daughters of Jesus to maintain our interest in each other and to accompany us with prayer. Access the entire Bulletin HERE. \u00a0 \u00a0 1.\u00a0ANNIVERSARY OF SJMR &#8211; MINAS GERAIS 2.\u00a0NEW GROUP [&hellip;]<\/p>\n","protected":false},"author":28,"featured_media":11440,"comment_status":"closed","ping_status":"closed","sticky":false,"template":"","format":"standard","meta":{"_et_pb_use_builder":"","_et_pb_old_content":"","_et_gb_content_width":"","footnotes":"","_links_to":"","_links_to_target":""},"categories":[506,528,412],"tags":[],"class_list":["post-29682","post","type-post","status-publish","format-standard","has-post-thumbnail","hentry","category-brazil-caribbean","category-hijas-de-jesus-en","category-news"],"yoast_head":"<!-- This site is optimized with the Yoast SEO plugin v27.4 - https:\/\/yoast.com\/product\/yoast-seo-wordpress\/ -->\n<title>News Bulletin of the Province of Brasil-Caribe n\u00ba 20 - Hijas de Jes\u00fas<\/title>\n<meta name=\"robots\" content=\"index, follow, max-snippet:-1, max-image-preview:large, max-video-preview:-1\" \/>\n<link rel=\"canonical\" href=\"https:\/\/hijasdejesus.org\/en\/news-bulletin-of-the-province-of-brasil-caribe-n-20\/\" \/>\n<meta property=\"og:locale\" content=\"en_US\" \/>\n<meta property=\"og:type\" content=\"article\" \/>\n<meta property=\"og:title\" content=\"News Bulletin of the Province of Brasil-Caribe n\u00ba 20 - Hijas de Jes\u00fas\" \/>\n<meta property=\"og:description\" content=\"The 20th Newsletter of the Province of Brazil-Caribbean arrives full of mission experiences. Frequent communication between us, by this and other means, helps the Daughters of Jesus to maintain our interest in each other and to accompany us with prayer. Access the entire Bulletin HERE. \u00a0 \u00a0 1.\u00a0ANNIVERSARY OF SJMR &#8211; MINAS GERAIS 2.\u00a0NEW GROUP [&hellip;]\" \/>\n<meta property=\"og:url\" content=\"https:\/\/hijasdejesus.org\/en\/news-bulletin-of-the-province-of-brasil-caribe-n-20\/\" \/>\n<meta property=\"og:site_name\" content=\"Hijas de Jes\u00fas\" \/>\n<meta property=\"article:publisher\" content=\"https:\/\/www.facebook.com\/hijasdejesusenelmundo\/\" \/>\n<meta property=\"article:published_time\" content=\"2021-12-09T03:29:21+00:00\" \/>\n<meta property=\"og:image\" content=\"https:\/\/hijasdejesus.org\/wp-content\/uploads\/2021\/12\/Boletin_BC_20_Cabecera.jpg\" \/>\n\t<meta property=\"og:image:width\" content=\"1920\" \/>\n\t<meta property=\"og:image:height\" content=\"480\" \/>\n\t<meta property=\"og:image:type\" content=\"image\/jpeg\" \/>\n<meta name=\"author\" content=\"Webmaster\" \/>\n<meta name=\"twitter:card\" content=\"summary_large_image\" \/>\n<meta name=\"twitter:creator\" content=\"@hijasdjesus\" \/>\n<meta name=\"twitter:site\" content=\"@hijasdjesus\" \/>\n<meta name=\"twitter:label1\" content=\"Written by\" \/>\n\t<meta name=\"twitter:data1\" content=\"Webmaster\" \/>\n\t<meta name=\"twitter:label2\" content=\"Est. reading time\" \/>\n\t<meta name=\"twitter:data2\" content=\"1 minute\" \/>\n<script type=\"application\/ld+json\" class=\"yoast-schema-graph\">{\"@context\":\"https:\\\/\\\/schema.org\",\"@graph\":[{\"@type\":\"Article\",\"@id\":\"https:\\\/\\\/hijasdejesus.org\\\/en\\\/news-bulletin-of-the-province-of-brasil-caribe-n-20\\\/#article\",\"isPartOf\":{\"@id\":\"https:\\\/\\\/hijasdejesus.org\\\/en\\\/news-bulletin-of-the-province-of-brasil-caribe-n-20\\\/\"},\"author\":{\"name\":\"Webmaster\",\"@id\":\"https:\\\/\\\/hijasdejesus.org\\\/en\\\/#\\\/schema\\\/person\\\/ce4455965da733f2791f23b6ec14e9b6\"},\"headline\":\"News Bulletin of the Province of Brasil-Caribe n\u00ba 20\",\"datePublished\":\"2021-12-09T03:29:21+00:00\",\"mainEntityOfPage\":{\"@id\":\"https:\\\/\\\/hijasdejesus.org\\\/en\\\/news-bulletin-of-the-province-of-brasil-caribe-n-20\\\/\"},\"wordCount\":143,\"publisher\":{\"@id\":\"https:\\\/\\\/hijasdejesus.org\\\/en\\\/#organization\"},\"image\":{\"@id\":\"https:\\\/\\\/hijasdejesus.org\\\/en\\\/news-bulletin-of-the-province-of-brasil-caribe-n-20\\\/#primaryimage\"},\"thumbnailUrl\":\"https:\\\/\\\/hijasdejesus.org\\\/wp-content\\\/uploads\\\/2021\\\/12\\\/Boletin_BC_20_Cabecera.jpg\",\"articleSection\":[\"Brazil-Caribbean\",\"Hijas de Jes\u00fas\",\"News\"],\"inLanguage\":\"en-US\"},{\"@type\":\"WebPage\",\"@id\":\"https:\\\/\\\/hijasdejesus.org\\\/en\\\/news-bulletin-of-the-province-of-brasil-caribe-n-20\\\/\",\"url\":\"https:\\\/\\\/hijasdejesus.org\\\/en\\\/news-bulletin-of-the-province-of-brasil-caribe-n-20\\\/\",\"name\":\"News Bulletin of the Province of Brasil-Caribe n\u00ba 20 - Hijas de Jes\u00fas\",\"isPartOf\":{\"@id\":\"https:\\\/\\\/hijasdejesus.org\\\/en\\\/#website\"},\"primaryImageOfPage\":{\"@id\":\"https:\\\/\\\/hijasdejesus.org\\\/en\\\/news-bulletin-of-the-province-of-brasil-caribe-n-20\\\/#primaryimage\"},\"image\":{\"@id\":\"https:\\\/\\\/hijasdejesus.org\\\/en\\\/news-bulletin-of-the-province-of-brasil-caribe-n-20\\\/#primaryimage\"},\"thumbnailUrl\":\"https:\\\/\\\/hijasdejesus.org\\\/wp-content\\\/uploads\\\/2021\\\/12\\\/Boletin_BC_20_Cabecera.jpg\",\"datePublished\":\"2021-12-09T03:29:21+00:00\",\"breadcrumb\":{\"@id\":\"https:\\\/\\\/hijasdejesus.org\\\/en\\\/news-bulletin-of-the-province-of-brasil-caribe-n-20\\\/#breadcrumb\"},\"inLanguage\":\"en-US\",\"potentialAction\":[{\"@type\":\"ReadAction\",\"target\":[\"https:\\\/\\\/hijasdejesus.org\\\/en\\\/news-bulletin-of-the-province-of-brasil-caribe-n-20\\\/\"]}]},{\"@type\":\"ImageObject\",\"inLanguage\":\"en-US\",\"@id\":\"https:\\\/\\\/hijasdejesus.org\\\/en\\\/news-bulletin-of-the-province-of-brasil-caribe-n-20\\\/#primaryimage\",\"url\":\"https:\\\/\\\/hijasdejesus.org\\\/wp-content\\\/uploads\\\/2021\\\/12\\\/Boletin_BC_20_Cabecera.jpg\",\"contentUrl\":\"https:\\\/\\\/hijasdejesus.org\\\/wp-content\\\/uploads\\\/2021\\\/12\\\/Boletin_BC_20_Cabecera.jpg\",\"width\":1920,\"height\":480},{\"@type\":\"BreadcrumbList\",\"@id\":\"https:\\\/\\\/hijasdejesus.org\\\/en\\\/news-bulletin-of-the-province-of-brasil-caribe-n-20\\\/#breadcrumb\",\"itemListElement\":[{\"@type\":\"ListItem\",\"position\":1,\"name\":\"Portada\",\"item\":\"https:\\\/\\\/hijasdejesus.org\\\/en\\\/\"},{\"@type\":\"ListItem\",\"position\":2,\"name\":\"News Bulletin of the Province of Brasil-Caribe n\u00ba 20\"}]},{\"@type\":\"WebSite\",\"@id\":\"https:\\\/\\\/hijasdejesus.org\\\/en\\\/#website\",\"url\":\"https:\\\/\\\/hijasdejesus.org\\\/en\\\/\",\"name\":\"Hijas de Jes\u00fas\",\"description\":\"Despertamos a Jes\u00fas en el coraz\u00f3n, sacando lo mejor de las personas. Somos una congregaci\u00f3n religiosa ignaciana fundada por la Madre Candida\",\"publisher\":{\"@id\":\"https:\\\/\\\/hijasdejesus.org\\\/en\\\/#organization\"},\"potentialAction\":[{\"@type\":\"SearchAction\",\"target\":{\"@type\":\"EntryPoint\",\"urlTemplate\":\"https:\\\/\\\/hijasdejesus.org\\\/en\\\/?s={search_term_string}\"},\"query-input\":{\"@type\":\"PropertyValueSpecification\",\"valueRequired\":true,\"valueName\":\"search_term_string\"}}],\"inLanguage\":\"en-US\"},{\"@type\":\"Organization\",\"@id\":\"https:\\\/\\\/hijasdejesus.org\\\/en\\\/#organization\",\"name\":\"Hijas de Jes\u00fas\",\"url\":\"https:\\\/\\\/hijasdejesus.org\\\/en\\\/\",\"logo\":{\"@type\":\"ImageObject\",\"inLanguage\":\"en-US\",\"@id\":\"https:\\\/\\\/hijasdejesus.org\\\/en\\\/#\\\/schema\\\/logo\\\/image\\\/\",\"url\":\"https:\\\/\\\/hijasdejesus.org\\\/wp-content\\\/uploads\\\/2023\\\/01\\\/Hijas-de-Jesus_hor-A7C957.png\",\"contentUrl\":\"https:\\\/\\\/hijasdejesus.org\\\/wp-content\\\/uploads\\\/2023\\\/01\\\/Hijas-de-Jesus_hor-A7C957.png\",\"width\":700,\"height\":360,\"caption\":\"Hijas de Jes\u00fas\"},\"image\":{\"@id\":\"https:\\\/\\\/hijasdejesus.org\\\/en\\\/#\\\/schema\\\/logo\\\/image\\\/\"},\"sameAs\":[\"https:\\\/\\\/www.facebook.com\\\/hijasdejesusenelmundo\\\/\",\"https:\\\/\\\/x.com\\\/hijasdjesus\"]},{\"@type\":\"Person\",\"@id\":\"https:\\\/\\\/hijasdejesus.org\\\/en\\\/#\\\/schema\\\/person\\\/ce4455965da733f2791f23b6ec14e9b6\",\"name\":\"Webmaster\",\"image\":{\"@type\":\"ImageObject\",\"inLanguage\":\"en-US\",\"@id\":\"https:\\\/\\\/secure.gravatar.com\\\/avatar\\\/cfd0acaac86c3981d541d2e99a0ffb7b6d33a5ac8989a62f5518b9e0f7ee128a?s=96&d=mm&r=g\",\"url\":\"https:\\\/\\\/secure.gravatar.com\\\/avatar\\\/cfd0acaac86c3981d541d2e99a0ffb7b6d33a5ac8989a62f5518b9e0f7ee128a?s=96&d=mm&r=g\",\"contentUrl\":\"https:\\\/\\\/secure.gravatar.com\\\/avatar\\\/cfd0acaac86c3981d541d2e99a0ffb7b6d33a5ac8989a62f5518b9e0f7ee128a?s=96&d=mm&r=g\",\"caption\":\"Webmaster\"},\"url\":\"https:\\\/\\\/hijasdejesus.org\\\/en\\\/author\\\/webmaster\\\/\"}]}<\/script>\n<!-- \/ Yoast SEO plugin. -->","yoast_head_json":{"title":"News Bulletin of the Province of Brasil-Caribe n\u00ba 20 - Hijas de Jes\u00fas","robots":{"index":"index","follow":"follow","max-snippet":"max-snippet:-1","max-image-preview":"max-image-preview:large","max-video-preview":"max-video-preview:-1"},"canonical":"https:\/\/hijasdejesus.org\/en\/news-bulletin-of-the-province-of-brasil-caribe-n-20\/","og_locale":"en_US","og_type":"article","og_title":"News Bulletin of the Province of Brasil-Caribe n\u00ba 20 - Hijas de Jes\u00fas","og_description":"The 20th Newsletter of the Province of Brazil-Caribbean arrives full of mission experiences. Frequent communication between us, by this and other means, helps the Daughters of Jesus to maintain our interest in each other and to accompany us with prayer. Access the entire Bulletin HERE. \u00a0 \u00a0 1.\u00a0ANNIVERSARY OF SJMR &#8211; MINAS GERAIS 2.\u00a0NEW GROUP [&hellip;]","og_url":"https:\/\/hijasdejesus.org\/en\/news-bulletin-of-the-province-of-brasil-caribe-n-20\/","og_site_name":"Hijas de Jes\u00fas","article_publisher":"https:\/\/www.facebook.com\/hijasdejesusenelmundo\/","article_published_time":"2021-12-09T03:29:21+00:00","og_image":[{"width":1920,"height":480,"url":"https:\/\/hijasdejesus.org\/wp-content\/uploads\/2021\/12\/Boletin_BC_20_Cabecera.jpg","type":"image\/jpeg"}],"author":"Webmaster","twitter_card":"summary_large_image","twitter_creator":"@hijasdjesus","twitter_site":"@hijasdjesus","twitter_misc":{"Written by":"Webmaster","Est. reading time":"1 minute"},"schema":{"@context":"https:\/\/schema.org","@graph":[{"@type":"Article","@id":"https:\/\/hijasdejesus.org\/en\/news-bulletin-of-the-province-of-brasil-caribe-n-20\/#article","isPartOf":{"@id":"https:\/\/hijasdejesus.org\/en\/news-bulletin-of-the-province-of-brasil-caribe-n-20\/"},"author":{"name":"Webmaster","@id":"https:\/\/hijasdejesus.org\/en\/#\/schema\/person\/ce4455965da733f2791f23b6ec14e9b6"},"headline":"News Bulletin of the Province of Brasil-Caribe n\u00ba 20","datePublished":"2021-12-09T03:29:21+00:00","mainEntityOfPage":{"@id":"https:\/\/hijasdejesus.org\/en\/news-bulletin-of-the-province-of-brasil-caribe-n-20\/"},"wordCount":143,"publisher":{"@id":"https:\/\/hijasdejesus.org\/en\/#organization"},"image":{"@id":"https:\/\/hijasdejesus.org\/en\/news-bulletin-of-the-province-of-brasil-caribe-n-20\/#primaryimage"},"thumbnailUrl":"https:\/\/hijasdejesus.org\/wp-content\/uploads\/2021\/12\/Boletin_BC_20_Cabecera.jpg","articleSection":["Brazil-Caribbean","Hijas de Jes\u00fas","News"],"inLanguage":"en-US"},{"@type":"WebPage","@id":"https:\/\/hijasdejesus.org\/en\/news-bulletin-of-the-province-of-brasil-caribe-n-20\/","url":"https:\/\/hijasdejesus.org\/en\/news-bulletin-of-the-province-of-brasil-caribe-n-20\/","name":"News Bulletin of the Province of Brasil-Caribe n\u00ba 20 - Hijas de Jes\u00fas","isPartOf":{"@id":"https:\/\/hijasdejesus.org\/en\/#website"},"primaryImageOfPage":{"@id":"https:\/\/hijasdejesus.org\/en\/news-bulletin-of-the-province-of-brasil-caribe-n-20\/#primaryimage"},"image":{"@id":"https:\/\/hijasdejesus.org\/en\/news-bulletin-of-the-province-of-brasil-caribe-n-20\/#primaryimage"},"thumbnailUrl":"https:\/\/hijasdejesus.org\/wp-content\/uploads\/2021\/12\/Boletin_BC_20_Cabecera.jpg","datePublished":"2021-12-09T03:29:21+00:00","breadcrumb":{"@id":"https:\/\/hijasdejesus.org\/en\/news-bulletin-of-the-province-of-brasil-caribe-n-20\/#breadcrumb"},"inLanguage":"en-US","potentialAction":[{"@type":"ReadAction","target":["https:\/\/hijasdejesus.org\/en\/news-bulletin-of-the-province-of-brasil-caribe-n-20\/"]}]},{"@type":"ImageObject","inLanguage":"en-US","@id":"https:\/\/hijasdejesus.org\/en\/news-bulletin-of-the-province-of-brasil-caribe-n-20\/#primaryimage","url":"https:\/\/hijasdejesus.org\/wp-content\/uploads\/2021\/12\/Boletin_BC_20_Cabecera.jpg","contentUrl":"https:\/\/hijasdejesus.org\/wp-content\/uploads\/2021\/12\/Boletin_BC_20_Cabecera.jpg","width":1920,"height":480},{"@type":"BreadcrumbList","@id":"https:\/\/hijasdejesus.org\/en\/news-bulletin-of-the-province-of-brasil-caribe-n-20\/#breadcrumb","itemListElement":[{"@type":"ListItem","position":1,"name":"Portada","item":"https:\/\/hijasdejesus.org\/en\/"},{"@type":"ListItem","position":2,"name":"News Bulletin of the Province of Brasil-Caribe n\u00ba 20"}]},{"@type":"WebSite","@id":"https:\/\/hijasdejesus.org\/en\/#website","url":"https:\/\/hijasdejesus.org\/en\/","name":"Hijas de Jes\u00fas","description":"Despertamos a Jes\u00fas en el coraz\u00f3n, sacando lo mejor de las personas. Somos una congregaci\u00f3n religiosa ignaciana fundada por la Madre Candida","publisher":{"@id":"https:\/\/hijasdejesus.org\/en\/#organization"},"potentialAction":[{"@type":"SearchAction","target":{"@type":"EntryPoint","urlTemplate":"https:\/\/hijasdejesus.org\/en\/?s={search_term_string}"},"query-input":{"@type":"PropertyValueSpecification","valueRequired":true,"valueName":"search_term_string"}}],"inLanguage":"en-US"},{"@type":"Organization","@id":"https:\/\/hijasdejesus.org\/en\/#organization","name":"Hijas de Jes\u00fas","url":"https:\/\/hijasdejesus.org\/en\/","logo":{"@type":"ImageObject","inLanguage":"en-US","@id":"https:\/\/hijasdejesus.org\/en\/#\/schema\/logo\/image\/","url":"https:\/\/hijasdejesus.org\/wp-content\/uploads\/2023\/01\/Hijas-de-Jesus_hor-A7C957.png","contentUrl":"https:\/\/hijasdejesus.org\/wp-content\/uploads\/2023\/01\/Hijas-de-Jesus_hor-A7C957.png","width":700,"height":360,"caption":"Hijas de Jes\u00fas"},"image":{"@id":"https:\/\/hijasdejesus.org\/en\/#\/schema\/logo\/image\/"},"sameAs":["https:\/\/www.facebook.com\/hijasdejesusenelmundo\/","https:\/\/x.com\/hijasdjesus"]},{"@type":"Person","@id":"https:\/\/hijasdejesus.org\/en\/#\/schema\/person\/ce4455965da733f2791f23b6ec14e9b6","name":"Webmaster","image":{"@type":"ImageObject","inLanguage":"en-US","@id":"https:\/\/secure.gravatar.com\/avatar\/cfd0acaac86c3981d541d2e99a0ffb7b6d33a5ac8989a62f5518b9e0f7ee128a?s=96&d=mm&r=g","url":"https:\/\/secure.gravatar.com\/avatar\/cfd0acaac86c3981d541d2e99a0ffb7b6d33a5ac8989a62f5518b9e0f7ee128a?s=96&d=mm&r=g","contentUrl":"https:\/\/secure.gravatar.com\/avatar\/cfd0acaac86c3981d541d2e99a0ffb7b6d33a5ac8989a62f5518b9e0f7ee128a?s=96&d=mm&r=g","caption":"Webmaster"},"url":"https:\/\/hijasdejesus.org\/en\/author\/webmaster\/"}]}},"_links":{"self":[{"href":"https:\/\/hijasdejesus.org\/en\/wp-json\/wp\/v2\/posts\/29682","targetHints":{"allow":["GET"]}}],"collection":[{"href":"https:\/\/hijasdejesus.org\/en\/wp-json\/wp\/v2\/posts"}],"about":[{"href":"https:\/\/hijasdejesus.org\/en\/wp-json\/wp\/v2\/types\/post"}],"author":[{"embeddable":true,"href":"https:\/\/hijasdejesus.org\/en\/wp-json\/wp\/v2\/users\/28"}],"replies":[{"embeddable":true,"href":"https:\/\/hijasdejesus.org\/en\/wp-json\/wp\/v2\/comments?post=29682"}],"version-history":[{"count":0,"href":"https:\/\/hijasdejesus.org\/en\/wp-json\/wp\/v2\/posts\/29682\/revisions"}],"wp:featuredmedia":[{"embeddable":true,"href":"https:\/\/hijasdejesus.org\/en\/wp-json\/wp\/v2\/media\/11440"}],"wp:attachment":[{"href":"https:\/\/hijasdejesus.org\/en\/wp-json\/wp\/v2\/media?parent=29682"}],"wp:term":[{"taxonomy":"category","embeddable":true,"href":"https:\/\/hijasdejesus.org\/en\/wp-json\/wp\/v2\/categories?post=29682"},{"taxonomy":"post_tag","embeddable":true,"href":"https:\/\/hijasdejesus.org\/en\/wp-json\/wp\/v2\/tags?post=29682"}],"curies":[{"name":"wp","href":"https:\/\/api.w.org\/{rel}","templated":true}]}}