{"id":29690,"date":"2021-12-06T16:05:27","date_gmt":"2021-12-06T15:05:27","guid":{"rendered":"https:\/\/nueva.hijasdejesus.org\/links-to-follow-the-closing-of-the-jubilee-year-live\/"},"modified":"2021-12-06T16:05:27","modified_gmt":"2021-12-06T15:05:27","slug":"links-to-follow-the-closing-of-the-jubilee-year-live","status":"publish","type":"post","link":"https:\/\/hijasdejesus.org\/en\/links-to-follow-the-closing-of-the-jubilee-year-live\/","title":{"rendered":"LINKS to follow the closing of the Jubilee Year live"},"content":{"rendered":"<h1 style=\"text-align: center;\">\u00a0<\/h1>\n<h1 style=\"text-align: center;\">\u00a0<\/h1>\n<h1 style=\"text-align: center;\">\u00a0<\/h1>\n<h1 style=\"text-align: center;\"><strong><em>JUANITATXO, EL DOCUMENTAL<\/em><\/strong><\/h1>\n<p><a href=\"https:\/\/youtu.be\/__9Xu3ZLGMg\"><\/a><\/p>\n<p>\u00a0<\/p>\n<h1 style=\"text-align: center;\"><strong><em>VIGILIA DE LA FAMILIA MADRE C\u00c1NDIDA<\/em><\/strong><\/h1>\n<p style=\"text-align: center;\"><a href=\"https:\/\/youtu.be\/GbCGAreZHNo\"><strong><em><img loading=\"lazy\" decoding=\"async\" class=\" size-full wp-image-11444\" src=\"https:\/\/hijasdejesus.org\/wp-content\/uploads\/2021\/12\/Vigilia2021.jpg\" alt=\"\" width=\"702\" height=\"396\" srcset=\"https:\/\/hijasdejesus.org\/wp-content\/uploads\/2021\/12\/Vigilia2021.jpg 702w, https:\/\/hijasdejesus.org\/wp-content\/uploads\/2021\/12\/Vigilia2021-480x271.jpg 480w\" sizes=\"(min-width: 0px) and (max-width: 480px) 480px, (min-width: 481px) 702px, 100vw\" \/><\/em><\/strong><\/a><\/p>\n<p>\u00a0<\/p>\n<h1 style=\"text-align: center;\"><strong><em>EUCARIST\u00cdA DE CLAUSURA<\/em><\/strong><\/h1>\n<p><a href=\"https:\/\/youtu.be\/UyV0QqoxK_M\"><img loading=\"lazy\" decoding=\"async\" class=\" size-full wp-image-11446\" style=\"display: block; margin-left: auto; margin-right: auto;\" src=\"https:\/\/hijasdejesus.org\/wp-content\/uploads\/2021\/12\/Eucarista_de_clausura2021.jpg\" alt=\"\" width=\"700\" height=\"392\" srcset=\"https:\/\/hijasdejesus.org\/wp-content\/uploads\/2021\/12\/Eucarista_de_clausura2021.jpg 700w, https:\/\/hijasdejesus.org\/wp-content\/uploads\/2021\/12\/Eucarista_de_clausura2021-480x269.jpg 480w\" sizes=\"(min-width: 0px) and (max-width: 480px) 480px, (min-width: 481px) 700px, 100vw\" \/><\/a><\/p>\n<h1 style=\"text-align: center;\">\u00a0<\/h1>\n<h1 style=\"text-align: center;\">\u00a0<\/h1>\n<h1 style=\"text-align: center;\"><strong><em>ACTO CULTURAL<\/em><\/strong><\/h1>\n<p><a href=\"https:\/\/youtu.be\/krzY1qcxPSk\"><strong><em><img loading=\"lazy\" decoding=\"async\" class=\" size-full wp-image-11448\" style=\"display: block; margin-left: auto; margin-right: auto;\" src=\"https:\/\/hijasdejesus.org\/wp-content\/uploads\/2021\/12\/Acto_cultural2021.jpg\" alt=\"\" width=\"700\" height=\"387\" srcset=\"https:\/\/hijasdejesus.org\/wp-content\/uploads\/2021\/12\/Acto_cultural2021.jpg 700w, https:\/\/hijasdejesus.org\/wp-content\/uploads\/2021\/12\/Acto_cultural2021-480x265.jpg 480w\" sizes=\"(min-width: 0px) and (max-width: 480px) 480px, (min-width: 481px) 700px, 100vw\" \/><\/em><\/strong><\/a><\/p>\n<p>\u00a0<\/p>\n<p>\u00a0<\/p>\n<h1 style=\"text-align: center;\">SCHEDULE OF DAYS 7 AND 8 OF DECEMBER<\/h1>\n<p><img loading=\"lazy\" decoding=\"async\" class=\" size-full wp-image-15082\" style=\"display: block; margin-left: auto; margin-right: auto;\" src=\"https:\/\/hijasdejesus.org\/wp-content\/uploads\/2021\/12\/150FI-Actos.jpg\" alt=\"\" width=\"700\" height=\"587\" \/><\/p>\n<p>\u00a0<\/p>\n<p>Access the entire #150FI <a href=\"index.php?option=com_content&amp;view=article&amp;id=1949;www-150hijasdejesus-org-gb&amp;catid=13&amp;Itemid=142&amp;lang=en\">HERE<\/a><\/p>\n","protected":false},"excerpt":{"rendered":"<p>\u00a0 \u00a0 \u00a0 JUANITATXO, EL DOCUMENTAL \u00a0 VIGILIA DE LA FAMILIA MADRE C\u00c1NDIDA \u00a0 EUCARIST\u00cdA DE CLAUSURA \u00a0 \u00a0 ACTO CULTURAL \u00a0 \u00a0 SCHEDULE OF DAYS 7 AND 8 OF DECEMBER \u00a0 Access the entire #150FI HERE<\/p>\n","protected":false},"author":28,"featured_media":15085,"comment_status":"closed","ping_status":"closed","sticky":false,"template":"","format":"standard","meta":{"_et_pb_use_builder":"","_et_pb_old_content":"","_et_gb_content_width":"","footnotes":"","_links_to":"","_links_to_target":""},"categories":[528,412],"tags":[],"class_list":["post-29690","post","type-post","status-publish","format-standard","has-post-thumbnail","hentry","category-hijas-de-jesus-en","category-news"],"yoast_head":"<!-- This site is optimized with the Yoast SEO plugin v27.4 - https:\/\/yoast.com\/product\/yoast-seo-wordpress\/ -->\n<title>LINKS to follow the closing of the Jubilee Year live - Hijas de Jes\u00fas<\/title>\n<meta name=\"robots\" content=\"index, follow, max-snippet:-1, max-image-preview:large, max-video-preview:-1\" \/>\n<link rel=\"canonical\" href=\"https:\/\/hijasdejesus.org\/en\/links-to-follow-the-closing-of-the-jubilee-year-live\/\" \/>\n<meta property=\"og:locale\" content=\"en_US\" \/>\n<meta property=\"og:type\" content=\"article\" \/>\n<meta property=\"og:title\" content=\"LINKS to follow the closing of the Jubilee Year live - Hijas de Jes\u00fas\" \/>\n<meta property=\"og:description\" content=\"\u00a0 \u00a0 \u00a0 JUANITATXO, EL DOCUMENTAL \u00a0 VIGILIA DE LA FAMILIA MADRE C\u00c1NDIDA \u00a0 EUCARIST\u00cdA DE CLAUSURA \u00a0 \u00a0 ACTO CULTURAL \u00a0 \u00a0 SCHEDULE OF DAYS 7 AND 8 OF DECEMBER \u00a0 Access the entire #150FI HERE\" \/>\n<meta property=\"og:url\" content=\"https:\/\/hijasdejesus.org\/en\/links-to-follow-the-closing-of-the-jubilee-year-live\/\" \/>\n<meta property=\"og:site_name\" content=\"Hijas de Jes\u00fas\" \/>\n<meta property=\"article:publisher\" content=\"https:\/\/www.facebook.com\/hijasdejesusenelmundo\/\" \/>\n<meta property=\"article:published_time\" content=\"2021-12-06T15:05:27+00:00\" \/>\n<meta property=\"og:image\" content=\"https:\/\/hijasdejesus.org\/wp-content\/uploads\/2021\/12\/150FI-JuanitatxoDocumental.png\" \/>\n\t<meta property=\"og:image:width\" content=\"1\" \/>\n\t<meta property=\"og:image:height\" content=\"1\" \/>\n\t<meta property=\"og:image:type\" content=\"image\/png\" \/>\n<meta name=\"author\" content=\"Webmaster\" \/>\n<meta name=\"twitter:card\" content=\"summary_large_image\" \/>\n<meta name=\"twitter:creator\" content=\"@hijasdjesus\" \/>\n<meta name=\"twitter:site\" content=\"@hijasdjesus\" \/>\n<meta name=\"twitter:label1\" content=\"Written by\" \/>\n\t<meta name=\"twitter:data1\" content=\"Webmaster\" \/>\n<script type=\"application\/ld+json\" class=\"yoast-schema-graph\">{\"@context\":\"https:\\\/\\\/schema.org\",\"@graph\":[{\"@type\":\"Article\",\"@id\":\"https:\\\/\\\/hijasdejesus.org\\\/en\\\/links-to-follow-the-closing-of-the-jubilee-year-live\\\/#article\",\"isPartOf\":{\"@id\":\"https:\\\/\\\/hijasdejesus.org\\\/en\\\/links-to-follow-the-closing-of-the-jubilee-year-live\\\/\"},\"author\":{\"name\":\"Webmaster\",\"@id\":\"https:\\\/\\\/hijasdejesus.org\\\/en\\\/#\\\/schema\\\/person\\\/ce4455965da733f2791f23b6ec14e9b6\"},\"headline\":\"LINKS to follow the closing of the Jubilee Year live\",\"datePublished\":\"2021-12-06T15:05:27+00:00\",\"mainEntityOfPage\":{\"@id\":\"https:\\\/\\\/hijasdejesus.org\\\/en\\\/links-to-follow-the-closing-of-the-jubilee-year-live\\\/\"},\"wordCount\":37,\"publisher\":{\"@id\":\"https:\\\/\\\/hijasdejesus.org\\\/en\\\/#organization\"},\"image\":{\"@id\":\"https:\\\/\\\/hijasdejesus.org\\\/en\\\/links-to-follow-the-closing-of-the-jubilee-year-live\\\/#primaryimage\"},\"thumbnailUrl\":\"https:\\\/\\\/hijasdejesus.org\\\/wp-content\\\/uploads\\\/2021\\\/12\\\/150FI-JuanitatxoDocumental.png\",\"articleSection\":[\"Hijas de Jes\u00fas\",\"News\"],\"inLanguage\":\"en-US\"},{\"@type\":\"WebPage\",\"@id\":\"https:\\\/\\\/hijasdejesus.org\\\/en\\\/links-to-follow-the-closing-of-the-jubilee-year-live\\\/\",\"url\":\"https:\\\/\\\/hijasdejesus.org\\\/en\\\/links-to-follow-the-closing-of-the-jubilee-year-live\\\/\",\"name\":\"LINKS to follow the closing of the Jubilee Year live - Hijas de Jes\u00fas\",\"isPartOf\":{\"@id\":\"https:\\\/\\\/hijasdejesus.org\\\/en\\\/#website\"},\"primaryImageOfPage\":{\"@id\":\"https:\\\/\\\/hijasdejesus.org\\\/en\\\/links-to-follow-the-closing-of-the-jubilee-year-live\\\/#primaryimage\"},\"image\":{\"@id\":\"https:\\\/\\\/hijasdejesus.org\\\/en\\\/links-to-follow-the-closing-of-the-jubilee-year-live\\\/#primaryimage\"},\"thumbnailUrl\":\"https:\\\/\\\/hijasdejesus.org\\\/wp-content\\\/uploads\\\/2021\\\/12\\\/150FI-JuanitatxoDocumental.png\",\"datePublished\":\"2021-12-06T15:05:27+00:00\",\"breadcrumb\":{\"@id\":\"https:\\\/\\\/hijasdejesus.org\\\/en\\\/links-to-follow-the-closing-of-the-jubilee-year-live\\\/#breadcrumb\"},\"inLanguage\":\"en-US\",\"potentialAction\":[{\"@type\":\"ReadAction\",\"target\":[\"https:\\\/\\\/hijasdejesus.org\\\/en\\\/links-to-follow-the-closing-of-the-jubilee-year-live\\\/\"]}]},{\"@type\":\"ImageObject\",\"inLanguage\":\"en-US\",\"@id\":\"https:\\\/\\\/hijasdejesus.org\\\/en\\\/links-to-follow-the-closing-of-the-jubilee-year-live\\\/#primaryimage\",\"url\":\"https:\\\/\\\/hijasdejesus.org\\\/wp-content\\\/uploads\\\/2021\\\/12\\\/150FI-JuanitatxoDocumental.png\",\"contentUrl\":\"https:\\\/\\\/hijasdejesus.org\\\/wp-content\\\/uploads\\\/2021\\\/12\\\/150FI-JuanitatxoDocumental.png\"},{\"@type\":\"BreadcrumbList\",\"@id\":\"https:\\\/\\\/hijasdejesus.org\\\/en\\\/links-to-follow-the-closing-of-the-jubilee-year-live\\\/#breadcrumb\",\"itemListElement\":[{\"@type\":\"ListItem\",\"position\":1,\"name\":\"Portada\",\"item\":\"https:\\\/\\\/hijasdejesus.org\\\/en\\\/\"},{\"@type\":\"ListItem\",\"position\":2,\"name\":\"LINKS to follow the closing of the Jubilee Year live\"}]},{\"@type\":\"WebSite\",\"@id\":\"https:\\\/\\\/hijasdejesus.org\\\/en\\\/#website\",\"url\":\"https:\\\/\\\/hijasdejesus.org\\\/en\\\/\",\"name\":\"Hijas de Jes\u00fas\",\"description\":\"Despertamos a Jes\u00fas en el coraz\u00f3n, sacando lo mejor de las personas. Somos una congregaci\u00f3n religiosa ignaciana fundada por la Madre Candida\",\"publisher\":{\"@id\":\"https:\\\/\\\/hijasdejesus.org\\\/en\\\/#organization\"},\"potentialAction\":[{\"@type\":\"SearchAction\",\"target\":{\"@type\":\"EntryPoint\",\"urlTemplate\":\"https:\\\/\\\/hijasdejesus.org\\\/en\\\/?s={search_term_string}\"},\"query-input\":{\"@type\":\"PropertyValueSpecification\",\"valueRequired\":true,\"valueName\":\"search_term_string\"}}],\"inLanguage\":\"en-US\"},{\"@type\":\"Organization\",\"@id\":\"https:\\\/\\\/hijasdejesus.org\\\/en\\\/#organization\",\"name\":\"Hijas de Jes\u00fas\",\"url\":\"https:\\\/\\\/hijasdejesus.org\\\/en\\\/\",\"logo\":{\"@type\":\"ImageObject\",\"inLanguage\":\"en-US\",\"@id\":\"https:\\\/\\\/hijasdejesus.org\\\/en\\\/#\\\/schema\\\/logo\\\/image\\\/\",\"url\":\"https:\\\/\\\/hijasdejesus.org\\\/wp-content\\\/uploads\\\/2023\\\/01\\\/Hijas-de-Jesus_hor-A7C957.png\",\"contentUrl\":\"https:\\\/\\\/hijasdejesus.org\\\/wp-content\\\/uploads\\\/2023\\\/01\\\/Hijas-de-Jesus_hor-A7C957.png\",\"width\":700,\"height\":360,\"caption\":\"Hijas de Jes\u00fas\"},\"image\":{\"@id\":\"https:\\\/\\\/hijasdejesus.org\\\/en\\\/#\\\/schema\\\/logo\\\/image\\\/\"},\"sameAs\":[\"https:\\\/\\\/www.facebook.com\\\/hijasdejesusenelmundo\\\/\",\"https:\\\/\\\/x.com\\\/hijasdjesus\"]},{\"@type\":\"Person\",\"@id\":\"https:\\\/\\\/hijasdejesus.org\\\/en\\\/#\\\/schema\\\/person\\\/ce4455965da733f2791f23b6ec14e9b6\",\"name\":\"Webmaster\",\"image\":{\"@type\":\"ImageObject\",\"inLanguage\":\"en-US\",\"@id\":\"https:\\\/\\\/secure.gravatar.com\\\/avatar\\\/cfd0acaac86c3981d541d2e99a0ffb7b6d33a5ac8989a62f5518b9e0f7ee128a?s=96&d=mm&r=g\",\"url\":\"https:\\\/\\\/secure.gravatar.com\\\/avatar\\\/cfd0acaac86c3981d541d2e99a0ffb7b6d33a5ac8989a62f5518b9e0f7ee128a?s=96&d=mm&r=g\",\"contentUrl\":\"https:\\\/\\\/secure.gravatar.com\\\/avatar\\\/cfd0acaac86c3981d541d2e99a0ffb7b6d33a5ac8989a62f5518b9e0f7ee128a?s=96&d=mm&r=g\",\"caption\":\"Webmaster\"},\"url\":\"https:\\\/\\\/hijasdejesus.org\\\/en\\\/author\\\/webmaster\\\/\"}]}<\/script>\n<!-- \/ Yoast SEO plugin. -->","yoast_head_json":{"title":"LINKS to follow the closing of the Jubilee Year live - Hijas de Jes\u00fas","robots":{"index":"index","follow":"follow","max-snippet":"max-snippet:-1","max-image-preview":"max-image-preview:large","max-video-preview":"max-video-preview:-1"},"canonical":"https:\/\/hijasdejesus.org\/en\/links-to-follow-the-closing-of-the-jubilee-year-live\/","og_locale":"en_US","og_type":"article","og_title":"LINKS to follow the closing of the Jubilee Year live - Hijas de Jes\u00fas","og_description":"\u00a0 \u00a0 \u00a0 JUANITATXO, EL DOCUMENTAL \u00a0 VIGILIA DE LA FAMILIA MADRE C\u00c1NDIDA \u00a0 EUCARIST\u00cdA DE CLAUSURA \u00a0 \u00a0 ACTO CULTURAL \u00a0 \u00a0 SCHEDULE OF DAYS 7 AND 8 OF DECEMBER \u00a0 Access the entire #150FI HERE","og_url":"https:\/\/hijasdejesus.org\/en\/links-to-follow-the-closing-of-the-jubilee-year-live\/","og_site_name":"Hijas de Jes\u00fas","article_publisher":"https:\/\/www.facebook.com\/hijasdejesusenelmundo\/","article_published_time":"2021-12-06T15:05:27+00:00","og_image":[{"url":"https:\/\/hijasdejesus.org\/wp-content\/uploads\/2021\/12\/150FI-JuanitatxoDocumental.png","width":1,"height":1,"type":"image\/png"}],"author":"Webmaster","twitter_card":"summary_large_image","twitter_creator":"@hijasdjesus","twitter_site":"@hijasdjesus","twitter_misc":{"Written by":"Webmaster"},"schema":{"@context":"https:\/\/schema.org","@graph":[{"@type":"Article","@id":"https:\/\/hijasdejesus.org\/en\/links-to-follow-the-closing-of-the-jubilee-year-live\/#article","isPartOf":{"@id":"https:\/\/hijasdejesus.org\/en\/links-to-follow-the-closing-of-the-jubilee-year-live\/"},"author":{"name":"Webmaster","@id":"https:\/\/hijasdejesus.org\/en\/#\/schema\/person\/ce4455965da733f2791f23b6ec14e9b6"},"headline":"LINKS to follow the closing of the Jubilee Year live","datePublished":"2021-12-06T15:05:27+00:00","mainEntityOfPage":{"@id":"https:\/\/hijasdejesus.org\/en\/links-to-follow-the-closing-of-the-jubilee-year-live\/"},"wordCount":37,"publisher":{"@id":"https:\/\/hijasdejesus.org\/en\/#organization"},"image":{"@id":"https:\/\/hijasdejesus.org\/en\/links-to-follow-the-closing-of-the-jubilee-year-live\/#primaryimage"},"thumbnailUrl":"https:\/\/hijasdejesus.org\/wp-content\/uploads\/2021\/12\/150FI-JuanitatxoDocumental.png","articleSection":["Hijas de Jes\u00fas","News"],"inLanguage":"en-US"},{"@type":"WebPage","@id":"https:\/\/hijasdejesus.org\/en\/links-to-follow-the-closing-of-the-jubilee-year-live\/","url":"https:\/\/hijasdejesus.org\/en\/links-to-follow-the-closing-of-the-jubilee-year-live\/","name":"LINKS to follow the closing of the Jubilee Year live - Hijas de Jes\u00fas","isPartOf":{"@id":"https:\/\/hijasdejesus.org\/en\/#website"},"primaryImageOfPage":{"@id":"https:\/\/hijasdejesus.org\/en\/links-to-follow-the-closing-of-the-jubilee-year-live\/#primaryimage"},"image":{"@id":"https:\/\/hijasdejesus.org\/en\/links-to-follow-the-closing-of-the-jubilee-year-live\/#primaryimage"},"thumbnailUrl":"https:\/\/hijasdejesus.org\/wp-content\/uploads\/2021\/12\/150FI-JuanitatxoDocumental.png","datePublished":"2021-12-06T15:05:27+00:00","breadcrumb":{"@id":"https:\/\/hijasdejesus.org\/en\/links-to-follow-the-closing-of-the-jubilee-year-live\/#breadcrumb"},"inLanguage":"en-US","potentialAction":[{"@type":"ReadAction","target":["https:\/\/hijasdejesus.org\/en\/links-to-follow-the-closing-of-the-jubilee-year-live\/"]}]},{"@type":"ImageObject","inLanguage":"en-US","@id":"https:\/\/hijasdejesus.org\/en\/links-to-follow-the-closing-of-the-jubilee-year-live\/#primaryimage","url":"https:\/\/hijasdejesus.org\/wp-content\/uploads\/2021\/12\/150FI-JuanitatxoDocumental.png","contentUrl":"https:\/\/hijasdejesus.org\/wp-content\/uploads\/2021\/12\/150FI-JuanitatxoDocumental.png"},{"@type":"BreadcrumbList","@id":"https:\/\/hijasdejesus.org\/en\/links-to-follow-the-closing-of-the-jubilee-year-live\/#breadcrumb","itemListElement":[{"@type":"ListItem","position":1,"name":"Portada","item":"https:\/\/hijasdejesus.org\/en\/"},{"@type":"ListItem","position":2,"name":"LINKS to follow the closing of the Jubilee Year live"}]},{"@type":"WebSite","@id":"https:\/\/hijasdejesus.org\/en\/#website","url":"https:\/\/hijasdejesus.org\/en\/","name":"Hijas de Jes\u00fas","description":"Despertamos a Jes\u00fas en el coraz\u00f3n, sacando lo mejor de las personas. Somos una congregaci\u00f3n religiosa ignaciana fundada por la Madre Candida","publisher":{"@id":"https:\/\/hijasdejesus.org\/en\/#organization"},"potentialAction":[{"@type":"SearchAction","target":{"@type":"EntryPoint","urlTemplate":"https:\/\/hijasdejesus.org\/en\/?s={search_term_string}"},"query-input":{"@type":"PropertyValueSpecification","valueRequired":true,"valueName":"search_term_string"}}],"inLanguage":"en-US"},{"@type":"Organization","@id":"https:\/\/hijasdejesus.org\/en\/#organization","name":"Hijas de Jes\u00fas","url":"https:\/\/hijasdejesus.org\/en\/","logo":{"@type":"ImageObject","inLanguage":"en-US","@id":"https:\/\/hijasdejesus.org\/en\/#\/schema\/logo\/image\/","url":"https:\/\/hijasdejesus.org\/wp-content\/uploads\/2023\/01\/Hijas-de-Jesus_hor-A7C957.png","contentUrl":"https:\/\/hijasdejesus.org\/wp-content\/uploads\/2023\/01\/Hijas-de-Jesus_hor-A7C957.png","width":700,"height":360,"caption":"Hijas de Jes\u00fas"},"image":{"@id":"https:\/\/hijasdejesus.org\/en\/#\/schema\/logo\/image\/"},"sameAs":["https:\/\/www.facebook.com\/hijasdejesusenelmundo\/","https:\/\/x.com\/hijasdjesus"]},{"@type":"Person","@id":"https:\/\/hijasdejesus.org\/en\/#\/schema\/person\/ce4455965da733f2791f23b6ec14e9b6","name":"Webmaster","image":{"@type":"ImageObject","inLanguage":"en-US","@id":"https:\/\/secure.gravatar.com\/avatar\/cfd0acaac86c3981d541d2e99a0ffb7b6d33a5ac8989a62f5518b9e0f7ee128a?s=96&d=mm&r=g","url":"https:\/\/secure.gravatar.com\/avatar\/cfd0acaac86c3981d541d2e99a0ffb7b6d33a5ac8989a62f5518b9e0f7ee128a?s=96&d=mm&r=g","contentUrl":"https:\/\/secure.gravatar.com\/avatar\/cfd0acaac86c3981d541d2e99a0ffb7b6d33a5ac8989a62f5518b9e0f7ee128a?s=96&d=mm&r=g","caption":"Webmaster"},"url":"https:\/\/hijasdejesus.org\/en\/author\/webmaster\/"}]}},"_links":{"self":[{"href":"https:\/\/hijasdejesus.org\/en\/wp-json\/wp\/v2\/posts\/29690","targetHints":{"allow":["GET"]}}],"collection":[{"href":"https:\/\/hijasdejesus.org\/en\/wp-json\/wp\/v2\/posts"}],"about":[{"href":"https:\/\/hijasdejesus.org\/en\/wp-json\/wp\/v2\/types\/post"}],"author":[{"embeddable":true,"href":"https:\/\/hijasdejesus.org\/en\/wp-json\/wp\/v2\/users\/28"}],"replies":[{"embeddable":true,"href":"https:\/\/hijasdejesus.org\/en\/wp-json\/wp\/v2\/comments?post=29690"}],"version-history":[{"count":0,"href":"https:\/\/hijasdejesus.org\/en\/wp-json\/wp\/v2\/posts\/29690\/revisions"}],"wp:featuredmedia":[{"embeddable":true,"href":"https:\/\/hijasdejesus.org\/en\/wp-json\/wp\/v2\/media\/15085"}],"wp:attachment":[{"href":"https:\/\/hijasdejesus.org\/en\/wp-json\/wp\/v2\/media?parent=29690"}],"wp:term":[{"taxonomy":"category","embeddable":true,"href":"https:\/\/hijasdejesus.org\/en\/wp-json\/wp\/v2\/categories?post=29690"},{"taxonomy":"post_tag","embeddable":true,"href":"https:\/\/hijasdejesus.org\/en\/wp-json\/wp\/v2\/tags?post=29690"}],"curies":[{"name":"wp","href":"https:\/\/api.w.org\/{rel}","templated":true}]}}