{"id":29747,"date":"2022-02-09T18:32:46","date_gmt":"2022-02-09T17:32:46","guid":{"rendered":"https:\/\/nueva.hijasdejesus.org\/to-age-well-and-with-grace-as-an-hija-de-jesus\/"},"modified":"2022-02-09T18:32:46","modified_gmt":"2022-02-09T17:32:46","slug":"to-age-well-and-with-grace-as-an-hija-de-jesus","status":"publish","type":"post","link":"https:\/\/hijasdejesus.org\/en\/to-age-well-and-with-grace-as-an-hija-de-jesus\/","title":{"rendered":"To  Age Well  and  With  Grace as an Hija de Jes\u00fas"},"content":{"rendered":"<\/p>\n<p>FORMATION SESSION OF FI SISTERS 71 AND UP<\/p>\n<p>February 5, 2022, was a special day for the FI Sisters of ages 71 and up in the Indico-Pacific Province for it was an online Formation Session via Zoom.\u00a0 The sharing from the heart of Sr. \u00a0Ma. Bema B. Solis, F.I., about \u201cAging: Experienced and Lived as an Hija de Jesus\u201d enlightened and inspired the sisters as they listened to her true-to-life lived experiences and learnings along her personal journey of aging.\u00a0 The sisters were deepened on three main points: \u201cA Sense of Home, A Sense of Mission and A sense of Profound Gratefulness.\u201d Some practical guidelines were also given to age well and with grace in the last part of the talk.<\/p>\n<p>The whole morning session passed so swiftly as the sisters got focused on listening, praying, and reflecting that led to a \u201cheart process\u201d. \u00a0Each group shared feelings and resonances on what they learned. \u00a0It was very lively participation of everybody as expressed in the General Assembly. They resonated with Sr. Bema\u2019s experiences that she went through in the process of aging. Some sisters realized the importance of the grace of \u201ccoming home to God\u201d and \u201ccoming home to self \u201d and that \u201cprayer should be the lifestyle of the Hijas de Jesus\u201d. Others affirmed the need for the in-depth integration of the \u201cSense of Mission\u201d. \u00a0The majority expressed their profound gratefulness to God, their loving Companion, and also their desire to continue being \u201cKeepers of the Meaning\u201d. The sisters found the time for sharing quite short to be able to express what they had in their hearts.\u00a0 However, it was suggested that they continue in their respective communities, giving life to what they have listened to and learned how to age well and with grace.<\/p>\n<p>Thank you, Sr. Bema, for your sharing from the heart about <strong>AGING<\/strong>\u00a0 which has inspired us in our personal journey in this graced moment of our lives.<\/p>\n<p>You can see more photos on the <a href=\"http:\/\/hijasdejesusinpac.org\/main\/index.php\/articles\/1483-formation-session-of-fi-sisters-71-and-up\">website of the Daughters of Jesus in the Indico-Pacific<\/a>.<\/p>\n<p><img loading=\"lazy\" decoding=\"async\" class=\" size-full wp-image-11656\" style=\"display: block; margin-left: auto; margin-right: auto;\" src=\"https:\/\/hijasdejesus.org\/wp-content\/uploads\/2022\/02\/2022_Formacin70-2.png\" alt=\"\" width=\"1366\" height=\"768\" srcset=\"https:\/\/hijasdejesus.org\/wp-content\/uploads\/2022\/02\/2022_Formacin70-2.png 1366w, https:\/\/hijasdejesus.org\/wp-content\/uploads\/2022\/02\/2022_Formacin70-2-1280x720.png 1280w, https:\/\/hijasdejesus.org\/wp-content\/uploads\/2022\/02\/2022_Formacin70-2-980x551.png 980w, https:\/\/hijasdejesus.org\/wp-content\/uploads\/2022\/02\/2022_Formacin70-2-480x270.png 480w\" sizes=\"(min-width: 0px) and (max-width: 480px) 480px, (min-width: 481px) and (max-width: 980px) 980px, (min-width: 981px) and (max-width: 1280px) 1280px, (min-width: 1281px) 1366px, 100vw\" \/><\/p>\n<p><img loading=\"lazy\" decoding=\"async\" class=\" size-full wp-image-11658\" src=\"https:\/\/hijasdejesus.org\/wp-content\/uploads\/2022\/02\/2022_Formacin70-1.png\" alt=\"\" width=\"1366\" height=\"768\" srcset=\"https:\/\/hijasdejesus.org\/wp-content\/uploads\/2022\/02\/2022_Formacin70-1.png 1366w, https:\/\/hijasdejesus.org\/wp-content\/uploads\/2022\/02\/2022_Formacin70-1-1280x720.png 1280w, https:\/\/hijasdejesus.org\/wp-content\/uploads\/2022\/02\/2022_Formacin70-1-980x551.png 980w, https:\/\/hijasdejesus.org\/wp-content\/uploads\/2022\/02\/2022_Formacin70-1-480x270.png 480w\" sizes=\"(min-width: 0px) and (max-width: 480px) 480px, (min-width: 481px) and (max-width: 980px) 980px, (min-width: 981px) and (max-width: 1280px) 1280px, (min-width: 1281px) 1366px, 100vw\" \/><\/p>\n<p>\u00a0<\/p>\n<p>\u00a0<\/p>\n","protected":false},"excerpt":{"rendered":"<p>FORMATION SESSION OF FI SISTERS 71 AND UP February 5, 2022, was a special day for the FI Sisters of ages 71 and up in the Indico-Pacific Province for it was an online Formation Session via Zoom.\u00a0 The sharing from the heart of Sr. \u00a0Ma. Bema B. Solis, F.I., about \u201cAging: Experienced and Lived as [&hellip;]<\/p>\n","protected":false},"author":28,"featured_media":11654,"comment_status":"closed","ping_status":"closed","sticky":false,"template":"","format":"standard","meta":{"_et_pb_use_builder":"","_et_pb_old_content":"","_et_gb_content_width":"","footnotes":"","_links_to":"","_links_to_target":""},"categories":[528,412],"tags":[],"class_list":["post-29747","post","type-post","status-publish","format-standard","has-post-thumbnail","hentry","category-hijas-de-jesus-en","category-news"],"yoast_head":"<!-- This site is optimized with the Yoast SEO plugin v27.4 - https:\/\/yoast.com\/product\/yoast-seo-wordpress\/ -->\n<title>To Age Well and With Grace as an Hija de Jes\u00fas - Hijas de Jes\u00fas<\/title>\n<meta name=\"robots\" content=\"index, follow, max-snippet:-1, max-image-preview:large, max-video-preview:-1\" \/>\n<link rel=\"canonical\" href=\"https:\/\/hijasdejesus.org\/en\/to-age-well-and-with-grace-as-an-hija-de-jesus\/\" \/>\n<meta property=\"og:locale\" content=\"en_US\" \/>\n<meta property=\"og:type\" content=\"article\" \/>\n<meta property=\"og:title\" content=\"To Age Well and With Grace as an Hija de Jes\u00fas - Hijas de Jes\u00fas\" \/>\n<meta property=\"og:description\" content=\"FORMATION SESSION OF FI SISTERS 71 AND UP February 5, 2022, was a special day for the FI Sisters of ages 71 and up in the Indico-Pacific Province for it was an online Formation Session via Zoom.\u00a0 The sharing from the heart of Sr. \u00a0Ma. Bema B. Solis, F.I., about \u201cAging: Experienced and Lived as [&hellip;]\" \/>\n<meta property=\"og:url\" content=\"https:\/\/hijasdejesus.org\/en\/to-age-well-and-with-grace-as-an-hija-de-jesus\/\" \/>\n<meta property=\"og:site_name\" content=\"Hijas de Jes\u00fas\" \/>\n<meta property=\"article:publisher\" content=\"https:\/\/www.facebook.com\/hijasdejesusenelmundo\/\" \/>\n<meta property=\"article:published_time\" content=\"2022-02-09T17:32:46+00:00\" \/>\n<meta property=\"og:image\" content=\"https:\/\/hijasdejesus.org\/wp-content\/uploads\/2022\/02\/2022_Formacin70-Cabecera.jpg\" \/>\n\t<meta property=\"og:image:width\" content=\"2000\" \/>\n\t<meta property=\"og:image:height\" content=\"647\" \/>\n\t<meta property=\"og:image:type\" content=\"image\/jpeg\" \/>\n<meta name=\"author\" content=\"Webmaster\" \/>\n<meta name=\"twitter:card\" content=\"summary_large_image\" \/>\n<meta name=\"twitter:creator\" content=\"@hijasdjesus\" \/>\n<meta name=\"twitter:site\" content=\"@hijasdjesus\" \/>\n<meta name=\"twitter:label1\" content=\"Written by\" \/>\n\t<meta name=\"twitter:data1\" content=\"Webmaster\" \/>\n\t<meta name=\"twitter:label2\" content=\"Est. reading time\" \/>\n\t<meta name=\"twitter:data2\" content=\"2 minutes\" \/>\n<script type=\"application\/ld+json\" class=\"yoast-schema-graph\">{\"@context\":\"https:\\\/\\\/schema.org\",\"@graph\":[{\"@type\":\"Article\",\"@id\":\"https:\\\/\\\/hijasdejesus.org\\\/en\\\/to-age-well-and-with-grace-as-an-hija-de-jesus\\\/#article\",\"isPartOf\":{\"@id\":\"https:\\\/\\\/hijasdejesus.org\\\/en\\\/to-age-well-and-with-grace-as-an-hija-de-jesus\\\/\"},\"author\":{\"name\":\"Webmaster\",\"@id\":\"https:\\\/\\\/hijasdejesus.org\\\/en\\\/#\\\/schema\\\/person\\\/ce4455965da733f2791f23b6ec14e9b6\"},\"headline\":\"To Age Well and With Grace as an Hija de Jes\u00fas\",\"datePublished\":\"2022-02-09T17:32:46+00:00\",\"mainEntityOfPage\":{\"@id\":\"https:\\\/\\\/hijasdejesus.org\\\/en\\\/to-age-well-and-with-grace-as-an-hija-de-jesus\\\/\"},\"wordCount\":348,\"publisher\":{\"@id\":\"https:\\\/\\\/hijasdejesus.org\\\/en\\\/#organization\"},\"image\":{\"@id\":\"https:\\\/\\\/hijasdejesus.org\\\/en\\\/to-age-well-and-with-grace-as-an-hija-de-jesus\\\/#primaryimage\"},\"thumbnailUrl\":\"https:\\\/\\\/hijasdejesus.org\\\/wp-content\\\/uploads\\\/2022\\\/02\\\/2022_Formacin70-Cabecera.jpg\",\"articleSection\":[\"Hijas de Jes\u00fas\",\"News\"],\"inLanguage\":\"en-US\"},{\"@type\":\"WebPage\",\"@id\":\"https:\\\/\\\/hijasdejesus.org\\\/en\\\/to-age-well-and-with-grace-as-an-hija-de-jesus\\\/\",\"url\":\"https:\\\/\\\/hijasdejesus.org\\\/en\\\/to-age-well-and-with-grace-as-an-hija-de-jesus\\\/\",\"name\":\"To Age Well and With Grace as an Hija de Jes\u00fas - Hijas de Jes\u00fas\",\"isPartOf\":{\"@id\":\"https:\\\/\\\/hijasdejesus.org\\\/en\\\/#website\"},\"primaryImageOfPage\":{\"@id\":\"https:\\\/\\\/hijasdejesus.org\\\/en\\\/to-age-well-and-with-grace-as-an-hija-de-jesus\\\/#primaryimage\"},\"image\":{\"@id\":\"https:\\\/\\\/hijasdejesus.org\\\/en\\\/to-age-well-and-with-grace-as-an-hija-de-jesus\\\/#primaryimage\"},\"thumbnailUrl\":\"https:\\\/\\\/hijasdejesus.org\\\/wp-content\\\/uploads\\\/2022\\\/02\\\/2022_Formacin70-Cabecera.jpg\",\"datePublished\":\"2022-02-09T17:32:46+00:00\",\"breadcrumb\":{\"@id\":\"https:\\\/\\\/hijasdejesus.org\\\/en\\\/to-age-well-and-with-grace-as-an-hija-de-jesus\\\/#breadcrumb\"},\"inLanguage\":\"en-US\",\"potentialAction\":[{\"@type\":\"ReadAction\",\"target\":[\"https:\\\/\\\/hijasdejesus.org\\\/en\\\/to-age-well-and-with-grace-as-an-hija-de-jesus\\\/\"]}]},{\"@type\":\"ImageObject\",\"inLanguage\":\"en-US\",\"@id\":\"https:\\\/\\\/hijasdejesus.org\\\/en\\\/to-age-well-and-with-grace-as-an-hija-de-jesus\\\/#primaryimage\",\"url\":\"https:\\\/\\\/hijasdejesus.org\\\/wp-content\\\/uploads\\\/2022\\\/02\\\/2022_Formacin70-Cabecera.jpg\",\"contentUrl\":\"https:\\\/\\\/hijasdejesus.org\\\/wp-content\\\/uploads\\\/2022\\\/02\\\/2022_Formacin70-Cabecera.jpg\",\"width\":2000,\"height\":647},{\"@type\":\"BreadcrumbList\",\"@id\":\"https:\\\/\\\/hijasdejesus.org\\\/en\\\/to-age-well-and-with-grace-as-an-hija-de-jesus\\\/#breadcrumb\",\"itemListElement\":[{\"@type\":\"ListItem\",\"position\":1,\"name\":\"Portada\",\"item\":\"https:\\\/\\\/hijasdejesus.org\\\/en\\\/\"},{\"@type\":\"ListItem\",\"position\":2,\"name\":\"To Age Well and With Grace as an Hija de Jes\u00fas\"}]},{\"@type\":\"WebSite\",\"@id\":\"https:\\\/\\\/hijasdejesus.org\\\/en\\\/#website\",\"url\":\"https:\\\/\\\/hijasdejesus.org\\\/en\\\/\",\"name\":\"Hijas de Jes\u00fas\",\"description\":\"Despertamos a Jes\u00fas en el coraz\u00f3n, sacando lo mejor de las personas. Somos una congregaci\u00f3n religiosa ignaciana fundada por la Madre Candida\",\"publisher\":{\"@id\":\"https:\\\/\\\/hijasdejesus.org\\\/en\\\/#organization\"},\"potentialAction\":[{\"@type\":\"SearchAction\",\"target\":{\"@type\":\"EntryPoint\",\"urlTemplate\":\"https:\\\/\\\/hijasdejesus.org\\\/en\\\/?s={search_term_string}\"},\"query-input\":{\"@type\":\"PropertyValueSpecification\",\"valueRequired\":true,\"valueName\":\"search_term_string\"}}],\"inLanguage\":\"en-US\"},{\"@type\":\"Organization\",\"@id\":\"https:\\\/\\\/hijasdejesus.org\\\/en\\\/#organization\",\"name\":\"Hijas de Jes\u00fas\",\"url\":\"https:\\\/\\\/hijasdejesus.org\\\/en\\\/\",\"logo\":{\"@type\":\"ImageObject\",\"inLanguage\":\"en-US\",\"@id\":\"https:\\\/\\\/hijasdejesus.org\\\/en\\\/#\\\/schema\\\/logo\\\/image\\\/\",\"url\":\"https:\\\/\\\/hijasdejesus.org\\\/wp-content\\\/uploads\\\/2023\\\/01\\\/Hijas-de-Jesus_hor-A7C957.png\",\"contentUrl\":\"https:\\\/\\\/hijasdejesus.org\\\/wp-content\\\/uploads\\\/2023\\\/01\\\/Hijas-de-Jesus_hor-A7C957.png\",\"width\":700,\"height\":360,\"caption\":\"Hijas de Jes\u00fas\"},\"image\":{\"@id\":\"https:\\\/\\\/hijasdejesus.org\\\/en\\\/#\\\/schema\\\/logo\\\/image\\\/\"},\"sameAs\":[\"https:\\\/\\\/www.facebook.com\\\/hijasdejesusenelmundo\\\/\",\"https:\\\/\\\/x.com\\\/hijasdjesus\"]},{\"@type\":\"Person\",\"@id\":\"https:\\\/\\\/hijasdejesus.org\\\/en\\\/#\\\/schema\\\/person\\\/ce4455965da733f2791f23b6ec14e9b6\",\"name\":\"Webmaster\",\"image\":{\"@type\":\"ImageObject\",\"inLanguage\":\"en-US\",\"@id\":\"https:\\\/\\\/secure.gravatar.com\\\/avatar\\\/cfd0acaac86c3981d541d2e99a0ffb7b6d33a5ac8989a62f5518b9e0f7ee128a?s=96&d=mm&r=g\",\"url\":\"https:\\\/\\\/secure.gravatar.com\\\/avatar\\\/cfd0acaac86c3981d541d2e99a0ffb7b6d33a5ac8989a62f5518b9e0f7ee128a?s=96&d=mm&r=g\",\"contentUrl\":\"https:\\\/\\\/secure.gravatar.com\\\/avatar\\\/cfd0acaac86c3981d541d2e99a0ffb7b6d33a5ac8989a62f5518b9e0f7ee128a?s=96&d=mm&r=g\",\"caption\":\"Webmaster\"},\"url\":\"https:\\\/\\\/hijasdejesus.org\\\/en\\\/author\\\/webmaster\\\/\"}]}<\/script>\n<!-- \/ Yoast SEO plugin. -->","yoast_head_json":{"title":"To Age Well and With Grace as an Hija de Jes\u00fas - Hijas de Jes\u00fas","robots":{"index":"index","follow":"follow","max-snippet":"max-snippet:-1","max-image-preview":"max-image-preview:large","max-video-preview":"max-video-preview:-1"},"canonical":"https:\/\/hijasdejesus.org\/en\/to-age-well-and-with-grace-as-an-hija-de-jesus\/","og_locale":"en_US","og_type":"article","og_title":"To Age Well and With Grace as an Hija de Jes\u00fas - Hijas de Jes\u00fas","og_description":"FORMATION SESSION OF FI SISTERS 71 AND UP February 5, 2022, was a special day for the FI Sisters of ages 71 and up in the Indico-Pacific Province for it was an online Formation Session via Zoom.\u00a0 The sharing from the heart of Sr. \u00a0Ma. Bema B. Solis, F.I., about \u201cAging: Experienced and Lived as [&hellip;]","og_url":"https:\/\/hijasdejesus.org\/en\/to-age-well-and-with-grace-as-an-hija-de-jesus\/","og_site_name":"Hijas de Jes\u00fas","article_publisher":"https:\/\/www.facebook.com\/hijasdejesusenelmundo\/","article_published_time":"2022-02-09T17:32:46+00:00","og_image":[{"width":2000,"height":647,"url":"https:\/\/hijasdejesus.org\/wp-content\/uploads\/2022\/02\/2022_Formacin70-Cabecera.jpg","type":"image\/jpeg"}],"author":"Webmaster","twitter_card":"summary_large_image","twitter_creator":"@hijasdjesus","twitter_site":"@hijasdjesus","twitter_misc":{"Written by":"Webmaster","Est. reading time":"2 minutes"},"schema":{"@context":"https:\/\/schema.org","@graph":[{"@type":"Article","@id":"https:\/\/hijasdejesus.org\/en\/to-age-well-and-with-grace-as-an-hija-de-jesus\/#article","isPartOf":{"@id":"https:\/\/hijasdejesus.org\/en\/to-age-well-and-with-grace-as-an-hija-de-jesus\/"},"author":{"name":"Webmaster","@id":"https:\/\/hijasdejesus.org\/en\/#\/schema\/person\/ce4455965da733f2791f23b6ec14e9b6"},"headline":"To Age Well and With Grace as an Hija de Jes\u00fas","datePublished":"2022-02-09T17:32:46+00:00","mainEntityOfPage":{"@id":"https:\/\/hijasdejesus.org\/en\/to-age-well-and-with-grace-as-an-hija-de-jesus\/"},"wordCount":348,"publisher":{"@id":"https:\/\/hijasdejesus.org\/en\/#organization"},"image":{"@id":"https:\/\/hijasdejesus.org\/en\/to-age-well-and-with-grace-as-an-hija-de-jesus\/#primaryimage"},"thumbnailUrl":"https:\/\/hijasdejesus.org\/wp-content\/uploads\/2022\/02\/2022_Formacin70-Cabecera.jpg","articleSection":["Hijas de Jes\u00fas","News"],"inLanguage":"en-US"},{"@type":"WebPage","@id":"https:\/\/hijasdejesus.org\/en\/to-age-well-and-with-grace-as-an-hija-de-jesus\/","url":"https:\/\/hijasdejesus.org\/en\/to-age-well-and-with-grace-as-an-hija-de-jesus\/","name":"To Age Well and With Grace as an Hija de Jes\u00fas - Hijas de Jes\u00fas","isPartOf":{"@id":"https:\/\/hijasdejesus.org\/en\/#website"},"primaryImageOfPage":{"@id":"https:\/\/hijasdejesus.org\/en\/to-age-well-and-with-grace-as-an-hija-de-jesus\/#primaryimage"},"image":{"@id":"https:\/\/hijasdejesus.org\/en\/to-age-well-and-with-grace-as-an-hija-de-jesus\/#primaryimage"},"thumbnailUrl":"https:\/\/hijasdejesus.org\/wp-content\/uploads\/2022\/02\/2022_Formacin70-Cabecera.jpg","datePublished":"2022-02-09T17:32:46+00:00","breadcrumb":{"@id":"https:\/\/hijasdejesus.org\/en\/to-age-well-and-with-grace-as-an-hija-de-jesus\/#breadcrumb"},"inLanguage":"en-US","potentialAction":[{"@type":"ReadAction","target":["https:\/\/hijasdejesus.org\/en\/to-age-well-and-with-grace-as-an-hija-de-jesus\/"]}]},{"@type":"ImageObject","inLanguage":"en-US","@id":"https:\/\/hijasdejesus.org\/en\/to-age-well-and-with-grace-as-an-hija-de-jesus\/#primaryimage","url":"https:\/\/hijasdejesus.org\/wp-content\/uploads\/2022\/02\/2022_Formacin70-Cabecera.jpg","contentUrl":"https:\/\/hijasdejesus.org\/wp-content\/uploads\/2022\/02\/2022_Formacin70-Cabecera.jpg","width":2000,"height":647},{"@type":"BreadcrumbList","@id":"https:\/\/hijasdejesus.org\/en\/to-age-well-and-with-grace-as-an-hija-de-jesus\/#breadcrumb","itemListElement":[{"@type":"ListItem","position":1,"name":"Portada","item":"https:\/\/hijasdejesus.org\/en\/"},{"@type":"ListItem","position":2,"name":"To Age Well and With Grace as an Hija de Jes\u00fas"}]},{"@type":"WebSite","@id":"https:\/\/hijasdejesus.org\/en\/#website","url":"https:\/\/hijasdejesus.org\/en\/","name":"Hijas de Jes\u00fas","description":"Despertamos a Jes\u00fas en el coraz\u00f3n, sacando lo mejor de las personas. Somos una congregaci\u00f3n religiosa ignaciana fundada por la Madre Candida","publisher":{"@id":"https:\/\/hijasdejesus.org\/en\/#organization"},"potentialAction":[{"@type":"SearchAction","target":{"@type":"EntryPoint","urlTemplate":"https:\/\/hijasdejesus.org\/en\/?s={search_term_string}"},"query-input":{"@type":"PropertyValueSpecification","valueRequired":true,"valueName":"search_term_string"}}],"inLanguage":"en-US"},{"@type":"Organization","@id":"https:\/\/hijasdejesus.org\/en\/#organization","name":"Hijas de Jes\u00fas","url":"https:\/\/hijasdejesus.org\/en\/","logo":{"@type":"ImageObject","inLanguage":"en-US","@id":"https:\/\/hijasdejesus.org\/en\/#\/schema\/logo\/image\/","url":"https:\/\/hijasdejesus.org\/wp-content\/uploads\/2023\/01\/Hijas-de-Jesus_hor-A7C957.png","contentUrl":"https:\/\/hijasdejesus.org\/wp-content\/uploads\/2023\/01\/Hijas-de-Jesus_hor-A7C957.png","width":700,"height":360,"caption":"Hijas de Jes\u00fas"},"image":{"@id":"https:\/\/hijasdejesus.org\/en\/#\/schema\/logo\/image\/"},"sameAs":["https:\/\/www.facebook.com\/hijasdejesusenelmundo\/","https:\/\/x.com\/hijasdjesus"]},{"@type":"Person","@id":"https:\/\/hijasdejesus.org\/en\/#\/schema\/person\/ce4455965da733f2791f23b6ec14e9b6","name":"Webmaster","image":{"@type":"ImageObject","inLanguage":"en-US","@id":"https:\/\/secure.gravatar.com\/avatar\/cfd0acaac86c3981d541d2e99a0ffb7b6d33a5ac8989a62f5518b9e0f7ee128a?s=96&d=mm&r=g","url":"https:\/\/secure.gravatar.com\/avatar\/cfd0acaac86c3981d541d2e99a0ffb7b6d33a5ac8989a62f5518b9e0f7ee128a?s=96&d=mm&r=g","contentUrl":"https:\/\/secure.gravatar.com\/avatar\/cfd0acaac86c3981d541d2e99a0ffb7b6d33a5ac8989a62f5518b9e0f7ee128a?s=96&d=mm&r=g","caption":"Webmaster"},"url":"https:\/\/hijasdejesus.org\/en\/author\/webmaster\/"}]}},"_links":{"self":[{"href":"https:\/\/hijasdejesus.org\/en\/wp-json\/wp\/v2\/posts\/29747","targetHints":{"allow":["GET"]}}],"collection":[{"href":"https:\/\/hijasdejesus.org\/en\/wp-json\/wp\/v2\/posts"}],"about":[{"href":"https:\/\/hijasdejesus.org\/en\/wp-json\/wp\/v2\/types\/post"}],"author":[{"embeddable":true,"href":"https:\/\/hijasdejesus.org\/en\/wp-json\/wp\/v2\/users\/28"}],"replies":[{"embeddable":true,"href":"https:\/\/hijasdejesus.org\/en\/wp-json\/wp\/v2\/comments?post=29747"}],"version-history":[{"count":0,"href":"https:\/\/hijasdejesus.org\/en\/wp-json\/wp\/v2\/posts\/29747\/revisions"}],"wp:featuredmedia":[{"embeddable":true,"href":"https:\/\/hijasdejesus.org\/en\/wp-json\/wp\/v2\/media\/11654"}],"wp:attachment":[{"href":"https:\/\/hijasdejesus.org\/en\/wp-json\/wp\/v2\/media?parent=29747"}],"wp:term":[{"taxonomy":"category","embeddable":true,"href":"https:\/\/hijasdejesus.org\/en\/wp-json\/wp\/v2\/categories?post=29747"},{"taxonomy":"post_tag","embeddable":true,"href":"https:\/\/hijasdejesus.org\/en\/wp-json\/wp\/v2\/tags?post=29747"}],"curies":[{"name":"wp","href":"https:\/\/api.w.org\/{rel}","templated":true}]}}