{"id":29762,"date":"2022-03-01T15:19:40","date_gmt":"2022-03-01T14:19:40","guid":{"rendered":"https:\/\/nueva.hijasdejesus.org\/ash-wednesday-2022\/"},"modified":"2022-03-01T15:19:40","modified_gmt":"2022-03-01T14:19:40","slug":"ash-wednesday-2022","status":"publish","type":"post","link":"https:\/\/hijasdejesus.org\/en\/ash-wednesday-2022\/","title":{"rendered":"Ash Wednesday 2022"},"content":{"rendered":"<\/p>\n<p>We share the words that <strong>our Superior General addressed to the Daughters of Jesus<\/strong> today, Ash Wednesday.<\/p>\n<p>These and Pope Francis&#8217; Lenten message are enough to be with the Lord and <strong>let Jesus change us<\/strong>.<\/p>\n<p>From letter n\u00ba 23 by Graciela Francovig<\/p>\n<p>Today Lent begins. This is a privileged time that the Church offers us for <em>personal and community conversion and renewal.<\/em> \u00a0It can be healthy <strong>to spend some time serenely examining with the Lord our life<\/strong>, our following, our experience of poverty, relationships with others, our union, caring for the environment, and caring for others.<\/p>\n<p style=\"padding-left: 60px;\">We are very close to the experience of a war between Russia and Ukraine, which is compromising the rest of the countries of Europe, geographically closer, but which affects the whole world.\u00a0<strong>Let us continue to insistently ask God that human beings discover the incalculable value of peace<\/strong>, above all other interests. Let us consider to what extent we are sowers of peace, how we educate for peace because our life reveals what we carry in our hearts.<\/p>\n<p style=\"padding-left: 60px;\"><strong>Pope Francis&#8217; message for Lent this year<\/strong> is a reflection on St. Paul&#8217;s exhortation: <em>&#8220;<\/em><strong><em>Let us not tire of doing good<\/em><\/strong><em>, for, if we do not faint, we will reap the fruits in due time. Therefore, while we have the opportunity, let us do good to all&#8221;<\/em> Gal. 6:9-10 a.<\/p>\n<p style=\"padding-left: 60px;\">I invite all of you to take seriously these words of the apostle: <strong>&#8220;to do all the good we can&#8230;&#8221;<\/strong> and to bring them to our personal and communal prayer and to the examination of each day. Let us stop to see how many times we fail to do a good that can give life to others. The good for us can be to take care of the union between us and also with the laity, to take care of our words when speaking of others, to try to say good about my neighbor, those close up, and those from afar.<\/p>\n<p style=\"padding-left: 60px;\">May <strong>the Lord work in us that conversion that we need to take care of the being<\/strong>, our being of Daughters of Jesus.<\/p>\n<p style=\"padding-left: 60px;\">I suggest you personally make, in homes and in communities, a <strong>leisurely, prayerful reading of the <\/strong><a href=\"https:\/\/www.vatican.va\/content\/francesco\/en\/messages\/lent\/documents\/20211111-messaggio-quaresima2022.html\">Pope&#8217;s full message<\/a><a href=\"https:\/\/www.vatican.va\/content\/francesco\/es\/events\/event.dir.html\/content\/vaticanevents\/es\/2022\/2\/24\/messaggio-quaresima.html\"> for this Lent<\/a>.<\/p>\n<p style=\"padding-left: 60px;\">With great affection and in union of prayers<\/p>\n<p style=\"padding-left: 60px;\"><em><strong>Graciela Francovig, Superior General<\/strong><\/em><\/p>\n<p>\u00a0<\/p>\n","protected":false},"excerpt":{"rendered":"<p>We share the words that our Superior General addressed to the Daughters of Jesus today, Ash Wednesday. These and Pope Francis&#8217; Lenten message are enough to be with the Lord and let Jesus change us. From letter n\u00ba 23 by Graciela Francovig Today Lent begins. This is a privileged time that the Church offers us [&hellip;]<\/p>\n","protected":false},"author":28,"featured_media":11674,"comment_status":"closed","ping_status":"closed","sticky":false,"template":"","format":"standard","meta":{"_et_pb_use_builder":"","_et_pb_old_content":"","_et_gb_content_width":"","footnotes":"","_links_to":"","_links_to_target":""},"categories":[532,412],"tags":[756],"class_list":["post-29762","post","type-post","status-publish","format-standard","has-post-thumbnail","hentry","category-church","category-news","tag-lent"],"yoast_head":"<!-- This site is optimized with the Yoast SEO plugin v27.4 - https:\/\/yoast.com\/product\/yoast-seo-wordpress\/ -->\n<title>Ash Wednesday 2022 - Hijas de Jes\u00fas<\/title>\n<meta name=\"robots\" content=\"index, follow, max-snippet:-1, max-image-preview:large, max-video-preview:-1\" \/>\n<link rel=\"canonical\" href=\"https:\/\/hijasdejesus.org\/en\/ash-wednesday-2022\/\" \/>\n<meta property=\"og:locale\" content=\"en_US\" \/>\n<meta property=\"og:type\" content=\"article\" \/>\n<meta property=\"og:title\" content=\"Ash Wednesday 2022 - Hijas de Jes\u00fas\" \/>\n<meta property=\"og:description\" content=\"We share the words that our Superior General addressed to the Daughters of Jesus today, Ash Wednesday. These and Pope Francis&#8217; Lenten message are enough to be with the Lord and let Jesus change us. From letter n\u00ba 23 by Graciela Francovig Today Lent begins. This is a privileged time that the Church offers us [&hellip;]\" \/>\n<meta property=\"og:url\" content=\"https:\/\/hijasdejesus.org\/en\/ash-wednesday-2022\/\" \/>\n<meta property=\"og:site_name\" content=\"Hijas de Jes\u00fas\" \/>\n<meta property=\"article:publisher\" content=\"https:\/\/www.facebook.com\/hijasdejesusenelmundo\/\" \/>\n<meta property=\"article:published_time\" content=\"2022-03-01T14:19:40+00:00\" \/>\n<meta property=\"og:image\" content=\"https:\/\/hijasdejesus.org\/wp-content\/uploads\/2022\/03\/Carta_n23-Cabecera_GB.jpg\" \/>\n\t<meta property=\"og:image:width\" content=\"2000\" \/>\n\t<meta property=\"og:image:height\" content=\"647\" \/>\n\t<meta property=\"og:image:type\" content=\"image\/jpeg\" \/>\n<meta name=\"author\" content=\"Webmaster\" \/>\n<meta name=\"twitter:card\" content=\"summary_large_image\" \/>\n<meta name=\"twitter:creator\" content=\"@hijasdjesus\" \/>\n<meta name=\"twitter:site\" content=\"@hijasdjesus\" \/>\n<meta name=\"twitter:label1\" content=\"Written by\" \/>\n\t<meta name=\"twitter:data1\" content=\"Webmaster\" \/>\n\t<meta name=\"twitter:label2\" content=\"Est. reading time\" \/>\n\t<meta name=\"twitter:data2\" content=\"2 minutes\" \/>\n<script type=\"application\/ld+json\" class=\"yoast-schema-graph\">{\"@context\":\"https:\\\/\\\/schema.org\",\"@graph\":[{\"@type\":\"Article\",\"@id\":\"https:\\\/\\\/hijasdejesus.org\\\/en\\\/ash-wednesday-2022\\\/#article\",\"isPartOf\":{\"@id\":\"https:\\\/\\\/hijasdejesus.org\\\/en\\\/ash-wednesday-2022\\\/\"},\"author\":{\"name\":\"Webmaster\",\"@id\":\"https:\\\/\\\/hijasdejesus.org\\\/en\\\/#\\\/schema\\\/person\\\/ce4455965da733f2791f23b6ec14e9b6\"},\"headline\":\"Ash Wednesday 2022\",\"datePublished\":\"2022-03-01T14:19:40+00:00\",\"mainEntityOfPage\":{\"@id\":\"https:\\\/\\\/hijasdejesus.org\\\/en\\\/ash-wednesday-2022\\\/\"},\"wordCount\":385,\"publisher\":{\"@id\":\"https:\\\/\\\/hijasdejesus.org\\\/en\\\/#organization\"},\"image\":{\"@id\":\"https:\\\/\\\/hijasdejesus.org\\\/en\\\/ash-wednesday-2022\\\/#primaryimage\"},\"thumbnailUrl\":\"https:\\\/\\\/hijasdejesus.org\\\/wp-content\\\/uploads\\\/2022\\\/03\\\/Carta_n23-Cabecera_GB.jpg\",\"keywords\":[\"Lent\"],\"articleSection\":[\"Church\",\"News\"],\"inLanguage\":\"en-US\"},{\"@type\":\"WebPage\",\"@id\":\"https:\\\/\\\/hijasdejesus.org\\\/en\\\/ash-wednesday-2022\\\/\",\"url\":\"https:\\\/\\\/hijasdejesus.org\\\/en\\\/ash-wednesday-2022\\\/\",\"name\":\"Ash Wednesday 2022 - Hijas de Jes\u00fas\",\"isPartOf\":{\"@id\":\"https:\\\/\\\/hijasdejesus.org\\\/en\\\/#website\"},\"primaryImageOfPage\":{\"@id\":\"https:\\\/\\\/hijasdejesus.org\\\/en\\\/ash-wednesday-2022\\\/#primaryimage\"},\"image\":{\"@id\":\"https:\\\/\\\/hijasdejesus.org\\\/en\\\/ash-wednesday-2022\\\/#primaryimage\"},\"thumbnailUrl\":\"https:\\\/\\\/hijasdejesus.org\\\/wp-content\\\/uploads\\\/2022\\\/03\\\/Carta_n23-Cabecera_GB.jpg\",\"datePublished\":\"2022-03-01T14:19:40+00:00\",\"breadcrumb\":{\"@id\":\"https:\\\/\\\/hijasdejesus.org\\\/en\\\/ash-wednesday-2022\\\/#breadcrumb\"},\"inLanguage\":\"en-US\",\"potentialAction\":[{\"@type\":\"ReadAction\",\"target\":[\"https:\\\/\\\/hijasdejesus.org\\\/en\\\/ash-wednesday-2022\\\/\"]}]},{\"@type\":\"ImageObject\",\"inLanguage\":\"en-US\",\"@id\":\"https:\\\/\\\/hijasdejesus.org\\\/en\\\/ash-wednesday-2022\\\/#primaryimage\",\"url\":\"https:\\\/\\\/hijasdejesus.org\\\/wp-content\\\/uploads\\\/2022\\\/03\\\/Carta_n23-Cabecera_GB.jpg\",\"contentUrl\":\"https:\\\/\\\/hijasdejesus.org\\\/wp-content\\\/uploads\\\/2022\\\/03\\\/Carta_n23-Cabecera_GB.jpg\",\"width\":2000,\"height\":647},{\"@type\":\"BreadcrumbList\",\"@id\":\"https:\\\/\\\/hijasdejesus.org\\\/en\\\/ash-wednesday-2022\\\/#breadcrumb\",\"itemListElement\":[{\"@type\":\"ListItem\",\"position\":1,\"name\":\"Portada\",\"item\":\"https:\\\/\\\/hijasdejesus.org\\\/en\\\/\"},{\"@type\":\"ListItem\",\"position\":2,\"name\":\"Ash Wednesday 2022\"}]},{\"@type\":\"WebSite\",\"@id\":\"https:\\\/\\\/hijasdejesus.org\\\/en\\\/#website\",\"url\":\"https:\\\/\\\/hijasdejesus.org\\\/en\\\/\",\"name\":\"Hijas de Jes\u00fas\",\"description\":\"Despertamos a Jes\u00fas en el coraz\u00f3n, sacando lo mejor de las personas. Somos una congregaci\u00f3n religiosa ignaciana fundada por la Madre Candida\",\"publisher\":{\"@id\":\"https:\\\/\\\/hijasdejesus.org\\\/en\\\/#organization\"},\"potentialAction\":[{\"@type\":\"SearchAction\",\"target\":{\"@type\":\"EntryPoint\",\"urlTemplate\":\"https:\\\/\\\/hijasdejesus.org\\\/en\\\/?s={search_term_string}\"},\"query-input\":{\"@type\":\"PropertyValueSpecification\",\"valueRequired\":true,\"valueName\":\"search_term_string\"}}],\"inLanguage\":\"en-US\"},{\"@type\":\"Organization\",\"@id\":\"https:\\\/\\\/hijasdejesus.org\\\/en\\\/#organization\",\"name\":\"Hijas de Jes\u00fas\",\"url\":\"https:\\\/\\\/hijasdejesus.org\\\/en\\\/\",\"logo\":{\"@type\":\"ImageObject\",\"inLanguage\":\"en-US\",\"@id\":\"https:\\\/\\\/hijasdejesus.org\\\/en\\\/#\\\/schema\\\/logo\\\/image\\\/\",\"url\":\"https:\\\/\\\/hijasdejesus.org\\\/wp-content\\\/uploads\\\/2023\\\/01\\\/Hijas-de-Jesus_hor-A7C957.png\",\"contentUrl\":\"https:\\\/\\\/hijasdejesus.org\\\/wp-content\\\/uploads\\\/2023\\\/01\\\/Hijas-de-Jesus_hor-A7C957.png\",\"width\":700,\"height\":360,\"caption\":\"Hijas de Jes\u00fas\"},\"image\":{\"@id\":\"https:\\\/\\\/hijasdejesus.org\\\/en\\\/#\\\/schema\\\/logo\\\/image\\\/\"},\"sameAs\":[\"https:\\\/\\\/www.facebook.com\\\/hijasdejesusenelmundo\\\/\",\"https:\\\/\\\/x.com\\\/hijasdjesus\"]},{\"@type\":\"Person\",\"@id\":\"https:\\\/\\\/hijasdejesus.org\\\/en\\\/#\\\/schema\\\/person\\\/ce4455965da733f2791f23b6ec14e9b6\",\"name\":\"Webmaster\",\"image\":{\"@type\":\"ImageObject\",\"inLanguage\":\"en-US\",\"@id\":\"https:\\\/\\\/secure.gravatar.com\\\/avatar\\\/cfd0acaac86c3981d541d2e99a0ffb7b6d33a5ac8989a62f5518b9e0f7ee128a?s=96&d=mm&r=g\",\"url\":\"https:\\\/\\\/secure.gravatar.com\\\/avatar\\\/cfd0acaac86c3981d541d2e99a0ffb7b6d33a5ac8989a62f5518b9e0f7ee128a?s=96&d=mm&r=g\",\"contentUrl\":\"https:\\\/\\\/secure.gravatar.com\\\/avatar\\\/cfd0acaac86c3981d541d2e99a0ffb7b6d33a5ac8989a62f5518b9e0f7ee128a?s=96&d=mm&r=g\",\"caption\":\"Webmaster\"},\"url\":\"https:\\\/\\\/hijasdejesus.org\\\/en\\\/author\\\/webmaster\\\/\"}]}<\/script>\n<!-- \/ Yoast SEO plugin. -->","yoast_head_json":{"title":"Ash Wednesday 2022 - Hijas de Jes\u00fas","robots":{"index":"index","follow":"follow","max-snippet":"max-snippet:-1","max-image-preview":"max-image-preview:large","max-video-preview":"max-video-preview:-1"},"canonical":"https:\/\/hijasdejesus.org\/en\/ash-wednesday-2022\/","og_locale":"en_US","og_type":"article","og_title":"Ash Wednesday 2022 - Hijas de Jes\u00fas","og_description":"We share the words that our Superior General addressed to the Daughters of Jesus today, Ash Wednesday. These and Pope Francis&#8217; Lenten message are enough to be with the Lord and let Jesus change us. From letter n\u00ba 23 by Graciela Francovig Today Lent begins. This is a privileged time that the Church offers us [&hellip;]","og_url":"https:\/\/hijasdejesus.org\/en\/ash-wednesday-2022\/","og_site_name":"Hijas de Jes\u00fas","article_publisher":"https:\/\/www.facebook.com\/hijasdejesusenelmundo\/","article_published_time":"2022-03-01T14:19:40+00:00","og_image":[{"width":2000,"height":647,"url":"https:\/\/hijasdejesus.org\/wp-content\/uploads\/2022\/03\/Carta_n23-Cabecera_GB.jpg","type":"image\/jpeg"}],"author":"Webmaster","twitter_card":"summary_large_image","twitter_creator":"@hijasdjesus","twitter_site":"@hijasdjesus","twitter_misc":{"Written by":"Webmaster","Est. reading time":"2 minutes"},"schema":{"@context":"https:\/\/schema.org","@graph":[{"@type":"Article","@id":"https:\/\/hijasdejesus.org\/en\/ash-wednesday-2022\/#article","isPartOf":{"@id":"https:\/\/hijasdejesus.org\/en\/ash-wednesday-2022\/"},"author":{"name":"Webmaster","@id":"https:\/\/hijasdejesus.org\/en\/#\/schema\/person\/ce4455965da733f2791f23b6ec14e9b6"},"headline":"Ash Wednesday 2022","datePublished":"2022-03-01T14:19:40+00:00","mainEntityOfPage":{"@id":"https:\/\/hijasdejesus.org\/en\/ash-wednesday-2022\/"},"wordCount":385,"publisher":{"@id":"https:\/\/hijasdejesus.org\/en\/#organization"},"image":{"@id":"https:\/\/hijasdejesus.org\/en\/ash-wednesday-2022\/#primaryimage"},"thumbnailUrl":"https:\/\/hijasdejesus.org\/wp-content\/uploads\/2022\/03\/Carta_n23-Cabecera_GB.jpg","keywords":["Lent"],"articleSection":["Church","News"],"inLanguage":"en-US"},{"@type":"WebPage","@id":"https:\/\/hijasdejesus.org\/en\/ash-wednesday-2022\/","url":"https:\/\/hijasdejesus.org\/en\/ash-wednesday-2022\/","name":"Ash Wednesday 2022 - Hijas de Jes\u00fas","isPartOf":{"@id":"https:\/\/hijasdejesus.org\/en\/#website"},"primaryImageOfPage":{"@id":"https:\/\/hijasdejesus.org\/en\/ash-wednesday-2022\/#primaryimage"},"image":{"@id":"https:\/\/hijasdejesus.org\/en\/ash-wednesday-2022\/#primaryimage"},"thumbnailUrl":"https:\/\/hijasdejesus.org\/wp-content\/uploads\/2022\/03\/Carta_n23-Cabecera_GB.jpg","datePublished":"2022-03-01T14:19:40+00:00","breadcrumb":{"@id":"https:\/\/hijasdejesus.org\/en\/ash-wednesday-2022\/#breadcrumb"},"inLanguage":"en-US","potentialAction":[{"@type":"ReadAction","target":["https:\/\/hijasdejesus.org\/en\/ash-wednesday-2022\/"]}]},{"@type":"ImageObject","inLanguage":"en-US","@id":"https:\/\/hijasdejesus.org\/en\/ash-wednesday-2022\/#primaryimage","url":"https:\/\/hijasdejesus.org\/wp-content\/uploads\/2022\/03\/Carta_n23-Cabecera_GB.jpg","contentUrl":"https:\/\/hijasdejesus.org\/wp-content\/uploads\/2022\/03\/Carta_n23-Cabecera_GB.jpg","width":2000,"height":647},{"@type":"BreadcrumbList","@id":"https:\/\/hijasdejesus.org\/en\/ash-wednesday-2022\/#breadcrumb","itemListElement":[{"@type":"ListItem","position":1,"name":"Portada","item":"https:\/\/hijasdejesus.org\/en\/"},{"@type":"ListItem","position":2,"name":"Ash Wednesday 2022"}]},{"@type":"WebSite","@id":"https:\/\/hijasdejesus.org\/en\/#website","url":"https:\/\/hijasdejesus.org\/en\/","name":"Hijas de Jes\u00fas","description":"Despertamos a Jes\u00fas en el coraz\u00f3n, sacando lo mejor de las personas. Somos una congregaci\u00f3n religiosa ignaciana fundada por la Madre Candida","publisher":{"@id":"https:\/\/hijasdejesus.org\/en\/#organization"},"potentialAction":[{"@type":"SearchAction","target":{"@type":"EntryPoint","urlTemplate":"https:\/\/hijasdejesus.org\/en\/?s={search_term_string}"},"query-input":{"@type":"PropertyValueSpecification","valueRequired":true,"valueName":"search_term_string"}}],"inLanguage":"en-US"},{"@type":"Organization","@id":"https:\/\/hijasdejesus.org\/en\/#organization","name":"Hijas de Jes\u00fas","url":"https:\/\/hijasdejesus.org\/en\/","logo":{"@type":"ImageObject","inLanguage":"en-US","@id":"https:\/\/hijasdejesus.org\/en\/#\/schema\/logo\/image\/","url":"https:\/\/hijasdejesus.org\/wp-content\/uploads\/2023\/01\/Hijas-de-Jesus_hor-A7C957.png","contentUrl":"https:\/\/hijasdejesus.org\/wp-content\/uploads\/2023\/01\/Hijas-de-Jesus_hor-A7C957.png","width":700,"height":360,"caption":"Hijas de Jes\u00fas"},"image":{"@id":"https:\/\/hijasdejesus.org\/en\/#\/schema\/logo\/image\/"},"sameAs":["https:\/\/www.facebook.com\/hijasdejesusenelmundo\/","https:\/\/x.com\/hijasdjesus"]},{"@type":"Person","@id":"https:\/\/hijasdejesus.org\/en\/#\/schema\/person\/ce4455965da733f2791f23b6ec14e9b6","name":"Webmaster","image":{"@type":"ImageObject","inLanguage":"en-US","@id":"https:\/\/secure.gravatar.com\/avatar\/cfd0acaac86c3981d541d2e99a0ffb7b6d33a5ac8989a62f5518b9e0f7ee128a?s=96&d=mm&r=g","url":"https:\/\/secure.gravatar.com\/avatar\/cfd0acaac86c3981d541d2e99a0ffb7b6d33a5ac8989a62f5518b9e0f7ee128a?s=96&d=mm&r=g","contentUrl":"https:\/\/secure.gravatar.com\/avatar\/cfd0acaac86c3981d541d2e99a0ffb7b6d33a5ac8989a62f5518b9e0f7ee128a?s=96&d=mm&r=g","caption":"Webmaster"},"url":"https:\/\/hijasdejesus.org\/en\/author\/webmaster\/"}]}},"_links":{"self":[{"href":"https:\/\/hijasdejesus.org\/en\/wp-json\/wp\/v2\/posts\/29762","targetHints":{"allow":["GET"]}}],"collection":[{"href":"https:\/\/hijasdejesus.org\/en\/wp-json\/wp\/v2\/posts"}],"about":[{"href":"https:\/\/hijasdejesus.org\/en\/wp-json\/wp\/v2\/types\/post"}],"author":[{"embeddable":true,"href":"https:\/\/hijasdejesus.org\/en\/wp-json\/wp\/v2\/users\/28"}],"replies":[{"embeddable":true,"href":"https:\/\/hijasdejesus.org\/en\/wp-json\/wp\/v2\/comments?post=29762"}],"version-history":[{"count":0,"href":"https:\/\/hijasdejesus.org\/en\/wp-json\/wp\/v2\/posts\/29762\/revisions"}],"wp:featuredmedia":[{"embeddable":true,"href":"https:\/\/hijasdejesus.org\/en\/wp-json\/wp\/v2\/media\/11674"}],"wp:attachment":[{"href":"https:\/\/hijasdejesus.org\/en\/wp-json\/wp\/v2\/media?parent=29762"}],"wp:term":[{"taxonomy":"category","embeddable":true,"href":"https:\/\/hijasdejesus.org\/en\/wp-json\/wp\/v2\/categories?post=29762"},{"taxonomy":"post_tag","embeddable":true,"href":"https:\/\/hijasdejesus.org\/en\/wp-json\/wp\/v2\/tags?post=29762"}],"curies":[{"name":"wp","href":"https:\/\/api.w.org\/{rel}","templated":true}]}}