{"id":29867,"date":"2022-05-31T11:16:50","date_gmt":"2022-05-31T09:16:50","guid":{"rendered":"https:\/\/nueva.hijasdejesus.org\/the-hymn-of-m-candida\/"},"modified":"2023-06-02T22:56:55","modified_gmt":"2023-06-02T20:56:55","slug":"the-hymn-of-m-candida","status":"publish","type":"post","link":"https:\/\/hijasdejesus.org\/en\/the-hymn-of-m-candida\/","title":{"rendered":"The Hymn of the M. Candida"},"content":{"rendered":"<p><span style=\"font-size: 9.0pt; font-family: 'Tahoma',sans-serif; color: #333333;\"><img loading=\"lazy\" decoding=\"async\" class=\" alignright size-full wp-image-11872\" style=\"float: right;\" src=\"https:\/\/hijasdejesus.org\/wp-content\/uploads\/2022\/05\/2022-05-31_Himno_Madre_Cndida_marcapginas_2.png\" alt=\"\" width=\"180\" height=\"540\">On the dates close to the Canonization of Mother Candida, our sister <em><br \/>\n  <b><br \/>\n    <span style=\"font-family: 'Tahoma',sans-serif;\">Pilar Linde<\/span><br \/>\n  <\/b><br \/>\n<\/em> wrote a document entitled <a href=\"https:\/\/recursos.hijasdejesus.org\/index.php?view=file&amp;id=570:para-dios-para-una-tierra-sin-fronteras&amp;catid=24\"><br \/>\n  <span style=\"color: #1b57b1; text-decoration: none; text-underline: none;\">&#8220;FOR GOD&#8230; FOR A LAND WITHOUT BORDERS&#8230;&#8221;<\/span><br \/>\n<\/a> and which had as its subtitle. <strong><br \/>\n  <span style=\"font-family: 'Tahoma',sans-serif;\">&#8220;History and message of the Hymn to M. Candida Maria de Jesus&#8221;.<\/span><br \/>\n<\/strong>.  <\/span><\/p>\n<p style=\"font-variant-ligatures: normal; font-variant-caps: normal; orphans: 2; text-align: start; widows: 2; -webkit-text-stroke-width: 0px; text-decoration-thickness: initial; text-decoration-style: initial; text-decoration-color: initial; word-spacing: 0px;\"><span style=\"font-weight: 400;\"><span style=\"font-size: 9.0pt; font-family: 'Tahoma',sans-serif; color: #333333;\">In Pilar&#8217;s document we find a <strong><br \/>\n  <span style=\"font-family: 'Tahoma',sans-serif;\">HISTORY of the hymns to Mother Candida and the history of the current hymn.<\/span><br \/>\n<\/strong> and in particular on the history of the current hymn. It is a journey that not only provides us with quantitative data but also prepares us to enter the second part of the document, which focuses on the MESSAGE.<\/span><\/span><\/p>\n<p style=\"font-variant-ligatures: normal; font-variant-caps: normal; orphans: 2; text-align: start; widows: 2; -webkit-text-stroke-width: 0px; text-decoration-thickness: initial; text-decoration-style: initial; text-decoration-color: initial; word-spacing: 0px;\"><span style=\"font-weight: 400;\"><span style=\"font-size: 9.0pt; font-family: 'Tahoma',sans-serif; color: #333333;\">The <strong><br \/>\n  <span style=\"font-family: 'Tahoma',sans-serif;\">Commission for the celebration of the 150th Anniversary of the foundation of the Congregation<\/span><br \/>\n<\/strong> offers us, young and old, a material to deepen <a href=\"https:\/\/recursos.hijasdejesus.org\/index.php?view=file&amp;id=569:buscando-la-musica-que-nos-une&amp;catid=24\"><br \/>\n  <span style=\"color: #1b57b1; text-decoration: none; text-underline: none;\">material to deepen our understanding of the history and message of what is for us today &#8220;the hymn&#8221; of our Mother Foundress.<\/span><br \/>\n<\/a>.<\/span><\/span><\/p>\n<p style=\"font-variant-ligatures: normal; font-variant-caps: normal; orphans: 2; text-align: start; widows: 2; -webkit-text-stroke-width: 0px; text-decoration-thickness: initial; text-decoration-style: initial; text-decoration-color: initial; word-spacing: 0px;\"><span style=\"font-weight: 400;\"><span style=\"font-size: 9.0pt; font-family: 'Tahoma',sans-serif; color: #333333;\">A  <strong><br \/>\n  <span style=\"font-family: 'Tahoma',sans-serif;\">hymn<\/span><br \/>\n<\/strong> es,  <strong><br \/>\n  <span style=\"font-family: 'Tahoma',sans-serif;\">according to the Royal Spanish Academy<\/span><br \/>\n<\/strong>a poetic or musical composition in honor of heroes, in praise of God or the saints; its purpose is to exalt a person, celebrate memorable events or express joy or enthusiasm for the person or for the events; this is a poetic or musical composition in honor of heroes, in praise of God or the saints; its purpose is to exalt a person, celebrate memorable events or express joy or enthusiasm for the person or for the events; this  <strong><span style=\"font-family: 'Tahoma',sans-serif;\">A musical composition becomes emblematic for a community, which identifies it and unites those who interpret it.<\/span><\/strong><\/span><\/span><\/p>\n<p style=\"font-variant-ligatures: normal; font-variant-caps: normal; orphans: 2; text-align: start; widows: 2; -webkit-text-stroke-width: 0px; text-decoration-thickness: initial; text-decoration-style: initial; text-decoration-color: initial; word-spacing: 0px;\"><span style=\"font-weight: 400;\"><span style=\"font-size: 9.0pt; font-family: 'Tahoma',sans-serif; color: #333333;\">We thank you:<\/span><\/span><\/p>\n<p style=\"font-variant-ligatures: normal; font-variant-caps: normal; orphans: 2; text-align: start; widows: 2; -webkit-text-stroke-width: 0px; text-decoration-thickness: initial; text-decoration-style: initial; text-decoration-color: initial; word-spacing: 0px;\"><span style=\"font-weight: 400;\"><span style=\"font-size: 9.0pt; font-family: 'Tahoma',sans-serif; color: #333333;\">To <strong><br \/>\n  <span style=\"font-family: 'Tahoma',sans-serif;\">Orfe\u00f3n Donostiarra<\/span><br \/>\n<\/strong>conducted by <strong><br \/>\n  <i><br \/>\n    <span style=\"font-family: 'Tahoma',sans-serif;\">Jos\u00e9 Antonio Sainz Alfaro<\/span><br \/>\n  <\/i><br \/>\n<\/strong>. The quality of their music and singing makes us experience strongly what unites and binds us as a family.<\/span><\/span><\/p>\n<p style=\"font-variant-ligatures: normal; font-variant-caps: normal; orphans: 2; text-align: start; widows: 2; -webkit-text-stroke-width: 0px; text-decoration-thickness: initial; text-decoration-style: initial; text-decoration-color: initial; word-spacing: 0px;\"><span style=\"font-weight: 400;\"><span style=\"font-size: 9.0pt; font-family: 'Tahoma',sans-serif; color: #333333;\">To the authors of the original hymn: lyrics by <em><br \/>\n  <b><br \/>\n    <span style=\"font-family: 'Tahoma',sans-serif;\">Mr. Juan Jos\u00e9 P\u00e9rez Ormaz\u00e1bal<\/span><br \/>\n  <\/b><br \/>\n<\/em>a priest of the diocese of Vitoria and professor of literature in the seminary; and music composed by <strong><br \/>\n  <i><br \/>\n    <span style=\"font-family: 'Tahoma',sans-serif;\">Juan Teller\u00eda<\/span><br \/>\n  <\/i><br \/>\n<\/strong>composer and pianist from Guipuzcoa.<\/span><\/span><\/p>\n<p style=\"font-variant-ligatures: normal; font-variant-caps: normal; orphans: 2; text-align: start; widows: 2; -webkit-text-stroke-width: 0px; text-decoration-thickness: initial; text-decoration-style: initial; text-decoration-color: initial; word-spacing: 0px;\"><span style=\"font-weight: 400;\"><span style=\"font-size: 9.0pt; font-family: 'Tahoma',sans-serif; color: #333333;\">And to <strong><br \/>\n  <i><br \/>\n    <span style=\"font-family: 'Tahoma',sans-serif;\">M\u00aa Pilar Linde Cirujano<\/span><br \/>\n  <\/i><br \/>\n<\/strong>  (Daughter of Jesus) for her article, written on May 31, 2016, which leads us to the &#8220;metahistory&#8221; of the hymn, enlivening in those of us who know it feelings, affections and resonances and awakening, in those who did not know it, interest and depth, and in all, a sense of belonging to the great Family of Mother Candida.<\/span><\/span><\/p>\n<p><a href=\"https:\/\/youtu.be\/CLP1AQfrXeI\"><img loading=\"lazy\" decoding=\"async\" class=\" size-full wp-image-11874\" src=\"https:\/\/hijasdejesus.org\/wp-content\/uploads\/2022\/05\/2022-05-30_Imagen_himno_M_Cndida.jpeg\" alt=\"\" width=\"752\" height=\"361\"><\/a><\/p>\n<p style=\"font-variant-ligatures: normal; font-variant-caps: normal; orphans: 2; text-align: start; widows: 2; -webkit-text-stroke-width: 0px; text-decoration-thickness: initial; text-decoration-style: initial; text-decoration-color: initial; word-spacing: 0px;\">\n","protected":false},"excerpt":{"rendered":"<p>On the dates close to the Canonization of Mother Candida, our sister Pilar Linde wrote a document entitled &#8220;FOR GOD&#8230; FOR A LAND WITHOUT BORDERS&#8230;&#8221; and which had as its subtitle. &#8220;History and message of the Hymn to M. Candida Maria de Jesus&#8221;. . In Pilar&#8217;s document we find a HISTORY of the hymns to [&hellip;]<\/p>\n","protected":false},"author":28,"featured_media":11876,"comment_status":"closed","ping_status":"closed","sticky":false,"template":"","format":"standard","meta":{"_et_pb_use_builder":"","_et_pb_old_content":"","_et_gb_content_width":"","footnotes":"","_links_to":"","_links_to_target":""},"categories":[528,412],"tags":[789],"class_list":["post-29867","post","type-post","status-publish","format-standard","has-post-thumbnail","hentry","category-hijas-de-jesus-en","category-news","tag-saint-candida"],"yoast_head":"<!-- This site is optimized with the Yoast SEO plugin v27.4 - https:\/\/yoast.com\/product\/yoast-seo-wordpress\/ -->\n<title>The Hymn of the M. Candida - Hijas de Jes\u00fas<\/title>\n<meta name=\"robots\" content=\"index, follow, max-snippet:-1, max-image-preview:large, max-video-preview:-1\" \/>\n<link rel=\"canonical\" href=\"https:\/\/hijasdejesus.org\/en\/the-hymn-of-m-candida\/\" \/>\n<meta property=\"og:locale\" content=\"en_US\" \/>\n<meta property=\"og:type\" content=\"article\" \/>\n<meta property=\"og:title\" content=\"The Hymn of the M. Candida - Hijas de Jes\u00fas\" \/>\n<meta property=\"og:description\" content=\"On the dates close to the Canonization of Mother Candida, our sister Pilar Linde wrote a document entitled &#8220;FOR GOD&#8230; FOR A LAND WITHOUT BORDERS&#8230;&#8221; and which had as its subtitle. &#8220;History and message of the Hymn to M. Candida Maria de Jesus&#8221;. . In Pilar&#8217;s document we find a HISTORY of the hymns to [&hellip;]\" \/>\n<meta property=\"og:url\" content=\"https:\/\/hijasdejesus.org\/en\/the-hymn-of-m-candida\/\" \/>\n<meta property=\"og:site_name\" content=\"Hijas de Jes\u00fas\" \/>\n<meta property=\"article:publisher\" content=\"https:\/\/www.facebook.com\/hijasdejesusenelmundo\/\" \/>\n<meta property=\"article:published_time\" content=\"2022-05-31T09:16:50+00:00\" \/>\n<meta property=\"article:modified_time\" content=\"2023-06-02T20:56:55+00:00\" \/>\n<meta property=\"og:image\" content=\"https:\/\/hijasdejesus.org\/wp-content\/uploads\/2022\/05\/2022-05-31_Himno_Madre_Cndida_marcapginas_GB.png\" \/>\n\t<meta property=\"og:image:width\" content=\"600\" \/>\n\t<meta property=\"og:image:height\" content=\"1800\" \/>\n\t<meta property=\"og:image:type\" content=\"image\/png\" \/>\n<meta name=\"author\" content=\"Webmaster\" \/>\n<meta name=\"twitter:card\" content=\"summary_large_image\" \/>\n<meta name=\"twitter:creator\" content=\"@hijasdjesus\" \/>\n<meta name=\"twitter:site\" content=\"@hijasdjesus\" \/>\n<meta name=\"twitter:label1\" content=\"Written by\" \/>\n\t<meta name=\"twitter:data1\" content=\"Webmaster\" \/>\n\t<meta name=\"twitter:label2\" content=\"Est. reading time\" \/>\n\t<meta name=\"twitter:data2\" content=\"2 minutes\" \/>\n<script type=\"application\/ld+json\" class=\"yoast-schema-graph\">{\"@context\":\"https:\\\/\\\/schema.org\",\"@graph\":[{\"@type\":\"Article\",\"@id\":\"https:\\\/\\\/hijasdejesus.org\\\/en\\\/the-hymn-of-m-candida\\\/#article\",\"isPartOf\":{\"@id\":\"https:\\\/\\\/hijasdejesus.org\\\/en\\\/the-hymn-of-m-candida\\\/\"},\"author\":{\"name\":\"Webmaster\",\"@id\":\"https:\\\/\\\/hijasdejesus.org\\\/en\\\/#\\\/schema\\\/person\\\/ce4455965da733f2791f23b6ec14e9b6\"},\"headline\":\"The Hymn of the M. Candida\",\"datePublished\":\"2022-05-31T09:16:50+00:00\",\"dateModified\":\"2023-06-02T20:56:55+00:00\",\"mainEntityOfPage\":{\"@id\":\"https:\\\/\\\/hijasdejesus.org\\\/en\\\/the-hymn-of-m-candida\\\/\"},\"wordCount\":396,\"publisher\":{\"@id\":\"https:\\\/\\\/hijasdejesus.org\\\/en\\\/#organization\"},\"image\":{\"@id\":\"https:\\\/\\\/hijasdejesus.org\\\/en\\\/the-hymn-of-m-candida\\\/#primaryimage\"},\"thumbnailUrl\":\"https:\\\/\\\/hijasdejesus.org\\\/wp-content\\\/uploads\\\/2022\\\/05\\\/2022-05-31_Himno_Madre_Cndida_marcapginas_GB.png\",\"keywords\":[\"Saint Candida\"],\"articleSection\":[\"Hijas de Jes\u00fas\",\"News\"],\"inLanguage\":\"en-US\"},{\"@type\":\"WebPage\",\"@id\":\"https:\\\/\\\/hijasdejesus.org\\\/en\\\/the-hymn-of-m-candida\\\/\",\"url\":\"https:\\\/\\\/hijasdejesus.org\\\/en\\\/the-hymn-of-m-candida\\\/\",\"name\":\"The Hymn of the M. Candida - Hijas de Jes\u00fas\",\"isPartOf\":{\"@id\":\"https:\\\/\\\/hijasdejesus.org\\\/en\\\/#website\"},\"primaryImageOfPage\":{\"@id\":\"https:\\\/\\\/hijasdejesus.org\\\/en\\\/the-hymn-of-m-candida\\\/#primaryimage\"},\"image\":{\"@id\":\"https:\\\/\\\/hijasdejesus.org\\\/en\\\/the-hymn-of-m-candida\\\/#primaryimage\"},\"thumbnailUrl\":\"https:\\\/\\\/hijasdejesus.org\\\/wp-content\\\/uploads\\\/2022\\\/05\\\/2022-05-31_Himno_Madre_Cndida_marcapginas_GB.png\",\"datePublished\":\"2022-05-31T09:16:50+00:00\",\"dateModified\":\"2023-06-02T20:56:55+00:00\",\"breadcrumb\":{\"@id\":\"https:\\\/\\\/hijasdejesus.org\\\/en\\\/the-hymn-of-m-candida\\\/#breadcrumb\"},\"inLanguage\":\"en-US\",\"potentialAction\":[{\"@type\":\"ReadAction\",\"target\":[\"https:\\\/\\\/hijasdejesus.org\\\/en\\\/the-hymn-of-m-candida\\\/\"]}]},{\"@type\":\"ImageObject\",\"inLanguage\":\"en-US\",\"@id\":\"https:\\\/\\\/hijasdejesus.org\\\/en\\\/the-hymn-of-m-candida\\\/#primaryimage\",\"url\":\"https:\\\/\\\/hijasdejesus.org\\\/wp-content\\\/uploads\\\/2022\\\/05\\\/2022-05-31_Himno_Madre_Cndida_marcapginas_GB.png\",\"contentUrl\":\"https:\\\/\\\/hijasdejesus.org\\\/wp-content\\\/uploads\\\/2022\\\/05\\\/2022-05-31_Himno_Madre_Cndida_marcapginas_GB.png\",\"width\":600,\"height\":1800},{\"@type\":\"BreadcrumbList\",\"@id\":\"https:\\\/\\\/hijasdejesus.org\\\/en\\\/the-hymn-of-m-candida\\\/#breadcrumb\",\"itemListElement\":[{\"@type\":\"ListItem\",\"position\":1,\"name\":\"Portada\",\"item\":\"https:\\\/\\\/hijasdejesus.org\\\/en\\\/\"},{\"@type\":\"ListItem\",\"position\":2,\"name\":\"The Hymn of the M. Candida\"}]},{\"@type\":\"WebSite\",\"@id\":\"https:\\\/\\\/hijasdejesus.org\\\/en\\\/#website\",\"url\":\"https:\\\/\\\/hijasdejesus.org\\\/en\\\/\",\"name\":\"Hijas de Jes\u00fas\",\"description\":\"Despertamos a Jes\u00fas en el coraz\u00f3n, sacando lo mejor de las personas. Somos una congregaci\u00f3n religiosa ignaciana fundada por la Madre Candida\",\"publisher\":{\"@id\":\"https:\\\/\\\/hijasdejesus.org\\\/en\\\/#organization\"},\"potentialAction\":[{\"@type\":\"SearchAction\",\"target\":{\"@type\":\"EntryPoint\",\"urlTemplate\":\"https:\\\/\\\/hijasdejesus.org\\\/en\\\/?s={search_term_string}\"},\"query-input\":{\"@type\":\"PropertyValueSpecification\",\"valueRequired\":true,\"valueName\":\"search_term_string\"}}],\"inLanguage\":\"en-US\"},{\"@type\":\"Organization\",\"@id\":\"https:\\\/\\\/hijasdejesus.org\\\/en\\\/#organization\",\"name\":\"Hijas de Jes\u00fas\",\"url\":\"https:\\\/\\\/hijasdejesus.org\\\/en\\\/\",\"logo\":{\"@type\":\"ImageObject\",\"inLanguage\":\"en-US\",\"@id\":\"https:\\\/\\\/hijasdejesus.org\\\/en\\\/#\\\/schema\\\/logo\\\/image\\\/\",\"url\":\"https:\\\/\\\/hijasdejesus.org\\\/wp-content\\\/uploads\\\/2023\\\/01\\\/Hijas-de-Jesus_hor-A7C957.png\",\"contentUrl\":\"https:\\\/\\\/hijasdejesus.org\\\/wp-content\\\/uploads\\\/2023\\\/01\\\/Hijas-de-Jesus_hor-A7C957.png\",\"width\":700,\"height\":360,\"caption\":\"Hijas de Jes\u00fas\"},\"image\":{\"@id\":\"https:\\\/\\\/hijasdejesus.org\\\/en\\\/#\\\/schema\\\/logo\\\/image\\\/\"},\"sameAs\":[\"https:\\\/\\\/www.facebook.com\\\/hijasdejesusenelmundo\\\/\",\"https:\\\/\\\/x.com\\\/hijasdjesus\"]},{\"@type\":\"Person\",\"@id\":\"https:\\\/\\\/hijasdejesus.org\\\/en\\\/#\\\/schema\\\/person\\\/ce4455965da733f2791f23b6ec14e9b6\",\"name\":\"Webmaster\",\"image\":{\"@type\":\"ImageObject\",\"inLanguage\":\"en-US\",\"@id\":\"https:\\\/\\\/secure.gravatar.com\\\/avatar\\\/cfd0acaac86c3981d541d2e99a0ffb7b6d33a5ac8989a62f5518b9e0f7ee128a?s=96&d=mm&r=g\",\"url\":\"https:\\\/\\\/secure.gravatar.com\\\/avatar\\\/cfd0acaac86c3981d541d2e99a0ffb7b6d33a5ac8989a62f5518b9e0f7ee128a?s=96&d=mm&r=g\",\"contentUrl\":\"https:\\\/\\\/secure.gravatar.com\\\/avatar\\\/cfd0acaac86c3981d541d2e99a0ffb7b6d33a5ac8989a62f5518b9e0f7ee128a?s=96&d=mm&r=g\",\"caption\":\"Webmaster\"},\"url\":\"https:\\\/\\\/hijasdejesus.org\\\/en\\\/author\\\/webmaster\\\/\"}]}<\/script>\n<!-- \/ Yoast SEO plugin. -->","yoast_head_json":{"title":"The Hymn of the M. Candida - Hijas de Jes\u00fas","robots":{"index":"index","follow":"follow","max-snippet":"max-snippet:-1","max-image-preview":"max-image-preview:large","max-video-preview":"max-video-preview:-1"},"canonical":"https:\/\/hijasdejesus.org\/en\/the-hymn-of-m-candida\/","og_locale":"en_US","og_type":"article","og_title":"The Hymn of the M. Candida - Hijas de Jes\u00fas","og_description":"On the dates close to the Canonization of Mother Candida, our sister Pilar Linde wrote a document entitled &#8220;FOR GOD&#8230; FOR A LAND WITHOUT BORDERS&#8230;&#8221; and which had as its subtitle. &#8220;History and message of the Hymn to M. Candida Maria de Jesus&#8221;. . In Pilar&#8217;s document we find a HISTORY of the hymns to [&hellip;]","og_url":"https:\/\/hijasdejesus.org\/en\/the-hymn-of-m-candida\/","og_site_name":"Hijas de Jes\u00fas","article_publisher":"https:\/\/www.facebook.com\/hijasdejesusenelmundo\/","article_published_time":"2022-05-31T09:16:50+00:00","article_modified_time":"2023-06-02T20:56:55+00:00","og_image":[{"width":600,"height":1800,"url":"https:\/\/hijasdejesus.org\/wp-content\/uploads\/2022\/05\/2022-05-31_Himno_Madre_Cndida_marcapginas_GB.png","type":"image\/png"}],"author":"Webmaster","twitter_card":"summary_large_image","twitter_creator":"@hijasdjesus","twitter_site":"@hijasdjesus","twitter_misc":{"Written by":"Webmaster","Est. reading time":"2 minutes"},"schema":{"@context":"https:\/\/schema.org","@graph":[{"@type":"Article","@id":"https:\/\/hijasdejesus.org\/en\/the-hymn-of-m-candida\/#article","isPartOf":{"@id":"https:\/\/hijasdejesus.org\/en\/the-hymn-of-m-candida\/"},"author":{"name":"Webmaster","@id":"https:\/\/hijasdejesus.org\/en\/#\/schema\/person\/ce4455965da733f2791f23b6ec14e9b6"},"headline":"The Hymn of the M. Candida","datePublished":"2022-05-31T09:16:50+00:00","dateModified":"2023-06-02T20:56:55+00:00","mainEntityOfPage":{"@id":"https:\/\/hijasdejesus.org\/en\/the-hymn-of-m-candida\/"},"wordCount":396,"publisher":{"@id":"https:\/\/hijasdejesus.org\/en\/#organization"},"image":{"@id":"https:\/\/hijasdejesus.org\/en\/the-hymn-of-m-candida\/#primaryimage"},"thumbnailUrl":"https:\/\/hijasdejesus.org\/wp-content\/uploads\/2022\/05\/2022-05-31_Himno_Madre_Cndida_marcapginas_GB.png","keywords":["Saint Candida"],"articleSection":["Hijas de Jes\u00fas","News"],"inLanguage":"en-US"},{"@type":"WebPage","@id":"https:\/\/hijasdejesus.org\/en\/the-hymn-of-m-candida\/","url":"https:\/\/hijasdejesus.org\/en\/the-hymn-of-m-candida\/","name":"The Hymn of the M. Candida - Hijas de Jes\u00fas","isPartOf":{"@id":"https:\/\/hijasdejesus.org\/en\/#website"},"primaryImageOfPage":{"@id":"https:\/\/hijasdejesus.org\/en\/the-hymn-of-m-candida\/#primaryimage"},"image":{"@id":"https:\/\/hijasdejesus.org\/en\/the-hymn-of-m-candida\/#primaryimage"},"thumbnailUrl":"https:\/\/hijasdejesus.org\/wp-content\/uploads\/2022\/05\/2022-05-31_Himno_Madre_Cndida_marcapginas_GB.png","datePublished":"2022-05-31T09:16:50+00:00","dateModified":"2023-06-02T20:56:55+00:00","breadcrumb":{"@id":"https:\/\/hijasdejesus.org\/en\/the-hymn-of-m-candida\/#breadcrumb"},"inLanguage":"en-US","potentialAction":[{"@type":"ReadAction","target":["https:\/\/hijasdejesus.org\/en\/the-hymn-of-m-candida\/"]}]},{"@type":"ImageObject","inLanguage":"en-US","@id":"https:\/\/hijasdejesus.org\/en\/the-hymn-of-m-candida\/#primaryimage","url":"https:\/\/hijasdejesus.org\/wp-content\/uploads\/2022\/05\/2022-05-31_Himno_Madre_Cndida_marcapginas_GB.png","contentUrl":"https:\/\/hijasdejesus.org\/wp-content\/uploads\/2022\/05\/2022-05-31_Himno_Madre_Cndida_marcapginas_GB.png","width":600,"height":1800},{"@type":"BreadcrumbList","@id":"https:\/\/hijasdejesus.org\/en\/the-hymn-of-m-candida\/#breadcrumb","itemListElement":[{"@type":"ListItem","position":1,"name":"Portada","item":"https:\/\/hijasdejesus.org\/en\/"},{"@type":"ListItem","position":2,"name":"The Hymn of the M. Candida"}]},{"@type":"WebSite","@id":"https:\/\/hijasdejesus.org\/en\/#website","url":"https:\/\/hijasdejesus.org\/en\/","name":"Hijas de Jes\u00fas","description":"Despertamos a Jes\u00fas en el coraz\u00f3n, sacando lo mejor de las personas. Somos una congregaci\u00f3n religiosa ignaciana fundada por la Madre Candida","publisher":{"@id":"https:\/\/hijasdejesus.org\/en\/#organization"},"potentialAction":[{"@type":"SearchAction","target":{"@type":"EntryPoint","urlTemplate":"https:\/\/hijasdejesus.org\/en\/?s={search_term_string}"},"query-input":{"@type":"PropertyValueSpecification","valueRequired":true,"valueName":"search_term_string"}}],"inLanguage":"en-US"},{"@type":"Organization","@id":"https:\/\/hijasdejesus.org\/en\/#organization","name":"Hijas de Jes\u00fas","url":"https:\/\/hijasdejesus.org\/en\/","logo":{"@type":"ImageObject","inLanguage":"en-US","@id":"https:\/\/hijasdejesus.org\/en\/#\/schema\/logo\/image\/","url":"https:\/\/hijasdejesus.org\/wp-content\/uploads\/2023\/01\/Hijas-de-Jesus_hor-A7C957.png","contentUrl":"https:\/\/hijasdejesus.org\/wp-content\/uploads\/2023\/01\/Hijas-de-Jesus_hor-A7C957.png","width":700,"height":360,"caption":"Hijas de Jes\u00fas"},"image":{"@id":"https:\/\/hijasdejesus.org\/en\/#\/schema\/logo\/image\/"},"sameAs":["https:\/\/www.facebook.com\/hijasdejesusenelmundo\/","https:\/\/x.com\/hijasdjesus"]},{"@type":"Person","@id":"https:\/\/hijasdejesus.org\/en\/#\/schema\/person\/ce4455965da733f2791f23b6ec14e9b6","name":"Webmaster","image":{"@type":"ImageObject","inLanguage":"en-US","@id":"https:\/\/secure.gravatar.com\/avatar\/cfd0acaac86c3981d541d2e99a0ffb7b6d33a5ac8989a62f5518b9e0f7ee128a?s=96&d=mm&r=g","url":"https:\/\/secure.gravatar.com\/avatar\/cfd0acaac86c3981d541d2e99a0ffb7b6d33a5ac8989a62f5518b9e0f7ee128a?s=96&d=mm&r=g","contentUrl":"https:\/\/secure.gravatar.com\/avatar\/cfd0acaac86c3981d541d2e99a0ffb7b6d33a5ac8989a62f5518b9e0f7ee128a?s=96&d=mm&r=g","caption":"Webmaster"},"url":"https:\/\/hijasdejesus.org\/en\/author\/webmaster\/"}]}},"_links":{"self":[{"href":"https:\/\/hijasdejesus.org\/en\/wp-json\/wp\/v2\/posts\/29867","targetHints":{"allow":["GET"]}}],"collection":[{"href":"https:\/\/hijasdejesus.org\/en\/wp-json\/wp\/v2\/posts"}],"about":[{"href":"https:\/\/hijasdejesus.org\/en\/wp-json\/wp\/v2\/types\/post"}],"author":[{"embeddable":true,"href":"https:\/\/hijasdejesus.org\/en\/wp-json\/wp\/v2\/users\/28"}],"replies":[{"embeddable":true,"href":"https:\/\/hijasdejesus.org\/en\/wp-json\/wp\/v2\/comments?post=29867"}],"version-history":[{"count":1,"href":"https:\/\/hijasdejesus.org\/en\/wp-json\/wp\/v2\/posts\/29867\/revisions"}],"predecessor-version":[{"id":34331,"href":"https:\/\/hijasdejesus.org\/en\/wp-json\/wp\/v2\/posts\/29867\/revisions\/34331"}],"wp:featuredmedia":[{"embeddable":true,"href":"https:\/\/hijasdejesus.org\/en\/wp-json\/wp\/v2\/media\/11876"}],"wp:attachment":[{"href":"https:\/\/hijasdejesus.org\/en\/wp-json\/wp\/v2\/media?parent=29867"}],"wp:term":[{"taxonomy":"category","embeddable":true,"href":"https:\/\/hijasdejesus.org\/en\/wp-json\/wp\/v2\/categories?post=29867"},{"taxonomy":"post_tag","embeddable":true,"href":"https:\/\/hijasdejesus.org\/en\/wp-json\/wp\/v2\/tags?post=29867"}],"curies":[{"name":"wp","href":"https:\/\/api.w.org\/{rel}","templated":true}]}}