{"id":29903,"date":"2022-07-11T13:10:10","date_gmt":"2022-07-11T11:10:10","guid":{"rendered":"https:\/\/nueva.hijasdejesus.org\/graciela-s-25th-letter-appointments-and-sending\/"},"modified":"2022-07-11T13:10:28","modified_gmt":"2022-07-11T11:10:28","slug":"graciela-s-25th-letter-appointments-and-sending","status":"publish","type":"post","link":"https:\/\/hijasdejesus.org\/en\/graciela-s-25th-letter-appointments-and-sending\/","title":{"rendered":"Graciela&#8217;s 25th letter: Appointments and sending"},"content":{"rendered":"<\/p>\n<p>On the eve of her trip to Argentina and Brazil, Graciela wrote us a letter in which she shared with us some recent appointments and sending.<\/p>\n<p>PROVINCIAL GOVERNMENT OF SPAIN-ITALY for the triennium 2022-2025<\/p>\n<p>Provincial Superior:<\/p>\n<p style=\"padding-left: 60px;\">Sr. <em><strong>Mar\u00eda Rosa Espinosa Calvo<\/strong><\/em><\/p>\n<p style=\"padding-left: 30px;\">Provincial Councillors:<\/p>\n<p style=\"padding-left: 60px;\">First Councillor: Sr. <em><strong>Mar\u00eda del Mar Dom\u00ednguez L\u00f3pez<\/strong><\/em><\/p>\n<p style=\"padding-left: 60px;\">Second Councillor: Sr. <em><strong>Mar\u00eda Teresa Garc\u00eda Rom\u00e1n<\/strong><\/em><\/p>\n<p style=\"padding-left: 60px;\">Third Councillor: Sr. <em><strong>Mar\u00eda de la O Mart\u00ednez Mart\u00edn<\/strong><\/em><\/p>\n<p style=\"padding-left: 60px;\">Fourth Councillor: Sr. <em><strong>Beatriz Neff Atance<\/strong><\/em><\/p>\n<p>This new government will begin its work on 1st September.<\/p>\n<p>\u00a0<\/p>\n<p>APPOINTMENT OF SECRETARY GENERAL<\/p>\n<p>Graciela has appointed Sr. <em><strong>Gloria Albiac<\/strong><\/em> as the new Secretary General. She will begin her service on the 12th September.<\/p>\n<p><em><strong>Ana M\u00aa Baeza<\/strong><\/em>, the present secretary, will continue in the Curia House as Superior.<\/p>\n<p>\u00a0<\/p>\n<p>SENDING OF SR. MATILDE POLANCO<\/p>\n<p>The Superior General says in her letter:<\/p>\n<p style=\"padding-left: 30px;\">Now that the process of the laity in Venezuela has been orientated and directed, I have sent <strong>Matilde<\/strong> from the Province of Andean America to the Province of Brazil-Caribbean, specifically <strong>to the Dominican Republic<\/strong>.<\/p>\n<p style=\"padding-left: 30px;\">How much we have to thank Matilde for! Her generous, available and affectionate dedication to the suffering reality of Venezuela; her constant encouragement, her spiritual disposition, her passion for the Kingdom. Let us not forget that Matilde was alone in Venezuela for more than two years, but without doubt she has had an experience of the Body which she has passed on to us in many ways. Here we see <strong>how important it is to be united in spirit<\/strong>, <strong>beyond our physical presence<\/strong>. Sometimes situations arise which, although they are not what we want, are what we can experience. But if our being a Daughter of Jesus and our belonging are strongly rooted, this is carried with charismatic elegance. Thank you, dear Matilda!<\/p>\n<p>She ends this letter by recommending to our prayers the journeys and visits of these two months (<strong>from 10 to 14 July<\/strong> she is <strong>visiting the International Novitiate of Cordoba<\/strong>\u00a0-Argentina- and,<strong> from the 28th and during the whole month of August<\/strong>, she will make the canonical visit to the communities of Brazil).<\/p>\n<p>And he bids farewell&#8230;<\/p>\n<p style=\"padding-left: 30px;\"><em>with <strong>the wish that we may remain united<\/strong> in our daily dedication to the Lord and to our brothers and sisters.<\/em><\/p>\n","protected":false},"excerpt":{"rendered":"<p>On the eve of her trip to Argentina and Brazil, Graciela wrote us a letter in which she shared with us some recent appointments and sending. PROVINCIAL GOVERNMENT OF SPAIN-ITALY for the triennium 2022-2025 Provincial Superior: Sr. Mar\u00eda Rosa Espinosa Calvo Provincial Councillors: First Councillor: Sr. Mar\u00eda del Mar Dom\u00ednguez L\u00f3pez Second Councillor: Sr. Mar\u00eda [&hellip;]<\/p>\n","protected":false},"author":28,"featured_media":11952,"comment_status":"closed","ping_status":"closed","sticky":false,"template":"","format":"standard","meta":{"_et_pb_use_builder":"","_et_pb_old_content":"","_et_gb_content_width":"","footnotes":"","_links_to":"","_links_to_target":""},"categories":[526,528,412],"tags":[],"class_list":["post-29903","post","type-post","status-publish","format-standard","has-post-thumbnail","hentry","category-general_government","category-hijas-de-jesus-en","category-news"],"yoast_head":"<!-- This site is optimized with the Yoast SEO plugin v27.4 - https:\/\/yoast.com\/product\/yoast-seo-wordpress\/ -->\n<title>Graciela&#039;s 25th letter: Appointments and sending - Hijas de Jes\u00fas<\/title>\n<meta name=\"robots\" content=\"index, follow, max-snippet:-1, max-image-preview:large, max-video-preview:-1\" \/>\n<link rel=\"canonical\" href=\"https:\/\/hijasdejesus.org\/en\/graciela-s-25th-letter-appointments-and-sending\/\" \/>\n<meta property=\"og:locale\" content=\"en_US\" \/>\n<meta property=\"og:type\" content=\"article\" \/>\n<meta property=\"og:title\" content=\"Graciela&#039;s 25th letter: Appointments and sending - Hijas de Jes\u00fas\" \/>\n<meta property=\"og:description\" content=\"On the eve of her trip to Argentina and Brazil, Graciela wrote us a letter in which she shared with us some recent appointments and sending. PROVINCIAL GOVERNMENT OF SPAIN-ITALY for the triennium 2022-2025 Provincial Superior: Sr. Mar\u00eda Rosa Espinosa Calvo Provincial Councillors: First Councillor: Sr. Mar\u00eda del Mar Dom\u00ednguez L\u00f3pez Second Councillor: Sr. Mar\u00eda [&hellip;]\" \/>\n<meta property=\"og:url\" content=\"https:\/\/hijasdejesus.org\/en\/graciela-s-25th-letter-appointments-and-sending\/\" \/>\n<meta property=\"og:site_name\" content=\"Hijas de Jes\u00fas\" \/>\n<meta property=\"article:publisher\" content=\"https:\/\/www.facebook.com\/hijasdejesusenelmundo\/\" \/>\n<meta property=\"article:published_time\" content=\"2022-07-11T11:10:10+00:00\" \/>\n<meta property=\"article:modified_time\" content=\"2022-07-11T11:10:28+00:00\" \/>\n<meta property=\"og:image\" content=\"https:\/\/hijasdejesus.org\/wp-content\/uploads\/2022\/07\/2022-07-11_Carta_25_Graciela_GB_3.jpg\" \/>\n\t<meta property=\"og:image:width\" content=\"2000\" \/>\n\t<meta property=\"og:image:height\" content=\"647\" \/>\n\t<meta property=\"og:image:type\" content=\"image\/jpeg\" \/>\n<meta name=\"author\" content=\"Webmaster\" \/>\n<meta name=\"twitter:card\" content=\"summary_large_image\" \/>\n<meta name=\"twitter:creator\" content=\"@hijasdjesus\" \/>\n<meta name=\"twitter:site\" content=\"@hijasdjesus\" \/>\n<meta name=\"twitter:label1\" content=\"Written by\" \/>\n\t<meta name=\"twitter:data1\" content=\"Webmaster\" \/>\n\t<meta name=\"twitter:label2\" content=\"Est. reading time\" \/>\n\t<meta name=\"twitter:data2\" content=\"2 minutes\" \/>\n<script type=\"application\/ld+json\" class=\"yoast-schema-graph\">{\"@context\":\"https:\\\/\\\/schema.org\",\"@graph\":[{\"@type\":\"Article\",\"@id\":\"https:\\\/\\\/hijasdejesus.org\\\/en\\\/graciela-s-25th-letter-appointments-and-sending\\\/#article\",\"isPartOf\":{\"@id\":\"https:\\\/\\\/hijasdejesus.org\\\/en\\\/graciela-s-25th-letter-appointments-and-sending\\\/\"},\"author\":{\"name\":\"Webmaster\",\"@id\":\"https:\\\/\\\/hijasdejesus.org\\\/en\\\/#\\\/schema\\\/person\\\/ce4455965da733f2791f23b6ec14e9b6\"},\"headline\":\"Graciela&#8217;s 25th letter: Appointments and sending\",\"datePublished\":\"2022-07-11T11:10:10+00:00\",\"dateModified\":\"2022-07-11T11:10:28+00:00\",\"mainEntityOfPage\":{\"@id\":\"https:\\\/\\\/hijasdejesus.org\\\/en\\\/graciela-s-25th-letter-appointments-and-sending\\\/\"},\"wordCount\":383,\"publisher\":{\"@id\":\"https:\\\/\\\/hijasdejesus.org\\\/en\\\/#organization\"},\"image\":{\"@id\":\"https:\\\/\\\/hijasdejesus.org\\\/en\\\/graciela-s-25th-letter-appointments-and-sending\\\/#primaryimage\"},\"thumbnailUrl\":\"https:\\\/\\\/hijasdejesus.org\\\/wp-content\\\/uploads\\\/2022\\\/07\\\/2022-07-11_Carta_25_Graciela_GB_3.jpg\",\"articleSection\":[\"General government\",\"Hijas de Jes\u00fas\",\"News\"],\"inLanguage\":\"en-US\"},{\"@type\":\"WebPage\",\"@id\":\"https:\\\/\\\/hijasdejesus.org\\\/en\\\/graciela-s-25th-letter-appointments-and-sending\\\/\",\"url\":\"https:\\\/\\\/hijasdejesus.org\\\/en\\\/graciela-s-25th-letter-appointments-and-sending\\\/\",\"name\":\"Graciela's 25th letter: Appointments and sending - Hijas de Jes\u00fas\",\"isPartOf\":{\"@id\":\"https:\\\/\\\/hijasdejesus.org\\\/en\\\/#website\"},\"primaryImageOfPage\":{\"@id\":\"https:\\\/\\\/hijasdejesus.org\\\/en\\\/graciela-s-25th-letter-appointments-and-sending\\\/#primaryimage\"},\"image\":{\"@id\":\"https:\\\/\\\/hijasdejesus.org\\\/en\\\/graciela-s-25th-letter-appointments-and-sending\\\/#primaryimage\"},\"thumbnailUrl\":\"https:\\\/\\\/hijasdejesus.org\\\/wp-content\\\/uploads\\\/2022\\\/07\\\/2022-07-11_Carta_25_Graciela_GB_3.jpg\",\"datePublished\":\"2022-07-11T11:10:10+00:00\",\"dateModified\":\"2022-07-11T11:10:28+00:00\",\"breadcrumb\":{\"@id\":\"https:\\\/\\\/hijasdejesus.org\\\/en\\\/graciela-s-25th-letter-appointments-and-sending\\\/#breadcrumb\"},\"inLanguage\":\"en-US\",\"potentialAction\":[{\"@type\":\"ReadAction\",\"target\":[\"https:\\\/\\\/hijasdejesus.org\\\/en\\\/graciela-s-25th-letter-appointments-and-sending\\\/\"]}]},{\"@type\":\"ImageObject\",\"inLanguage\":\"en-US\",\"@id\":\"https:\\\/\\\/hijasdejesus.org\\\/en\\\/graciela-s-25th-letter-appointments-and-sending\\\/#primaryimage\",\"url\":\"https:\\\/\\\/hijasdejesus.org\\\/wp-content\\\/uploads\\\/2022\\\/07\\\/2022-07-11_Carta_25_Graciela_GB_3.jpg\",\"contentUrl\":\"https:\\\/\\\/hijasdejesus.org\\\/wp-content\\\/uploads\\\/2022\\\/07\\\/2022-07-11_Carta_25_Graciela_GB_3.jpg\",\"width\":2000,\"height\":647},{\"@type\":\"BreadcrumbList\",\"@id\":\"https:\\\/\\\/hijasdejesus.org\\\/en\\\/graciela-s-25th-letter-appointments-and-sending\\\/#breadcrumb\",\"itemListElement\":[{\"@type\":\"ListItem\",\"position\":1,\"name\":\"Portada\",\"item\":\"https:\\\/\\\/hijasdejesus.org\\\/en\\\/\"},{\"@type\":\"ListItem\",\"position\":2,\"name\":\"Graciela&#8217;s 25th letter: Appointments and sending\"}]},{\"@type\":\"WebSite\",\"@id\":\"https:\\\/\\\/hijasdejesus.org\\\/en\\\/#website\",\"url\":\"https:\\\/\\\/hijasdejesus.org\\\/en\\\/\",\"name\":\"Hijas de Jes\u00fas\",\"description\":\"Despertamos a Jes\u00fas en el coraz\u00f3n, sacando lo mejor de las personas. Somos una congregaci\u00f3n religiosa ignaciana fundada por la Madre Candida\",\"publisher\":{\"@id\":\"https:\\\/\\\/hijasdejesus.org\\\/en\\\/#organization\"},\"potentialAction\":[{\"@type\":\"SearchAction\",\"target\":{\"@type\":\"EntryPoint\",\"urlTemplate\":\"https:\\\/\\\/hijasdejesus.org\\\/en\\\/?s={search_term_string}\"},\"query-input\":{\"@type\":\"PropertyValueSpecification\",\"valueRequired\":true,\"valueName\":\"search_term_string\"}}],\"inLanguage\":\"en-US\"},{\"@type\":\"Organization\",\"@id\":\"https:\\\/\\\/hijasdejesus.org\\\/en\\\/#organization\",\"name\":\"Hijas de Jes\u00fas\",\"url\":\"https:\\\/\\\/hijasdejesus.org\\\/en\\\/\",\"logo\":{\"@type\":\"ImageObject\",\"inLanguage\":\"en-US\",\"@id\":\"https:\\\/\\\/hijasdejesus.org\\\/en\\\/#\\\/schema\\\/logo\\\/image\\\/\",\"url\":\"https:\\\/\\\/hijasdejesus.org\\\/wp-content\\\/uploads\\\/2023\\\/01\\\/Hijas-de-Jesus_hor-A7C957.png\",\"contentUrl\":\"https:\\\/\\\/hijasdejesus.org\\\/wp-content\\\/uploads\\\/2023\\\/01\\\/Hijas-de-Jesus_hor-A7C957.png\",\"width\":700,\"height\":360,\"caption\":\"Hijas de Jes\u00fas\"},\"image\":{\"@id\":\"https:\\\/\\\/hijasdejesus.org\\\/en\\\/#\\\/schema\\\/logo\\\/image\\\/\"},\"sameAs\":[\"https:\\\/\\\/www.facebook.com\\\/hijasdejesusenelmundo\\\/\",\"https:\\\/\\\/x.com\\\/hijasdjesus\"]},{\"@type\":\"Person\",\"@id\":\"https:\\\/\\\/hijasdejesus.org\\\/en\\\/#\\\/schema\\\/person\\\/ce4455965da733f2791f23b6ec14e9b6\",\"name\":\"Webmaster\",\"image\":{\"@type\":\"ImageObject\",\"inLanguage\":\"en-US\",\"@id\":\"https:\\\/\\\/secure.gravatar.com\\\/avatar\\\/cfd0acaac86c3981d541d2e99a0ffb7b6d33a5ac8989a62f5518b9e0f7ee128a?s=96&d=mm&r=g\",\"url\":\"https:\\\/\\\/secure.gravatar.com\\\/avatar\\\/cfd0acaac86c3981d541d2e99a0ffb7b6d33a5ac8989a62f5518b9e0f7ee128a?s=96&d=mm&r=g\",\"contentUrl\":\"https:\\\/\\\/secure.gravatar.com\\\/avatar\\\/cfd0acaac86c3981d541d2e99a0ffb7b6d33a5ac8989a62f5518b9e0f7ee128a?s=96&d=mm&r=g\",\"caption\":\"Webmaster\"},\"url\":\"https:\\\/\\\/hijasdejesus.org\\\/en\\\/author\\\/webmaster\\\/\"}]}<\/script>\n<!-- \/ Yoast SEO plugin. -->","yoast_head_json":{"title":"Graciela's 25th letter: Appointments and sending - Hijas de Jes\u00fas","robots":{"index":"index","follow":"follow","max-snippet":"max-snippet:-1","max-image-preview":"max-image-preview:large","max-video-preview":"max-video-preview:-1"},"canonical":"https:\/\/hijasdejesus.org\/en\/graciela-s-25th-letter-appointments-and-sending\/","og_locale":"en_US","og_type":"article","og_title":"Graciela's 25th letter: Appointments and sending - Hijas de Jes\u00fas","og_description":"On the eve of her trip to Argentina and Brazil, Graciela wrote us a letter in which she shared with us some recent appointments and sending. PROVINCIAL GOVERNMENT OF SPAIN-ITALY for the triennium 2022-2025 Provincial Superior: Sr. Mar\u00eda Rosa Espinosa Calvo Provincial Councillors: First Councillor: Sr. Mar\u00eda del Mar Dom\u00ednguez L\u00f3pez Second Councillor: Sr. Mar\u00eda [&hellip;]","og_url":"https:\/\/hijasdejesus.org\/en\/graciela-s-25th-letter-appointments-and-sending\/","og_site_name":"Hijas de Jes\u00fas","article_publisher":"https:\/\/www.facebook.com\/hijasdejesusenelmundo\/","article_published_time":"2022-07-11T11:10:10+00:00","article_modified_time":"2022-07-11T11:10:28+00:00","og_image":[{"width":2000,"height":647,"url":"https:\/\/hijasdejesus.org\/wp-content\/uploads\/2022\/07\/2022-07-11_Carta_25_Graciela_GB_3.jpg","type":"image\/jpeg"}],"author":"Webmaster","twitter_card":"summary_large_image","twitter_creator":"@hijasdjesus","twitter_site":"@hijasdjesus","twitter_misc":{"Written by":"Webmaster","Est. reading time":"2 minutes"},"schema":{"@context":"https:\/\/schema.org","@graph":[{"@type":"Article","@id":"https:\/\/hijasdejesus.org\/en\/graciela-s-25th-letter-appointments-and-sending\/#article","isPartOf":{"@id":"https:\/\/hijasdejesus.org\/en\/graciela-s-25th-letter-appointments-and-sending\/"},"author":{"name":"Webmaster","@id":"https:\/\/hijasdejesus.org\/en\/#\/schema\/person\/ce4455965da733f2791f23b6ec14e9b6"},"headline":"Graciela&#8217;s 25th letter: Appointments and sending","datePublished":"2022-07-11T11:10:10+00:00","dateModified":"2022-07-11T11:10:28+00:00","mainEntityOfPage":{"@id":"https:\/\/hijasdejesus.org\/en\/graciela-s-25th-letter-appointments-and-sending\/"},"wordCount":383,"publisher":{"@id":"https:\/\/hijasdejesus.org\/en\/#organization"},"image":{"@id":"https:\/\/hijasdejesus.org\/en\/graciela-s-25th-letter-appointments-and-sending\/#primaryimage"},"thumbnailUrl":"https:\/\/hijasdejesus.org\/wp-content\/uploads\/2022\/07\/2022-07-11_Carta_25_Graciela_GB_3.jpg","articleSection":["General government","Hijas de Jes\u00fas","News"],"inLanguage":"en-US"},{"@type":"WebPage","@id":"https:\/\/hijasdejesus.org\/en\/graciela-s-25th-letter-appointments-and-sending\/","url":"https:\/\/hijasdejesus.org\/en\/graciela-s-25th-letter-appointments-and-sending\/","name":"Graciela's 25th letter: Appointments and sending - Hijas de Jes\u00fas","isPartOf":{"@id":"https:\/\/hijasdejesus.org\/en\/#website"},"primaryImageOfPage":{"@id":"https:\/\/hijasdejesus.org\/en\/graciela-s-25th-letter-appointments-and-sending\/#primaryimage"},"image":{"@id":"https:\/\/hijasdejesus.org\/en\/graciela-s-25th-letter-appointments-and-sending\/#primaryimage"},"thumbnailUrl":"https:\/\/hijasdejesus.org\/wp-content\/uploads\/2022\/07\/2022-07-11_Carta_25_Graciela_GB_3.jpg","datePublished":"2022-07-11T11:10:10+00:00","dateModified":"2022-07-11T11:10:28+00:00","breadcrumb":{"@id":"https:\/\/hijasdejesus.org\/en\/graciela-s-25th-letter-appointments-and-sending\/#breadcrumb"},"inLanguage":"en-US","potentialAction":[{"@type":"ReadAction","target":["https:\/\/hijasdejesus.org\/en\/graciela-s-25th-letter-appointments-and-sending\/"]}]},{"@type":"ImageObject","inLanguage":"en-US","@id":"https:\/\/hijasdejesus.org\/en\/graciela-s-25th-letter-appointments-and-sending\/#primaryimage","url":"https:\/\/hijasdejesus.org\/wp-content\/uploads\/2022\/07\/2022-07-11_Carta_25_Graciela_GB_3.jpg","contentUrl":"https:\/\/hijasdejesus.org\/wp-content\/uploads\/2022\/07\/2022-07-11_Carta_25_Graciela_GB_3.jpg","width":2000,"height":647},{"@type":"BreadcrumbList","@id":"https:\/\/hijasdejesus.org\/en\/graciela-s-25th-letter-appointments-and-sending\/#breadcrumb","itemListElement":[{"@type":"ListItem","position":1,"name":"Portada","item":"https:\/\/hijasdejesus.org\/en\/"},{"@type":"ListItem","position":2,"name":"Graciela&#8217;s 25th letter: Appointments and sending"}]},{"@type":"WebSite","@id":"https:\/\/hijasdejesus.org\/en\/#website","url":"https:\/\/hijasdejesus.org\/en\/","name":"Hijas de Jes\u00fas","description":"Despertamos a Jes\u00fas en el coraz\u00f3n, sacando lo mejor de las personas. Somos una congregaci\u00f3n religiosa ignaciana fundada por la Madre Candida","publisher":{"@id":"https:\/\/hijasdejesus.org\/en\/#organization"},"potentialAction":[{"@type":"SearchAction","target":{"@type":"EntryPoint","urlTemplate":"https:\/\/hijasdejesus.org\/en\/?s={search_term_string}"},"query-input":{"@type":"PropertyValueSpecification","valueRequired":true,"valueName":"search_term_string"}}],"inLanguage":"en-US"},{"@type":"Organization","@id":"https:\/\/hijasdejesus.org\/en\/#organization","name":"Hijas de Jes\u00fas","url":"https:\/\/hijasdejesus.org\/en\/","logo":{"@type":"ImageObject","inLanguage":"en-US","@id":"https:\/\/hijasdejesus.org\/en\/#\/schema\/logo\/image\/","url":"https:\/\/hijasdejesus.org\/wp-content\/uploads\/2023\/01\/Hijas-de-Jesus_hor-A7C957.png","contentUrl":"https:\/\/hijasdejesus.org\/wp-content\/uploads\/2023\/01\/Hijas-de-Jesus_hor-A7C957.png","width":700,"height":360,"caption":"Hijas de Jes\u00fas"},"image":{"@id":"https:\/\/hijasdejesus.org\/en\/#\/schema\/logo\/image\/"},"sameAs":["https:\/\/www.facebook.com\/hijasdejesusenelmundo\/","https:\/\/x.com\/hijasdjesus"]},{"@type":"Person","@id":"https:\/\/hijasdejesus.org\/en\/#\/schema\/person\/ce4455965da733f2791f23b6ec14e9b6","name":"Webmaster","image":{"@type":"ImageObject","inLanguage":"en-US","@id":"https:\/\/secure.gravatar.com\/avatar\/cfd0acaac86c3981d541d2e99a0ffb7b6d33a5ac8989a62f5518b9e0f7ee128a?s=96&d=mm&r=g","url":"https:\/\/secure.gravatar.com\/avatar\/cfd0acaac86c3981d541d2e99a0ffb7b6d33a5ac8989a62f5518b9e0f7ee128a?s=96&d=mm&r=g","contentUrl":"https:\/\/secure.gravatar.com\/avatar\/cfd0acaac86c3981d541d2e99a0ffb7b6d33a5ac8989a62f5518b9e0f7ee128a?s=96&d=mm&r=g","caption":"Webmaster"},"url":"https:\/\/hijasdejesus.org\/en\/author\/webmaster\/"}]}},"_links":{"self":[{"href":"https:\/\/hijasdejesus.org\/en\/wp-json\/wp\/v2\/posts\/29903","targetHints":{"allow":["GET"]}}],"collection":[{"href":"https:\/\/hijasdejesus.org\/en\/wp-json\/wp\/v2\/posts"}],"about":[{"href":"https:\/\/hijasdejesus.org\/en\/wp-json\/wp\/v2\/types\/post"}],"author":[{"embeddable":true,"href":"https:\/\/hijasdejesus.org\/en\/wp-json\/wp\/v2\/users\/28"}],"replies":[{"embeddable":true,"href":"https:\/\/hijasdejesus.org\/en\/wp-json\/wp\/v2\/comments?post=29903"}],"version-history":[{"count":0,"href":"https:\/\/hijasdejesus.org\/en\/wp-json\/wp\/v2\/posts\/29903\/revisions"}],"wp:featuredmedia":[{"embeddable":true,"href":"https:\/\/hijasdejesus.org\/en\/wp-json\/wp\/v2\/media\/11952"}],"wp:attachment":[{"href":"https:\/\/hijasdejesus.org\/en\/wp-json\/wp\/v2\/media?parent=29903"}],"wp:term":[{"taxonomy":"category","embeddable":true,"href":"https:\/\/hijasdejesus.org\/en\/wp-json\/wp\/v2\/categories?post=29903"},{"taxonomy":"post_tag","embeddable":true,"href":"https:\/\/hijasdejesus.org\/en\/wp-json\/wp\/v2\/tags?post=29903"}],"curies":[{"name":"wp","href":"https:\/\/api.w.org\/{rel}","templated":true}]}}