{"id":29948,"date":"2022-08-28T20:20:17","date_gmt":"2022-08-28T18:20:17","guid":{"rendered":"https:\/\/nueva.hijasdejesus.org\/extracts-from-the-visit-to-brazil\/"},"modified":"2022-08-28T20:20:17","modified_gmt":"2022-08-28T18:20:17","slug":"extracts-from-the-visit-to-brazil","status":"publish","type":"post","link":"https:\/\/hijasdejesus.org\/en\/extracts-from-the-visit-to-brazil\/","title":{"rendered":"Extracts from the visit to Brazil"},"content":{"rendered":"<p>\u00a0<\/p>\n<p>On 9 August I started a journey in Salamanca that would end the following day in<strong> Belo Horizonte<\/strong>. It was inevitable to imagine the one made by the first Daughters of Jesus to<strong> Piren\u00f3polis<\/strong> more than a hundred years ago, in very different conditions.<\/p>\n<p>It is a pleasure to listen to <em><strong>Cassia Lara N. de Araujo<\/strong><\/em>, laywoman, Educational Coordinator of the <a href=\"On 9 August I started a journey in Salamanca that would end the following day in Belo Horizonte. It was inevitable to imagine the one made by the first Daughters of Jesus to Piren\u00f3polis more than a hundred years ago, in very different conditions.  It is a pleasure to listen to Cassia Lara N. de Araujo, laywoman, Educational Coordinator of the Rede Filhas de Jesus of the Brazil Region. Cassia said that &quot;welcome is our characteristic, really&quot;; &quot;each person matters&quot;; &quot;what we do is to accompany&quot;; &quot;a school in pastoral care is not the same as a school with pastoral activities, it is the one that evangelises in every space and at all times&quot;.  One can see the positive impact of the Regional Assembly. I was not able to meet the Sisters of the Northeast, their pastoral outreach, such a different reality... Nor was I able to go to Montes Claros, although their affection also reached me. The meeting with the Obra Social N. Sra de F\u00e1tima must have been an endearing moment.  Graciela finished her visit to the Community of the Holy Trinity-C\u00e9u Azul with the community meeting and I joined her on her tour, although we continued to enjoy the warm welcome of these sisters until we left for Leopoldina. We did not miss the greeting to the Archbishop, D. Walmor Oliveira de Azevedo, who received us with detail and affection for the Congregation.  Translated with www.DeepL.com\/Translator (free version)\">Rede Filhas de Jesus<\/a> of the <strong>Brazil<\/strong> Region. Cassia said that<em> &#8220;welcome is our characteristic, really&#8221;; &#8220;each person matters&#8221;; &#8220;what we do is to accompany&#8221;; &#8220;a school in pastoral care is not the same as a school with pastoral activities, it is the one that evangelises in every space and at all times&#8221;.<\/em><\/p>\n<p>One can see the positive impact of the Regional Assembly. I was not able to meet the Sisters of the Northeast, their pastoral outreach, such a different reality&#8230; Nor was I able to go to <strong>Montes Claros<\/strong>, although their affection also reached me. The meeting with the <strong>Obra Social N. Sra de F\u00e1tima<\/strong> must have been an endearing moment.<\/p>\n<p><em><strong>Graciela<\/strong> <\/em>finished her visit to the Community of the<strong> Holy Trinity-C\u00e9u Azul<\/strong> with the community meeting and I joined her on her tour, although we continued to enjoy the warm welcome of these sisters until we left for<strong> Leopoldina<\/strong>. We did not miss the greeting to the Archbishop, <em><strong>D. Walmor Oliveira de Azevedo<\/strong><\/em>, who received us with detail and affection for the Congregation.<\/p>\n<p><img loading=\"lazy\" decoding=\"async\" class=\" size-full wp-image-12014\" style=\"display: block; margin-left: auto; margin-right: auto;\" src=\"https:\/\/hijasdejesus.org\/wp-content\/uploads\/2022\/08\/Visita_Cannica_Brasil_1.jpeg\" alt=\"\" width=\"422\" height=\"316\" \/><\/p>\n<p>Then came the meeting with the <strong>sisters of the old people&#8217;s home, Nazareth<\/strong>. A deep-rooted vocation, serenity, mutual care, tenderness, are words that express what is seen. The end culminated with the meeting, the<strong> Eucharist<\/strong> and the shared supper.<\/p>\n<p>Two days were devoted to the<strong> Central Desk<\/strong> (offices of the Region). On the second, we had the opportunity to chat with the staff who coordinate the team and the whole network.<\/p>\n<p><strong>Leopoldina<\/strong> has its charm: a quiet, smaller town, where at the end of Sunday people dance in a square. The celebration of the Word in the Cathedral, where we prayed before the remains of<em><strong> M. Vicenta Guilarte<\/strong><\/em>; the Eucharist in the sanctuary of St. Joseph the Worker, a welcoming ecclesial community. We had a truly fraternal meeting with <em><strong>Bishop Edson Oriolo dos Santos<\/strong><\/em>. And the presence at the Immaculate College, so well cared for, made for an intense day. This community has another house in <strong>Rio de Janeiro<\/strong>. We are at the end of this stage, having also visited the <strong>Stella Maris Popular Centre for Education and Social Assistance.<\/strong><\/p>\n<p><img loading=\"lazy\" decoding=\"async\" class=\" size-full wp-image-12016\" style=\"display: block; margin-left: auto; margin-right: auto;\" src=\"https:\/\/hijasdejesus.org\/wp-content\/uploads\/2022\/08\/Visita_Cannica_Brasil_3.jpeg\" alt=\"\" width=\"447\" height=\"335\" \/><\/p>\n<p>There is a moment that we enjoy intensely because of the<strong> harmony and the sincere union<\/strong> that we feel with the whole Congregation: the community meeting with the Superior General is a privileged occasion to deepen, once again and in a different way, in<a href=\"index.php?option=com_jdownloads&amp;view=category&amp;catid=27&amp;Itemid=121&amp;lang=es\"> GC XVIII <\/a>and in her Calls and in that permanent desire of <strong>M. Candida<\/strong> that we be <strong>&#8220;true Daughters of Jesus&#8221;<\/strong>.<strong><\/p>\n<p><em>Mar\u00eda Teresa Pinto FI.<\/em><br \/>General Councillor.<\/strong><\/p>\n<p>\u00a0<\/p>\n<p>Related publications<\/p>\n<p><a href=\"index.php?option=com_content&amp;view=article&amp;id=2610&amp;catid=13&amp;Itemid=142&amp;lang=en\">Canonical Visit of the Superior General &#8211; Brazil I<\/a><\/p>\n<p><a href=\"index.php?option=com_content&amp;view=article&amp;id=2619&amp;catid=13&amp;Itemid=142&amp;lang=en\">Canonical visit of the Superior General &#8211; Brazil II<\/a><\/p>\n","protected":false},"excerpt":{"rendered":"<p>\u00a0 On 9 August I started a journey in Salamanca that would end the following day in Belo Horizonte. It was inevitable to imagine the one made by the first Daughters of Jesus to Piren\u00f3polis more than a hundred years ago, in very different conditions. It is a pleasure to listen to Cassia Lara N. [&hellip;]<\/p>\n","protected":false},"author":28,"featured_media":12012,"comment_status":"closed","ping_status":"closed","sticky":false,"template":"","format":"standard","meta":{"_et_pb_use_builder":"","_et_pb_old_content":"","_et_gb_content_width":"","footnotes":"","_links_to":"","_links_to_target":""},"categories":[504,506,412],"tags":[],"class_list":["post-29948","post","type-post","status-publish","format-standard","has-post-thumbnail","hentry","category-brazil","category-brazil-caribbean","category-news"],"yoast_head":"<!-- This site is optimized with the Yoast SEO plugin v27.4 - https:\/\/yoast.com\/product\/yoast-seo-wordpress\/ -->\n<title>Extracts from the visit to Brazil - Hijas de Jes\u00fas<\/title>\n<meta name=\"robots\" content=\"index, follow, max-snippet:-1, max-image-preview:large, max-video-preview:-1\" \/>\n<link rel=\"canonical\" href=\"https:\/\/hijasdejesus.org\/en\/extracts-from-the-visit-to-brazil\/\" \/>\n<meta property=\"og:locale\" content=\"en_US\" \/>\n<meta property=\"og:type\" content=\"article\" \/>\n<meta property=\"og:title\" content=\"Extracts from the visit to Brazil - Hijas de Jes\u00fas\" \/>\n<meta property=\"og:description\" content=\"\u00a0 On 9 August I started a journey in Salamanca that would end the following day in Belo Horizonte. It was inevitable to imagine the one made by the first Daughters of Jesus to Piren\u00f3polis more than a hundred years ago, in very different conditions. It is a pleasure to listen to Cassia Lara N. [&hellip;]\" \/>\n<meta property=\"og:url\" content=\"https:\/\/hijasdejesus.org\/en\/extracts-from-the-visit-to-brazil\/\" \/>\n<meta property=\"og:site_name\" content=\"Hijas de Jes\u00fas\" \/>\n<meta property=\"article:publisher\" content=\"https:\/\/www.facebook.com\/hijasdejesusenelmundo\/\" \/>\n<meta property=\"article:published_time\" content=\"2022-08-28T18:20:17+00:00\" \/>\n<meta property=\"og:image\" content=\"https:\/\/hijasdejesus.org\/wp-content\/uploads\/2022\/08\/2022-08-28_cabecera_fragmentos_del_viaje.png\" \/>\n\t<meta property=\"og:image:width\" content=\"2000\" \/>\n\t<meta property=\"og:image:height\" content=\"647\" \/>\n\t<meta property=\"og:image:type\" content=\"image\/png\" \/>\n<meta name=\"author\" content=\"Webmaster\" \/>\n<meta name=\"twitter:card\" content=\"summary_large_image\" \/>\n<meta name=\"twitter:creator\" content=\"@hijasdjesus\" \/>\n<meta name=\"twitter:site\" content=\"@hijasdjesus\" \/>\n<meta name=\"twitter:label1\" content=\"Written by\" \/>\n\t<meta name=\"twitter:data1\" content=\"Webmaster\" \/>\n\t<meta name=\"twitter:label2\" content=\"Est. reading time\" \/>\n\t<meta name=\"twitter:data2\" content=\"3 minutes\" \/>\n<script type=\"application\/ld+json\" class=\"yoast-schema-graph\">{\"@context\":\"https:\\\/\\\/schema.org\",\"@graph\":[{\"@type\":\"Article\",\"@id\":\"https:\\\/\\\/hijasdejesus.org\\\/en\\\/extracts-from-the-visit-to-brazil\\\/#article\",\"isPartOf\":{\"@id\":\"https:\\\/\\\/hijasdejesus.org\\\/en\\\/extracts-from-the-visit-to-brazil\\\/\"},\"author\":{\"name\":\"Webmaster\",\"@id\":\"https:\\\/\\\/hijasdejesus.org\\\/en\\\/#\\\/schema\\\/person\\\/ce4455965da733f2791f23b6ec14e9b6\"},\"headline\":\"Extracts from the visit to Brazil\",\"datePublished\":\"2022-08-28T18:20:17+00:00\",\"mainEntityOfPage\":{\"@id\":\"https:\\\/\\\/hijasdejesus.org\\\/en\\\/extracts-from-the-visit-to-brazil\\\/\"},\"wordCount\":517,\"publisher\":{\"@id\":\"https:\\\/\\\/hijasdejesus.org\\\/en\\\/#organization\"},\"image\":{\"@id\":\"https:\\\/\\\/hijasdejesus.org\\\/en\\\/extracts-from-the-visit-to-brazil\\\/#primaryimage\"},\"thumbnailUrl\":\"https:\\\/\\\/hijasdejesus.org\\\/wp-content\\\/uploads\\\/2022\\\/08\\\/2022-08-28_cabecera_fragmentos_del_viaje.png\",\"articleSection\":[\"Brazil\",\"Brazil-Caribbean\",\"News\"],\"inLanguage\":\"en-US\"},{\"@type\":\"WebPage\",\"@id\":\"https:\\\/\\\/hijasdejesus.org\\\/en\\\/extracts-from-the-visit-to-brazil\\\/\",\"url\":\"https:\\\/\\\/hijasdejesus.org\\\/en\\\/extracts-from-the-visit-to-brazil\\\/\",\"name\":\"Extracts from the visit to Brazil - Hijas de Jes\u00fas\",\"isPartOf\":{\"@id\":\"https:\\\/\\\/hijasdejesus.org\\\/en\\\/#website\"},\"primaryImageOfPage\":{\"@id\":\"https:\\\/\\\/hijasdejesus.org\\\/en\\\/extracts-from-the-visit-to-brazil\\\/#primaryimage\"},\"image\":{\"@id\":\"https:\\\/\\\/hijasdejesus.org\\\/en\\\/extracts-from-the-visit-to-brazil\\\/#primaryimage\"},\"thumbnailUrl\":\"https:\\\/\\\/hijasdejesus.org\\\/wp-content\\\/uploads\\\/2022\\\/08\\\/2022-08-28_cabecera_fragmentos_del_viaje.png\",\"datePublished\":\"2022-08-28T18:20:17+00:00\",\"breadcrumb\":{\"@id\":\"https:\\\/\\\/hijasdejesus.org\\\/en\\\/extracts-from-the-visit-to-brazil\\\/#breadcrumb\"},\"inLanguage\":\"en-US\",\"potentialAction\":[{\"@type\":\"ReadAction\",\"target\":[\"https:\\\/\\\/hijasdejesus.org\\\/en\\\/extracts-from-the-visit-to-brazil\\\/\"]}]},{\"@type\":\"ImageObject\",\"inLanguage\":\"en-US\",\"@id\":\"https:\\\/\\\/hijasdejesus.org\\\/en\\\/extracts-from-the-visit-to-brazil\\\/#primaryimage\",\"url\":\"https:\\\/\\\/hijasdejesus.org\\\/wp-content\\\/uploads\\\/2022\\\/08\\\/2022-08-28_cabecera_fragmentos_del_viaje.png\",\"contentUrl\":\"https:\\\/\\\/hijasdejesus.org\\\/wp-content\\\/uploads\\\/2022\\\/08\\\/2022-08-28_cabecera_fragmentos_del_viaje.png\",\"width\":2000,\"height\":647},{\"@type\":\"BreadcrumbList\",\"@id\":\"https:\\\/\\\/hijasdejesus.org\\\/en\\\/extracts-from-the-visit-to-brazil\\\/#breadcrumb\",\"itemListElement\":[{\"@type\":\"ListItem\",\"position\":1,\"name\":\"Portada\",\"item\":\"https:\\\/\\\/hijasdejesus.org\\\/en\\\/\"},{\"@type\":\"ListItem\",\"position\":2,\"name\":\"Extracts from the visit to Brazil\"}]},{\"@type\":\"WebSite\",\"@id\":\"https:\\\/\\\/hijasdejesus.org\\\/en\\\/#website\",\"url\":\"https:\\\/\\\/hijasdejesus.org\\\/en\\\/\",\"name\":\"Hijas de Jes\u00fas\",\"description\":\"Despertamos a Jes\u00fas en el coraz\u00f3n, sacando lo mejor de las personas. Somos una congregaci\u00f3n religiosa ignaciana fundada por la Madre Candida\",\"publisher\":{\"@id\":\"https:\\\/\\\/hijasdejesus.org\\\/en\\\/#organization\"},\"potentialAction\":[{\"@type\":\"SearchAction\",\"target\":{\"@type\":\"EntryPoint\",\"urlTemplate\":\"https:\\\/\\\/hijasdejesus.org\\\/en\\\/?s={search_term_string}\"},\"query-input\":{\"@type\":\"PropertyValueSpecification\",\"valueRequired\":true,\"valueName\":\"search_term_string\"}}],\"inLanguage\":\"en-US\"},{\"@type\":\"Organization\",\"@id\":\"https:\\\/\\\/hijasdejesus.org\\\/en\\\/#organization\",\"name\":\"Hijas de Jes\u00fas\",\"url\":\"https:\\\/\\\/hijasdejesus.org\\\/en\\\/\",\"logo\":{\"@type\":\"ImageObject\",\"inLanguage\":\"en-US\",\"@id\":\"https:\\\/\\\/hijasdejesus.org\\\/en\\\/#\\\/schema\\\/logo\\\/image\\\/\",\"url\":\"https:\\\/\\\/hijasdejesus.org\\\/wp-content\\\/uploads\\\/2023\\\/01\\\/Hijas-de-Jesus_hor-A7C957.png\",\"contentUrl\":\"https:\\\/\\\/hijasdejesus.org\\\/wp-content\\\/uploads\\\/2023\\\/01\\\/Hijas-de-Jesus_hor-A7C957.png\",\"width\":700,\"height\":360,\"caption\":\"Hijas de Jes\u00fas\"},\"image\":{\"@id\":\"https:\\\/\\\/hijasdejesus.org\\\/en\\\/#\\\/schema\\\/logo\\\/image\\\/\"},\"sameAs\":[\"https:\\\/\\\/www.facebook.com\\\/hijasdejesusenelmundo\\\/\",\"https:\\\/\\\/x.com\\\/hijasdjesus\"]},{\"@type\":\"Person\",\"@id\":\"https:\\\/\\\/hijasdejesus.org\\\/en\\\/#\\\/schema\\\/person\\\/ce4455965da733f2791f23b6ec14e9b6\",\"name\":\"Webmaster\",\"image\":{\"@type\":\"ImageObject\",\"inLanguage\":\"en-US\",\"@id\":\"https:\\\/\\\/secure.gravatar.com\\\/avatar\\\/cfd0acaac86c3981d541d2e99a0ffb7b6d33a5ac8989a62f5518b9e0f7ee128a?s=96&d=mm&r=g\",\"url\":\"https:\\\/\\\/secure.gravatar.com\\\/avatar\\\/cfd0acaac86c3981d541d2e99a0ffb7b6d33a5ac8989a62f5518b9e0f7ee128a?s=96&d=mm&r=g\",\"contentUrl\":\"https:\\\/\\\/secure.gravatar.com\\\/avatar\\\/cfd0acaac86c3981d541d2e99a0ffb7b6d33a5ac8989a62f5518b9e0f7ee128a?s=96&d=mm&r=g\",\"caption\":\"Webmaster\"},\"url\":\"https:\\\/\\\/hijasdejesus.org\\\/en\\\/author\\\/webmaster\\\/\"}]}<\/script>\n<!-- \/ Yoast SEO plugin. -->","yoast_head_json":{"title":"Extracts from the visit to Brazil - Hijas de Jes\u00fas","robots":{"index":"index","follow":"follow","max-snippet":"max-snippet:-1","max-image-preview":"max-image-preview:large","max-video-preview":"max-video-preview:-1"},"canonical":"https:\/\/hijasdejesus.org\/en\/extracts-from-the-visit-to-brazil\/","og_locale":"en_US","og_type":"article","og_title":"Extracts from the visit to Brazil - Hijas de Jes\u00fas","og_description":"\u00a0 On 9 August I started a journey in Salamanca that would end the following day in Belo Horizonte. It was inevitable to imagine the one made by the first Daughters of Jesus to Piren\u00f3polis more than a hundred years ago, in very different conditions. It is a pleasure to listen to Cassia Lara N. [&hellip;]","og_url":"https:\/\/hijasdejesus.org\/en\/extracts-from-the-visit-to-brazil\/","og_site_name":"Hijas de Jes\u00fas","article_publisher":"https:\/\/www.facebook.com\/hijasdejesusenelmundo\/","article_published_time":"2022-08-28T18:20:17+00:00","og_image":[{"width":2000,"height":647,"url":"https:\/\/hijasdejesus.org\/wp-content\/uploads\/2022\/08\/2022-08-28_cabecera_fragmentos_del_viaje.png","type":"image\/png"}],"author":"Webmaster","twitter_card":"summary_large_image","twitter_creator":"@hijasdjesus","twitter_site":"@hijasdjesus","twitter_misc":{"Written by":"Webmaster","Est. reading time":"3 minutes"},"schema":{"@context":"https:\/\/schema.org","@graph":[{"@type":"Article","@id":"https:\/\/hijasdejesus.org\/en\/extracts-from-the-visit-to-brazil\/#article","isPartOf":{"@id":"https:\/\/hijasdejesus.org\/en\/extracts-from-the-visit-to-brazil\/"},"author":{"name":"Webmaster","@id":"https:\/\/hijasdejesus.org\/en\/#\/schema\/person\/ce4455965da733f2791f23b6ec14e9b6"},"headline":"Extracts from the visit to Brazil","datePublished":"2022-08-28T18:20:17+00:00","mainEntityOfPage":{"@id":"https:\/\/hijasdejesus.org\/en\/extracts-from-the-visit-to-brazil\/"},"wordCount":517,"publisher":{"@id":"https:\/\/hijasdejesus.org\/en\/#organization"},"image":{"@id":"https:\/\/hijasdejesus.org\/en\/extracts-from-the-visit-to-brazil\/#primaryimage"},"thumbnailUrl":"https:\/\/hijasdejesus.org\/wp-content\/uploads\/2022\/08\/2022-08-28_cabecera_fragmentos_del_viaje.png","articleSection":["Brazil","Brazil-Caribbean","News"],"inLanguage":"en-US"},{"@type":"WebPage","@id":"https:\/\/hijasdejesus.org\/en\/extracts-from-the-visit-to-brazil\/","url":"https:\/\/hijasdejesus.org\/en\/extracts-from-the-visit-to-brazil\/","name":"Extracts from the visit to Brazil - Hijas de Jes\u00fas","isPartOf":{"@id":"https:\/\/hijasdejesus.org\/en\/#website"},"primaryImageOfPage":{"@id":"https:\/\/hijasdejesus.org\/en\/extracts-from-the-visit-to-brazil\/#primaryimage"},"image":{"@id":"https:\/\/hijasdejesus.org\/en\/extracts-from-the-visit-to-brazil\/#primaryimage"},"thumbnailUrl":"https:\/\/hijasdejesus.org\/wp-content\/uploads\/2022\/08\/2022-08-28_cabecera_fragmentos_del_viaje.png","datePublished":"2022-08-28T18:20:17+00:00","breadcrumb":{"@id":"https:\/\/hijasdejesus.org\/en\/extracts-from-the-visit-to-brazil\/#breadcrumb"},"inLanguage":"en-US","potentialAction":[{"@type":"ReadAction","target":["https:\/\/hijasdejesus.org\/en\/extracts-from-the-visit-to-brazil\/"]}]},{"@type":"ImageObject","inLanguage":"en-US","@id":"https:\/\/hijasdejesus.org\/en\/extracts-from-the-visit-to-brazil\/#primaryimage","url":"https:\/\/hijasdejesus.org\/wp-content\/uploads\/2022\/08\/2022-08-28_cabecera_fragmentos_del_viaje.png","contentUrl":"https:\/\/hijasdejesus.org\/wp-content\/uploads\/2022\/08\/2022-08-28_cabecera_fragmentos_del_viaje.png","width":2000,"height":647},{"@type":"BreadcrumbList","@id":"https:\/\/hijasdejesus.org\/en\/extracts-from-the-visit-to-brazil\/#breadcrumb","itemListElement":[{"@type":"ListItem","position":1,"name":"Portada","item":"https:\/\/hijasdejesus.org\/en\/"},{"@type":"ListItem","position":2,"name":"Extracts from the visit to Brazil"}]},{"@type":"WebSite","@id":"https:\/\/hijasdejesus.org\/en\/#website","url":"https:\/\/hijasdejesus.org\/en\/","name":"Hijas de Jes\u00fas","description":"Despertamos a Jes\u00fas en el coraz\u00f3n, sacando lo mejor de las personas. Somos una congregaci\u00f3n religiosa ignaciana fundada por la Madre Candida","publisher":{"@id":"https:\/\/hijasdejesus.org\/en\/#organization"},"potentialAction":[{"@type":"SearchAction","target":{"@type":"EntryPoint","urlTemplate":"https:\/\/hijasdejesus.org\/en\/?s={search_term_string}"},"query-input":{"@type":"PropertyValueSpecification","valueRequired":true,"valueName":"search_term_string"}}],"inLanguage":"en-US"},{"@type":"Organization","@id":"https:\/\/hijasdejesus.org\/en\/#organization","name":"Hijas de Jes\u00fas","url":"https:\/\/hijasdejesus.org\/en\/","logo":{"@type":"ImageObject","inLanguage":"en-US","@id":"https:\/\/hijasdejesus.org\/en\/#\/schema\/logo\/image\/","url":"https:\/\/hijasdejesus.org\/wp-content\/uploads\/2023\/01\/Hijas-de-Jesus_hor-A7C957.png","contentUrl":"https:\/\/hijasdejesus.org\/wp-content\/uploads\/2023\/01\/Hijas-de-Jesus_hor-A7C957.png","width":700,"height":360,"caption":"Hijas de Jes\u00fas"},"image":{"@id":"https:\/\/hijasdejesus.org\/en\/#\/schema\/logo\/image\/"},"sameAs":["https:\/\/www.facebook.com\/hijasdejesusenelmundo\/","https:\/\/x.com\/hijasdjesus"]},{"@type":"Person","@id":"https:\/\/hijasdejesus.org\/en\/#\/schema\/person\/ce4455965da733f2791f23b6ec14e9b6","name":"Webmaster","image":{"@type":"ImageObject","inLanguage":"en-US","@id":"https:\/\/secure.gravatar.com\/avatar\/cfd0acaac86c3981d541d2e99a0ffb7b6d33a5ac8989a62f5518b9e0f7ee128a?s=96&d=mm&r=g","url":"https:\/\/secure.gravatar.com\/avatar\/cfd0acaac86c3981d541d2e99a0ffb7b6d33a5ac8989a62f5518b9e0f7ee128a?s=96&d=mm&r=g","contentUrl":"https:\/\/secure.gravatar.com\/avatar\/cfd0acaac86c3981d541d2e99a0ffb7b6d33a5ac8989a62f5518b9e0f7ee128a?s=96&d=mm&r=g","caption":"Webmaster"},"url":"https:\/\/hijasdejesus.org\/en\/author\/webmaster\/"}]}},"_links":{"self":[{"href":"https:\/\/hijasdejesus.org\/en\/wp-json\/wp\/v2\/posts\/29948","targetHints":{"allow":["GET"]}}],"collection":[{"href":"https:\/\/hijasdejesus.org\/en\/wp-json\/wp\/v2\/posts"}],"about":[{"href":"https:\/\/hijasdejesus.org\/en\/wp-json\/wp\/v2\/types\/post"}],"author":[{"embeddable":true,"href":"https:\/\/hijasdejesus.org\/en\/wp-json\/wp\/v2\/users\/28"}],"replies":[{"embeddable":true,"href":"https:\/\/hijasdejesus.org\/en\/wp-json\/wp\/v2\/comments?post=29948"}],"version-history":[{"count":0,"href":"https:\/\/hijasdejesus.org\/en\/wp-json\/wp\/v2\/posts\/29948\/revisions"}],"wp:featuredmedia":[{"embeddable":true,"href":"https:\/\/hijasdejesus.org\/en\/wp-json\/wp\/v2\/media\/12012"}],"wp:attachment":[{"href":"https:\/\/hijasdejesus.org\/en\/wp-json\/wp\/v2\/media?parent=29948"}],"wp:term":[{"taxonomy":"category","embeddable":true,"href":"https:\/\/hijasdejesus.org\/en\/wp-json\/wp\/v2\/categories?post=29948"},{"taxonomy":"post_tag","embeddable":true,"href":"https:\/\/hijasdejesus.org\/en\/wp-json\/wp\/v2\/tags?post=29948"}],"curies":[{"name":"wp","href":"https:\/\/api.w.org\/{rel}","templated":true}]}}