{"id":33968,"date":"2023-05-01T20:15:00","date_gmt":"2023-05-01T18:15:00","guid":{"rendered":"https:\/\/hijasdejesus.org\/global-education-pact-the-sound-of-an-alarm-that-warns-of-kairos\/"},"modified":"2023-05-02T14:44:34","modified_gmt":"2023-05-02T12:44:34","slug":"global-education-pact-the-sound-of-an-alarm-that-warns-of-kairos","status":"publish","type":"post","link":"https:\/\/hijasdejesus.org\/en\/global-education-pact-the-sound-of-an-alarm-that-warns-of-kairos\/","title":{"rendered":"Global Education Pact: the sound of an alarm that warns of Kairos"},"content":{"rendered":"\n<p>The <strong>Educational Pact<\/strong>, with its seven objectives, speaks to us of something so elementary, so fundamental, and basic for those of us who educate from the perspective of Mother Candida Maria Jesus. <strong>   <em>Mother Candida Maria de Jesus<\/em> <\/strong>The more we think about it, the clearer we see that it is an alarm. It is not for nothing that Pope Francis speaks of an &#8220;alarming educational gap&#8221;. And it is a joy to see that little by little, like a steady trickle, these schools of the M. Candida schools are reacting.<\/p>\n\n\n\n<p><strong>Immaculate Conception College, Daughters of Jesus, Pototan: <\/strong>they have started by putting the seal of the Covenant on the letterheads of their communications, as they do when they announce one of the most important events, the Family Day, which they held at the end of March. The commitment was sealed in a para liturgy.  <\/p>\n\n\n\n<figure class=\"wp-block-gallery has-nested-images columns-default is-cropped wp-block-gallery-1 is-layout-flex wp-block-gallery-is-layout-flex\">\n<figure class=\"wp-block-image size-large\"><img loading=\"lazy\" decoding=\"async\" width=\"1024\" height=\"683\" data-id=\"33914\" src=\"https:\/\/hijasdejesus.org\/wp-content\/uploads\/2023\/04\/Colegio-de-la-Inmaculada-Concepcion-Inc.-Hijas-de-Jesus-Pototan-Iloilo.-2-1024x683.jpg\" alt=\"\" class=\"wp-image-33914\" srcset=\"https:\/\/hijasdejesus.org\/wp-content\/uploads\/2023\/04\/Colegio-de-la-Inmaculada-Concepcion-Inc.-Hijas-de-Jesus-Pototan-Iloilo.-2-980x654.jpg 980w, https:\/\/hijasdejesus.org\/wp-content\/uploads\/2023\/04\/Colegio-de-la-Inmaculada-Concepcion-Inc.-Hijas-de-Jesus-Pototan-Iloilo.-2-480x320.jpg 480w\" sizes=\"(min-width: 0px) and (max-width: 480px) 480px, (min-width: 481px) and (max-width: 980px) 980px, (min-width: 981px) 1024px, 100vw\" \/><\/figure>\n\n\n\n<figure class=\"wp-block-image size-large\"><img loading=\"lazy\" decoding=\"async\" width=\"1024\" height=\"768\" data-id=\"33911\" src=\"https:\/\/hijasdejesus.org\/wp-content\/uploads\/2023\/04\/Colegio-de-la-Inmaculada-Concepcion-Inc.-Hijas-de-Jesus-Pototan-Iloilo.-1-1024x768.jpg\" alt=\"\" class=\"wp-image-33911\" srcset=\"https:\/\/hijasdejesus.org\/wp-content\/uploads\/2023\/04\/Colegio-de-la-Inmaculada-Concepcion-Inc.-Hijas-de-Jesus-Pototan-Iloilo.-1-980x735.jpg 980w, https:\/\/hijasdejesus.org\/wp-content\/uploads\/2023\/04\/Colegio-de-la-Inmaculada-Concepcion-Inc.-Hijas-de-Jesus-Pototan-Iloilo.-1-480x360.jpg 480w\" sizes=\"(min-width: 0px) and (max-width: 480px) 480px, (min-width: 481px) and (max-width: 980px) 980px, (min-width: 981px) 1024px, 100vw\" \/><\/figure>\n<\/figure>\n\n\n\n<p>Also, <strong><em>Edna Giner<\/em>,  the Principal of the<\/strong> <strong>Daughters of Jesus School in Iloilo<\/strong>, sends the photographic composition they have made on the occasion of the commitment undertaken.<\/p>\n\n\n\n<p>Although the communication reached us at the beginning of March, it was in January that <strong>Stella Maris Academy, Davao<\/strong>, made its commitment. <strong>\n  <em> Dina Galaura FI<\/em>\n<\/strong>reports that everyone is excited about this and the challenge of participating in the activity involved.<\/p>\n\n\n\n<blockquote class=\"wp-block-quote is-layout-flow wp-block-quote-is-layout-flow\">\n<p>With these three communications we can conclude that all the <strong>educational works directed by the Daughters of Jesus in the Philippines assume the Pact as their own<\/strong>.<\/p>\n<\/blockquote>\n\n\n\n<p>On the occasion of the recent visit of the Superior General to this country, the coordinators of Manresa School, Para\u00f1aque, took the opportunity to recall that taking on the Global Education Pact as their own<strong> does not mean committing to carry out activities, or more activities, with the students<\/strong>. Mainly, it is not that. <strong>It is to consider a vision, a different approach to the life and activity of the Center<\/strong>. It is to be aware of its seven objectives and to outline the curriculum and the relationships that take place in the school from them. <strong>It is to renew the experience of Our Own Way of Educating from the keys provided by the world of the 21st century and to assume its challenges<\/strong>. For this reason,<strong> Pact and Call in apostolic action go hand in hand, because they arise from the firm will to live and proclaim the Gospel<\/strong>.<\/p>\n\n\n\n<p>This was beautifully confirmed by <strong>Da Ren College, Daughters of Jesus, in Taipei, Taiwan<\/strong>. Da Ren reported, at the end of March, on a meeting of all the teachers whose purpose was to understand the Pact. They realized that their seven objectives point us in a direction that <em>the world needs now<\/em>, and their seven aspects are in line with the educational vision they have as a Center: <em>&#8220;self-esteem, compassion, excellence, and dedication&#8221;<\/em>. <em>&#8220;And all of the school&#8217;s activities are geared in this same direction! Therefore, teachers and professors felt very much in agreement with this spirit and are willing to dedicate and practice it. The principal encouraged maintaining the highest standards in educational philosophy and a greater sense of mission, <strong>all contributing to the growth of young people to serve society and create a long-term future together<\/strong>.&#8221;<\/em>.<\/p>\n\n\n\n<figure class=\"wp-block-gallery has-nested-images columns-default is-cropped wp-block-gallery-2 is-layout-flex wp-block-gallery-is-layout-flex\">\n<figure class=\"wp-block-image size-large\"><img loading=\"lazy\" decoding=\"async\" width=\"1024\" height=\"768\" data-id=\"33921\" src=\"https:\/\/hijasdejesus.org\/wp-content\/uploads\/2023\/04\/Da-Ren-Taipei-Taiwan-4-1024x768.jpg\" alt=\"\" class=\"wp-image-33921\" srcset=\"https:\/\/hijasdejesus.org\/wp-content\/uploads\/2023\/04\/Da-Ren-Taipei-Taiwan-4-980x735.jpg 980w, https:\/\/hijasdejesus.org\/wp-content\/uploads\/2023\/04\/Da-Ren-Taipei-Taiwan-4-480x360.jpg 480w\" sizes=\"(min-width: 0px) and (max-width: 480px) 480px, (min-width: 481px) and (max-width: 980px) 980px, (min-width: 981px) 1024px, 100vw\" \/><\/figure>\n\n\n\n<figure class=\"wp-block-image size-large\"><img loading=\"lazy\" decoding=\"async\" width=\"1024\" height=\"768\" data-id=\"33920\" src=\"https:\/\/hijasdejesus.org\/wp-content\/uploads\/2023\/04\/Da-Ren-Taipei-Taiwan-3-1024x768.jpg\" alt=\"\" class=\"wp-image-33920\" srcset=\"https:\/\/hijasdejesus.org\/wp-content\/uploads\/2023\/04\/Da-Ren-Taipei-Taiwan-3-980x735.jpg 980w, https:\/\/hijasdejesus.org\/wp-content\/uploads\/2023\/04\/Da-Ren-Taipei-Taiwan-3-480x360.jpg 480w\" sizes=\"(min-width: 0px) and (max-width: 480px) 480px, (min-width: 481px) and (max-width: 980px) 980px, (min-width: 981px) 1024px, 100vw\" \/><\/figure>\n\n\n\n<figure class=\"wp-block-image size-large\"><img loading=\"lazy\" decoding=\"async\" width=\"1024\" height=\"768\" data-id=\"33919\" src=\"https:\/\/hijasdejesus.org\/wp-content\/uploads\/2023\/04\/Da-Ren-Taipei-Taiwan-5-1024x768.jpg\" alt=\"\" class=\"wp-image-33919\" srcset=\"https:\/\/hijasdejesus.org\/wp-content\/uploads\/2023\/04\/Da-Ren-Taipei-Taiwan-5-980x735.jpg 980w, https:\/\/hijasdejesus.org\/wp-content\/uploads\/2023\/04\/Da-Ren-Taipei-Taiwan-5-480x360.jpg 480w\" sizes=\"(min-width: 0px) and (max-width: 480px) 480px, (min-width: 481px) and (max-width: 980px) 980px, (min-width: 981px) 1024px, 100vw\" \/><\/figure>\n<\/figure>\n\n\n\n<p>All this joy has come to us from the East. But it also comes to us from the West. Thus, <strong>   <em>Concei\u00e7\u00e3o Zambrano <\/em><\/strong>reported that the <strong>Col\u00e9gio Imaculada Concei\u00e7\u00e3o, Rede Filhas de Jesus, in Leopoldina, Brazil<\/strong>, had taken this step.<\/p>\n\n\n\n<figure class=\"wp-block-gallery has-nested-images columns-default is-cropped wp-block-gallery-3 is-layout-flex wp-block-gallery-is-layout-flex\">\n<figure class=\"wp-block-image size-large\"><img loading=\"lazy\" decoding=\"async\" width=\"1024\" height=\"1024\" data-id=\"33937\" src=\"https:\/\/hijasdejesus.org\/wp-content\/uploads\/2023\/04\/Colegio-Imaculada-Conceicao-Rede-Filhas-de-Jesus-LeopoldinaMG-1-1024x1024.jpg\" alt=\"\" class=\"wp-image-33937\" srcset=\"https:\/\/hijasdejesus.org\/wp-content\/uploads\/2023\/04\/Colegio-Imaculada-Conceicao-Rede-Filhas-de-Jesus-LeopoldinaMG-1-980x980.jpg 980w, https:\/\/hijasdejesus.org\/wp-content\/uploads\/2023\/04\/Colegio-Imaculada-Conceicao-Rede-Filhas-de-Jesus-LeopoldinaMG-1-480x480.jpg 480w\" sizes=\"(min-width: 0px) and (max-width: 480px) 480px, (min-width: 481px) and (max-width: 980px) 980px, (min-width: 981px) 1024px, 100vw\" \/><\/figure>\n\n\n\n<figure class=\"wp-block-image size-large\"><img loading=\"lazy\" decoding=\"async\" width=\"768\" height=\"1024\" data-id=\"33935\" src=\"https:\/\/hijasdejesus.org\/wp-content\/uploads\/2023\/04\/Colegio-Imaculada-Conceicao-Rede-Filhas-de-Jesus-LeopoldinaMG-3-768x1024.jpg\" alt=\"\" class=\"wp-image-33935\"\/><\/figure>\n\n\n\n<figure class=\"wp-block-image size-large\"><img loading=\"lazy\" decoding=\"async\" width=\"1024\" height=\"1024\" data-id=\"33936\" src=\"https:\/\/hijasdejesus.org\/wp-content\/uploads\/2023\/04\/Colegio-Imaculada-Conceicao-Rede-Filhas-de-Jesus-LeopoldinaMG-2-1024x1024.jpg\" alt=\"\" class=\"wp-image-33936\" srcset=\"https:\/\/hijasdejesus.org\/wp-content\/uploads\/2023\/04\/Colegio-Imaculada-Conceicao-Rede-Filhas-de-Jesus-LeopoldinaMG-2-980x980.jpg 980w, https:\/\/hijasdejesus.org\/wp-content\/uploads\/2023\/04\/Colegio-Imaculada-Conceicao-Rede-Filhas-de-Jesus-LeopoldinaMG-2-480x480.jpg 480w\" sizes=\"(min-width: 0px) and (max-width: 480px) 480px, (min-width: 481px) and (max-width: 980px) 980px, (min-width: 981px) 1024px, 100vw\" \/><\/figure>\n<\/figure>\n\n\n\n<p>The last school that has informed us, for the moment, of its adhesion has been the school of  <strong>Ntra. Sra. de Las Mercedes, Hijas de Jes\u00fas, Monterrico (Jujuy), Argentina<\/strong>. In their information, they add: <em>&#8220;we are working on different training spaces&#8221;<\/em> and send photographs of the working groups.<\/p>\n\n\n\n<figure class=\"wp-block-gallery has-nested-images columns-default is-cropped wp-block-gallery-4 is-layout-flex wp-block-gallery-is-layout-flex\">\n<figure class=\"wp-block-image size-large\"><img loading=\"lazy\" decoding=\"async\" width=\"1024\" height=\"768\" data-id=\"33945\" src=\"https:\/\/hijasdejesus.org\/wp-content\/uploads\/2023\/04\/COLEGIO-NTRA.-SRA.-DE-LAS-MERCEDES-1-1024x768.jpg\" alt=\"\" class=\"wp-image-33945\" srcset=\"https:\/\/hijasdejesus.org\/wp-content\/uploads\/2023\/04\/COLEGIO-NTRA.-SRA.-DE-LAS-MERCEDES-1-980x735.jpg 980w, https:\/\/hijasdejesus.org\/wp-content\/uploads\/2023\/04\/COLEGIO-NTRA.-SRA.-DE-LAS-MERCEDES-1-480x360.jpg 480w\" sizes=\"(min-width: 0px) and (max-width: 480px) 480px, (min-width: 481px) and (max-width: 980px) 980px, (min-width: 981px) 1024px, 100vw\" \/><\/figure>\n\n\n\n<figure class=\"wp-block-image size-large\"><img loading=\"lazy\" decoding=\"async\" width=\"1024\" height=\"768\" data-id=\"33947\" src=\"https:\/\/hijasdejesus.org\/wp-content\/uploads\/2023\/04\/COLEGIO-NTRA.-SRA.-DE-LAS-MERCEDES-2-1024x768.jpg\" alt=\"\" class=\"wp-image-33947\" srcset=\"https:\/\/hijasdejesus.org\/wp-content\/uploads\/2023\/04\/COLEGIO-NTRA.-SRA.-DE-LAS-MERCEDES-2-980x735.jpg 980w, https:\/\/hijasdejesus.org\/wp-content\/uploads\/2023\/04\/COLEGIO-NTRA.-SRA.-DE-LAS-MERCEDES-2-480x360.jpg 480w\" sizes=\"(min-width: 0px) and (max-width: 480px) 480px, (min-width: 481px) and (max-width: 980px) 980px, (min-width: 981px) 1024px, 100vw\" \/><\/figure>\n\n\n\n<figure class=\"wp-block-image size-large\"><img loading=\"lazy\" decoding=\"async\" width=\"1024\" height=\"768\" data-id=\"33944\" src=\"https:\/\/hijasdejesus.org\/wp-content\/uploads\/2023\/04\/COLEGIO-NTRA.-SRA.-DE-LAS-MERCEDES-3-1024x768.jpg\" alt=\"\" class=\"wp-image-33944\" srcset=\"https:\/\/hijasdejesus.org\/wp-content\/uploads\/2023\/04\/COLEGIO-NTRA.-SRA.-DE-LAS-MERCEDES-3-980x735.jpg 980w, https:\/\/hijasdejesus.org\/wp-content\/uploads\/2023\/04\/COLEGIO-NTRA.-SRA.-DE-LAS-MERCEDES-3-480x360.jpg 480w\" sizes=\"(min-width: 0px) and (max-width: 480px) 480px, (min-width: 481px) and (max-width: 980px) 980px, (min-width: 981px) 1024px, 100vw\" \/><\/figure>\n<\/figure>\n\n\n\n<p>It is encouraging to see that as if it were a drop-by-drop, Mother Candida&#8217;s School is getting to know the Pope&#8217;s approach to education for the whole of society. And, this school, as a Church school, responds.<\/p>\n\n\n\n<p>And that drop will continue to fall&#8230; &#8220;there is always time&#8221;. The warning, the alarm that the Pope sounds, does not run out and is not for a short-term response, as Da Ren has seen, it is a call for the Catholic school to become a Kairos:  <strong>we are always on time when it comes to the things of God<\/strong>.\u00a0<\/p>\n\n\n\n<p><strong><em>Maria Teresa Pinto FI<\/em><\/strong><\/p>\n","protected":false},"excerpt":{"rendered":"<p>The Educational Pact, with its seven objectives, speaks to us of something so elementary, so fundamental, and basic for those of us who educate from the perspective of Mother Candida Maria Jesus. Mother Candida Maria de Jesus The more we think about it, the clearer we see that it is an alarm. It is not [&hellip;]<\/p>\n","protected":false},"author":2,"featured_media":33933,"comment_status":"open","ping_status":"closed","sticky":false,"template":"","format":"standard","meta":{"_et_pb_use_builder":"off","_et_pb_old_content":"","_et_gb_content_width":"","footnotes":"","_links_to":"","_links_to_target":""},"categories":[516,412],"tags":[739],"class_list":["post-33968","post","type-post","status-publish","format-standard","has-post-thumbnail","hentry","category-education","category-news","tag-pacto-educativo-global-en"],"yoast_head":"<!-- This site is optimized with the Yoast SEO plugin v27.4 - https:\/\/yoast.com\/product\/yoast-seo-wordpress\/ -->\n<title>Global Education Pact: the sound of an alarm that warns of Kairos - Hijas de Jes\u00fas<\/title>\n<meta name=\"robots\" content=\"index, follow, max-snippet:-1, max-image-preview:large, max-video-preview:-1\" \/>\n<link rel=\"canonical\" href=\"https:\/\/hijasdejesus.org\/en\/global-education-pact-the-sound-of-an-alarm-that-warns-of-kairos\/\" \/>\n<meta property=\"og:locale\" content=\"en_US\" \/>\n<meta property=\"og:type\" content=\"article\" \/>\n<meta property=\"og:title\" content=\"Global Education Pact: the sound of an alarm that warns of Kairos - Hijas de Jes\u00fas\" \/>\n<meta property=\"og:description\" content=\"The Educational Pact, with its seven objectives, speaks to us of something so elementary, so fundamental, and basic for those of us who educate from the perspective of Mother Candida Maria Jesus. Mother Candida Maria de Jesus The more we think about it, the clearer we see that it is an alarm. It is not [&hellip;]\" \/>\n<meta property=\"og:url\" content=\"https:\/\/hijasdejesus.org\/en\/global-education-pact-the-sound-of-an-alarm-that-warns-of-kairos\/\" \/>\n<meta property=\"og:site_name\" content=\"Hijas de Jes\u00fas\" \/>\n<meta property=\"article:publisher\" content=\"https:\/\/www.facebook.com\/hijasdejesusenelmundo\/\" \/>\n<meta property=\"article:published_time\" content=\"2023-05-01T18:15:00+00:00\" \/>\n<meta property=\"article:modified_time\" content=\"2023-05-02T12:44:34+00:00\" \/>\n<meta property=\"og:image\" content=\"https:\/\/hijasdejesus.org\/wp-content\/uploads\/2023\/04\/Da-Ren-Taipei-Taiwan-1.jpg\" \/>\n\t<meta property=\"og:image:width\" content=\"1479\" \/>\n\t<meta property=\"og:image:height\" content=\"1109\" \/>\n\t<meta property=\"og:image:type\" content=\"image\/jpeg\" \/>\n<meta name=\"author\" content=\"Beatriz Concejo\" \/>\n<meta name=\"twitter:card\" content=\"summary_large_image\" \/>\n<meta name=\"twitter:creator\" content=\"@hijasdjesus\" \/>\n<meta name=\"twitter:site\" content=\"@hijasdjesus\" \/>\n<meta name=\"twitter:label1\" content=\"Written by\" \/>\n\t<meta name=\"twitter:data1\" content=\"Beatriz Concejo\" \/>\n\t<meta name=\"twitter:label2\" content=\"Est. reading time\" \/>\n\t<meta name=\"twitter:data2\" content=\"6 minutes\" \/>\n<script type=\"application\/ld+json\" class=\"yoast-schema-graph\">{\"@context\":\"https:\\\/\\\/schema.org\",\"@graph\":[{\"@type\":\"Article\",\"@id\":\"https:\\\/\\\/hijasdejesus.org\\\/en\\\/global-education-pact-the-sound-of-an-alarm-that-warns-of-kairos\\\/#article\",\"isPartOf\":{\"@id\":\"https:\\\/\\\/hijasdejesus.org\\\/en\\\/global-education-pact-the-sound-of-an-alarm-that-warns-of-kairos\\\/\"},\"author\":{\"name\":\"Beatriz Concejo\",\"@id\":\"https:\\\/\\\/hijasdejesus.org\\\/en\\\/#\\\/schema\\\/person\\\/a89333d7c811935bc234f49793356474\"},\"headline\":\"Global Education Pact: the sound of an alarm that warns of Kairos\",\"datePublished\":\"2023-05-01T18:15:00+00:00\",\"dateModified\":\"2023-05-02T12:44:34+00:00\",\"mainEntityOfPage\":{\"@id\":\"https:\\\/\\\/hijasdejesus.org\\\/en\\\/global-education-pact-the-sound-of-an-alarm-that-warns-of-kairos\\\/\"},\"wordCount\":735,\"commentCount\":0,\"publisher\":{\"@id\":\"https:\\\/\\\/hijasdejesus.org\\\/en\\\/#organization\"},\"image\":{\"@id\":\"https:\\\/\\\/hijasdejesus.org\\\/en\\\/global-education-pact-the-sound-of-an-alarm-that-warns-of-kairos\\\/#primaryimage\"},\"thumbnailUrl\":\"https:\\\/\\\/hijasdejesus.org\\\/wp-content\\\/uploads\\\/2023\\\/04\\\/Da-Ren-Taipei-Taiwan-1.jpg\",\"keywords\":[\"Pacto Educativo Global\"],\"articleSection\":[\"Education\",\"News\"],\"inLanguage\":\"en-US\",\"potentialAction\":[{\"@type\":\"CommentAction\",\"name\":\"Comment\",\"target\":[\"https:\\\/\\\/hijasdejesus.org\\\/en\\\/global-education-pact-the-sound-of-an-alarm-that-warns-of-kairos\\\/#respond\"]}]},{\"@type\":\"WebPage\",\"@id\":\"https:\\\/\\\/hijasdejesus.org\\\/en\\\/global-education-pact-the-sound-of-an-alarm-that-warns-of-kairos\\\/\",\"url\":\"https:\\\/\\\/hijasdejesus.org\\\/en\\\/global-education-pact-the-sound-of-an-alarm-that-warns-of-kairos\\\/\",\"name\":\"Global Education Pact: the sound of an alarm that warns of Kairos - Hijas de Jes\u00fas\",\"isPartOf\":{\"@id\":\"https:\\\/\\\/hijasdejesus.org\\\/en\\\/#website\"},\"primaryImageOfPage\":{\"@id\":\"https:\\\/\\\/hijasdejesus.org\\\/en\\\/global-education-pact-the-sound-of-an-alarm-that-warns-of-kairos\\\/#primaryimage\"},\"image\":{\"@id\":\"https:\\\/\\\/hijasdejesus.org\\\/en\\\/global-education-pact-the-sound-of-an-alarm-that-warns-of-kairos\\\/#primaryimage\"},\"thumbnailUrl\":\"https:\\\/\\\/hijasdejesus.org\\\/wp-content\\\/uploads\\\/2023\\\/04\\\/Da-Ren-Taipei-Taiwan-1.jpg\",\"datePublished\":\"2023-05-01T18:15:00+00:00\",\"dateModified\":\"2023-05-02T12:44:34+00:00\",\"breadcrumb\":{\"@id\":\"https:\\\/\\\/hijasdejesus.org\\\/en\\\/global-education-pact-the-sound-of-an-alarm-that-warns-of-kairos\\\/#breadcrumb\"},\"inLanguage\":\"en-US\",\"potentialAction\":[{\"@type\":\"ReadAction\",\"target\":[\"https:\\\/\\\/hijasdejesus.org\\\/en\\\/global-education-pact-the-sound-of-an-alarm-that-warns-of-kairos\\\/\"]}]},{\"@type\":\"ImageObject\",\"inLanguage\":\"en-US\",\"@id\":\"https:\\\/\\\/hijasdejesus.org\\\/en\\\/global-education-pact-the-sound-of-an-alarm-that-warns-of-kairos\\\/#primaryimage\",\"url\":\"https:\\\/\\\/hijasdejesus.org\\\/wp-content\\\/uploads\\\/2023\\\/04\\\/Da-Ren-Taipei-Taiwan-1.jpg\",\"contentUrl\":\"https:\\\/\\\/hijasdejesus.org\\\/wp-content\\\/uploads\\\/2023\\\/04\\\/Da-Ren-Taipei-Taiwan-1.jpg\",\"width\":1479,\"height\":1109},{\"@type\":\"BreadcrumbList\",\"@id\":\"https:\\\/\\\/hijasdejesus.org\\\/en\\\/global-education-pact-the-sound-of-an-alarm-that-warns-of-kairos\\\/#breadcrumb\",\"itemListElement\":[{\"@type\":\"ListItem\",\"position\":1,\"name\":\"Portada\",\"item\":\"https:\\\/\\\/hijasdejesus.org\\\/en\\\/\"},{\"@type\":\"ListItem\",\"position\":2,\"name\":\"Global Education Pact: the sound of an alarm that warns of Kairos\"}]},{\"@type\":\"WebSite\",\"@id\":\"https:\\\/\\\/hijasdejesus.org\\\/en\\\/#website\",\"url\":\"https:\\\/\\\/hijasdejesus.org\\\/en\\\/\",\"name\":\"Hijas de Jes\u00fas\",\"description\":\"Despertamos a Jes\u00fas en el coraz\u00f3n, sacando lo mejor de las personas. Somos una congregaci\u00f3n religiosa ignaciana fundada por la Madre Candida\",\"publisher\":{\"@id\":\"https:\\\/\\\/hijasdejesus.org\\\/en\\\/#organization\"},\"potentialAction\":[{\"@type\":\"SearchAction\",\"target\":{\"@type\":\"EntryPoint\",\"urlTemplate\":\"https:\\\/\\\/hijasdejesus.org\\\/en\\\/?s={search_term_string}\"},\"query-input\":{\"@type\":\"PropertyValueSpecification\",\"valueRequired\":true,\"valueName\":\"search_term_string\"}}],\"inLanguage\":\"en-US\"},{\"@type\":\"Organization\",\"@id\":\"https:\\\/\\\/hijasdejesus.org\\\/en\\\/#organization\",\"name\":\"Hijas de Jes\u00fas\",\"url\":\"https:\\\/\\\/hijasdejesus.org\\\/en\\\/\",\"logo\":{\"@type\":\"ImageObject\",\"inLanguage\":\"en-US\",\"@id\":\"https:\\\/\\\/hijasdejesus.org\\\/en\\\/#\\\/schema\\\/logo\\\/image\\\/\",\"url\":\"https:\\\/\\\/hijasdejesus.org\\\/wp-content\\\/uploads\\\/2023\\\/01\\\/Hijas-de-Jesus_hor-A7C957.png\",\"contentUrl\":\"https:\\\/\\\/hijasdejesus.org\\\/wp-content\\\/uploads\\\/2023\\\/01\\\/Hijas-de-Jesus_hor-A7C957.png\",\"width\":700,\"height\":360,\"caption\":\"Hijas de Jes\u00fas\"},\"image\":{\"@id\":\"https:\\\/\\\/hijasdejesus.org\\\/en\\\/#\\\/schema\\\/logo\\\/image\\\/\"},\"sameAs\":[\"https:\\\/\\\/www.facebook.com\\\/hijasdejesusenelmundo\\\/\",\"https:\\\/\\\/x.com\\\/hijasdjesus\"]},{\"@type\":\"Person\",\"@id\":\"https:\\\/\\\/hijasdejesus.org\\\/en\\\/#\\\/schema\\\/person\\\/a89333d7c811935bc234f49793356474\",\"name\":\"Beatriz Concejo\",\"image\":{\"@type\":\"ImageObject\",\"inLanguage\":\"en-US\",\"@id\":\"https:\\\/\\\/secure.gravatar.com\\\/avatar\\\/3075c01a99ba1b38ab876c1780b5fe86903d79b830670c26b7f45a65200e807a?s=96&d=mm&r=g\",\"url\":\"https:\\\/\\\/secure.gravatar.com\\\/avatar\\\/3075c01a99ba1b38ab876c1780b5fe86903d79b830670c26b7f45a65200e807a?s=96&d=mm&r=g\",\"contentUrl\":\"https:\\\/\\\/secure.gravatar.com\\\/avatar\\\/3075c01a99ba1b38ab876c1780b5fe86903d79b830670c26b7f45a65200e807a?s=96&d=mm&r=g\",\"caption\":\"Beatriz Concejo\"},\"url\":\"https:\\\/\\\/hijasdejesus.org\\\/en\\\/author\\\/bea\\\/\"}]}<\/script>\n<!-- \/ Yoast SEO plugin. -->","yoast_head_json":{"title":"Global Education Pact: the sound of an alarm that warns of Kairos - Hijas de Jes\u00fas","robots":{"index":"index","follow":"follow","max-snippet":"max-snippet:-1","max-image-preview":"max-image-preview:large","max-video-preview":"max-video-preview:-1"},"canonical":"https:\/\/hijasdejesus.org\/en\/global-education-pact-the-sound-of-an-alarm-that-warns-of-kairos\/","og_locale":"en_US","og_type":"article","og_title":"Global Education Pact: the sound of an alarm that warns of Kairos - Hijas de Jes\u00fas","og_description":"The Educational Pact, with its seven objectives, speaks to us of something so elementary, so fundamental, and basic for those of us who educate from the perspective of Mother Candida Maria Jesus. Mother Candida Maria de Jesus The more we think about it, the clearer we see that it is an alarm. It is not [&hellip;]","og_url":"https:\/\/hijasdejesus.org\/en\/global-education-pact-the-sound-of-an-alarm-that-warns-of-kairos\/","og_site_name":"Hijas de Jes\u00fas","article_publisher":"https:\/\/www.facebook.com\/hijasdejesusenelmundo\/","article_published_time":"2023-05-01T18:15:00+00:00","article_modified_time":"2023-05-02T12:44:34+00:00","og_image":[{"width":1479,"height":1109,"url":"https:\/\/hijasdejesus.org\/wp-content\/uploads\/2023\/04\/Da-Ren-Taipei-Taiwan-1.jpg","type":"image\/jpeg"}],"author":"Beatriz Concejo","twitter_card":"summary_large_image","twitter_creator":"@hijasdjesus","twitter_site":"@hijasdjesus","twitter_misc":{"Written by":"Beatriz Concejo","Est. reading time":"6 minutes"},"schema":{"@context":"https:\/\/schema.org","@graph":[{"@type":"Article","@id":"https:\/\/hijasdejesus.org\/en\/global-education-pact-the-sound-of-an-alarm-that-warns-of-kairos\/#article","isPartOf":{"@id":"https:\/\/hijasdejesus.org\/en\/global-education-pact-the-sound-of-an-alarm-that-warns-of-kairos\/"},"author":{"name":"Beatriz Concejo","@id":"https:\/\/hijasdejesus.org\/en\/#\/schema\/person\/a89333d7c811935bc234f49793356474"},"headline":"Global Education Pact: the sound of an alarm that warns of Kairos","datePublished":"2023-05-01T18:15:00+00:00","dateModified":"2023-05-02T12:44:34+00:00","mainEntityOfPage":{"@id":"https:\/\/hijasdejesus.org\/en\/global-education-pact-the-sound-of-an-alarm-that-warns-of-kairos\/"},"wordCount":735,"commentCount":0,"publisher":{"@id":"https:\/\/hijasdejesus.org\/en\/#organization"},"image":{"@id":"https:\/\/hijasdejesus.org\/en\/global-education-pact-the-sound-of-an-alarm-that-warns-of-kairos\/#primaryimage"},"thumbnailUrl":"https:\/\/hijasdejesus.org\/wp-content\/uploads\/2023\/04\/Da-Ren-Taipei-Taiwan-1.jpg","keywords":["Pacto Educativo Global"],"articleSection":["Education","News"],"inLanguage":"en-US","potentialAction":[{"@type":"CommentAction","name":"Comment","target":["https:\/\/hijasdejesus.org\/en\/global-education-pact-the-sound-of-an-alarm-that-warns-of-kairos\/#respond"]}]},{"@type":"WebPage","@id":"https:\/\/hijasdejesus.org\/en\/global-education-pact-the-sound-of-an-alarm-that-warns-of-kairos\/","url":"https:\/\/hijasdejesus.org\/en\/global-education-pact-the-sound-of-an-alarm-that-warns-of-kairos\/","name":"Global Education Pact: the sound of an alarm that warns of Kairos - Hijas de Jes\u00fas","isPartOf":{"@id":"https:\/\/hijasdejesus.org\/en\/#website"},"primaryImageOfPage":{"@id":"https:\/\/hijasdejesus.org\/en\/global-education-pact-the-sound-of-an-alarm-that-warns-of-kairos\/#primaryimage"},"image":{"@id":"https:\/\/hijasdejesus.org\/en\/global-education-pact-the-sound-of-an-alarm-that-warns-of-kairos\/#primaryimage"},"thumbnailUrl":"https:\/\/hijasdejesus.org\/wp-content\/uploads\/2023\/04\/Da-Ren-Taipei-Taiwan-1.jpg","datePublished":"2023-05-01T18:15:00+00:00","dateModified":"2023-05-02T12:44:34+00:00","breadcrumb":{"@id":"https:\/\/hijasdejesus.org\/en\/global-education-pact-the-sound-of-an-alarm-that-warns-of-kairos\/#breadcrumb"},"inLanguage":"en-US","potentialAction":[{"@type":"ReadAction","target":["https:\/\/hijasdejesus.org\/en\/global-education-pact-the-sound-of-an-alarm-that-warns-of-kairos\/"]}]},{"@type":"ImageObject","inLanguage":"en-US","@id":"https:\/\/hijasdejesus.org\/en\/global-education-pact-the-sound-of-an-alarm-that-warns-of-kairos\/#primaryimage","url":"https:\/\/hijasdejesus.org\/wp-content\/uploads\/2023\/04\/Da-Ren-Taipei-Taiwan-1.jpg","contentUrl":"https:\/\/hijasdejesus.org\/wp-content\/uploads\/2023\/04\/Da-Ren-Taipei-Taiwan-1.jpg","width":1479,"height":1109},{"@type":"BreadcrumbList","@id":"https:\/\/hijasdejesus.org\/en\/global-education-pact-the-sound-of-an-alarm-that-warns-of-kairos\/#breadcrumb","itemListElement":[{"@type":"ListItem","position":1,"name":"Portada","item":"https:\/\/hijasdejesus.org\/en\/"},{"@type":"ListItem","position":2,"name":"Global Education Pact: the sound of an alarm that warns of Kairos"}]},{"@type":"WebSite","@id":"https:\/\/hijasdejesus.org\/en\/#website","url":"https:\/\/hijasdejesus.org\/en\/","name":"Hijas de Jes\u00fas","description":"Despertamos a Jes\u00fas en el coraz\u00f3n, sacando lo mejor de las personas. Somos una congregaci\u00f3n religiosa ignaciana fundada por la Madre Candida","publisher":{"@id":"https:\/\/hijasdejesus.org\/en\/#organization"},"potentialAction":[{"@type":"SearchAction","target":{"@type":"EntryPoint","urlTemplate":"https:\/\/hijasdejesus.org\/en\/?s={search_term_string}"},"query-input":{"@type":"PropertyValueSpecification","valueRequired":true,"valueName":"search_term_string"}}],"inLanguage":"en-US"},{"@type":"Organization","@id":"https:\/\/hijasdejesus.org\/en\/#organization","name":"Hijas de Jes\u00fas","url":"https:\/\/hijasdejesus.org\/en\/","logo":{"@type":"ImageObject","inLanguage":"en-US","@id":"https:\/\/hijasdejesus.org\/en\/#\/schema\/logo\/image\/","url":"https:\/\/hijasdejesus.org\/wp-content\/uploads\/2023\/01\/Hijas-de-Jesus_hor-A7C957.png","contentUrl":"https:\/\/hijasdejesus.org\/wp-content\/uploads\/2023\/01\/Hijas-de-Jesus_hor-A7C957.png","width":700,"height":360,"caption":"Hijas de Jes\u00fas"},"image":{"@id":"https:\/\/hijasdejesus.org\/en\/#\/schema\/logo\/image\/"},"sameAs":["https:\/\/www.facebook.com\/hijasdejesusenelmundo\/","https:\/\/x.com\/hijasdjesus"]},{"@type":"Person","@id":"https:\/\/hijasdejesus.org\/en\/#\/schema\/person\/a89333d7c811935bc234f49793356474","name":"Beatriz Concejo","image":{"@type":"ImageObject","inLanguage":"en-US","@id":"https:\/\/secure.gravatar.com\/avatar\/3075c01a99ba1b38ab876c1780b5fe86903d79b830670c26b7f45a65200e807a?s=96&d=mm&r=g","url":"https:\/\/secure.gravatar.com\/avatar\/3075c01a99ba1b38ab876c1780b5fe86903d79b830670c26b7f45a65200e807a?s=96&d=mm&r=g","contentUrl":"https:\/\/secure.gravatar.com\/avatar\/3075c01a99ba1b38ab876c1780b5fe86903d79b830670c26b7f45a65200e807a?s=96&d=mm&r=g","caption":"Beatriz Concejo"},"url":"https:\/\/hijasdejesus.org\/en\/author\/bea\/"}]}},"_links":{"self":[{"href":"https:\/\/hijasdejesus.org\/en\/wp-json\/wp\/v2\/posts\/33968","targetHints":{"allow":["GET"]}}],"collection":[{"href":"https:\/\/hijasdejesus.org\/en\/wp-json\/wp\/v2\/posts"}],"about":[{"href":"https:\/\/hijasdejesus.org\/en\/wp-json\/wp\/v2\/types\/post"}],"author":[{"embeddable":true,"href":"https:\/\/hijasdejesus.org\/en\/wp-json\/wp\/v2\/users\/2"}],"replies":[{"embeddable":true,"href":"https:\/\/hijasdejesus.org\/en\/wp-json\/wp\/v2\/comments?post=33968"}],"version-history":[{"count":1,"href":"https:\/\/hijasdejesus.org\/en\/wp-json\/wp\/v2\/posts\/33968\/revisions"}],"predecessor-version":[{"id":33973,"href":"https:\/\/hijasdejesus.org\/en\/wp-json\/wp\/v2\/posts\/33968\/revisions\/33973"}],"wp:featuredmedia":[{"embeddable":true,"href":"https:\/\/hijasdejesus.org\/en\/wp-json\/wp\/v2\/media\/33933"}],"wp:attachment":[{"href":"https:\/\/hijasdejesus.org\/en\/wp-json\/wp\/v2\/media?parent=33968"}],"wp:term":[{"taxonomy":"category","embeddable":true,"href":"https:\/\/hijasdejesus.org\/en\/wp-json\/wp\/v2\/categories?post=33968"},{"taxonomy":"post_tag","embeddable":true,"href":"https:\/\/hijasdejesus.org\/en\/wp-json\/wp\/v2\/tags?post=33968"}],"curies":[{"name":"wp","href":"https:\/\/api.w.org\/{rel}","templated":true}]}}