{"id":34896,"date":"2023-07-05T11:01:18","date_gmt":"2023-07-05T09:01:18","guid":{"rendered":"https:\/\/hijasdejesus.org\/the-work-is-not-yours-it-is-gods\/"},"modified":"2023-07-06T01:44:46","modified_gmt":"2023-07-05T23:44:46","slug":"the-work-is-not-yours-it-is-gods","status":"publish","type":"post","link":"https:\/\/hijasdejesus.org\/en\/the-work-is-not-yours-it-is-gods\/","title":{"rendered":"The work is not yours, it is God&#8217;s."},"content":{"rendered":"\n<p>Rereading some pages of the book written by<strong> <em>Beatriz Macarro<\/em><\/strong>, F.I., Miguel San Jos\u00e9 Herranz and the Congregation of the Hijas de Jesus, the question may arise: <strong>Do we allow God to possess our hearts so that we can carry out the plans He has in mind?<\/strong> (p. 19).<\/p>\n\n\n\n<p>Today, on the day we gratefully remember the birth of Father Herranz, we transcribe Beatriz&#8217;s account of<strong> the first meetings between the future foundress and the Jesuit<\/strong>. They were in Valladolid, where Juana Josefa served in a house and he lived with his brothers because of the expulsion of the Society of Jesus from the Peninsula.<\/p>\n\n\n\n<blockquote class=\"wp-block-quote is-layout-flow wp-block-quote-is-layout-flow\">\n<p>The Eucharist is over and Father goes to the confessional. The young woman approaches him. The first manifestation of his consciousness begins. From the very first moment, Father feels something special when listening to her&#8230; To his question whether she had a religious vocation, an affirmative answer. She then adds in all simplicity that she was of humble condition and did not know how to read or write.<\/p>\n\n\n\n<div style=\"height:30px\" aria-hidden=\"true\" class=\"wp-block-spacer\"><\/div>\n\n\n\n<p>This first meeting will be followed by others in the same place and for the same reasons: to expose their feelings.<\/p>\n\n\n\n<div style=\"height:30px\" aria-hidden=\"true\" class=\"wp-block-spacer\"><\/div>\n\n\n\n<p>Fr. Herranz, as he entered into the spirit of that simple woman, became aware of the great inner richness hidden in her heart. From each of the interviews he came away with a greater certainty that she was the humble instrument that the Lord had placed in his path so that what he had been maturing for some time could become a reality.<\/p>\n\n\n\n<div style=\"height:30px\" aria-hidden=\"true\" class=\"wp-block-spacer\"><\/div>\n\n\n\n<p>She felt understood and encouraged, despite her poverty. Each time she left the meeting with Fr. Herranz, she felt that the horizon was clearing and her confidence grew that everything would come to fruition. It was in God&#8217;s hands.<\/p>\n\n\n\n<div style=\"height:30px\" aria-hidden=\"true\" class=\"wp-block-spacer\"><\/div>\n\n\n\n<p>There was a total understanding of the feelings that they both felt about the foundation of an Institute dedicated to the Christian education of children and youth. It had reached such a point that it was not easy to distinguish to which of the two the idea belonged. M. Candida herself always answered: &#8220;Neither mine nor his, exclusively, but both ours and at the same time&#8221;.<\/p>\n<cite>Beatriz Macarro, FI &#8211; &#8220;Father Miguel San Jos\u00e9 Herranz and the Congregation of the Daughters of Jesus&#8221; pp. 23-24.  <\/cite><\/blockquote>\n\n\n\n<p>We encourage you to <strong>let yourself be invited by this story<\/strong>: To whom do you expose your feelings? What do you feel called to? Who accompanies the path of your faith?<\/p>\n\n\n\n<p>We hope that the memory and gratitude to Father Herranz, to our origins, <strong>enlighten us today and give us the keys <\/strong>to continue being what God wants us to be. Would you like to share them?<\/p>\n\n\n\n<p><strong>Happy Father Herranz Day!<\/strong><\/p>\n","protected":false},"excerpt":{"rendered":"<p>Rereading some pages of the book written by Beatriz Macarro, F.I., Miguel San Jos\u00e9 Herranz and the Congregation of the Hijas de Jesus, the question may arise: Do we allow God to possess our hearts so that we can carry out the plans He has in mind? (p. 19). Today, on the day we gratefully [&hellip;]<\/p>\n","protected":false},"author":7,"featured_media":34894,"comment_status":"open","ping_status":"open","sticky":false,"template":"","format":"standard","meta":{"_et_pb_use_builder":"off","_et_pb_old_content":"","_et_gb_content_width":"","footnotes":"","_links_to":"","_links_to_target":""},"categories":[785,528,412],"tags":[914],"class_list":["post-34896","post","type-post","status-publish","format-standard","has-post-thumbnail","hentry","category-charismatic-family","category-hijas-de-jesus-en","category-news","tag-p-herranz-en"],"yoast_head":"<!-- This site is optimized with the Yoast SEO plugin v27.4 - https:\/\/yoast.com\/product\/yoast-seo-wordpress\/ -->\n<title>The work is not yours, it is God&#039;s. - Hijas de Jes\u00fas<\/title>\n<meta name=\"robots\" content=\"index, follow, max-snippet:-1, max-image-preview:large, max-video-preview:-1\" \/>\n<link rel=\"canonical\" href=\"https:\/\/hijasdejesus.org\/en\/the-work-is-not-yours-it-is-gods\/\" \/>\n<meta property=\"og:locale\" content=\"en_US\" \/>\n<meta property=\"og:type\" content=\"article\" \/>\n<meta property=\"og:title\" content=\"The work is not yours, it is God&#039;s. - Hijas de Jes\u00fas\" \/>\n<meta property=\"og:description\" content=\"Rereading some pages of the book written by Beatriz Macarro, F.I., Miguel San Jos\u00e9 Herranz and the Congregation of the Hijas de Jesus, the question may arise: Do we allow God to possess our hearts so that we can carry out the plans He has in mind? (p. 19). Today, on the day we gratefully [&hellip;]\" \/>\n<meta property=\"og:url\" content=\"https:\/\/hijasdejesus.org\/en\/the-work-is-not-yours-it-is-gods\/\" \/>\n<meta property=\"og:site_name\" content=\"Hijas de Jes\u00fas\" \/>\n<meta property=\"article:publisher\" content=\"https:\/\/www.facebook.com\/hijasdejesusenelmundo\/\" \/>\n<meta property=\"article:published_time\" content=\"2023-07-05T09:01:18+00:00\" \/>\n<meta property=\"article:modified_time\" content=\"2023-07-05T23:44:46+00:00\" \/>\n<meta property=\"og:image\" content=\"https:\/\/hijasdejesus.org\/wp-content\/uploads\/2023\/07\/Portada-web-9.png\" \/>\n\t<meta property=\"og:image:width\" content=\"1024\" \/>\n\t<meta property=\"og:image:height\" content=\"576\" \/>\n\t<meta property=\"og:image:type\" content=\"image\/png\" \/>\n<meta name=\"author\" content=\"Maria Jose\" \/>\n<meta name=\"twitter:card\" content=\"summary_large_image\" \/>\n<meta name=\"twitter:creator\" content=\"@hijasdjesus\" \/>\n<meta name=\"twitter:site\" content=\"@hijasdjesus\" \/>\n<meta name=\"twitter:label1\" content=\"Written by\" \/>\n\t<meta name=\"twitter:data1\" content=\"Maria Jose\" \/>\n\t<meta name=\"twitter:label2\" content=\"Est. reading time\" \/>\n\t<meta name=\"twitter:data2\" content=\"1 minute\" \/>\n<script type=\"application\/ld+json\" class=\"yoast-schema-graph\">{\"@context\":\"https:\\\/\\\/schema.org\",\"@graph\":[{\"@type\":\"Article\",\"@id\":\"https:\\\/\\\/hijasdejesus.org\\\/en\\\/the-work-is-not-yours-it-is-gods\\\/#article\",\"isPartOf\":{\"@id\":\"https:\\\/\\\/hijasdejesus.org\\\/en\\\/the-work-is-not-yours-it-is-gods\\\/\"},\"author\":{\"name\":\"Maria Jose\",\"@id\":\"https:\\\/\\\/hijasdejesus.org\\\/en\\\/#\\\/schema\\\/person\\\/fe794e79d9d612a993451d2d887ad731\"},\"headline\":\"The work is not yours, it is God&#8217;s.\",\"datePublished\":\"2023-07-05T09:01:18+00:00\",\"dateModified\":\"2023-07-05T23:44:46+00:00\",\"mainEntityOfPage\":{\"@id\":\"https:\\\/\\\/hijasdejesus.org\\\/en\\\/the-work-is-not-yours-it-is-gods\\\/\"},\"wordCount\":463,\"commentCount\":0,\"publisher\":{\"@id\":\"https:\\\/\\\/hijasdejesus.org\\\/en\\\/#organization\"},\"image\":{\"@id\":\"https:\\\/\\\/hijasdejesus.org\\\/en\\\/the-work-is-not-yours-it-is-gods\\\/#primaryimage\"},\"thumbnailUrl\":\"https:\\\/\\\/hijasdejesus.org\\\/wp-content\\\/uploads\\\/2023\\\/07\\\/Portada-web-9.png\",\"keywords\":[\"P. Herranz\"],\"articleSection\":[\"Charismatic Family\",\"Hijas de Jes\u00fas\",\"News\"],\"inLanguage\":\"en-US\",\"potentialAction\":[{\"@type\":\"CommentAction\",\"name\":\"Comment\",\"target\":[\"https:\\\/\\\/hijasdejesus.org\\\/en\\\/the-work-is-not-yours-it-is-gods\\\/#respond\"]}]},{\"@type\":\"WebPage\",\"@id\":\"https:\\\/\\\/hijasdejesus.org\\\/en\\\/the-work-is-not-yours-it-is-gods\\\/\",\"url\":\"https:\\\/\\\/hijasdejesus.org\\\/en\\\/the-work-is-not-yours-it-is-gods\\\/\",\"name\":\"The work is not yours, it is God's. - Hijas de Jes\u00fas\",\"isPartOf\":{\"@id\":\"https:\\\/\\\/hijasdejesus.org\\\/en\\\/#website\"},\"primaryImageOfPage\":{\"@id\":\"https:\\\/\\\/hijasdejesus.org\\\/en\\\/the-work-is-not-yours-it-is-gods\\\/#primaryimage\"},\"image\":{\"@id\":\"https:\\\/\\\/hijasdejesus.org\\\/en\\\/the-work-is-not-yours-it-is-gods\\\/#primaryimage\"},\"thumbnailUrl\":\"https:\\\/\\\/hijasdejesus.org\\\/wp-content\\\/uploads\\\/2023\\\/07\\\/Portada-web-9.png\",\"datePublished\":\"2023-07-05T09:01:18+00:00\",\"dateModified\":\"2023-07-05T23:44:46+00:00\",\"breadcrumb\":{\"@id\":\"https:\\\/\\\/hijasdejesus.org\\\/en\\\/the-work-is-not-yours-it-is-gods\\\/#breadcrumb\"},\"inLanguage\":\"en-US\",\"potentialAction\":[{\"@type\":\"ReadAction\",\"target\":[\"https:\\\/\\\/hijasdejesus.org\\\/en\\\/the-work-is-not-yours-it-is-gods\\\/\"]}]},{\"@type\":\"ImageObject\",\"inLanguage\":\"en-US\",\"@id\":\"https:\\\/\\\/hijasdejesus.org\\\/en\\\/the-work-is-not-yours-it-is-gods\\\/#primaryimage\",\"url\":\"https:\\\/\\\/hijasdejesus.org\\\/wp-content\\\/uploads\\\/2023\\\/07\\\/Portada-web-9.png\",\"contentUrl\":\"https:\\\/\\\/hijasdejesus.org\\\/wp-content\\\/uploads\\\/2023\\\/07\\\/Portada-web-9.png\",\"width\":1024,\"height\":576},{\"@type\":\"BreadcrumbList\",\"@id\":\"https:\\\/\\\/hijasdejesus.org\\\/en\\\/the-work-is-not-yours-it-is-gods\\\/#breadcrumb\",\"itemListElement\":[{\"@type\":\"ListItem\",\"position\":1,\"name\":\"Portada\",\"item\":\"https:\\\/\\\/hijasdejesus.org\\\/en\\\/\"},{\"@type\":\"ListItem\",\"position\":2,\"name\":\"The work is not yours, it is God&#8217;s.\"}]},{\"@type\":\"WebSite\",\"@id\":\"https:\\\/\\\/hijasdejesus.org\\\/en\\\/#website\",\"url\":\"https:\\\/\\\/hijasdejesus.org\\\/en\\\/\",\"name\":\"Hijas de Jes\u00fas\",\"description\":\"Despertamos a Jes\u00fas en el coraz\u00f3n, sacando lo mejor de las personas. Somos una congregaci\u00f3n religiosa ignaciana fundada por la Madre Candida\",\"publisher\":{\"@id\":\"https:\\\/\\\/hijasdejesus.org\\\/en\\\/#organization\"},\"potentialAction\":[{\"@type\":\"SearchAction\",\"target\":{\"@type\":\"EntryPoint\",\"urlTemplate\":\"https:\\\/\\\/hijasdejesus.org\\\/en\\\/?s={search_term_string}\"},\"query-input\":{\"@type\":\"PropertyValueSpecification\",\"valueRequired\":true,\"valueName\":\"search_term_string\"}}],\"inLanguage\":\"en-US\"},{\"@type\":\"Organization\",\"@id\":\"https:\\\/\\\/hijasdejesus.org\\\/en\\\/#organization\",\"name\":\"Hijas de Jes\u00fas\",\"url\":\"https:\\\/\\\/hijasdejesus.org\\\/en\\\/\",\"logo\":{\"@type\":\"ImageObject\",\"inLanguage\":\"en-US\",\"@id\":\"https:\\\/\\\/hijasdejesus.org\\\/en\\\/#\\\/schema\\\/logo\\\/image\\\/\",\"url\":\"https:\\\/\\\/hijasdejesus.org\\\/wp-content\\\/uploads\\\/2023\\\/01\\\/Hijas-de-Jesus_hor-A7C957.png\",\"contentUrl\":\"https:\\\/\\\/hijasdejesus.org\\\/wp-content\\\/uploads\\\/2023\\\/01\\\/Hijas-de-Jesus_hor-A7C957.png\",\"width\":700,\"height\":360,\"caption\":\"Hijas de Jes\u00fas\"},\"image\":{\"@id\":\"https:\\\/\\\/hijasdejesus.org\\\/en\\\/#\\\/schema\\\/logo\\\/image\\\/\"},\"sameAs\":[\"https:\\\/\\\/www.facebook.com\\\/hijasdejesusenelmundo\\\/\",\"https:\\\/\\\/x.com\\\/hijasdjesus\"]},{\"@type\":\"Person\",\"@id\":\"https:\\\/\\\/hijasdejesus.org\\\/en\\\/#\\\/schema\\\/person\\\/fe794e79d9d612a993451d2d887ad731\",\"name\":\"Maria Jose\",\"image\":{\"@type\":\"ImageObject\",\"inLanguage\":\"en-US\",\"@id\":\"https:\\\/\\\/secure.gravatar.com\\\/avatar\\\/e4747d4a34da9de60dbc74416afcd5b48db8bf40dc7c1d42c329ff225b10b863?s=96&d=mm&r=g\",\"url\":\"https:\\\/\\\/secure.gravatar.com\\\/avatar\\\/e4747d4a34da9de60dbc74416afcd5b48db8bf40dc7c1d42c329ff225b10b863?s=96&d=mm&r=g\",\"contentUrl\":\"https:\\\/\\\/secure.gravatar.com\\\/avatar\\\/e4747d4a34da9de60dbc74416afcd5b48db8bf40dc7c1d42c329ff225b10b863?s=96&d=mm&r=g\",\"caption\":\"Maria Jose\"},\"url\":\"https:\\\/\\\/hijasdejesus.org\\\/en\\\/author\\\/mariajose\\\/\"}]}<\/script>\n<!-- \/ Yoast SEO plugin. -->","yoast_head_json":{"title":"The work is not yours, it is God's. - Hijas de Jes\u00fas","robots":{"index":"index","follow":"follow","max-snippet":"max-snippet:-1","max-image-preview":"max-image-preview:large","max-video-preview":"max-video-preview:-1"},"canonical":"https:\/\/hijasdejesus.org\/en\/the-work-is-not-yours-it-is-gods\/","og_locale":"en_US","og_type":"article","og_title":"The work is not yours, it is God's. - Hijas de Jes\u00fas","og_description":"Rereading some pages of the book written by Beatriz Macarro, F.I., Miguel San Jos\u00e9 Herranz and the Congregation of the Hijas de Jesus, the question may arise: Do we allow God to possess our hearts so that we can carry out the plans He has in mind? (p. 19). Today, on the day we gratefully [&hellip;]","og_url":"https:\/\/hijasdejesus.org\/en\/the-work-is-not-yours-it-is-gods\/","og_site_name":"Hijas de Jes\u00fas","article_publisher":"https:\/\/www.facebook.com\/hijasdejesusenelmundo\/","article_published_time":"2023-07-05T09:01:18+00:00","article_modified_time":"2023-07-05T23:44:46+00:00","og_image":[{"width":1024,"height":576,"url":"https:\/\/hijasdejesus.org\/wp-content\/uploads\/2023\/07\/Portada-web-9.png","type":"image\/png"}],"author":"Maria Jose","twitter_card":"summary_large_image","twitter_creator":"@hijasdjesus","twitter_site":"@hijasdjesus","twitter_misc":{"Written by":"Maria Jose","Est. reading time":"1 minute"},"schema":{"@context":"https:\/\/schema.org","@graph":[{"@type":"Article","@id":"https:\/\/hijasdejesus.org\/en\/the-work-is-not-yours-it-is-gods\/#article","isPartOf":{"@id":"https:\/\/hijasdejesus.org\/en\/the-work-is-not-yours-it-is-gods\/"},"author":{"name":"Maria Jose","@id":"https:\/\/hijasdejesus.org\/en\/#\/schema\/person\/fe794e79d9d612a993451d2d887ad731"},"headline":"The work is not yours, it is God&#8217;s.","datePublished":"2023-07-05T09:01:18+00:00","dateModified":"2023-07-05T23:44:46+00:00","mainEntityOfPage":{"@id":"https:\/\/hijasdejesus.org\/en\/the-work-is-not-yours-it-is-gods\/"},"wordCount":463,"commentCount":0,"publisher":{"@id":"https:\/\/hijasdejesus.org\/en\/#organization"},"image":{"@id":"https:\/\/hijasdejesus.org\/en\/the-work-is-not-yours-it-is-gods\/#primaryimage"},"thumbnailUrl":"https:\/\/hijasdejesus.org\/wp-content\/uploads\/2023\/07\/Portada-web-9.png","keywords":["P. Herranz"],"articleSection":["Charismatic Family","Hijas de Jes\u00fas","News"],"inLanguage":"en-US","potentialAction":[{"@type":"CommentAction","name":"Comment","target":["https:\/\/hijasdejesus.org\/en\/the-work-is-not-yours-it-is-gods\/#respond"]}]},{"@type":"WebPage","@id":"https:\/\/hijasdejesus.org\/en\/the-work-is-not-yours-it-is-gods\/","url":"https:\/\/hijasdejesus.org\/en\/the-work-is-not-yours-it-is-gods\/","name":"The work is not yours, it is God's. - Hijas de Jes\u00fas","isPartOf":{"@id":"https:\/\/hijasdejesus.org\/en\/#website"},"primaryImageOfPage":{"@id":"https:\/\/hijasdejesus.org\/en\/the-work-is-not-yours-it-is-gods\/#primaryimage"},"image":{"@id":"https:\/\/hijasdejesus.org\/en\/the-work-is-not-yours-it-is-gods\/#primaryimage"},"thumbnailUrl":"https:\/\/hijasdejesus.org\/wp-content\/uploads\/2023\/07\/Portada-web-9.png","datePublished":"2023-07-05T09:01:18+00:00","dateModified":"2023-07-05T23:44:46+00:00","breadcrumb":{"@id":"https:\/\/hijasdejesus.org\/en\/the-work-is-not-yours-it-is-gods\/#breadcrumb"},"inLanguage":"en-US","potentialAction":[{"@type":"ReadAction","target":["https:\/\/hijasdejesus.org\/en\/the-work-is-not-yours-it-is-gods\/"]}]},{"@type":"ImageObject","inLanguage":"en-US","@id":"https:\/\/hijasdejesus.org\/en\/the-work-is-not-yours-it-is-gods\/#primaryimage","url":"https:\/\/hijasdejesus.org\/wp-content\/uploads\/2023\/07\/Portada-web-9.png","contentUrl":"https:\/\/hijasdejesus.org\/wp-content\/uploads\/2023\/07\/Portada-web-9.png","width":1024,"height":576},{"@type":"BreadcrumbList","@id":"https:\/\/hijasdejesus.org\/en\/the-work-is-not-yours-it-is-gods\/#breadcrumb","itemListElement":[{"@type":"ListItem","position":1,"name":"Portada","item":"https:\/\/hijasdejesus.org\/en\/"},{"@type":"ListItem","position":2,"name":"The work is not yours, it is God&#8217;s."}]},{"@type":"WebSite","@id":"https:\/\/hijasdejesus.org\/en\/#website","url":"https:\/\/hijasdejesus.org\/en\/","name":"Hijas de Jes\u00fas","description":"Despertamos a Jes\u00fas en el coraz\u00f3n, sacando lo mejor de las personas. Somos una congregaci\u00f3n religiosa ignaciana fundada por la Madre Candida","publisher":{"@id":"https:\/\/hijasdejesus.org\/en\/#organization"},"potentialAction":[{"@type":"SearchAction","target":{"@type":"EntryPoint","urlTemplate":"https:\/\/hijasdejesus.org\/en\/?s={search_term_string}"},"query-input":{"@type":"PropertyValueSpecification","valueRequired":true,"valueName":"search_term_string"}}],"inLanguage":"en-US"},{"@type":"Organization","@id":"https:\/\/hijasdejesus.org\/en\/#organization","name":"Hijas de Jes\u00fas","url":"https:\/\/hijasdejesus.org\/en\/","logo":{"@type":"ImageObject","inLanguage":"en-US","@id":"https:\/\/hijasdejesus.org\/en\/#\/schema\/logo\/image\/","url":"https:\/\/hijasdejesus.org\/wp-content\/uploads\/2023\/01\/Hijas-de-Jesus_hor-A7C957.png","contentUrl":"https:\/\/hijasdejesus.org\/wp-content\/uploads\/2023\/01\/Hijas-de-Jesus_hor-A7C957.png","width":700,"height":360,"caption":"Hijas de Jes\u00fas"},"image":{"@id":"https:\/\/hijasdejesus.org\/en\/#\/schema\/logo\/image\/"},"sameAs":["https:\/\/www.facebook.com\/hijasdejesusenelmundo\/","https:\/\/x.com\/hijasdjesus"]},{"@type":"Person","@id":"https:\/\/hijasdejesus.org\/en\/#\/schema\/person\/fe794e79d9d612a993451d2d887ad731","name":"Maria Jose","image":{"@type":"ImageObject","inLanguage":"en-US","@id":"https:\/\/secure.gravatar.com\/avatar\/e4747d4a34da9de60dbc74416afcd5b48db8bf40dc7c1d42c329ff225b10b863?s=96&d=mm&r=g","url":"https:\/\/secure.gravatar.com\/avatar\/e4747d4a34da9de60dbc74416afcd5b48db8bf40dc7c1d42c329ff225b10b863?s=96&d=mm&r=g","contentUrl":"https:\/\/secure.gravatar.com\/avatar\/e4747d4a34da9de60dbc74416afcd5b48db8bf40dc7c1d42c329ff225b10b863?s=96&d=mm&r=g","caption":"Maria Jose"},"url":"https:\/\/hijasdejesus.org\/en\/author\/mariajose\/"}]}},"_links":{"self":[{"href":"https:\/\/hijasdejesus.org\/en\/wp-json\/wp\/v2\/posts\/34896","targetHints":{"allow":["GET"]}}],"collection":[{"href":"https:\/\/hijasdejesus.org\/en\/wp-json\/wp\/v2\/posts"}],"about":[{"href":"https:\/\/hijasdejesus.org\/en\/wp-json\/wp\/v2\/types\/post"}],"author":[{"embeddable":true,"href":"https:\/\/hijasdejesus.org\/en\/wp-json\/wp\/v2\/users\/7"}],"replies":[{"embeddable":true,"href":"https:\/\/hijasdejesus.org\/en\/wp-json\/wp\/v2\/comments?post=34896"}],"version-history":[{"count":4,"href":"https:\/\/hijasdejesus.org\/en\/wp-json\/wp\/v2\/posts\/34896\/revisions"}],"predecessor-version":[{"id":34914,"href":"https:\/\/hijasdejesus.org\/en\/wp-json\/wp\/v2\/posts\/34896\/revisions\/34914"}],"wp:featuredmedia":[{"embeddable":true,"href":"https:\/\/hijasdejesus.org\/en\/wp-json\/wp\/v2\/media\/34894"}],"wp:attachment":[{"href":"https:\/\/hijasdejesus.org\/en\/wp-json\/wp\/v2\/media?parent=34896"}],"wp:term":[{"taxonomy":"category","embeddable":true,"href":"https:\/\/hijasdejesus.org\/en\/wp-json\/wp\/v2\/categories?post=34896"},{"taxonomy":"post_tag","embeddable":true,"href":"https:\/\/hijasdejesus.org\/en\/wp-json\/wp\/v2\/tags?post=34896"}],"curies":[{"name":"wp","href":"https:\/\/api.w.org\/{rel}","templated":true}]}}