{"id":35187,"date":"2023-07-26T12:53:23","date_gmt":"2023-07-26T10:53:23","guid":{"rendered":"https:\/\/hijasdejesus.org\/mother-general-in-vietnam\/"},"modified":"2023-07-26T12:55:14","modified_gmt":"2023-07-26T10:55:14","slug":"mother-general-in-vietnam","status":"publish","type":"post","link":"https:\/\/hijasdejesus.org\/en\/mother-general-in-vietnam\/","title":{"rendered":"Mother General in Vietnam"},"content":{"rendered":"\n<p>The Superior General,<strong>\n  <em> Graciela Francovig<\/em>\n<\/strong>has been in Vietnam since July 23, accompanied by her councilor, Councilor <strong>\n  <em>S\u00f4nia Regina<\/em>\n<\/strong>She is visiting Vietnam for the first time, where we have been present as a Congregation since 2012.<\/p>\n\n<p>Graciela is making her canonical visitation to the juniorate community, currently made up of 9 junior sisters who are at different stages of this stage of formation. They are accompanied by the Superior and Mistress of Juniors, Sr. <strong>\n  <em>Agnes Ma Yang<\/em>\n<\/strong>. He will also visit the house of the aspirants, where at the moment there are 3 young women with vocational concerns and desires to enter the Congregation.<\/p>\n\n<p>During these days, besides being with the sisters, we took the opportunity to get to know a little of the social, cultural, ecclesiastical and religious life of the city of<em>  Ho Chi Minh City<\/em>The sisters have been able to participate in the Eucharistic celebrations in the parishes that are close to where they live and work apostolically.<\/p>\n\n<p>Undoubtedly, it is an unknown reality that we are seeing for the first time and we are being touched by the smile and welcome of a friendly people, very simple, attentive and bearer of a very diversified cultural, social and religious richness, where life speaks and seems to develop with much effort and dedication.<\/p>\n\n<p>Below are some photos that record some of the first days of Mother General&#8217;s visit, which will continue until July 30.<\/p>\n\n<p><strong><em>S\u00f4nia Regina Rosa, fi<\/em><\/strong><\/p>\n\n<div class=\"wp-block-cover aligncenter has-custom-content-position is-position-bottom-right\"><span aria-hidden=\"true\" class=\"wp-block-cover__background has-background-dim\"><\/span><img loading=\"lazy\" decoding=\"async\" width=\"1001\" height=\"1024\" class=\"wp-block-cover__image-background wp-image-35163\" alt=\"\" src=\"https:\/\/hijasdejesus.org\/wp-content\/uploads\/2023\/07\/4.-Casa-juniorado-1001x1024.jpg\" data-object-fit=\"cover\" srcset=\"https:\/\/hijasdejesus.org\/wp-content\/uploads\/2023\/07\/4.-Casa-juniorado-980x1003.jpg 980w, https:\/\/hijasdejesus.org\/wp-content\/uploads\/2023\/07\/4.-Casa-juniorado-480x491.jpg 480w\" sizes=\"(min-width: 0px) and (max-width: 480px) 480px, (min-width: 481px) and (max-width: 980px) 980px, (min-width: 981px) 1001px, 100vw\" \/><div class=\"wp-block-cover__inner-container is-layout-flow wp-block-cover-is-layout-flow\">\n<p class=\"has-text-align-center has-medium-font-size\">Juniorado House<\/p>\n<\/div><\/div>\n\n<p><\/p>\n\n<div class=\"wp-block-cover has-custom-content-position is-position-top-right\"><span aria-hidden=\"true\" class=\"wp-block-cover__background has-background-dim\"><\/span><img loading=\"lazy\" decoding=\"async\" width=\"914\" height=\"1024\" class=\"wp-block-cover__image-background wp-image-35175\" alt=\"\" src=\"https:\/\/hijasdejesus.org\/wp-content\/uploads\/2023\/07\/2.-Parroquia-de-Fatima.jpg\" data-object-fit=\"cover\" srcset=\"https:\/\/hijasdejesus.org\/wp-content\/uploads\/2023\/07\/2.-Parroquia-de-Fatima.jpg 914w, https:\/\/hijasdejesus.org\/wp-content\/uploads\/2023\/07\/2.-Parroquia-de-Fatima-480x538.jpg 480w\" sizes=\"(min-width: 0px) and (max-width: 480px) 480px, (min-width: 481px) 914px, 100vw\" \/><div class=\"wp-block-cover__inner-container is-layout-flow wp-block-cover-is-layout-flow\">\n<p class=\"has-text-align-center has-medium-font-size\">Fatima Parish<\/p>\n<\/div><\/div>\n\n<p><\/p>\n\n<div class=\"wp-block-cover has-custom-content-position is-position-bottom-left\" style=\"min-height:430px;aspect-ratio:unset;\"><span aria-hidden=\"true\" class=\"wp-block-cover__background has-background-dim\"><\/span><img loading=\"lazy\" decoding=\"async\" width=\"1024\" height=\"768\" class=\"wp-block-cover__image-background wp-image-35167\" alt=\"\" src=\"https:\/\/hijasdejesus.org\/wp-content\/uploads\/2023\/07\/5.-Saludo-al-provincial-de-los-Jesuitas-Fr.-Pham-Tuan-Nghia-\u8303\u4fca\u4e49-1024x768.jpg\" data-object-fit=\"cover\" srcset=\"https:\/\/hijasdejesus.org\/wp-content\/uploads\/2023\/07\/5.-Saludo-al-provincial-de-los-Jesuitas-Fr.-Pham-Tuan-Nghia-\u8303\u4fca\u4e49-1024x768.jpg 1024w, https:\/\/hijasdejesus.org\/wp-content\/uploads\/2023\/07\/5.-Saludo-al-provincial-de-los-Jesuitas-Fr.-Pham-Tuan-Nghia-\u8303\u4fca\u4e49-300x225.jpg 300w, https:\/\/hijasdejesus.org\/wp-content\/uploads\/2023\/07\/5.-Saludo-al-provincial-de-los-Jesuitas-Fr.-Pham-Tuan-Nghia-\u8303\u4fca\u4e49-768x576.jpg 768w, https:\/\/hijasdejesus.org\/wp-content\/uploads\/2023\/07\/5.-Saludo-al-provincial-de-los-Jesuitas-Fr.-Pham-Tuan-Nghia-\u8303\u4fca\u4e49-1536x1152.jpg 1536w, https:\/\/hijasdejesus.org\/wp-content\/uploads\/2023\/07\/5.-Saludo-al-provincial-de-los-Jesuitas-Fr.-Pham-Tuan-Nghia-\u8303\u4fca\u4e49-510x382.jpg 510w, https:\/\/hijasdejesus.org\/wp-content\/uploads\/2023\/07\/5.-Saludo-al-provincial-de-los-Jesuitas-Fr.-Pham-Tuan-Nghia-\u8303\u4fca\u4e49-1080x810.jpg 1080w, https:\/\/hijasdejesus.org\/wp-content\/uploads\/2023\/07\/5.-Saludo-al-provincial-de-los-Jesuitas-Fr.-Pham-Tuan-Nghia-\u8303\u4fca\u4e49-1280x960.jpg 1280w, https:\/\/hijasdejesus.org\/wp-content\/uploads\/2023\/07\/5.-Saludo-al-provincial-de-los-Jesuitas-Fr.-Pham-Tuan-Nghia-\u8303\u4fca\u4e49-980x735.jpg 980w, https:\/\/hijasdejesus.org\/wp-content\/uploads\/2023\/07\/5.-Saludo-al-provincial-de-los-Jesuitas-Fr.-Pham-Tuan-Nghia-\u8303\u4fca\u4e49-480x360.jpg 480w, https:\/\/hijasdejesus.org\/wp-content\/uploads\/2023\/07\/5.-Saludo-al-provincial-de-los-Jesuitas-Fr.-Pham-Tuan-Nghia-\u8303\u4fca\u4e49.jpg 2048w\" sizes=\"(max-width: 1024px) 100vw, 1024px\" \/><div class=\"wp-block-cover__inner-container is-layout-flow wp-block-cover-is-layout-flow\">\n<p class=\"has-text-align-center has-medium-font-size\">Greetings to the Jesuit Provincial<\/p>\n<\/div><\/div>\n\n<p><\/p>\n\n<figure class=\"wp-block-image size-full\"><img loading=\"lazy\" decoding=\"async\" width=\"1024\" height=\"768\" src=\"https:\/\/hijasdejesus.org\/wp-content\/uploads\/2023\/07\/6.-Saludo-al-provincial-de-los-jesuitas.jpg\" alt=\"\" class=\"wp-image-35171\" srcset=\"https:\/\/hijasdejesus.org\/wp-content\/uploads\/2023\/07\/6.-Saludo-al-provincial-de-los-jesuitas.jpg 1024w, https:\/\/hijasdejesus.org\/wp-content\/uploads\/2023\/07\/6.-Saludo-al-provincial-de-los-jesuitas-980x735.jpg 980w, https:\/\/hijasdejesus.org\/wp-content\/uploads\/2023\/07\/6.-Saludo-al-provincial-de-los-jesuitas-480x360.jpg 480w\" sizes=\"(min-width: 0px) and (max-width: 480px) 480px, (min-width: 481px) and (max-width: 980px) 980px, (min-width: 981px) 1024px, 100vw\" \/><\/figure>\n","protected":false},"excerpt":{"rendered":"<p>The Superior General, Graciela Francovig has been in Vietnam since July 23, accompanied by her councilor, Councilor S\u00f4nia Regina She is visiting Vietnam for the first time, where we have been present as a Congregation since 2012. Graciela is making her canonical visitation to the juniorate community, currently made up of 9 junior sisters who [&hellip;]<\/p>\n","protected":false},"author":7,"featured_media":35182,"comment_status":"closed","ping_status":"closed","sticky":false,"template":"","format":"standard","meta":{"_et_pb_use_builder":"off","_et_pb_old_content":"","_et_gb_content_width":"","footnotes":"","_links_to":"","_links_to_target":""},"categories":[839,528,412,552],"tags":[775,713],"class_list":["post-35187","post","type-post","status-publish","format-standard","has-post-thumbnail","hentry","category-east-asia","category-hijas-de-jesus-en","category-news","category-vietnam-en","tag-general-superior","tag-sin-categorizar"],"yoast_head":"<!-- This site is optimized with the Yoast SEO plugin v27.5 - https:\/\/yoast.com\/product\/yoast-seo-wordpress\/ -->\n<title>Mother General in Vietnam - Hijas de Jes\u00fas<\/title>\n<meta name=\"robots\" content=\"index, follow, max-snippet:-1, max-image-preview:large, max-video-preview:-1\" \/>\n<link rel=\"canonical\" href=\"https:\/\/hijasdejesus.org\/en\/mother-general-in-vietnam\/\" \/>\n<meta property=\"og:locale\" content=\"en_US\" \/>\n<meta property=\"og:type\" content=\"article\" \/>\n<meta property=\"og:title\" content=\"Mother General in Vietnam - Hijas de Jes\u00fas\" \/>\n<meta property=\"og:description\" content=\"The Superior General, Graciela Francovig has been in Vietnam since July 23, accompanied by her councilor, Councilor S\u00f4nia Regina She is visiting Vietnam for the first time, where we have been present as a Congregation since 2012. Graciela is making her canonical visitation to the juniorate community, currently made up of 9 junior sisters who [&hellip;]\" \/>\n<meta property=\"og:url\" content=\"https:\/\/hijasdejesus.org\/en\/mother-general-in-vietnam\/\" \/>\n<meta property=\"og:site_name\" content=\"Hijas de Jes\u00fas\" \/>\n<meta property=\"article:publisher\" content=\"https:\/\/www.facebook.com\/hijasdejesusenelmundo\/\" \/>\n<meta property=\"article:published_time\" content=\"2023-07-26T10:53:23+00:00\" \/>\n<meta property=\"article:modified_time\" content=\"2023-07-26T10:55:14+00:00\" \/>\n<meta property=\"og:image\" content=\"https:\/\/hijasdejesus.org\/wp-content\/uploads\/2023\/07\/2023-07-26-VC-Vietnam.jpg\" \/>\n\t<meta property=\"og:image:width\" content=\"1748\" \/>\n\t<meta property=\"og:image:height\" content=\"1240\" \/>\n\t<meta property=\"og:image:type\" content=\"image\/jpeg\" \/>\n<meta name=\"author\" content=\"Maria Jose\" \/>\n<meta name=\"twitter:card\" content=\"summary_large_image\" \/>\n<meta name=\"twitter:creator\" content=\"@hijasdjesus\" \/>\n<meta name=\"twitter:site\" content=\"@hijasdjesus\" \/>\n<meta name=\"twitter:label1\" content=\"Written by\" \/>\n\t<meta name=\"twitter:data1\" content=\"Maria Jose\" \/>\n\t<meta name=\"twitter:label2\" content=\"Est. reading time\" \/>\n\t<meta name=\"twitter:data2\" content=\"1 minute\" \/>\n<script type=\"application\/ld+json\" class=\"yoast-schema-graph\">{\"@context\":\"https:\\\/\\\/schema.org\",\"@graph\":[{\"@type\":\"Article\",\"@id\":\"https:\\\/\\\/hijasdejesus.org\\\/en\\\/mother-general-in-vietnam\\\/#article\",\"isPartOf\":{\"@id\":\"https:\\\/\\\/hijasdejesus.org\\\/en\\\/mother-general-in-vietnam\\\/\"},\"author\":{\"name\":\"Maria Jose\",\"@id\":\"https:\\\/\\\/hijasdejesus.org\\\/en\\\/#\\\/schema\\\/person\\\/fe794e79d9d612a993451d2d887ad731\"},\"headline\":\"Mother General in Vietnam\",\"datePublished\":\"2023-07-26T10:53:23+00:00\",\"dateModified\":\"2023-07-26T10:55:14+00:00\",\"mainEntityOfPage\":{\"@id\":\"https:\\\/\\\/hijasdejesus.org\\\/en\\\/mother-general-in-vietnam\\\/\"},\"wordCount\":252,\"publisher\":{\"@id\":\"https:\\\/\\\/hijasdejesus.org\\\/en\\\/#organization\"},\"image\":{\"@id\":\"https:\\\/\\\/hijasdejesus.org\\\/en\\\/mother-general-in-vietnam\\\/#primaryimage\"},\"thumbnailUrl\":\"https:\\\/\\\/hijasdejesus.org\\\/wp-content\\\/uploads\\\/2023\\\/07\\\/2023-07-26-VC-Vietnam.jpg\",\"keywords\":[\"General Superior\",\"Sin categorizar\"],\"articleSection\":[\"East Asia\",\"Hijas de Jes\u00fas\",\"News\",\"Vietnam\"],\"inLanguage\":\"en-US\"},{\"@type\":\"WebPage\",\"@id\":\"https:\\\/\\\/hijasdejesus.org\\\/en\\\/mother-general-in-vietnam\\\/\",\"url\":\"https:\\\/\\\/hijasdejesus.org\\\/en\\\/mother-general-in-vietnam\\\/\",\"name\":\"Mother General in Vietnam - Hijas de Jes\u00fas\",\"isPartOf\":{\"@id\":\"https:\\\/\\\/hijasdejesus.org\\\/en\\\/#website\"},\"primaryImageOfPage\":{\"@id\":\"https:\\\/\\\/hijasdejesus.org\\\/en\\\/mother-general-in-vietnam\\\/#primaryimage\"},\"image\":{\"@id\":\"https:\\\/\\\/hijasdejesus.org\\\/en\\\/mother-general-in-vietnam\\\/#primaryimage\"},\"thumbnailUrl\":\"https:\\\/\\\/hijasdejesus.org\\\/wp-content\\\/uploads\\\/2023\\\/07\\\/2023-07-26-VC-Vietnam.jpg\",\"datePublished\":\"2023-07-26T10:53:23+00:00\",\"dateModified\":\"2023-07-26T10:55:14+00:00\",\"breadcrumb\":{\"@id\":\"https:\\\/\\\/hijasdejesus.org\\\/en\\\/mother-general-in-vietnam\\\/#breadcrumb\"},\"inLanguage\":\"en-US\",\"potentialAction\":[{\"@type\":\"ReadAction\",\"target\":[\"https:\\\/\\\/hijasdejesus.org\\\/en\\\/mother-general-in-vietnam\\\/\"]}]},{\"@type\":\"ImageObject\",\"inLanguage\":\"en-US\",\"@id\":\"https:\\\/\\\/hijasdejesus.org\\\/en\\\/mother-general-in-vietnam\\\/#primaryimage\",\"url\":\"https:\\\/\\\/hijasdejesus.org\\\/wp-content\\\/uploads\\\/2023\\\/07\\\/2023-07-26-VC-Vietnam.jpg\",\"contentUrl\":\"https:\\\/\\\/hijasdejesus.org\\\/wp-content\\\/uploads\\\/2023\\\/07\\\/2023-07-26-VC-Vietnam.jpg\",\"width\":1748,\"height\":1240},{\"@type\":\"BreadcrumbList\",\"@id\":\"https:\\\/\\\/hijasdejesus.org\\\/en\\\/mother-general-in-vietnam\\\/#breadcrumb\",\"itemListElement\":[{\"@type\":\"ListItem\",\"position\":1,\"name\":\"Portada\",\"item\":\"https:\\\/\\\/hijasdejesus.org\\\/en\\\/\"},{\"@type\":\"ListItem\",\"position\":2,\"name\":\"Mother General in Vietnam\"}]},{\"@type\":\"WebSite\",\"@id\":\"https:\\\/\\\/hijasdejesus.org\\\/en\\\/#website\",\"url\":\"https:\\\/\\\/hijasdejesus.org\\\/en\\\/\",\"name\":\"Hijas de Jes\u00fas\",\"description\":\"Despertamos a Jes\u00fas en el coraz\u00f3n, sacando lo mejor de las personas. Somos una congregaci\u00f3n religiosa ignaciana fundada por la Madre Candida\",\"publisher\":{\"@id\":\"https:\\\/\\\/hijasdejesus.org\\\/en\\\/#organization\"},\"potentialAction\":[{\"@type\":\"SearchAction\",\"target\":{\"@type\":\"EntryPoint\",\"urlTemplate\":\"https:\\\/\\\/hijasdejesus.org\\\/en\\\/?s={search_term_string}\"},\"query-input\":{\"@type\":\"PropertyValueSpecification\",\"valueRequired\":true,\"valueName\":\"search_term_string\"}}],\"inLanguage\":\"en-US\"},{\"@type\":\"Organization\",\"@id\":\"https:\\\/\\\/hijasdejesus.org\\\/en\\\/#organization\",\"name\":\"Hijas de Jes\u00fas\",\"url\":\"https:\\\/\\\/hijasdejesus.org\\\/en\\\/\",\"logo\":{\"@type\":\"ImageObject\",\"inLanguage\":\"en-US\",\"@id\":\"https:\\\/\\\/hijasdejesus.org\\\/en\\\/#\\\/schema\\\/logo\\\/image\\\/\",\"url\":\"https:\\\/\\\/hijasdejesus.org\\\/wp-content\\\/uploads\\\/2023\\\/01\\\/Hijas-de-Jesus_hor-A7C957.png\",\"contentUrl\":\"https:\\\/\\\/hijasdejesus.org\\\/wp-content\\\/uploads\\\/2023\\\/01\\\/Hijas-de-Jesus_hor-A7C957.png\",\"width\":700,\"height\":360,\"caption\":\"Hijas de Jes\u00fas\"},\"image\":{\"@id\":\"https:\\\/\\\/hijasdejesus.org\\\/en\\\/#\\\/schema\\\/logo\\\/image\\\/\"},\"sameAs\":[\"https:\\\/\\\/www.facebook.com\\\/hijasdejesusenelmundo\\\/\",\"https:\\\/\\\/x.com\\\/hijasdjesus\"]},{\"@type\":\"Person\",\"@id\":\"https:\\\/\\\/hijasdejesus.org\\\/en\\\/#\\\/schema\\\/person\\\/fe794e79d9d612a993451d2d887ad731\",\"name\":\"Maria Jose\",\"image\":{\"@type\":\"ImageObject\",\"inLanguage\":\"en-US\",\"@id\":\"https:\\\/\\\/secure.gravatar.com\\\/avatar\\\/e4747d4a34da9de60dbc74416afcd5b48db8bf40dc7c1d42c329ff225b10b863?s=96&d=mm&r=g\",\"url\":\"https:\\\/\\\/secure.gravatar.com\\\/avatar\\\/e4747d4a34da9de60dbc74416afcd5b48db8bf40dc7c1d42c329ff225b10b863?s=96&d=mm&r=g\",\"contentUrl\":\"https:\\\/\\\/secure.gravatar.com\\\/avatar\\\/e4747d4a34da9de60dbc74416afcd5b48db8bf40dc7c1d42c329ff225b10b863?s=96&d=mm&r=g\",\"caption\":\"Maria Jose\"},\"url\":\"https:\\\/\\\/hijasdejesus.org\\\/en\\\/author\\\/mariajose\\\/\"}]}<\/script>\n<!-- \/ Yoast SEO plugin. -->","yoast_head_json":{"title":"Mother General in Vietnam - Hijas de Jes\u00fas","robots":{"index":"index","follow":"follow","max-snippet":"max-snippet:-1","max-image-preview":"max-image-preview:large","max-video-preview":"max-video-preview:-1"},"canonical":"https:\/\/hijasdejesus.org\/en\/mother-general-in-vietnam\/","og_locale":"en_US","og_type":"article","og_title":"Mother General in Vietnam - Hijas de Jes\u00fas","og_description":"The Superior General, Graciela Francovig has been in Vietnam since July 23, accompanied by her councilor, Councilor S\u00f4nia Regina She is visiting Vietnam for the first time, where we have been present as a Congregation since 2012. Graciela is making her canonical visitation to the juniorate community, currently made up of 9 junior sisters who [&hellip;]","og_url":"https:\/\/hijasdejesus.org\/en\/mother-general-in-vietnam\/","og_site_name":"Hijas de Jes\u00fas","article_publisher":"https:\/\/www.facebook.com\/hijasdejesusenelmundo\/","article_published_time":"2023-07-26T10:53:23+00:00","article_modified_time":"2023-07-26T10:55:14+00:00","og_image":[{"width":1748,"height":1240,"url":"https:\/\/hijasdejesus.org\/wp-content\/uploads\/2023\/07\/2023-07-26-VC-Vietnam.jpg","type":"image\/jpeg"}],"author":"Maria Jose","twitter_card":"summary_large_image","twitter_creator":"@hijasdjesus","twitter_site":"@hijasdjesus","twitter_misc":{"Written by":"Maria Jose","Est. reading time":"1 minute"},"schema":{"@context":"https:\/\/schema.org","@graph":[{"@type":"Article","@id":"https:\/\/hijasdejesus.org\/en\/mother-general-in-vietnam\/#article","isPartOf":{"@id":"https:\/\/hijasdejesus.org\/en\/mother-general-in-vietnam\/"},"author":{"name":"Maria Jose","@id":"https:\/\/hijasdejesus.org\/en\/#\/schema\/person\/fe794e79d9d612a993451d2d887ad731"},"headline":"Mother General in Vietnam","datePublished":"2023-07-26T10:53:23+00:00","dateModified":"2023-07-26T10:55:14+00:00","mainEntityOfPage":{"@id":"https:\/\/hijasdejesus.org\/en\/mother-general-in-vietnam\/"},"wordCount":252,"publisher":{"@id":"https:\/\/hijasdejesus.org\/en\/#organization"},"image":{"@id":"https:\/\/hijasdejesus.org\/en\/mother-general-in-vietnam\/#primaryimage"},"thumbnailUrl":"https:\/\/hijasdejesus.org\/wp-content\/uploads\/2023\/07\/2023-07-26-VC-Vietnam.jpg","keywords":["General Superior","Sin categorizar"],"articleSection":["East Asia","Hijas de Jes\u00fas","News","Vietnam"],"inLanguage":"en-US"},{"@type":"WebPage","@id":"https:\/\/hijasdejesus.org\/en\/mother-general-in-vietnam\/","url":"https:\/\/hijasdejesus.org\/en\/mother-general-in-vietnam\/","name":"Mother General in Vietnam - Hijas de Jes\u00fas","isPartOf":{"@id":"https:\/\/hijasdejesus.org\/en\/#website"},"primaryImageOfPage":{"@id":"https:\/\/hijasdejesus.org\/en\/mother-general-in-vietnam\/#primaryimage"},"image":{"@id":"https:\/\/hijasdejesus.org\/en\/mother-general-in-vietnam\/#primaryimage"},"thumbnailUrl":"https:\/\/hijasdejesus.org\/wp-content\/uploads\/2023\/07\/2023-07-26-VC-Vietnam.jpg","datePublished":"2023-07-26T10:53:23+00:00","dateModified":"2023-07-26T10:55:14+00:00","breadcrumb":{"@id":"https:\/\/hijasdejesus.org\/en\/mother-general-in-vietnam\/#breadcrumb"},"inLanguage":"en-US","potentialAction":[{"@type":"ReadAction","target":["https:\/\/hijasdejesus.org\/en\/mother-general-in-vietnam\/"]}]},{"@type":"ImageObject","inLanguage":"en-US","@id":"https:\/\/hijasdejesus.org\/en\/mother-general-in-vietnam\/#primaryimage","url":"https:\/\/hijasdejesus.org\/wp-content\/uploads\/2023\/07\/2023-07-26-VC-Vietnam.jpg","contentUrl":"https:\/\/hijasdejesus.org\/wp-content\/uploads\/2023\/07\/2023-07-26-VC-Vietnam.jpg","width":1748,"height":1240},{"@type":"BreadcrumbList","@id":"https:\/\/hijasdejesus.org\/en\/mother-general-in-vietnam\/#breadcrumb","itemListElement":[{"@type":"ListItem","position":1,"name":"Portada","item":"https:\/\/hijasdejesus.org\/en\/"},{"@type":"ListItem","position":2,"name":"Mother General in Vietnam"}]},{"@type":"WebSite","@id":"https:\/\/hijasdejesus.org\/en\/#website","url":"https:\/\/hijasdejesus.org\/en\/","name":"Hijas de Jes\u00fas","description":"Despertamos a Jes\u00fas en el coraz\u00f3n, sacando lo mejor de las personas. Somos una congregaci\u00f3n religiosa ignaciana fundada por la Madre Candida","publisher":{"@id":"https:\/\/hijasdejesus.org\/en\/#organization"},"potentialAction":[{"@type":"SearchAction","target":{"@type":"EntryPoint","urlTemplate":"https:\/\/hijasdejesus.org\/en\/?s={search_term_string}"},"query-input":{"@type":"PropertyValueSpecification","valueRequired":true,"valueName":"search_term_string"}}],"inLanguage":"en-US"},{"@type":"Organization","@id":"https:\/\/hijasdejesus.org\/en\/#organization","name":"Hijas de Jes\u00fas","url":"https:\/\/hijasdejesus.org\/en\/","logo":{"@type":"ImageObject","inLanguage":"en-US","@id":"https:\/\/hijasdejesus.org\/en\/#\/schema\/logo\/image\/","url":"https:\/\/hijasdejesus.org\/wp-content\/uploads\/2023\/01\/Hijas-de-Jesus_hor-A7C957.png","contentUrl":"https:\/\/hijasdejesus.org\/wp-content\/uploads\/2023\/01\/Hijas-de-Jesus_hor-A7C957.png","width":700,"height":360,"caption":"Hijas de Jes\u00fas"},"image":{"@id":"https:\/\/hijasdejesus.org\/en\/#\/schema\/logo\/image\/"},"sameAs":["https:\/\/www.facebook.com\/hijasdejesusenelmundo\/","https:\/\/x.com\/hijasdjesus"]},{"@type":"Person","@id":"https:\/\/hijasdejesus.org\/en\/#\/schema\/person\/fe794e79d9d612a993451d2d887ad731","name":"Maria Jose","image":{"@type":"ImageObject","inLanguage":"en-US","@id":"https:\/\/secure.gravatar.com\/avatar\/e4747d4a34da9de60dbc74416afcd5b48db8bf40dc7c1d42c329ff225b10b863?s=96&d=mm&r=g","url":"https:\/\/secure.gravatar.com\/avatar\/e4747d4a34da9de60dbc74416afcd5b48db8bf40dc7c1d42c329ff225b10b863?s=96&d=mm&r=g","contentUrl":"https:\/\/secure.gravatar.com\/avatar\/e4747d4a34da9de60dbc74416afcd5b48db8bf40dc7c1d42c329ff225b10b863?s=96&d=mm&r=g","caption":"Maria Jose"},"url":"https:\/\/hijasdejesus.org\/en\/author\/mariajose\/"}]}},"_links":{"self":[{"href":"https:\/\/hijasdejesus.org\/en\/wp-json\/wp\/v2\/posts\/35187","targetHints":{"allow":["GET"]}}],"collection":[{"href":"https:\/\/hijasdejesus.org\/en\/wp-json\/wp\/v2\/posts"}],"about":[{"href":"https:\/\/hijasdejesus.org\/en\/wp-json\/wp\/v2\/types\/post"}],"author":[{"embeddable":true,"href":"https:\/\/hijasdejesus.org\/en\/wp-json\/wp\/v2\/users\/7"}],"replies":[{"embeddable":true,"href":"https:\/\/hijasdejesus.org\/en\/wp-json\/wp\/v2\/comments?post=35187"}],"version-history":[{"count":1,"href":"https:\/\/hijasdejesus.org\/en\/wp-json\/wp\/v2\/posts\/35187\/revisions"}],"predecessor-version":[{"id":35190,"href":"https:\/\/hijasdejesus.org\/en\/wp-json\/wp\/v2\/posts\/35187\/revisions\/35190"}],"wp:featuredmedia":[{"embeddable":true,"href":"https:\/\/hijasdejesus.org\/en\/wp-json\/wp\/v2\/media\/35182"}],"wp:attachment":[{"href":"https:\/\/hijasdejesus.org\/en\/wp-json\/wp\/v2\/media?parent=35187"}],"wp:term":[{"taxonomy":"category","embeddable":true,"href":"https:\/\/hijasdejesus.org\/en\/wp-json\/wp\/v2\/categories?post=35187"},{"taxonomy":"post_tag","embeddable":true,"href":"https:\/\/hijasdejesus.org\/en\/wp-json\/wp\/v2\/tags?post=35187"}],"curies":[{"name":"wp","href":"https:\/\/api.w.org\/{rel}","templated":true}]}}