{"id":37206,"date":"2023-11-16T20:20:00","date_gmt":"2023-11-16T19:20:00","guid":{"rendered":"https:\/\/hijasdejesus.org\/the-education-our-world-needs\/"},"modified":"2024-07-04T13:20:10","modified_gmt":"2024-07-04T11:20:10","slug":"the-education-our-world-needs","status":"publish","type":"post","link":"https:\/\/hijasdejesus.org\/en\/the-education-our-world-needs\/","title":{"rendered":"The education our world needs"},"content":{"rendered":"\n<p>It is a joy to see the seal of the<strong> Global Education Pact (GEP)<\/strong> on the schools in the Dominican Republic run by the Daughters of Jesus. We have been informed of the addition of four new schools: <strong>Escuela Virgen del Carmen, in La Ci\u00e9naga, Santo Domingo; Escuela Laboral La Inmaculada, in Cotu\u00ed; Escuela Laboral Virgen de las Mercedes and Escuela T\u00e9cnica San Mart\u00edn de Porres, in Santiago de los Caballeros<\/strong>. Half of &#8220;our&#8221; schools in the world are already on this path.<\/p>\n\n<figure class=\"wp-block-image size-large\"><img loading=\"lazy\" decoding=\"async\" width=\"1024\" height=\"584\" src=\"https:\/\/hijasdejesus.org\/wp-content\/uploads\/2023\/11\/S-Martin-Porres-Tecnica-1024x584.jpg\" alt=\"\" class=\"wp-image-37189\" srcset=\"https:\/\/hijasdejesus.org\/wp-content\/uploads\/2023\/11\/S-Martin-Porres-Tecnica-1024x584.jpg 1024w, https:\/\/hijasdejesus.org\/wp-content\/uploads\/2023\/11\/S-Martin-Porres-Tecnica-980x559.jpg 980w, https:\/\/hijasdejesus.org\/wp-content\/uploads\/2023\/11\/S-Martin-Porres-Tecnica-480x274.jpg 480w\" sizes=\"(min-width: 0px) and (max-width: 480px) 480px, (min-width: 481px) and (max-width: 980px) 980px, (min-width: 981px) 1024px, 100vw\" \/><\/figure>\n\n<p>The PEG highlights these seven needs of our world:<\/p>\n\n<ol class=\"wp-block-list\" start=\"1\">\n<li><strong>To put the person at the center<\/strong>, to bring out his or her specificity.<\/li>\n\n\n\n<li>Listening to the voice of children, <strong>listening to the younger generation<\/strong>.<\/li>\n\n\n\n<li>Full participation of girls and young women, <strong>promoting women<\/strong>.<\/li>\n\n\n\n<li>Making the <strong>family, the primary educator<\/strong>, responsible.<\/li>\n\n\n\n<li>To be open to <strong>welcome, to open ourselves to the most vulnerable<\/strong>.<\/li>\n\n\n\n<li>Renewing the economy and politics, <strong>educating for another development model<\/strong>.<\/li>\n\n\n\n<li><strong>Caring for the common home<\/strong>, protecting its resources and respecting the environment.<\/li>\n<\/ol>\n\n<figure class=\"wp-block-video\"><video height=\"720\" style=\"aspect-ratio: 1280 \/ 720;\" width=\"1280\" controls=\"\" src=\"https:\/\/hijasdejesus.org\/wp-content\/uploads\/2023\/11\/Escuela-Laboral-Virgen-de-las-Mercedes.mp4\"><\/video><\/figure>\n\n<figure class=\"wp-block-video\"><video height=\"480\" style=\"aspect-ratio: 848 \/ 480;\" width=\"848\" controls=\"\" src=\"https:\/\/hijasdejesus.org\/wp-content\/uploads\/2023\/11\/Escuela-Laboral-La-Inmaculada.mp4\"><\/video><\/figure>\n\n<figure class=\"wp-block-video\"><video height=\"544\" style=\"aspect-ratio: 960 \/ 544;\" width=\"960\" controls=\"\" src=\"https:\/\/hijasdejesus.org\/wp-content\/uploads\/2023\/11\/Escuela-Virgen-Del-Carmen.mp4\"><\/video><\/figure>\n\n<p>The <strong>\n  <a href=\"https:\/\/www.educationglobalcompact.org\/resources\/Risorse\/vademecum-espanol.pdf\">Vademecum<\/a>\n<\/strong> is a document that explains it simply.  <\/p>\n\n<p>At the end of 2022, we encouraged the schools that follow Mother Candida&#8217;s way of educating to join this concern of Pope Francis, to <strong>get to know his proposal and ask ourselves if we are committed to it<\/strong>. As a sign of affirmative response <strong>, the Covenant logo is placed in visible places such<\/strong> as the entrance to the Center, its website, letterheads of documents, etc. This is how we enter <strong>STAGE I<\/strong>. It doesn&#8217;t matter that we didn&#8217;t go in at the time.  <strong>There is always time to do it!<\/strong>  Schools are only asked to submit a photo reflecting their membership and a brief communication. And so, through this website, we will communicate who joins us.<\/p>\n\n<p>Signing a covenant is not enough. To carry it forward, a <strong>STAGE II<\/strong> is opened, <strong>WE ANALYZE IF THE ACTIVITY AND EDUCATIONAL CLIMATE OF THE CENTER ARE IN ACCORDANCE WITH WHAT HAS BEEN SIGNED<\/strong>. How important it is to review the coherence with the principles that animate our life! Peace, which we need so much today, has much to do with addressing these seven issues.<\/p>\n\n<p><strong><em>Mar\u00eda Teresa Pinto FI.<\/em><\/strong><\/p>\n","protected":false},"excerpt":{"rendered":"<p>It is a joy to see the seal of the Global Education Pact (GEP) on the schools in the Dominican Republic run by the Daughters of Jesus. We have been informed of the addition of four new schools: Escuela Virgen del Carmen, in La Ci\u00e9naga, Santo Domingo; Escuela Laboral La Inmaculada, in Cotu\u00ed; Escuela Laboral [&hellip;]<\/p>\n","protected":false},"author":2,"featured_media":37203,"comment_status":"closed","ping_status":"closed","sticky":false,"template":"","format":"standard","meta":{"_et_pb_use_builder":"off","_et_pb_old_content":"","_et_gb_content_width":"","footnotes":"","_links_to":"","_links_to_target":""},"categories":[542,516,412],"tags":[],"class_list":["post-37206","post","type-post","status-publish","format-standard","has-post-thumbnail","hentry","category-dominican-republic","category-education","category-news"],"yoast_head":"<!-- This site is optimized with the Yoast SEO plugin v27.4 - https:\/\/yoast.com\/product\/yoast-seo-wordpress\/ -->\n<title>The education our world needs - Hijas de Jes\u00fas<\/title>\n<meta name=\"robots\" content=\"index, follow, max-snippet:-1, max-image-preview:large, max-video-preview:-1\" \/>\n<link rel=\"canonical\" href=\"https:\/\/hijasdejesus.org\/en\/the-education-our-world-needs\/\" \/>\n<meta property=\"og:locale\" content=\"en_US\" \/>\n<meta property=\"og:type\" content=\"article\" \/>\n<meta property=\"og:title\" content=\"The education our world needs - Hijas de Jes\u00fas\" \/>\n<meta property=\"og:description\" content=\"It is a joy to see the seal of the Global Education Pact (GEP) on the schools in the Dominican Republic run by the Daughters of Jesus. We have been informed of the addition of four new schools: Escuela Virgen del Carmen, in La Ci\u00e9naga, Santo Domingo; Escuela Laboral La Inmaculada, in Cotu\u00ed; Escuela Laboral [&hellip;]\" \/>\n<meta property=\"og:url\" content=\"https:\/\/hijasdejesus.org\/en\/the-education-our-world-needs\/\" \/>\n<meta property=\"og:site_name\" content=\"Hijas de Jes\u00fas\" \/>\n<meta property=\"article:publisher\" content=\"https:\/\/www.facebook.com\/hijasdejesusenelmundo\/\" \/>\n<meta property=\"article:published_time\" content=\"2023-11-16T19:20:00+00:00\" \/>\n<meta property=\"article:modified_time\" content=\"2024-07-04T11:20:10+00:00\" \/>\n<meta property=\"og:image\" content=\"https:\/\/hijasdejesus.org\/wp-content\/uploads\/2023\/11\/Portada-web-2.png\" \/>\n\t<meta property=\"og:image:width\" content=\"1748\" \/>\n\t<meta property=\"og:image:height\" content=\"1240\" \/>\n\t<meta property=\"og:image:type\" content=\"image\/png\" \/>\n<meta name=\"author\" content=\"Beatriz Concejo\" \/>\n<meta name=\"twitter:card\" content=\"summary_large_image\" \/>\n<meta name=\"twitter:creator\" content=\"@hijasdjesus\" \/>\n<meta name=\"twitter:site\" content=\"@hijasdjesus\" \/>\n<meta name=\"twitter:label1\" content=\"Written by\" \/>\n\t<meta name=\"twitter:data1\" content=\"Beatriz Concejo\" \/>\n\t<meta name=\"twitter:label2\" content=\"Est. reading time\" \/>\n\t<meta name=\"twitter:data2\" content=\"2 minutes\" \/>\n<script type=\"application\/ld+json\" class=\"yoast-schema-graph\">{\"@context\":\"https:\\\/\\\/schema.org\",\"@graph\":[{\"@type\":\"Article\",\"@id\":\"https:\\\/\\\/hijasdejesus.org\\\/en\\\/the-education-our-world-needs\\\/#article\",\"isPartOf\":{\"@id\":\"https:\\\/\\\/hijasdejesus.org\\\/en\\\/the-education-our-world-needs\\\/\"},\"author\":{\"name\":\"Beatriz Concejo\",\"@id\":\"https:\\\/\\\/hijasdejesus.org\\\/en\\\/#\\\/schema\\\/person\\\/a89333d7c811935bc234f49793356474\"},\"headline\":\"The education our world needs\",\"datePublished\":\"2023-11-16T19:20:00+00:00\",\"dateModified\":\"2024-07-04T11:20:10+00:00\",\"mainEntityOfPage\":{\"@id\":\"https:\\\/\\\/hijasdejesus.org\\\/en\\\/the-education-our-world-needs\\\/\"},\"wordCount\":372,\"publisher\":{\"@id\":\"https:\\\/\\\/hijasdejesus.org\\\/en\\\/#organization\"},\"image\":{\"@id\":\"https:\\\/\\\/hijasdejesus.org\\\/en\\\/the-education-our-world-needs\\\/#primaryimage\"},\"thumbnailUrl\":\"https:\\\/\\\/hijasdejesus.org\\\/wp-content\\\/uploads\\\/2023\\\/11\\\/Portada-web-2.png\",\"articleSection\":[\"Dominican Republic\",\"Education\",\"News\"],\"inLanguage\":\"en-US\"},{\"@type\":\"WebPage\",\"@id\":\"https:\\\/\\\/hijasdejesus.org\\\/en\\\/the-education-our-world-needs\\\/\",\"url\":\"https:\\\/\\\/hijasdejesus.org\\\/en\\\/the-education-our-world-needs\\\/\",\"name\":\"The education our world needs - Hijas de Jes\u00fas\",\"isPartOf\":{\"@id\":\"https:\\\/\\\/hijasdejesus.org\\\/en\\\/#website\"},\"primaryImageOfPage\":{\"@id\":\"https:\\\/\\\/hijasdejesus.org\\\/en\\\/the-education-our-world-needs\\\/#primaryimage\"},\"image\":{\"@id\":\"https:\\\/\\\/hijasdejesus.org\\\/en\\\/the-education-our-world-needs\\\/#primaryimage\"},\"thumbnailUrl\":\"https:\\\/\\\/hijasdejesus.org\\\/wp-content\\\/uploads\\\/2023\\\/11\\\/Portada-web-2.png\",\"datePublished\":\"2023-11-16T19:20:00+00:00\",\"dateModified\":\"2024-07-04T11:20:10+00:00\",\"breadcrumb\":{\"@id\":\"https:\\\/\\\/hijasdejesus.org\\\/en\\\/the-education-our-world-needs\\\/#breadcrumb\"},\"inLanguage\":\"en-US\",\"potentialAction\":[{\"@type\":\"ReadAction\",\"target\":[\"https:\\\/\\\/hijasdejesus.org\\\/en\\\/the-education-our-world-needs\\\/\"]}]},{\"@type\":\"ImageObject\",\"inLanguage\":\"en-US\",\"@id\":\"https:\\\/\\\/hijasdejesus.org\\\/en\\\/the-education-our-world-needs\\\/#primaryimage\",\"url\":\"https:\\\/\\\/hijasdejesus.org\\\/wp-content\\\/uploads\\\/2023\\\/11\\\/Portada-web-2.png\",\"contentUrl\":\"https:\\\/\\\/hijasdejesus.org\\\/wp-content\\\/uploads\\\/2023\\\/11\\\/Portada-web-2.png\",\"width\":1748,\"height\":1240},{\"@type\":\"BreadcrumbList\",\"@id\":\"https:\\\/\\\/hijasdejesus.org\\\/en\\\/the-education-our-world-needs\\\/#breadcrumb\",\"itemListElement\":[{\"@type\":\"ListItem\",\"position\":1,\"name\":\"Portada\",\"item\":\"https:\\\/\\\/hijasdejesus.org\\\/en\\\/\"},{\"@type\":\"ListItem\",\"position\":2,\"name\":\"The education our world needs\"}]},{\"@type\":\"WebSite\",\"@id\":\"https:\\\/\\\/hijasdejesus.org\\\/en\\\/#website\",\"url\":\"https:\\\/\\\/hijasdejesus.org\\\/en\\\/\",\"name\":\"Hijas de Jes\u00fas\",\"description\":\"Despertamos a Jes\u00fas en el coraz\u00f3n, sacando lo mejor de las personas. Somos una congregaci\u00f3n religiosa ignaciana fundada por la Madre Candida\",\"publisher\":{\"@id\":\"https:\\\/\\\/hijasdejesus.org\\\/en\\\/#organization\"},\"potentialAction\":[{\"@type\":\"SearchAction\",\"target\":{\"@type\":\"EntryPoint\",\"urlTemplate\":\"https:\\\/\\\/hijasdejesus.org\\\/en\\\/?s={search_term_string}\"},\"query-input\":{\"@type\":\"PropertyValueSpecification\",\"valueRequired\":true,\"valueName\":\"search_term_string\"}}],\"inLanguage\":\"en-US\"},{\"@type\":\"Organization\",\"@id\":\"https:\\\/\\\/hijasdejesus.org\\\/en\\\/#organization\",\"name\":\"Hijas de Jes\u00fas\",\"url\":\"https:\\\/\\\/hijasdejesus.org\\\/en\\\/\",\"logo\":{\"@type\":\"ImageObject\",\"inLanguage\":\"en-US\",\"@id\":\"https:\\\/\\\/hijasdejesus.org\\\/en\\\/#\\\/schema\\\/logo\\\/image\\\/\",\"url\":\"https:\\\/\\\/hijasdejesus.org\\\/wp-content\\\/uploads\\\/2023\\\/01\\\/Hijas-de-Jesus_hor-A7C957.png\",\"contentUrl\":\"https:\\\/\\\/hijasdejesus.org\\\/wp-content\\\/uploads\\\/2023\\\/01\\\/Hijas-de-Jesus_hor-A7C957.png\",\"width\":700,\"height\":360,\"caption\":\"Hijas de Jes\u00fas\"},\"image\":{\"@id\":\"https:\\\/\\\/hijasdejesus.org\\\/en\\\/#\\\/schema\\\/logo\\\/image\\\/\"},\"sameAs\":[\"https:\\\/\\\/www.facebook.com\\\/hijasdejesusenelmundo\\\/\",\"https:\\\/\\\/x.com\\\/hijasdjesus\"]},{\"@type\":\"Person\",\"@id\":\"https:\\\/\\\/hijasdejesus.org\\\/en\\\/#\\\/schema\\\/person\\\/a89333d7c811935bc234f49793356474\",\"name\":\"Beatriz Concejo\",\"image\":{\"@type\":\"ImageObject\",\"inLanguage\":\"en-US\",\"@id\":\"https:\\\/\\\/secure.gravatar.com\\\/avatar\\\/3075c01a99ba1b38ab876c1780b5fe86903d79b830670c26b7f45a65200e807a?s=96&d=mm&r=g\",\"url\":\"https:\\\/\\\/secure.gravatar.com\\\/avatar\\\/3075c01a99ba1b38ab876c1780b5fe86903d79b830670c26b7f45a65200e807a?s=96&d=mm&r=g\",\"contentUrl\":\"https:\\\/\\\/secure.gravatar.com\\\/avatar\\\/3075c01a99ba1b38ab876c1780b5fe86903d79b830670c26b7f45a65200e807a?s=96&d=mm&r=g\",\"caption\":\"Beatriz Concejo\"},\"url\":\"https:\\\/\\\/hijasdejesus.org\\\/en\\\/author\\\/bea\\\/\"}]}<\/script>\n<!-- \/ Yoast SEO plugin. -->","yoast_head_json":{"title":"The education our world needs - Hijas de Jes\u00fas","robots":{"index":"index","follow":"follow","max-snippet":"max-snippet:-1","max-image-preview":"max-image-preview:large","max-video-preview":"max-video-preview:-1"},"canonical":"https:\/\/hijasdejesus.org\/en\/the-education-our-world-needs\/","og_locale":"en_US","og_type":"article","og_title":"The education our world needs - Hijas de Jes\u00fas","og_description":"It is a joy to see the seal of the Global Education Pact (GEP) on the schools in the Dominican Republic run by the Daughters of Jesus. We have been informed of the addition of four new schools: Escuela Virgen del Carmen, in La Ci\u00e9naga, Santo Domingo; Escuela Laboral La Inmaculada, in Cotu\u00ed; Escuela Laboral [&hellip;]","og_url":"https:\/\/hijasdejesus.org\/en\/the-education-our-world-needs\/","og_site_name":"Hijas de Jes\u00fas","article_publisher":"https:\/\/www.facebook.com\/hijasdejesusenelmundo\/","article_published_time":"2023-11-16T19:20:00+00:00","article_modified_time":"2024-07-04T11:20:10+00:00","og_image":[{"width":1748,"height":1240,"url":"https:\/\/hijasdejesus.org\/wp-content\/uploads\/2023\/11\/Portada-web-2.png","type":"image\/png"}],"author":"Beatriz Concejo","twitter_card":"summary_large_image","twitter_creator":"@hijasdjesus","twitter_site":"@hijasdjesus","twitter_misc":{"Written by":"Beatriz Concejo","Est. reading time":"2 minutes"},"schema":{"@context":"https:\/\/schema.org","@graph":[{"@type":"Article","@id":"https:\/\/hijasdejesus.org\/en\/the-education-our-world-needs\/#article","isPartOf":{"@id":"https:\/\/hijasdejesus.org\/en\/the-education-our-world-needs\/"},"author":{"name":"Beatriz Concejo","@id":"https:\/\/hijasdejesus.org\/en\/#\/schema\/person\/a89333d7c811935bc234f49793356474"},"headline":"The education our world needs","datePublished":"2023-11-16T19:20:00+00:00","dateModified":"2024-07-04T11:20:10+00:00","mainEntityOfPage":{"@id":"https:\/\/hijasdejesus.org\/en\/the-education-our-world-needs\/"},"wordCount":372,"publisher":{"@id":"https:\/\/hijasdejesus.org\/en\/#organization"},"image":{"@id":"https:\/\/hijasdejesus.org\/en\/the-education-our-world-needs\/#primaryimage"},"thumbnailUrl":"https:\/\/hijasdejesus.org\/wp-content\/uploads\/2023\/11\/Portada-web-2.png","articleSection":["Dominican Republic","Education","News"],"inLanguage":"en-US"},{"@type":"WebPage","@id":"https:\/\/hijasdejesus.org\/en\/the-education-our-world-needs\/","url":"https:\/\/hijasdejesus.org\/en\/the-education-our-world-needs\/","name":"The education our world needs - Hijas de Jes\u00fas","isPartOf":{"@id":"https:\/\/hijasdejesus.org\/en\/#website"},"primaryImageOfPage":{"@id":"https:\/\/hijasdejesus.org\/en\/the-education-our-world-needs\/#primaryimage"},"image":{"@id":"https:\/\/hijasdejesus.org\/en\/the-education-our-world-needs\/#primaryimage"},"thumbnailUrl":"https:\/\/hijasdejesus.org\/wp-content\/uploads\/2023\/11\/Portada-web-2.png","datePublished":"2023-11-16T19:20:00+00:00","dateModified":"2024-07-04T11:20:10+00:00","breadcrumb":{"@id":"https:\/\/hijasdejesus.org\/en\/the-education-our-world-needs\/#breadcrumb"},"inLanguage":"en-US","potentialAction":[{"@type":"ReadAction","target":["https:\/\/hijasdejesus.org\/en\/the-education-our-world-needs\/"]}]},{"@type":"ImageObject","inLanguage":"en-US","@id":"https:\/\/hijasdejesus.org\/en\/the-education-our-world-needs\/#primaryimage","url":"https:\/\/hijasdejesus.org\/wp-content\/uploads\/2023\/11\/Portada-web-2.png","contentUrl":"https:\/\/hijasdejesus.org\/wp-content\/uploads\/2023\/11\/Portada-web-2.png","width":1748,"height":1240},{"@type":"BreadcrumbList","@id":"https:\/\/hijasdejesus.org\/en\/the-education-our-world-needs\/#breadcrumb","itemListElement":[{"@type":"ListItem","position":1,"name":"Portada","item":"https:\/\/hijasdejesus.org\/en\/"},{"@type":"ListItem","position":2,"name":"The education our world needs"}]},{"@type":"WebSite","@id":"https:\/\/hijasdejesus.org\/en\/#website","url":"https:\/\/hijasdejesus.org\/en\/","name":"Hijas de Jes\u00fas","description":"Despertamos a Jes\u00fas en el coraz\u00f3n, sacando lo mejor de las personas. Somos una congregaci\u00f3n religiosa ignaciana fundada por la Madre Candida","publisher":{"@id":"https:\/\/hijasdejesus.org\/en\/#organization"},"potentialAction":[{"@type":"SearchAction","target":{"@type":"EntryPoint","urlTemplate":"https:\/\/hijasdejesus.org\/en\/?s={search_term_string}"},"query-input":{"@type":"PropertyValueSpecification","valueRequired":true,"valueName":"search_term_string"}}],"inLanguage":"en-US"},{"@type":"Organization","@id":"https:\/\/hijasdejesus.org\/en\/#organization","name":"Hijas de Jes\u00fas","url":"https:\/\/hijasdejesus.org\/en\/","logo":{"@type":"ImageObject","inLanguage":"en-US","@id":"https:\/\/hijasdejesus.org\/en\/#\/schema\/logo\/image\/","url":"https:\/\/hijasdejesus.org\/wp-content\/uploads\/2023\/01\/Hijas-de-Jesus_hor-A7C957.png","contentUrl":"https:\/\/hijasdejesus.org\/wp-content\/uploads\/2023\/01\/Hijas-de-Jesus_hor-A7C957.png","width":700,"height":360,"caption":"Hijas de Jes\u00fas"},"image":{"@id":"https:\/\/hijasdejesus.org\/en\/#\/schema\/logo\/image\/"},"sameAs":["https:\/\/www.facebook.com\/hijasdejesusenelmundo\/","https:\/\/x.com\/hijasdjesus"]},{"@type":"Person","@id":"https:\/\/hijasdejesus.org\/en\/#\/schema\/person\/a89333d7c811935bc234f49793356474","name":"Beatriz Concejo","image":{"@type":"ImageObject","inLanguage":"en-US","@id":"https:\/\/secure.gravatar.com\/avatar\/3075c01a99ba1b38ab876c1780b5fe86903d79b830670c26b7f45a65200e807a?s=96&d=mm&r=g","url":"https:\/\/secure.gravatar.com\/avatar\/3075c01a99ba1b38ab876c1780b5fe86903d79b830670c26b7f45a65200e807a?s=96&d=mm&r=g","contentUrl":"https:\/\/secure.gravatar.com\/avatar\/3075c01a99ba1b38ab876c1780b5fe86903d79b830670c26b7f45a65200e807a?s=96&d=mm&r=g","caption":"Beatriz Concejo"},"url":"https:\/\/hijasdejesus.org\/en\/author\/bea\/"}]}},"_links":{"self":[{"href":"https:\/\/hijasdejesus.org\/en\/wp-json\/wp\/v2\/posts\/37206","targetHints":{"allow":["GET"]}}],"collection":[{"href":"https:\/\/hijasdejesus.org\/en\/wp-json\/wp\/v2\/posts"}],"about":[{"href":"https:\/\/hijasdejesus.org\/en\/wp-json\/wp\/v2\/types\/post"}],"author":[{"embeddable":true,"href":"https:\/\/hijasdejesus.org\/en\/wp-json\/wp\/v2\/users\/2"}],"replies":[{"embeddable":true,"href":"https:\/\/hijasdejesus.org\/en\/wp-json\/wp\/v2\/comments?post=37206"}],"version-history":[{"count":3,"href":"https:\/\/hijasdejesus.org\/en\/wp-json\/wp\/v2\/posts\/37206\/revisions"}],"predecessor-version":[{"id":37355,"href":"https:\/\/hijasdejesus.org\/en\/wp-json\/wp\/v2\/posts\/37206\/revisions\/37355"}],"wp:featuredmedia":[{"embeddable":true,"href":"https:\/\/hijasdejesus.org\/en\/wp-json\/wp\/v2\/media\/37203"}],"wp:attachment":[{"href":"https:\/\/hijasdejesus.org\/en\/wp-json\/wp\/v2\/media?parent=37206"}],"wp:term":[{"taxonomy":"category","embeddable":true,"href":"https:\/\/hijasdejesus.org\/en\/wp-json\/wp\/v2\/categories?post=37206"},{"taxonomy":"post_tag","embeddable":true,"href":"https:\/\/hijasdejesus.org\/en\/wp-json\/wp\/v2\/tags?post=37206"}],"curies":[{"name":"wp","href":"https:\/\/api.w.org\/{rel}","templated":true}]}}