{"id":39485,"date":"2024-05-30T10:49:00","date_gmt":"2024-05-30T08:49:00","guid":{"rendered":"https:\/\/hijasdejesus.org\/?p=39485"},"modified":"2024-06-17T15:00:14","modified_gmt":"2024-06-17T13:00:14","slug":"ellas-nos-llevan-a-jesus","status":"publish","type":"post","link":"https:\/\/hijasdejesus.org\/en\/ellas-nos-llevan-a-jesus\/","title":{"rendered":"Ellas nos llevan a Jes\u00fas &#8211; 31 de mayo"},"content":{"rendered":"\n<p>Cuando <strong><em>Juana Josefa<\/em><\/strong> naci\u00f3, el 31 de mayo era la fiesta de la <strong><em>Virgen del Amor Hermoso<\/em><\/strong>. Hoy, cuando recordamos agradecidos su nacimiento y la Iglesia ha reconocido su santidad, celebramos la <strong>Visitaci\u00f3n de Mar\u00eda<\/strong> a su prima Isabel.<\/p>\n\n\n\n<p>La vida de la Madre C\u00e1ndida ha ido siempre de la mano de Mar\u00eda, <em>nuestra Madre y Patrona<\/em>. <em>La verdadera Fundadora de la Congregaci\u00f3n.<\/em> Ambas, de la mano, <strong>quieren llevarnos a Jes\u00fas<\/strong>. Ellas mismas, es a Jes\u00fas a qui\u00e9n llevan.&nbsp;<\/p>\n\n\n\n<p>En el d\u00eda que conmemoramos el nacimiento de Santa C\u00e1ndida, te invitamos a rezar con el Himno con el que terminamos la fiesta. &nbsp;<\/p>\n\n\n\n<p>Puestas en presencia de Dios, le pedimos que nos mire, <strong>que nos muestre su rostro en nuestra vida<\/strong> y su voluntad en este momento especial de preparaci\u00f3n para la Congregaci\u00f3n General XIX. Vamos desgranando la letra del Himno y dejamos que hable a nuestra vida.<\/p>\n\n\n\n<p class=\"has-medium-font-size\"><em><strong>Clara Estrella que Guip\u00fazcoa<\/strong><\/em> (escribe tu lugar de nacimiento)<br><strong><em>contempl\u00f3 gozosa un d\u00eda,<\/em><\/strong><br><em><strong>Madre C\u00e1ndida Mar\u00eda de Jes\u00fas<\/strong><\/em> (escribe tu nombre completo).<br><em><strong>Para Dios s\u00f3lo viviste puesta en \u00c9l toda confianza,<br>mensajera de esperanza, fiel testigo de la luz.<\/strong><\/em><\/p>\n\n\n\n<blockquote class=\"wp-block-quote is-style-plain is-layout-flow wp-block-quote-is-layout-flow\">\n<ul class=\"wp-block-list\">\n<li>\u00bfEs as\u00ed mi vida? \u00bfVivo s\u00f3lo para Dios?<\/li>\n\n\n\n<li>\u00bfPongo toda mi confianza en \u00c9l? \u00bfCu\u00e1ndo s\u00ed? \u00bfCu\u00e1ndo me cuesta?<\/li>\n\n\n\n<li>\u00bfSoy mensajera de esperanza? \u00bfEn qu\u00e9 situaciones?<\/li>\n\n\n\n<li>\u00bfSoy testigo de la luz de Cristo? \u00bfD\u00f3nde? \u00bfPara qui\u00e9n?<\/li>\n<\/ul>\n<\/blockquote>\n\n\n\n<p class=\"has-medium-font-size\"><em><strong>Como Ignacio de Loyola,<br>cruzas la tierra espa\u00f1ola<br>para mayor gloria de Dios.<\/strong><\/em><\/p>\n\n\n\n<blockquote class=\"wp-block-quote is-style-plain is-layout-flow wp-block-quote-is-layout-flow\">\n<ul class=\"wp-block-list\">\n<li>\u00bfQu\u00e9 tierras cruzo?<\/li>\n\n\n\n<li>\u00bfPara qui\u00e9n las cruzo? \u00bfPara qu\u00e9?<\/li>\n\n\n\n<li>\u00bfQu\u00e9 gloria busco?<\/li>\n<\/ul>\n<\/blockquote>\n\n\n\n<p class=\"has-medium-font-size\"><strong><em>Jes\u00fas premia tus fatigas,<br>Ya granan las espigas<br>de la nueva fundaci\u00f3n.<\/em><\/strong><\/p>\n\n\n\n<blockquote class=\"wp-block-quote is-style-plain is-layout-flow wp-block-quote-is-layout-flow\">\n<ul class=\"wp-block-list\">\n<li>\u00bfEn d\u00f3nde pongo mis fuerzas?<\/li>\n\n\n\n<li>\u00bfCu\u00e1les son mis fatigas?<\/li>\n\n\n\n<li>\u00bfQu\u00e9 siembro y qu\u00e9 espigas granan a mi alrededor?<\/li>\n<\/ul>\n<\/blockquote>\n\n\n\n<p class=\"has-medium-font-size\"><strong><em>Pobre, artesana, sin ciencia<br>alumbra tu inteligencia<br>de Dios el alto saber.<\/em><\/strong><\/p>\n\n\n\n<blockquote class=\"wp-block-quote is-style-plain is-layout-flow wp-block-quote-is-layout-flow\">\n<ul class=\"wp-block-list\">\n<li>\u00bfC\u00f3mo dejo a Dios actuar en m\u00ed?<\/li>\n\n\n\n<li>\u00bfDejo que alumbre mi inteligencia o vivo s\u00f3lo de mi inteligencia?<\/li>\n\n\n\n<li>\u00bfQu\u00e9 admiro de los otros?<\/li>\n<\/ul>\n<\/blockquote>\n\n\n\n<p class=\"has-medium-font-size\"><em><strong>Y, en milagros de pujanza,<br>cien caminos de ense\u00f1anza<br>t\u00fa vas abriendo, t\u00fa vas abriendo con fe.<\/strong><\/em><\/p>\n\n\n\n<blockquote class=\"wp-block-quote is-style-plain is-layout-flow wp-block-quote-is-layout-flow\">\n<ul class=\"wp-block-list\">\n<li>\u00bfQu\u00e9 caminos intuyo, abro, de la mano de Dios y de otros compa\u00f1eros?<\/li>\n<\/ul>\n<\/blockquote>\n\n\n\n<p class=\"has-medium-font-size\"><strong><em>Al grito de \u201cDios lo quiere, Dios lo quiere, Dios lo quiere\u201d,<br>tu celo, que nunca muere,<br>conduce el mundo a la luz, a la Luz.<\/em><\/strong><\/p>\n\n\n\n<blockquote class=\"wp-block-quote is-style-plain is-layout-flow wp-block-quote-is-layout-flow\">\n<ul class=\"wp-block-list\">\n<li>\u00bfS\u00e9 qu\u00e9 quiere Dios de m\u00ed hoy?<\/li>\n\n\n\n<li>\u00bfMi celo, hacia d\u00f3nde conduce al mundo, a las personas con las que vivo y trabajo?<\/li>\n<\/ul>\n<\/blockquote>\n\n\n\n<p class=\"has-medium-font-size\"><strong><em>Para una tierra sin fronteras<br>son tus Hijas misioneras, son las Hijas de Jes\u00fas.<\/em><\/strong><\/p>\n\n\n\n<blockquote class=\"wp-block-quote is-style-plain is-layout-flow wp-block-quote-is-layout-flow\">\n<ul class=\"wp-block-list\">\n<li>\u00bfQu\u00e9 fronteras me pongo?<\/li>\n\n\n\n<li>\u00bfA qu\u00e9 \u201ctierras lejanas\u201d me siento llamada?<\/li>\n\n\n\n<li>\u00bfD\u00f3nde deseo ir a ser \u201cHija\u201d para despertar a Jes\u00fas en el coraz\u00f3n de cada<br>persona? \u00bfD\u00f3nde me llama hoy mi padre Jes\u00fas?<\/li>\n<\/ul>\n<\/blockquote>\n\n\n\n<p>La fiesta de la Visitaci\u00f3n nos recuerda que Dios siempre nos lleva m\u00e1s all\u00e1. Santa C\u00e1ndida dese\u00f3 ir al fin del mundo en busca de almas. El encuentro con Jes\u00fas siempre nos invita a salir. <strong>\u00bfDe d\u00f3nde me est\u00e1 invitando a salir hoy?<\/strong> Celebremos este 31 de mayo con el deseo de dejarnos configurar por Jes\u00fas, como ellas.<\/p>\n\n\n\n<p>\u00a1FELIZ 31 de MAYO!<\/p>\n","protected":false},"excerpt":{"rendered":"<p>Cuando Juana Josefa naci\u00f3, el 31 de mayo era la fiesta de la Virgen del Amor Hermoso. Hoy, cuando recordamos agradecidos su nacimiento y la Iglesia ha reconocido su santidad, celebramos la Visitaci\u00f3n de Mar\u00eda a su prima Isabel. La vida de la Madre C\u00e1ndida ha ido siempre de la mano de Mar\u00eda, nuestra Madre [&hellip;]<\/p>\n","protected":false},"author":7,"featured_media":39481,"comment_status":"open","ping_status":"open","sticky":false,"template":"","format":"standard","meta":{"_et_pb_use_builder":"off","_et_pb_old_content":"","_et_gb_content_width":"","footnotes":"","_links_to":"","_links_to_target":""},"categories":[528,412],"tags":[1014,789],"class_list":["post-39485","post","type-post","status-publish","format-standard","has-post-thumbnail","hentry","category-hijas-de-jesus-en","category-news","tag-31-mayo-en","tag-saint-candida"],"yoast_head":"<!-- This site is optimized with the Yoast SEO plugin v27.4 - https:\/\/yoast.com\/product\/yoast-seo-wordpress\/ -->\n<title>Ellas nos llevan a Jes\u00fas - 31 de mayo - Hijas de Jes\u00fas<\/title>\n<meta name=\"robots\" content=\"index, follow, max-snippet:-1, max-image-preview:large, max-video-preview:-1\" \/>\n<link rel=\"canonical\" href=\"https:\/\/hijasdejesus.org\/en\/ellas-nos-llevan-a-jesus\/\" \/>\n<meta property=\"og:locale\" content=\"en_US\" \/>\n<meta property=\"og:type\" content=\"article\" \/>\n<meta property=\"og:title\" content=\"Ellas nos llevan a Jes\u00fas - 31 de mayo - Hijas de Jes\u00fas\" \/>\n<meta property=\"og:description\" content=\"Cuando Juana Josefa naci\u00f3, el 31 de mayo era la fiesta de la Virgen del Amor Hermoso. Hoy, cuando recordamos agradecidos su nacimiento y la Iglesia ha reconocido su santidad, celebramos la Visitaci\u00f3n de Mar\u00eda a su prima Isabel. La vida de la Madre C\u00e1ndida ha ido siempre de la mano de Mar\u00eda, nuestra Madre [&hellip;]\" \/>\n<meta property=\"og:url\" content=\"https:\/\/hijasdejesus.org\/en\/ellas-nos-llevan-a-jesus\/\" \/>\n<meta property=\"og:site_name\" content=\"Hijas de Jes\u00fas\" \/>\n<meta property=\"article:publisher\" content=\"https:\/\/www.facebook.com\/hijasdejesusenelmundo\/\" \/>\n<meta property=\"article:published_time\" content=\"2024-05-30T08:49:00+00:00\" \/>\n<meta property=\"article:modified_time\" content=\"2024-06-17T13:00:14+00:00\" \/>\n<meta property=\"og:image\" content=\"https:\/\/hijasdejesus.org\/wp-content\/uploads\/2024\/05\/Portada-web-2-2.jpg\" \/>\n\t<meta property=\"og:image:width\" content=\"1748\" \/>\n\t<meta property=\"og:image:height\" content=\"1240\" \/>\n\t<meta property=\"og:image:type\" content=\"image\/jpeg\" \/>\n<meta name=\"author\" content=\"Maria Jose\" \/>\n<meta name=\"twitter:card\" content=\"summary_large_image\" \/>\n<meta name=\"twitter:creator\" content=\"@hijasdjesus\" \/>\n<meta name=\"twitter:site\" content=\"@hijasdjesus\" \/>\n<meta name=\"twitter:label1\" content=\"Written by\" \/>\n\t<meta name=\"twitter:data1\" content=\"Maria Jose\" \/>\n\t<meta name=\"twitter:label2\" content=\"Est. reading time\" \/>\n\t<meta name=\"twitter:data2\" content=\"3 minutes\" \/>\n<script type=\"application\/ld+json\" class=\"yoast-schema-graph\">{\"@context\":\"https:\\\/\\\/schema.org\",\"@graph\":[{\"@type\":\"Article\",\"@id\":\"https:\\\/\\\/hijasdejesus.org\\\/en\\\/ellas-nos-llevan-a-jesus\\\/#article\",\"isPartOf\":{\"@id\":\"https:\\\/\\\/hijasdejesus.org\\\/en\\\/ellas-nos-llevan-a-jesus\\\/\"},\"author\":{\"name\":\"Maria Jose\",\"@id\":\"https:\\\/\\\/hijasdejesus.org\\\/en\\\/#\\\/schema\\\/person\\\/fe794e79d9d612a993451d2d887ad731\"},\"headline\":\"Ellas nos llevan a Jes\u00fas &#8211; 31 de mayo\",\"datePublished\":\"2024-05-30T08:49:00+00:00\",\"dateModified\":\"2024-06-17T13:00:14+00:00\",\"mainEntityOfPage\":{\"@id\":\"https:\\\/\\\/hijasdejesus.org\\\/en\\\/ellas-nos-llevan-a-jesus\\\/\"},\"wordCount\":548,\"commentCount\":0,\"publisher\":{\"@id\":\"https:\\\/\\\/hijasdejesus.org\\\/en\\\/#organization\"},\"image\":{\"@id\":\"https:\\\/\\\/hijasdejesus.org\\\/en\\\/ellas-nos-llevan-a-jesus\\\/#primaryimage\"},\"thumbnailUrl\":\"https:\\\/\\\/hijasdejesus.org\\\/wp-content\\\/uploads\\\/2024\\\/05\\\/Portada-web-2-2.jpg\",\"keywords\":[\"31 mayo\",\"Saint Candida\"],\"articleSection\":[\"Hijas de Jes\u00fas\",\"News\"],\"inLanguage\":\"en-US\",\"potentialAction\":[{\"@type\":\"CommentAction\",\"name\":\"Comment\",\"target\":[\"https:\\\/\\\/hijasdejesus.org\\\/en\\\/ellas-nos-llevan-a-jesus\\\/#respond\"]}]},{\"@type\":\"WebPage\",\"@id\":\"https:\\\/\\\/hijasdejesus.org\\\/en\\\/ellas-nos-llevan-a-jesus\\\/\",\"url\":\"https:\\\/\\\/hijasdejesus.org\\\/en\\\/ellas-nos-llevan-a-jesus\\\/\",\"name\":\"Ellas nos llevan a Jes\u00fas - 31 de mayo - Hijas de Jes\u00fas\",\"isPartOf\":{\"@id\":\"https:\\\/\\\/hijasdejesus.org\\\/en\\\/#website\"},\"primaryImageOfPage\":{\"@id\":\"https:\\\/\\\/hijasdejesus.org\\\/en\\\/ellas-nos-llevan-a-jesus\\\/#primaryimage\"},\"image\":{\"@id\":\"https:\\\/\\\/hijasdejesus.org\\\/en\\\/ellas-nos-llevan-a-jesus\\\/#primaryimage\"},\"thumbnailUrl\":\"https:\\\/\\\/hijasdejesus.org\\\/wp-content\\\/uploads\\\/2024\\\/05\\\/Portada-web-2-2.jpg\",\"datePublished\":\"2024-05-30T08:49:00+00:00\",\"dateModified\":\"2024-06-17T13:00:14+00:00\",\"breadcrumb\":{\"@id\":\"https:\\\/\\\/hijasdejesus.org\\\/en\\\/ellas-nos-llevan-a-jesus\\\/#breadcrumb\"},\"inLanguage\":\"en-US\",\"potentialAction\":[{\"@type\":\"ReadAction\",\"target\":[\"https:\\\/\\\/hijasdejesus.org\\\/en\\\/ellas-nos-llevan-a-jesus\\\/\"]}]},{\"@type\":\"ImageObject\",\"inLanguage\":\"en-US\",\"@id\":\"https:\\\/\\\/hijasdejesus.org\\\/en\\\/ellas-nos-llevan-a-jesus\\\/#primaryimage\",\"url\":\"https:\\\/\\\/hijasdejesus.org\\\/wp-content\\\/uploads\\\/2024\\\/05\\\/Portada-web-2-2.jpg\",\"contentUrl\":\"https:\\\/\\\/hijasdejesus.org\\\/wp-content\\\/uploads\\\/2024\\\/05\\\/Portada-web-2-2.jpg\",\"width\":1748,\"height\":1240},{\"@type\":\"BreadcrumbList\",\"@id\":\"https:\\\/\\\/hijasdejesus.org\\\/en\\\/ellas-nos-llevan-a-jesus\\\/#breadcrumb\",\"itemListElement\":[{\"@type\":\"ListItem\",\"position\":1,\"name\":\"Portada\",\"item\":\"https:\\\/\\\/hijasdejesus.org\\\/en\\\/\"},{\"@type\":\"ListItem\",\"position\":2,\"name\":\"Ellas nos llevan a Jes\u00fas &#8211; 31 de mayo\"}]},{\"@type\":\"WebSite\",\"@id\":\"https:\\\/\\\/hijasdejesus.org\\\/en\\\/#website\",\"url\":\"https:\\\/\\\/hijasdejesus.org\\\/en\\\/\",\"name\":\"Hijas de Jes\u00fas\",\"description\":\"Despertamos a Jes\u00fas en el coraz\u00f3n, sacando lo mejor de las personas. Somos una congregaci\u00f3n religiosa ignaciana fundada por la Madre Candida\",\"publisher\":{\"@id\":\"https:\\\/\\\/hijasdejesus.org\\\/en\\\/#organization\"},\"potentialAction\":[{\"@type\":\"SearchAction\",\"target\":{\"@type\":\"EntryPoint\",\"urlTemplate\":\"https:\\\/\\\/hijasdejesus.org\\\/en\\\/?s={search_term_string}\"},\"query-input\":{\"@type\":\"PropertyValueSpecification\",\"valueRequired\":true,\"valueName\":\"search_term_string\"}}],\"inLanguage\":\"en-US\"},{\"@type\":\"Organization\",\"@id\":\"https:\\\/\\\/hijasdejesus.org\\\/en\\\/#organization\",\"name\":\"Hijas de Jes\u00fas\",\"url\":\"https:\\\/\\\/hijasdejesus.org\\\/en\\\/\",\"logo\":{\"@type\":\"ImageObject\",\"inLanguage\":\"en-US\",\"@id\":\"https:\\\/\\\/hijasdejesus.org\\\/en\\\/#\\\/schema\\\/logo\\\/image\\\/\",\"url\":\"https:\\\/\\\/hijasdejesus.org\\\/wp-content\\\/uploads\\\/2023\\\/01\\\/Hijas-de-Jesus_hor-A7C957.png\",\"contentUrl\":\"https:\\\/\\\/hijasdejesus.org\\\/wp-content\\\/uploads\\\/2023\\\/01\\\/Hijas-de-Jesus_hor-A7C957.png\",\"width\":700,\"height\":360,\"caption\":\"Hijas de Jes\u00fas\"},\"image\":{\"@id\":\"https:\\\/\\\/hijasdejesus.org\\\/en\\\/#\\\/schema\\\/logo\\\/image\\\/\"},\"sameAs\":[\"https:\\\/\\\/www.facebook.com\\\/hijasdejesusenelmundo\\\/\",\"https:\\\/\\\/x.com\\\/hijasdjesus\"]},{\"@type\":\"Person\",\"@id\":\"https:\\\/\\\/hijasdejesus.org\\\/en\\\/#\\\/schema\\\/person\\\/fe794e79d9d612a993451d2d887ad731\",\"name\":\"Maria Jose\",\"image\":{\"@type\":\"ImageObject\",\"inLanguage\":\"en-US\",\"@id\":\"https:\\\/\\\/secure.gravatar.com\\\/avatar\\\/e4747d4a34da9de60dbc74416afcd5b48db8bf40dc7c1d42c329ff225b10b863?s=96&d=mm&r=g\",\"url\":\"https:\\\/\\\/secure.gravatar.com\\\/avatar\\\/e4747d4a34da9de60dbc74416afcd5b48db8bf40dc7c1d42c329ff225b10b863?s=96&d=mm&r=g\",\"contentUrl\":\"https:\\\/\\\/secure.gravatar.com\\\/avatar\\\/e4747d4a34da9de60dbc74416afcd5b48db8bf40dc7c1d42c329ff225b10b863?s=96&d=mm&r=g\",\"caption\":\"Maria Jose\"},\"url\":\"https:\\\/\\\/hijasdejesus.org\\\/en\\\/author\\\/mariajose\\\/\"}]}<\/script>\n<!-- \/ Yoast SEO plugin. -->","yoast_head_json":{"title":"Ellas nos llevan a Jes\u00fas - 31 de mayo - Hijas de Jes\u00fas","robots":{"index":"index","follow":"follow","max-snippet":"max-snippet:-1","max-image-preview":"max-image-preview:large","max-video-preview":"max-video-preview:-1"},"canonical":"https:\/\/hijasdejesus.org\/en\/ellas-nos-llevan-a-jesus\/","og_locale":"en_US","og_type":"article","og_title":"Ellas nos llevan a Jes\u00fas - 31 de mayo - Hijas de Jes\u00fas","og_description":"Cuando Juana Josefa naci\u00f3, el 31 de mayo era la fiesta de la Virgen del Amor Hermoso. Hoy, cuando recordamos agradecidos su nacimiento y la Iglesia ha reconocido su santidad, celebramos la Visitaci\u00f3n de Mar\u00eda a su prima Isabel. La vida de la Madre C\u00e1ndida ha ido siempre de la mano de Mar\u00eda, nuestra Madre [&hellip;]","og_url":"https:\/\/hijasdejesus.org\/en\/ellas-nos-llevan-a-jesus\/","og_site_name":"Hijas de Jes\u00fas","article_publisher":"https:\/\/www.facebook.com\/hijasdejesusenelmundo\/","article_published_time":"2024-05-30T08:49:00+00:00","article_modified_time":"2024-06-17T13:00:14+00:00","og_image":[{"width":1748,"height":1240,"url":"https:\/\/hijasdejesus.org\/wp-content\/uploads\/2024\/05\/Portada-web-2-2.jpg","type":"image\/jpeg"}],"author":"Maria Jose","twitter_card":"summary_large_image","twitter_creator":"@hijasdjesus","twitter_site":"@hijasdjesus","twitter_misc":{"Written by":"Maria Jose","Est. reading time":"3 minutes"},"schema":{"@context":"https:\/\/schema.org","@graph":[{"@type":"Article","@id":"https:\/\/hijasdejesus.org\/en\/ellas-nos-llevan-a-jesus\/#article","isPartOf":{"@id":"https:\/\/hijasdejesus.org\/en\/ellas-nos-llevan-a-jesus\/"},"author":{"name":"Maria Jose","@id":"https:\/\/hijasdejesus.org\/en\/#\/schema\/person\/fe794e79d9d612a993451d2d887ad731"},"headline":"Ellas nos llevan a Jes\u00fas &#8211; 31 de mayo","datePublished":"2024-05-30T08:49:00+00:00","dateModified":"2024-06-17T13:00:14+00:00","mainEntityOfPage":{"@id":"https:\/\/hijasdejesus.org\/en\/ellas-nos-llevan-a-jesus\/"},"wordCount":548,"commentCount":0,"publisher":{"@id":"https:\/\/hijasdejesus.org\/en\/#organization"},"image":{"@id":"https:\/\/hijasdejesus.org\/en\/ellas-nos-llevan-a-jesus\/#primaryimage"},"thumbnailUrl":"https:\/\/hijasdejesus.org\/wp-content\/uploads\/2024\/05\/Portada-web-2-2.jpg","keywords":["31 mayo","Saint Candida"],"articleSection":["Hijas de Jes\u00fas","News"],"inLanguage":"en-US","potentialAction":[{"@type":"CommentAction","name":"Comment","target":["https:\/\/hijasdejesus.org\/en\/ellas-nos-llevan-a-jesus\/#respond"]}]},{"@type":"WebPage","@id":"https:\/\/hijasdejesus.org\/en\/ellas-nos-llevan-a-jesus\/","url":"https:\/\/hijasdejesus.org\/en\/ellas-nos-llevan-a-jesus\/","name":"Ellas nos llevan a Jes\u00fas - 31 de mayo - Hijas de Jes\u00fas","isPartOf":{"@id":"https:\/\/hijasdejesus.org\/en\/#website"},"primaryImageOfPage":{"@id":"https:\/\/hijasdejesus.org\/en\/ellas-nos-llevan-a-jesus\/#primaryimage"},"image":{"@id":"https:\/\/hijasdejesus.org\/en\/ellas-nos-llevan-a-jesus\/#primaryimage"},"thumbnailUrl":"https:\/\/hijasdejesus.org\/wp-content\/uploads\/2024\/05\/Portada-web-2-2.jpg","datePublished":"2024-05-30T08:49:00+00:00","dateModified":"2024-06-17T13:00:14+00:00","breadcrumb":{"@id":"https:\/\/hijasdejesus.org\/en\/ellas-nos-llevan-a-jesus\/#breadcrumb"},"inLanguage":"en-US","potentialAction":[{"@type":"ReadAction","target":["https:\/\/hijasdejesus.org\/en\/ellas-nos-llevan-a-jesus\/"]}]},{"@type":"ImageObject","inLanguage":"en-US","@id":"https:\/\/hijasdejesus.org\/en\/ellas-nos-llevan-a-jesus\/#primaryimage","url":"https:\/\/hijasdejesus.org\/wp-content\/uploads\/2024\/05\/Portada-web-2-2.jpg","contentUrl":"https:\/\/hijasdejesus.org\/wp-content\/uploads\/2024\/05\/Portada-web-2-2.jpg","width":1748,"height":1240},{"@type":"BreadcrumbList","@id":"https:\/\/hijasdejesus.org\/en\/ellas-nos-llevan-a-jesus\/#breadcrumb","itemListElement":[{"@type":"ListItem","position":1,"name":"Portada","item":"https:\/\/hijasdejesus.org\/en\/"},{"@type":"ListItem","position":2,"name":"Ellas nos llevan a Jes\u00fas &#8211; 31 de mayo"}]},{"@type":"WebSite","@id":"https:\/\/hijasdejesus.org\/en\/#website","url":"https:\/\/hijasdejesus.org\/en\/","name":"Hijas de Jes\u00fas","description":"Despertamos a Jes\u00fas en el coraz\u00f3n, sacando lo mejor de las personas. Somos una congregaci\u00f3n religiosa ignaciana fundada por la Madre Candida","publisher":{"@id":"https:\/\/hijasdejesus.org\/en\/#organization"},"potentialAction":[{"@type":"SearchAction","target":{"@type":"EntryPoint","urlTemplate":"https:\/\/hijasdejesus.org\/en\/?s={search_term_string}"},"query-input":{"@type":"PropertyValueSpecification","valueRequired":true,"valueName":"search_term_string"}}],"inLanguage":"en-US"},{"@type":"Organization","@id":"https:\/\/hijasdejesus.org\/en\/#organization","name":"Hijas de Jes\u00fas","url":"https:\/\/hijasdejesus.org\/en\/","logo":{"@type":"ImageObject","inLanguage":"en-US","@id":"https:\/\/hijasdejesus.org\/en\/#\/schema\/logo\/image\/","url":"https:\/\/hijasdejesus.org\/wp-content\/uploads\/2023\/01\/Hijas-de-Jesus_hor-A7C957.png","contentUrl":"https:\/\/hijasdejesus.org\/wp-content\/uploads\/2023\/01\/Hijas-de-Jesus_hor-A7C957.png","width":700,"height":360,"caption":"Hijas de Jes\u00fas"},"image":{"@id":"https:\/\/hijasdejesus.org\/en\/#\/schema\/logo\/image\/"},"sameAs":["https:\/\/www.facebook.com\/hijasdejesusenelmundo\/","https:\/\/x.com\/hijasdjesus"]},{"@type":"Person","@id":"https:\/\/hijasdejesus.org\/en\/#\/schema\/person\/fe794e79d9d612a993451d2d887ad731","name":"Maria Jose","image":{"@type":"ImageObject","inLanguage":"en-US","@id":"https:\/\/secure.gravatar.com\/avatar\/e4747d4a34da9de60dbc74416afcd5b48db8bf40dc7c1d42c329ff225b10b863?s=96&d=mm&r=g","url":"https:\/\/secure.gravatar.com\/avatar\/e4747d4a34da9de60dbc74416afcd5b48db8bf40dc7c1d42c329ff225b10b863?s=96&d=mm&r=g","contentUrl":"https:\/\/secure.gravatar.com\/avatar\/e4747d4a34da9de60dbc74416afcd5b48db8bf40dc7c1d42c329ff225b10b863?s=96&d=mm&r=g","caption":"Maria Jose"},"url":"https:\/\/hijasdejesus.org\/en\/author\/mariajose\/"}]}},"_links":{"self":[{"href":"https:\/\/hijasdejesus.org\/en\/wp-json\/wp\/v2\/posts\/39485","targetHints":{"allow":["GET"]}}],"collection":[{"href":"https:\/\/hijasdejesus.org\/en\/wp-json\/wp\/v2\/posts"}],"about":[{"href":"https:\/\/hijasdejesus.org\/en\/wp-json\/wp\/v2\/types\/post"}],"author":[{"embeddable":true,"href":"https:\/\/hijasdejesus.org\/en\/wp-json\/wp\/v2\/users\/7"}],"replies":[{"embeddable":true,"href":"https:\/\/hijasdejesus.org\/en\/wp-json\/wp\/v2\/comments?post=39485"}],"version-history":[{"count":3,"href":"https:\/\/hijasdejesus.org\/en\/wp-json\/wp\/v2\/posts\/39485\/revisions"}],"predecessor-version":[{"id":39543,"href":"https:\/\/hijasdejesus.org\/en\/wp-json\/wp\/v2\/posts\/39485\/revisions\/39543"}],"wp:featuredmedia":[{"embeddable":true,"href":"https:\/\/hijasdejesus.org\/en\/wp-json\/wp\/v2\/media\/39481"}],"wp:attachment":[{"href":"https:\/\/hijasdejesus.org\/en\/wp-json\/wp\/v2\/media?parent=39485"}],"wp:term":[{"taxonomy":"category","embeddable":true,"href":"https:\/\/hijasdejesus.org\/en\/wp-json\/wp\/v2\/categories?post=39485"},{"taxonomy":"post_tag","embeddable":true,"href":"https:\/\/hijasdejesus.org\/en\/wp-json\/wp\/v2\/tags?post=39485"}],"curies":[{"name":"wp","href":"https:\/\/api.w.org\/{rel}","templated":true}]}}