{"id":39604,"date":"2024-06-03T11:41:16","date_gmt":"2024-06-03T09:41:16","guid":{"rendered":"https:\/\/hijasdejesus.org\/provincial-congregation-of-the-indian-pacific-congregation-convened\/"},"modified":"2024-11-18T15:22:29","modified_gmt":"2024-11-18T14:22:29","slug":"provincial-congregation-of-the-indian-pacific-congregation-convened","status":"publish","type":"post","link":"https:\/\/hijasdejesus.org\/en\/provincial-congregation-of-the-indian-pacific-congregation-convened\/","title":{"rendered":"Provincial Congregation of the Indian-Pacific Congregation convened"},"content":{"rendered":"\n<p>On May 31, with joy in her heart, the<strong> Provincial Superior, <em>Emelinda Correa Falsis,<\/em> convoked the Provincial Congregation (PC) of the Indian-Pacific Province<\/strong>, which will be held, with the grace of God, in <strong>Manresa Retreat House, Quezon City, from December 18-27, 2024 <\/strong>. As this is a very important event, the COP will be <strong>preceded by two days of activities,<\/strong> prayer and member orientations on <strong>December 16-17, 2024 <\/strong>. The first session will begin on December 18, 2024.<\/p>\n\n<blockquote class=\"wp-block-quote is-layout-flow wp-block-quote-is-layout-flow\">\n<p>Since there are twelve sisters who are members of the PC by right, I have decided, after listening to the opinion of my councilors, that our sisters will elect twenty-three sisters from the five countries (Bangladesh, Indonesia, Japan, Philippines, Thailand) of the Indian-Pacific Province as members to the Provincial Congregation. Thus, the total number of members of the Provincial Congregation will be thirty-five.<\/p>\n<\/blockquote>\n\n<p><strong><em>Emelinda<\/em><\/strong><strong> will meet with the Council and the local Superioresses for a common orientation <\/strong>of the work materials on <strong>June 30 to July 1, 2024<\/strong> at Manresa Retreat House, Quezon City. The Local Superiors, in turn, will orient all the sisters in their respective communities, draw up a calendar of the work to be done and begin the dynamics of work with them.<\/p>\n\n<p>He ends the letter with these words from our Constitutions No. 136:<\/p>\n\n<div style=\"height:20px\" aria-hidden=\"true\" class=\"wp-block-spacer\"><\/div>\n\n<blockquote class=\"wp-block-quote is-layout-flow wp-block-quote-is-layout-flow\">\n<p>&#8220;Faithful to this vocation received in the Church, and according to the grace with which the Holy Spirit will help them, they must keep God as their Father before their eyes. They will place themselves in his hands with complete trust&#8230; they will always be ready to do his will in everything, finding joy in it&#8230;&#8221;<\/p>\n<\/blockquote>\n","protected":false},"excerpt":{"rendered":"<p>On May 31, with joy in her heart, the Provincial Superior, Emelinda Correa Falsis, convoked the Provincial Congregation (PC) of the Indian-Pacific Province, which will be held, with the grace of God, in Manresa Retreat House, Quezon City, from December 18-27, 2024 . As this is a very important event, the COP will be preceded [&hellip;]<\/p>\n","protected":false},"author":2,"featured_media":39600,"comment_status":"closed","ping_status":"closed","sticky":false,"template":"","format":"standard","meta":{"_et_pb_use_builder":"off","_et_pb_old_content":"","_et_gb_content_width":"","footnotes":"","_links_to":"","_links_to_target":""},"categories":[500,1259,554,981,52,412,524,546],"tags":[1001],"class_list":["post-39604","post","type-post","status-publish","format-standard","has-post-thumbnail","hentry","category-bangladesh-en","category-cg-xix-en","category-indico-pacific","category-indonesia-en","category-japan","category-news","category-philippines","category-thailand","tag-gc-xix-en"],"yoast_head":"<!-- This site is optimized with the Yoast SEO plugin v27.4 - https:\/\/yoast.com\/product\/yoast-seo-wordpress\/ -->\n<title>Provincial Congregation of the Indian-Pacific Congregation convened - Hijas de Jes\u00fas<\/title>\n<meta name=\"robots\" content=\"index, follow, max-snippet:-1, max-image-preview:large, max-video-preview:-1\" \/>\n<link rel=\"canonical\" href=\"https:\/\/hijasdejesus.org\/en\/provincial-congregation-of-the-indian-pacific-congregation-convened\/\" \/>\n<meta property=\"og:locale\" content=\"en_US\" \/>\n<meta property=\"og:type\" content=\"article\" \/>\n<meta property=\"og:title\" content=\"Provincial Congregation of the Indian-Pacific Congregation convened - Hijas de Jes\u00fas\" \/>\n<meta property=\"og:description\" content=\"On May 31, with joy in her heart, the Provincial Superior, Emelinda Correa Falsis, convoked the Provincial Congregation (PC) of the Indian-Pacific Province, which will be held, with the grace of God, in Manresa Retreat House, Quezon City, from December 18-27, 2024 . As this is a very important event, the COP will be preceded [&hellip;]\" \/>\n<meta property=\"og:url\" content=\"https:\/\/hijasdejesus.org\/en\/provincial-congregation-of-the-indian-pacific-congregation-convened\/\" \/>\n<meta property=\"og:site_name\" content=\"Hijas de Jes\u00fas\" \/>\n<meta property=\"article:publisher\" content=\"https:\/\/www.facebook.com\/hijasdejesusenelmundo\/\" \/>\n<meta property=\"article:published_time\" content=\"2024-06-03T09:41:16+00:00\" \/>\n<meta property=\"article:modified_time\" content=\"2024-11-18T14:22:29+00:00\" \/>\n<meta property=\"og:image\" content=\"https:\/\/hijasdejesus.org\/wp-content\/uploads\/2024\/06\/logo-HdeJ-CGXIX_ENG-scaled.jpg\" \/>\n\t<meta property=\"og:image:width\" content=\"2560\" \/>\n\t<meta property=\"og:image:height\" content=\"1810\" \/>\n\t<meta property=\"og:image:type\" content=\"image\/jpeg\" \/>\n<meta name=\"author\" content=\"Beatriz Concejo\" \/>\n<meta name=\"twitter:card\" content=\"summary_large_image\" \/>\n<meta name=\"twitter:creator\" content=\"@hijasdjesus\" \/>\n<meta name=\"twitter:site\" content=\"@hijasdjesus\" \/>\n<meta name=\"twitter:label1\" content=\"Written by\" \/>\n\t<meta name=\"twitter:data1\" content=\"Beatriz Concejo\" \/>\n\t<meta name=\"twitter:label2\" content=\"Est. reading time\" \/>\n\t<meta name=\"twitter:data2\" content=\"1 minute\" \/>\n<script type=\"application\/ld+json\" class=\"yoast-schema-graph\">{\"@context\":\"https:\\\/\\\/schema.org\",\"@graph\":[{\"@type\":\"Article\",\"@id\":\"https:\\\/\\\/hijasdejesus.org\\\/en\\\/provincial-congregation-of-the-indian-pacific-congregation-convened\\\/#article\",\"isPartOf\":{\"@id\":\"https:\\\/\\\/hijasdejesus.org\\\/en\\\/provincial-congregation-of-the-indian-pacific-congregation-convened\\\/\"},\"author\":{\"name\":\"Beatriz Concejo\",\"@id\":\"https:\\\/\\\/hijasdejesus.org\\\/en\\\/#\\\/schema\\\/person\\\/a89333d7c811935bc234f49793356474\"},\"headline\":\"Provincial Congregation of the Indian-Pacific Congregation convened\",\"datePublished\":\"2024-06-03T09:41:16+00:00\",\"dateModified\":\"2024-11-18T14:22:29+00:00\",\"mainEntityOfPage\":{\"@id\":\"https:\\\/\\\/hijasdejesus.org\\\/en\\\/provincial-congregation-of-the-indian-pacific-congregation-convened\\\/\"},\"wordCount\":268,\"publisher\":{\"@id\":\"https:\\\/\\\/hijasdejesus.org\\\/en\\\/#organization\"},\"image\":{\"@id\":\"https:\\\/\\\/hijasdejesus.org\\\/en\\\/provincial-congregation-of-the-indian-pacific-congregation-convened\\\/#primaryimage\"},\"thumbnailUrl\":\"https:\\\/\\\/hijasdejesus.org\\\/wp-content\\\/uploads\\\/2024\\\/06\\\/logo-HdeJ-CGXIX_ENG-scaled.jpg\",\"keywords\":[\"GC XIX\"],\"articleSection\":[\"Bangladesh\",\"CG XIX\",\"Indico-Pacific\",\"Indonesia\",\"Japan\",\"News\",\"Philippines\",\"Thailand\"],\"inLanguage\":\"en-US\"},{\"@type\":\"WebPage\",\"@id\":\"https:\\\/\\\/hijasdejesus.org\\\/en\\\/provincial-congregation-of-the-indian-pacific-congregation-convened\\\/\",\"url\":\"https:\\\/\\\/hijasdejesus.org\\\/en\\\/provincial-congregation-of-the-indian-pacific-congregation-convened\\\/\",\"name\":\"Provincial Congregation of the Indian-Pacific Congregation convened - Hijas de Jes\u00fas\",\"isPartOf\":{\"@id\":\"https:\\\/\\\/hijasdejesus.org\\\/en\\\/#website\"},\"primaryImageOfPage\":{\"@id\":\"https:\\\/\\\/hijasdejesus.org\\\/en\\\/provincial-congregation-of-the-indian-pacific-congregation-convened\\\/#primaryimage\"},\"image\":{\"@id\":\"https:\\\/\\\/hijasdejesus.org\\\/en\\\/provincial-congregation-of-the-indian-pacific-congregation-convened\\\/#primaryimage\"},\"thumbnailUrl\":\"https:\\\/\\\/hijasdejesus.org\\\/wp-content\\\/uploads\\\/2024\\\/06\\\/logo-HdeJ-CGXIX_ENG-scaled.jpg\",\"datePublished\":\"2024-06-03T09:41:16+00:00\",\"dateModified\":\"2024-11-18T14:22:29+00:00\",\"breadcrumb\":{\"@id\":\"https:\\\/\\\/hijasdejesus.org\\\/en\\\/provincial-congregation-of-the-indian-pacific-congregation-convened\\\/#breadcrumb\"},\"inLanguage\":\"en-US\",\"potentialAction\":[{\"@type\":\"ReadAction\",\"target\":[\"https:\\\/\\\/hijasdejesus.org\\\/en\\\/provincial-congregation-of-the-indian-pacific-congregation-convened\\\/\"]}]},{\"@type\":\"ImageObject\",\"inLanguage\":\"en-US\",\"@id\":\"https:\\\/\\\/hijasdejesus.org\\\/en\\\/provincial-congregation-of-the-indian-pacific-congregation-convened\\\/#primaryimage\",\"url\":\"https:\\\/\\\/hijasdejesus.org\\\/wp-content\\\/uploads\\\/2024\\\/06\\\/logo-HdeJ-CGXIX_ENG-scaled.jpg\",\"contentUrl\":\"https:\\\/\\\/hijasdejesus.org\\\/wp-content\\\/uploads\\\/2024\\\/06\\\/logo-HdeJ-CGXIX_ENG-scaled.jpg\",\"width\":2560,\"height\":1810},{\"@type\":\"BreadcrumbList\",\"@id\":\"https:\\\/\\\/hijasdejesus.org\\\/en\\\/provincial-congregation-of-the-indian-pacific-congregation-convened\\\/#breadcrumb\",\"itemListElement\":[{\"@type\":\"ListItem\",\"position\":1,\"name\":\"Portada\",\"item\":\"https:\\\/\\\/hijasdejesus.org\\\/en\\\/\"},{\"@type\":\"ListItem\",\"position\":2,\"name\":\"Provincial Congregation of the Indian-Pacific Congregation convened\"}]},{\"@type\":\"WebSite\",\"@id\":\"https:\\\/\\\/hijasdejesus.org\\\/en\\\/#website\",\"url\":\"https:\\\/\\\/hijasdejesus.org\\\/en\\\/\",\"name\":\"Hijas de Jes\u00fas\",\"description\":\"Despertamos a Jes\u00fas en el coraz\u00f3n, sacando lo mejor de las personas. Somos una congregaci\u00f3n religiosa ignaciana fundada por la Madre Candida\",\"publisher\":{\"@id\":\"https:\\\/\\\/hijasdejesus.org\\\/en\\\/#organization\"},\"potentialAction\":[{\"@type\":\"SearchAction\",\"target\":{\"@type\":\"EntryPoint\",\"urlTemplate\":\"https:\\\/\\\/hijasdejesus.org\\\/en\\\/?s={search_term_string}\"},\"query-input\":{\"@type\":\"PropertyValueSpecification\",\"valueRequired\":true,\"valueName\":\"search_term_string\"}}],\"inLanguage\":\"en-US\"},{\"@type\":\"Organization\",\"@id\":\"https:\\\/\\\/hijasdejesus.org\\\/en\\\/#organization\",\"name\":\"Hijas de Jes\u00fas\",\"url\":\"https:\\\/\\\/hijasdejesus.org\\\/en\\\/\",\"logo\":{\"@type\":\"ImageObject\",\"inLanguage\":\"en-US\",\"@id\":\"https:\\\/\\\/hijasdejesus.org\\\/en\\\/#\\\/schema\\\/logo\\\/image\\\/\",\"url\":\"https:\\\/\\\/hijasdejesus.org\\\/wp-content\\\/uploads\\\/2023\\\/01\\\/Hijas-de-Jesus_hor-A7C957.png\",\"contentUrl\":\"https:\\\/\\\/hijasdejesus.org\\\/wp-content\\\/uploads\\\/2023\\\/01\\\/Hijas-de-Jesus_hor-A7C957.png\",\"width\":700,\"height\":360,\"caption\":\"Hijas de Jes\u00fas\"},\"image\":{\"@id\":\"https:\\\/\\\/hijasdejesus.org\\\/en\\\/#\\\/schema\\\/logo\\\/image\\\/\"},\"sameAs\":[\"https:\\\/\\\/www.facebook.com\\\/hijasdejesusenelmundo\\\/\",\"https:\\\/\\\/x.com\\\/hijasdjesus\"]},{\"@type\":\"Person\",\"@id\":\"https:\\\/\\\/hijasdejesus.org\\\/en\\\/#\\\/schema\\\/person\\\/a89333d7c811935bc234f49793356474\",\"name\":\"Beatriz Concejo\",\"image\":{\"@type\":\"ImageObject\",\"inLanguage\":\"en-US\",\"@id\":\"https:\\\/\\\/secure.gravatar.com\\\/avatar\\\/3075c01a99ba1b38ab876c1780b5fe86903d79b830670c26b7f45a65200e807a?s=96&d=mm&r=g\",\"url\":\"https:\\\/\\\/secure.gravatar.com\\\/avatar\\\/3075c01a99ba1b38ab876c1780b5fe86903d79b830670c26b7f45a65200e807a?s=96&d=mm&r=g\",\"contentUrl\":\"https:\\\/\\\/secure.gravatar.com\\\/avatar\\\/3075c01a99ba1b38ab876c1780b5fe86903d79b830670c26b7f45a65200e807a?s=96&d=mm&r=g\",\"caption\":\"Beatriz Concejo\"},\"url\":\"https:\\\/\\\/hijasdejesus.org\\\/en\\\/author\\\/bea\\\/\"}]}<\/script>\n<!-- \/ Yoast SEO plugin. -->","yoast_head_json":{"title":"Provincial Congregation of the Indian-Pacific Congregation convened - Hijas de Jes\u00fas","robots":{"index":"index","follow":"follow","max-snippet":"max-snippet:-1","max-image-preview":"max-image-preview:large","max-video-preview":"max-video-preview:-1"},"canonical":"https:\/\/hijasdejesus.org\/en\/provincial-congregation-of-the-indian-pacific-congregation-convened\/","og_locale":"en_US","og_type":"article","og_title":"Provincial Congregation of the Indian-Pacific Congregation convened - Hijas de Jes\u00fas","og_description":"On May 31, with joy in her heart, the Provincial Superior, Emelinda Correa Falsis, convoked the Provincial Congregation (PC) of the Indian-Pacific Province, which will be held, with the grace of God, in Manresa Retreat House, Quezon City, from December 18-27, 2024 . As this is a very important event, the COP will be preceded [&hellip;]","og_url":"https:\/\/hijasdejesus.org\/en\/provincial-congregation-of-the-indian-pacific-congregation-convened\/","og_site_name":"Hijas de Jes\u00fas","article_publisher":"https:\/\/www.facebook.com\/hijasdejesusenelmundo\/","article_published_time":"2024-06-03T09:41:16+00:00","article_modified_time":"2024-11-18T14:22:29+00:00","og_image":[{"width":2560,"height":1810,"url":"https:\/\/hijasdejesus.org\/wp-content\/uploads\/2024\/06\/logo-HdeJ-CGXIX_ENG-scaled.jpg","type":"image\/jpeg"}],"author":"Beatriz Concejo","twitter_card":"summary_large_image","twitter_creator":"@hijasdjesus","twitter_site":"@hijasdjesus","twitter_misc":{"Written by":"Beatriz Concejo","Est. reading time":"1 minute"},"schema":{"@context":"https:\/\/schema.org","@graph":[{"@type":"Article","@id":"https:\/\/hijasdejesus.org\/en\/provincial-congregation-of-the-indian-pacific-congregation-convened\/#article","isPartOf":{"@id":"https:\/\/hijasdejesus.org\/en\/provincial-congregation-of-the-indian-pacific-congregation-convened\/"},"author":{"name":"Beatriz Concejo","@id":"https:\/\/hijasdejesus.org\/en\/#\/schema\/person\/a89333d7c811935bc234f49793356474"},"headline":"Provincial Congregation of the Indian-Pacific Congregation convened","datePublished":"2024-06-03T09:41:16+00:00","dateModified":"2024-11-18T14:22:29+00:00","mainEntityOfPage":{"@id":"https:\/\/hijasdejesus.org\/en\/provincial-congregation-of-the-indian-pacific-congregation-convened\/"},"wordCount":268,"publisher":{"@id":"https:\/\/hijasdejesus.org\/en\/#organization"},"image":{"@id":"https:\/\/hijasdejesus.org\/en\/provincial-congregation-of-the-indian-pacific-congregation-convened\/#primaryimage"},"thumbnailUrl":"https:\/\/hijasdejesus.org\/wp-content\/uploads\/2024\/06\/logo-HdeJ-CGXIX_ENG-scaled.jpg","keywords":["GC XIX"],"articleSection":["Bangladesh","CG XIX","Indico-Pacific","Indonesia","Japan","News","Philippines","Thailand"],"inLanguage":"en-US"},{"@type":"WebPage","@id":"https:\/\/hijasdejesus.org\/en\/provincial-congregation-of-the-indian-pacific-congregation-convened\/","url":"https:\/\/hijasdejesus.org\/en\/provincial-congregation-of-the-indian-pacific-congregation-convened\/","name":"Provincial Congregation of the Indian-Pacific Congregation convened - Hijas de Jes\u00fas","isPartOf":{"@id":"https:\/\/hijasdejesus.org\/en\/#website"},"primaryImageOfPage":{"@id":"https:\/\/hijasdejesus.org\/en\/provincial-congregation-of-the-indian-pacific-congregation-convened\/#primaryimage"},"image":{"@id":"https:\/\/hijasdejesus.org\/en\/provincial-congregation-of-the-indian-pacific-congregation-convened\/#primaryimage"},"thumbnailUrl":"https:\/\/hijasdejesus.org\/wp-content\/uploads\/2024\/06\/logo-HdeJ-CGXIX_ENG-scaled.jpg","datePublished":"2024-06-03T09:41:16+00:00","dateModified":"2024-11-18T14:22:29+00:00","breadcrumb":{"@id":"https:\/\/hijasdejesus.org\/en\/provincial-congregation-of-the-indian-pacific-congregation-convened\/#breadcrumb"},"inLanguage":"en-US","potentialAction":[{"@type":"ReadAction","target":["https:\/\/hijasdejesus.org\/en\/provincial-congregation-of-the-indian-pacific-congregation-convened\/"]}]},{"@type":"ImageObject","inLanguage":"en-US","@id":"https:\/\/hijasdejesus.org\/en\/provincial-congregation-of-the-indian-pacific-congregation-convened\/#primaryimage","url":"https:\/\/hijasdejesus.org\/wp-content\/uploads\/2024\/06\/logo-HdeJ-CGXIX_ENG-scaled.jpg","contentUrl":"https:\/\/hijasdejesus.org\/wp-content\/uploads\/2024\/06\/logo-HdeJ-CGXIX_ENG-scaled.jpg","width":2560,"height":1810},{"@type":"BreadcrumbList","@id":"https:\/\/hijasdejesus.org\/en\/provincial-congregation-of-the-indian-pacific-congregation-convened\/#breadcrumb","itemListElement":[{"@type":"ListItem","position":1,"name":"Portada","item":"https:\/\/hijasdejesus.org\/en\/"},{"@type":"ListItem","position":2,"name":"Provincial Congregation of the Indian-Pacific Congregation convened"}]},{"@type":"WebSite","@id":"https:\/\/hijasdejesus.org\/en\/#website","url":"https:\/\/hijasdejesus.org\/en\/","name":"Hijas de Jes\u00fas","description":"Despertamos a Jes\u00fas en el coraz\u00f3n, sacando lo mejor de las personas. Somos una congregaci\u00f3n religiosa ignaciana fundada por la Madre Candida","publisher":{"@id":"https:\/\/hijasdejesus.org\/en\/#organization"},"potentialAction":[{"@type":"SearchAction","target":{"@type":"EntryPoint","urlTemplate":"https:\/\/hijasdejesus.org\/en\/?s={search_term_string}"},"query-input":{"@type":"PropertyValueSpecification","valueRequired":true,"valueName":"search_term_string"}}],"inLanguage":"en-US"},{"@type":"Organization","@id":"https:\/\/hijasdejesus.org\/en\/#organization","name":"Hijas de Jes\u00fas","url":"https:\/\/hijasdejesus.org\/en\/","logo":{"@type":"ImageObject","inLanguage":"en-US","@id":"https:\/\/hijasdejesus.org\/en\/#\/schema\/logo\/image\/","url":"https:\/\/hijasdejesus.org\/wp-content\/uploads\/2023\/01\/Hijas-de-Jesus_hor-A7C957.png","contentUrl":"https:\/\/hijasdejesus.org\/wp-content\/uploads\/2023\/01\/Hijas-de-Jesus_hor-A7C957.png","width":700,"height":360,"caption":"Hijas de Jes\u00fas"},"image":{"@id":"https:\/\/hijasdejesus.org\/en\/#\/schema\/logo\/image\/"},"sameAs":["https:\/\/www.facebook.com\/hijasdejesusenelmundo\/","https:\/\/x.com\/hijasdjesus"]},{"@type":"Person","@id":"https:\/\/hijasdejesus.org\/en\/#\/schema\/person\/a89333d7c811935bc234f49793356474","name":"Beatriz Concejo","image":{"@type":"ImageObject","inLanguage":"en-US","@id":"https:\/\/secure.gravatar.com\/avatar\/3075c01a99ba1b38ab876c1780b5fe86903d79b830670c26b7f45a65200e807a?s=96&d=mm&r=g","url":"https:\/\/secure.gravatar.com\/avatar\/3075c01a99ba1b38ab876c1780b5fe86903d79b830670c26b7f45a65200e807a?s=96&d=mm&r=g","contentUrl":"https:\/\/secure.gravatar.com\/avatar\/3075c01a99ba1b38ab876c1780b5fe86903d79b830670c26b7f45a65200e807a?s=96&d=mm&r=g","caption":"Beatriz Concejo"},"url":"https:\/\/hijasdejesus.org\/en\/author\/bea\/"}]}},"_links":{"self":[{"href":"https:\/\/hijasdejesus.org\/en\/wp-json\/wp\/v2\/posts\/39604","targetHints":{"allow":["GET"]}}],"collection":[{"href":"https:\/\/hijasdejesus.org\/en\/wp-json\/wp\/v2\/posts"}],"about":[{"href":"https:\/\/hijasdejesus.org\/en\/wp-json\/wp\/v2\/types\/post"}],"author":[{"embeddable":true,"href":"https:\/\/hijasdejesus.org\/en\/wp-json\/wp\/v2\/users\/2"}],"replies":[{"embeddable":true,"href":"https:\/\/hijasdejesus.org\/en\/wp-json\/wp\/v2\/comments?post=39604"}],"version-history":[{"count":8,"href":"https:\/\/hijasdejesus.org\/en\/wp-json\/wp\/v2\/posts\/39604\/revisions"}],"predecessor-version":[{"id":44187,"href":"https:\/\/hijasdejesus.org\/en\/wp-json\/wp\/v2\/posts\/39604\/revisions\/44187"}],"wp:featuredmedia":[{"embeddable":true,"href":"https:\/\/hijasdejesus.org\/en\/wp-json\/wp\/v2\/media\/39600"}],"wp:attachment":[{"href":"https:\/\/hijasdejesus.org\/en\/wp-json\/wp\/v2\/media?parent=39604"}],"wp:term":[{"taxonomy":"category","embeddable":true,"href":"https:\/\/hijasdejesus.org\/en\/wp-json\/wp\/v2\/categories?post=39604"},{"taxonomy":"post_tag","embeddable":true,"href":"https:\/\/hijasdejesus.org\/en\/wp-json\/wp\/v2\/tags?post=39604"}],"curies":[{"name":"wp","href":"https:\/\/api.w.org\/{rel}","templated":true}]}}