{"id":39727,"date":"2024-06-20T13:57:04","date_gmt":"2024-06-20T11:57:04","guid":{"rendered":"https:\/\/hijasdejesus.org\/canonical-visit-to-cuba\/"},"modified":"2024-07-04T13:37:34","modified_gmt":"2024-07-04T11:37:34","slug":"canonical-visit-to-cuba","status":"publish","type":"post","link":"https:\/\/hijasdejesus.org\/en\/canonical-visit-to-cuba\/","title":{"rendered":"Canonical visit to Cuba"},"content":{"rendered":"\n<p>The visit of <strong><em>Graciela Francovig<\/em>, Superior General, to Cuba<\/strong> has just ended a few days ago. Each visit has its peculiarity and this was the case with this one.<\/p>\n\n<p><strong>The only community on the island consists of four sisters.  <\/strong>They have not yet been there for a year. The four<strong> are from three different countries and only one is Cuban<\/strong>. Sometimes communication is not as easy as with any other place because of the political regime and the constant power cuts. Entering or leaving the country is complicated.<\/p>\n\n<p>If the visit of the Superior General is always awaited with joy, these circumstances made<strong> the joy of the meeting even greater <\/strong>. At the small airport of Santiago de Cuba we were held up for half an hour because they could not find our original visa (we were going as religious), which was carried by the Superior of the community and was on the other side of the door. There was some confusion between us and some Claretians who did not need a visa because they reside there.<\/p>\n\n<p>On our way to Bayamo, <strong>we passed by the Sanctuary of the Virgen de la Caridad del Cobre, Patroness of the country <\/strong>. After<strong> entrusting this visit to her, to our sisters and to all the people, <\/strong>we shared what we had &#8220;and left over&#8221;, so that we could also share with those who were in charge of the Sanctuary.<\/p>\n\n<p><strong><em>Fernando Vega<\/em>, Vicar of the Cathedral-Parish<\/strong>, came to pick us up in a parish van. Radoslaw Lydkowski (Radek), the parish priest, had prepared the meal for us, making sure that, if the sisters were traveling, it would help if they would invite us to eat at their home. The Parish Priest of Guisa was also present at the lunch. <strong>Fernando and Radek were at our disposal for whatever we needed<\/strong>, to take us to the Formation Center or to visit the Nazareth Project. This project provides training to children from five of the most disadvantaged neighborhoods.<\/p>\n\n<figure class=\"wp-block-gallery has-nested-images columns-default is-cropped wp-block-gallery-1 is-layout-flex wp-block-gallery-is-layout-flex\">\n<figure class=\"wp-block-image size-large\"><img loading=\"lazy\" decoding=\"async\" width=\"1024\" height=\"768\" data-id=\"39716\" src=\"https:\/\/hijasdejesus.org\/wp-content\/uploads\/2024\/06\/2024-VC-Cuba-5-1024x768.jpg\" alt=\"\" class=\"wp-image-39716\" srcset=\"https:\/\/hijasdejesus.org\/wp-content\/uploads\/2024\/06\/2024-VC-Cuba-5-980x735.jpg 980w, https:\/\/hijasdejesus.org\/wp-content\/uploads\/2024\/06\/2024-VC-Cuba-5-480x360.jpg 480w\" sizes=\"(min-width: 0px) and (max-width: 480px) 480px, (min-width: 481px) and (max-width: 980px) 980px, (min-width: 981px) 1024px, 100vw\" \/><\/figure>\n\n\n\n<figure class=\"wp-block-image size-large\"><img loading=\"lazy\" decoding=\"async\" width=\"1024\" height=\"768\" data-id=\"39708\" src=\"https:\/\/hijasdejesus.org\/wp-content\/uploads\/2024\/06\/2024-VC-Cuba-3-1024x768.jpg\" alt=\"\" class=\"wp-image-39708\" srcset=\"https:\/\/hijasdejesus.org\/wp-content\/uploads\/2024\/06\/2024-VC-Cuba-3-980x735.jpg 980w, https:\/\/hijasdejesus.org\/wp-content\/uploads\/2024\/06\/2024-VC-Cuba-3-480x360.jpg 480w\" sizes=\"(min-width: 0px) and (max-width: 480px) 480px, (min-width: 481px) and (max-width: 980px) 980px, (min-width: 981px) 1024px, 100vw\" \/><\/figure>\n<\/figure>\n\n<div style=\"height:26px\" aria-hidden=\"true\" class=\"wp-block-spacer\"><\/div>\n\n<p><strong>The greeting to the Laity of the Mother Candida Family turned into a meeting that was sad to end.  <\/strong>Even more so, when the young people joined in and openly spoke of their love for their own, for their land, of the need for them to remain. But simultaneously, they spoke of<strong> their desire and difficulty to leave in search of a future that they do not find possible there <\/strong>. That is why the sisters are more significant, because they leave their &#8220;outside&#8221; world, the one they long for and still need for their development and formation, in order to<strong> share faith and life with the Cubans <\/strong>. We also salute the<strong> Bishop of the Diocese,<em> D. Alvaro Julio Beyra<\/em><\/strong>, with his welcome and unconditional support.<\/p>\n\n<figure class=\"wp-block-gallery has-nested-images columns-default is-cropped wp-block-gallery-2 is-layout-flex wp-block-gallery-is-layout-flex\">\n<figure class=\"wp-block-image size-large\"><img loading=\"lazy\" decoding=\"async\" width=\"768\" height=\"1024\" data-id=\"39712\" src=\"https:\/\/hijasdejesus.org\/wp-content\/uploads\/2024\/06\/2024-VC-Cuba-4-768x1024.jpg\" alt=\"\" class=\"wp-image-39712\"\/><\/figure>\n\n\n\n<figure class=\"wp-block-image size-large\"><img loading=\"lazy\" decoding=\"async\" width=\"768\" height=\"1024\" data-id=\"39704\" src=\"https:\/\/hijasdejesus.org\/wp-content\/uploads\/2024\/06\/2024-VC-Cuba-2-768x1024.jpg\" alt=\"\" class=\"wp-image-39704\"\/><\/figure>\n<\/figure>\n\n<div style=\"height:26px\" aria-hidden=\"true\" class=\"wp-block-spacer\"><\/div>\n\n<p>All these details make us feel like a small living Church, a true community, where we share and take care of each other.  <strong>In her, we Daughters of Jesus are called to be a presence that offers hope.<\/strong><\/p>\n\n<p><strong><em>Mar\u00eda Teresa Pinto FI.<\/em><\/strong><\/p>\n","protected":false},"excerpt":{"rendered":"<p>The visit of Graciela Francovig, Superior General, to Cuba has just ended a few days ago. Each visit has its peculiarity and this was the case with this one. The only community on the island consists of four sisters. They have not yet been there for a year. The four are from three different countries [&hellip;]<\/p>\n","protected":false},"author":2,"featured_media":39722,"comment_status":"open","ping_status":"open","sticky":false,"template":"","format":"standard","meta":{"_et_pb_use_builder":"off","_et_pb_old_content":"","_et_gb_content_width":"","footnotes":"","_links_to":"","_links_to_target":""},"categories":[506,512,412],"tags":[713],"class_list":["post-39727","post","type-post","status-publish","format-standard","has-post-thumbnail","hentry","category-brazil-caribbean","category-cuba-en","category-news","tag-sin-categorizar"],"yoast_head":"<!-- This site is optimized with the Yoast SEO plugin v27.5 - https:\/\/yoast.com\/product\/yoast-seo-wordpress\/ -->\n<title>Canonical visit to Cuba - Hijas de Jes\u00fas<\/title>\n<meta name=\"robots\" content=\"index, follow, max-snippet:-1, max-image-preview:large, max-video-preview:-1\" \/>\n<link rel=\"canonical\" href=\"https:\/\/hijasdejesus.org\/en\/canonical-visit-to-cuba\/\" \/>\n<meta property=\"og:locale\" content=\"en_US\" \/>\n<meta property=\"og:type\" content=\"article\" \/>\n<meta property=\"og:title\" content=\"Canonical visit to Cuba - Hijas de Jes\u00fas\" \/>\n<meta property=\"og:description\" content=\"The visit of Graciela Francovig, Superior General, to Cuba has just ended a few days ago. Each visit has its peculiarity and this was the case with this one. The only community on the island consists of four sisters. They have not yet been there for a year. The four are from three different countries [&hellip;]\" \/>\n<meta property=\"og:url\" content=\"https:\/\/hijasdejesus.org\/en\/canonical-visit-to-cuba\/\" \/>\n<meta property=\"og:site_name\" content=\"Hijas de Jes\u00fas\" \/>\n<meta property=\"article:publisher\" content=\"https:\/\/www.facebook.com\/hijasdejesusenelmundo\/\" \/>\n<meta property=\"article:published_time\" content=\"2024-06-20T11:57:04+00:00\" \/>\n<meta property=\"article:modified_time\" content=\"2024-07-04T11:37:34+00:00\" \/>\n<meta property=\"og:image\" content=\"https:\/\/hijasdejesus.org\/wp-content\/uploads\/2024\/06\/2024-VC-Cuba-1.jpg\" \/>\n\t<meta property=\"og:image:width\" content=\"2016\" \/>\n\t<meta property=\"og:image:height\" content=\"1134\" \/>\n\t<meta property=\"og:image:type\" content=\"image\/jpeg\" \/>\n<meta name=\"author\" content=\"Beatriz Concejo\" \/>\n<meta name=\"twitter:card\" content=\"summary_large_image\" \/>\n<meta name=\"twitter:creator\" content=\"@hijasdjesus\" \/>\n<meta name=\"twitter:site\" content=\"@hijasdjesus\" \/>\n<meta name=\"twitter:label1\" content=\"Written by\" \/>\n\t<meta name=\"twitter:data1\" content=\"Beatriz Concejo\" \/>\n\t<meta name=\"twitter:label2\" content=\"Est. reading time\" \/>\n\t<meta name=\"twitter:data2\" content=\"2 minutes\" \/>\n<script type=\"application\/ld+json\" class=\"yoast-schema-graph\">{\"@context\":\"https:\\\/\\\/schema.org\",\"@graph\":[{\"@type\":\"Article\",\"@id\":\"https:\\\/\\\/hijasdejesus.org\\\/en\\\/canonical-visit-to-cuba\\\/#article\",\"isPartOf\":{\"@id\":\"https:\\\/\\\/hijasdejesus.org\\\/en\\\/canonical-visit-to-cuba\\\/\"},\"author\":{\"name\":\"Beatriz Concejo\",\"@id\":\"https:\\\/\\\/hijasdejesus.org\\\/en\\\/#\\\/schema\\\/person\\\/a89333d7c811935bc234f49793356474\"},\"headline\":\"Canonical visit to Cuba\",\"datePublished\":\"2024-06-20T11:57:04+00:00\",\"dateModified\":\"2024-07-04T11:37:34+00:00\",\"mainEntityOfPage\":{\"@id\":\"https:\\\/\\\/hijasdejesus.org\\\/en\\\/canonical-visit-to-cuba\\\/\"},\"wordCount\":503,\"commentCount\":0,\"publisher\":{\"@id\":\"https:\\\/\\\/hijasdejesus.org\\\/en\\\/#organization\"},\"image\":{\"@id\":\"https:\\\/\\\/hijasdejesus.org\\\/en\\\/canonical-visit-to-cuba\\\/#primaryimage\"},\"thumbnailUrl\":\"https:\\\/\\\/hijasdejesus.org\\\/wp-content\\\/uploads\\\/2024\\\/06\\\/2024-VC-Cuba-1.jpg\",\"keywords\":[\"Sin categorizar\"],\"articleSection\":[\"Brazil-Caribbean\",\"Cuba\",\"News\"],\"inLanguage\":\"en-US\",\"potentialAction\":[{\"@type\":\"CommentAction\",\"name\":\"Comment\",\"target\":[\"https:\\\/\\\/hijasdejesus.org\\\/en\\\/canonical-visit-to-cuba\\\/#respond\"]}]},{\"@type\":\"WebPage\",\"@id\":\"https:\\\/\\\/hijasdejesus.org\\\/en\\\/canonical-visit-to-cuba\\\/\",\"url\":\"https:\\\/\\\/hijasdejesus.org\\\/en\\\/canonical-visit-to-cuba\\\/\",\"name\":\"Canonical visit to Cuba - Hijas de Jes\u00fas\",\"isPartOf\":{\"@id\":\"https:\\\/\\\/hijasdejesus.org\\\/en\\\/#website\"},\"primaryImageOfPage\":{\"@id\":\"https:\\\/\\\/hijasdejesus.org\\\/en\\\/canonical-visit-to-cuba\\\/#primaryimage\"},\"image\":{\"@id\":\"https:\\\/\\\/hijasdejesus.org\\\/en\\\/canonical-visit-to-cuba\\\/#primaryimage\"},\"thumbnailUrl\":\"https:\\\/\\\/hijasdejesus.org\\\/wp-content\\\/uploads\\\/2024\\\/06\\\/2024-VC-Cuba-1.jpg\",\"datePublished\":\"2024-06-20T11:57:04+00:00\",\"dateModified\":\"2024-07-04T11:37:34+00:00\",\"breadcrumb\":{\"@id\":\"https:\\\/\\\/hijasdejesus.org\\\/en\\\/canonical-visit-to-cuba\\\/#breadcrumb\"},\"inLanguage\":\"en-US\",\"potentialAction\":[{\"@type\":\"ReadAction\",\"target\":[\"https:\\\/\\\/hijasdejesus.org\\\/en\\\/canonical-visit-to-cuba\\\/\"]}]},{\"@type\":\"ImageObject\",\"inLanguage\":\"en-US\",\"@id\":\"https:\\\/\\\/hijasdejesus.org\\\/en\\\/canonical-visit-to-cuba\\\/#primaryimage\",\"url\":\"https:\\\/\\\/hijasdejesus.org\\\/wp-content\\\/uploads\\\/2024\\\/06\\\/2024-VC-Cuba-1.jpg\",\"contentUrl\":\"https:\\\/\\\/hijasdejesus.org\\\/wp-content\\\/uploads\\\/2024\\\/06\\\/2024-VC-Cuba-1.jpg\",\"width\":2016,\"height\":1134},{\"@type\":\"BreadcrumbList\",\"@id\":\"https:\\\/\\\/hijasdejesus.org\\\/en\\\/canonical-visit-to-cuba\\\/#breadcrumb\",\"itemListElement\":[{\"@type\":\"ListItem\",\"position\":1,\"name\":\"Portada\",\"item\":\"https:\\\/\\\/hijasdejesus.org\\\/en\\\/\"},{\"@type\":\"ListItem\",\"position\":2,\"name\":\"Canonical visit to Cuba\"}]},{\"@type\":\"WebSite\",\"@id\":\"https:\\\/\\\/hijasdejesus.org\\\/en\\\/#website\",\"url\":\"https:\\\/\\\/hijasdejesus.org\\\/en\\\/\",\"name\":\"Hijas de Jes\u00fas\",\"description\":\"Despertamos a Jes\u00fas en el coraz\u00f3n, sacando lo mejor de las personas. Somos una congregaci\u00f3n religiosa ignaciana fundada por la Madre Candida\",\"publisher\":{\"@id\":\"https:\\\/\\\/hijasdejesus.org\\\/en\\\/#organization\"},\"potentialAction\":[{\"@type\":\"SearchAction\",\"target\":{\"@type\":\"EntryPoint\",\"urlTemplate\":\"https:\\\/\\\/hijasdejesus.org\\\/en\\\/?s={search_term_string}\"},\"query-input\":{\"@type\":\"PropertyValueSpecification\",\"valueRequired\":true,\"valueName\":\"search_term_string\"}}],\"inLanguage\":\"en-US\"},{\"@type\":\"Organization\",\"@id\":\"https:\\\/\\\/hijasdejesus.org\\\/en\\\/#organization\",\"name\":\"Hijas de Jes\u00fas\",\"url\":\"https:\\\/\\\/hijasdejesus.org\\\/en\\\/\",\"logo\":{\"@type\":\"ImageObject\",\"inLanguage\":\"en-US\",\"@id\":\"https:\\\/\\\/hijasdejesus.org\\\/en\\\/#\\\/schema\\\/logo\\\/image\\\/\",\"url\":\"https:\\\/\\\/hijasdejesus.org\\\/wp-content\\\/uploads\\\/2023\\\/01\\\/Hijas-de-Jesus_hor-A7C957.png\",\"contentUrl\":\"https:\\\/\\\/hijasdejesus.org\\\/wp-content\\\/uploads\\\/2023\\\/01\\\/Hijas-de-Jesus_hor-A7C957.png\",\"width\":700,\"height\":360,\"caption\":\"Hijas de Jes\u00fas\"},\"image\":{\"@id\":\"https:\\\/\\\/hijasdejesus.org\\\/en\\\/#\\\/schema\\\/logo\\\/image\\\/\"},\"sameAs\":[\"https:\\\/\\\/www.facebook.com\\\/hijasdejesusenelmundo\\\/\",\"https:\\\/\\\/x.com\\\/hijasdjesus\"]},{\"@type\":\"Person\",\"@id\":\"https:\\\/\\\/hijasdejesus.org\\\/en\\\/#\\\/schema\\\/person\\\/a89333d7c811935bc234f49793356474\",\"name\":\"Beatriz Concejo\",\"image\":{\"@type\":\"ImageObject\",\"inLanguage\":\"en-US\",\"@id\":\"https:\\\/\\\/secure.gravatar.com\\\/avatar\\\/3075c01a99ba1b38ab876c1780b5fe86903d79b830670c26b7f45a65200e807a?s=96&d=mm&r=g\",\"url\":\"https:\\\/\\\/secure.gravatar.com\\\/avatar\\\/3075c01a99ba1b38ab876c1780b5fe86903d79b830670c26b7f45a65200e807a?s=96&d=mm&r=g\",\"contentUrl\":\"https:\\\/\\\/secure.gravatar.com\\\/avatar\\\/3075c01a99ba1b38ab876c1780b5fe86903d79b830670c26b7f45a65200e807a?s=96&d=mm&r=g\",\"caption\":\"Beatriz Concejo\"},\"url\":\"https:\\\/\\\/hijasdejesus.org\\\/en\\\/author\\\/bea\\\/\"}]}<\/script>\n<!-- \/ Yoast SEO plugin. -->","yoast_head_json":{"title":"Canonical visit to Cuba - Hijas de Jes\u00fas","robots":{"index":"index","follow":"follow","max-snippet":"max-snippet:-1","max-image-preview":"max-image-preview:large","max-video-preview":"max-video-preview:-1"},"canonical":"https:\/\/hijasdejesus.org\/en\/canonical-visit-to-cuba\/","og_locale":"en_US","og_type":"article","og_title":"Canonical visit to Cuba - Hijas de Jes\u00fas","og_description":"The visit of Graciela Francovig, Superior General, to Cuba has just ended a few days ago. Each visit has its peculiarity and this was the case with this one. The only community on the island consists of four sisters. They have not yet been there for a year. The four are from three different countries [&hellip;]","og_url":"https:\/\/hijasdejesus.org\/en\/canonical-visit-to-cuba\/","og_site_name":"Hijas de Jes\u00fas","article_publisher":"https:\/\/www.facebook.com\/hijasdejesusenelmundo\/","article_published_time":"2024-06-20T11:57:04+00:00","article_modified_time":"2024-07-04T11:37:34+00:00","og_image":[{"width":2016,"height":1134,"url":"https:\/\/hijasdejesus.org\/wp-content\/uploads\/2024\/06\/2024-VC-Cuba-1.jpg","type":"image\/jpeg"}],"author":"Beatriz Concejo","twitter_card":"summary_large_image","twitter_creator":"@hijasdjesus","twitter_site":"@hijasdjesus","twitter_misc":{"Written by":"Beatriz Concejo","Est. reading time":"2 minutes"},"schema":{"@context":"https:\/\/schema.org","@graph":[{"@type":"Article","@id":"https:\/\/hijasdejesus.org\/en\/canonical-visit-to-cuba\/#article","isPartOf":{"@id":"https:\/\/hijasdejesus.org\/en\/canonical-visit-to-cuba\/"},"author":{"name":"Beatriz Concejo","@id":"https:\/\/hijasdejesus.org\/en\/#\/schema\/person\/a89333d7c811935bc234f49793356474"},"headline":"Canonical visit to Cuba","datePublished":"2024-06-20T11:57:04+00:00","dateModified":"2024-07-04T11:37:34+00:00","mainEntityOfPage":{"@id":"https:\/\/hijasdejesus.org\/en\/canonical-visit-to-cuba\/"},"wordCount":503,"commentCount":0,"publisher":{"@id":"https:\/\/hijasdejesus.org\/en\/#organization"},"image":{"@id":"https:\/\/hijasdejesus.org\/en\/canonical-visit-to-cuba\/#primaryimage"},"thumbnailUrl":"https:\/\/hijasdejesus.org\/wp-content\/uploads\/2024\/06\/2024-VC-Cuba-1.jpg","keywords":["Sin categorizar"],"articleSection":["Brazil-Caribbean","Cuba","News"],"inLanguage":"en-US","potentialAction":[{"@type":"CommentAction","name":"Comment","target":["https:\/\/hijasdejesus.org\/en\/canonical-visit-to-cuba\/#respond"]}]},{"@type":"WebPage","@id":"https:\/\/hijasdejesus.org\/en\/canonical-visit-to-cuba\/","url":"https:\/\/hijasdejesus.org\/en\/canonical-visit-to-cuba\/","name":"Canonical visit to Cuba - Hijas de Jes\u00fas","isPartOf":{"@id":"https:\/\/hijasdejesus.org\/en\/#website"},"primaryImageOfPage":{"@id":"https:\/\/hijasdejesus.org\/en\/canonical-visit-to-cuba\/#primaryimage"},"image":{"@id":"https:\/\/hijasdejesus.org\/en\/canonical-visit-to-cuba\/#primaryimage"},"thumbnailUrl":"https:\/\/hijasdejesus.org\/wp-content\/uploads\/2024\/06\/2024-VC-Cuba-1.jpg","datePublished":"2024-06-20T11:57:04+00:00","dateModified":"2024-07-04T11:37:34+00:00","breadcrumb":{"@id":"https:\/\/hijasdejesus.org\/en\/canonical-visit-to-cuba\/#breadcrumb"},"inLanguage":"en-US","potentialAction":[{"@type":"ReadAction","target":["https:\/\/hijasdejesus.org\/en\/canonical-visit-to-cuba\/"]}]},{"@type":"ImageObject","inLanguage":"en-US","@id":"https:\/\/hijasdejesus.org\/en\/canonical-visit-to-cuba\/#primaryimage","url":"https:\/\/hijasdejesus.org\/wp-content\/uploads\/2024\/06\/2024-VC-Cuba-1.jpg","contentUrl":"https:\/\/hijasdejesus.org\/wp-content\/uploads\/2024\/06\/2024-VC-Cuba-1.jpg","width":2016,"height":1134},{"@type":"BreadcrumbList","@id":"https:\/\/hijasdejesus.org\/en\/canonical-visit-to-cuba\/#breadcrumb","itemListElement":[{"@type":"ListItem","position":1,"name":"Portada","item":"https:\/\/hijasdejesus.org\/en\/"},{"@type":"ListItem","position":2,"name":"Canonical visit to Cuba"}]},{"@type":"WebSite","@id":"https:\/\/hijasdejesus.org\/en\/#website","url":"https:\/\/hijasdejesus.org\/en\/","name":"Hijas de Jes\u00fas","description":"Despertamos a Jes\u00fas en el coraz\u00f3n, sacando lo mejor de las personas. Somos una congregaci\u00f3n religiosa ignaciana fundada por la Madre Candida","publisher":{"@id":"https:\/\/hijasdejesus.org\/en\/#organization"},"potentialAction":[{"@type":"SearchAction","target":{"@type":"EntryPoint","urlTemplate":"https:\/\/hijasdejesus.org\/en\/?s={search_term_string}"},"query-input":{"@type":"PropertyValueSpecification","valueRequired":true,"valueName":"search_term_string"}}],"inLanguage":"en-US"},{"@type":"Organization","@id":"https:\/\/hijasdejesus.org\/en\/#organization","name":"Hijas de Jes\u00fas","url":"https:\/\/hijasdejesus.org\/en\/","logo":{"@type":"ImageObject","inLanguage":"en-US","@id":"https:\/\/hijasdejesus.org\/en\/#\/schema\/logo\/image\/","url":"https:\/\/hijasdejesus.org\/wp-content\/uploads\/2023\/01\/Hijas-de-Jesus_hor-A7C957.png","contentUrl":"https:\/\/hijasdejesus.org\/wp-content\/uploads\/2023\/01\/Hijas-de-Jesus_hor-A7C957.png","width":700,"height":360,"caption":"Hijas de Jes\u00fas"},"image":{"@id":"https:\/\/hijasdejesus.org\/en\/#\/schema\/logo\/image\/"},"sameAs":["https:\/\/www.facebook.com\/hijasdejesusenelmundo\/","https:\/\/x.com\/hijasdjesus"]},{"@type":"Person","@id":"https:\/\/hijasdejesus.org\/en\/#\/schema\/person\/a89333d7c811935bc234f49793356474","name":"Beatriz Concejo","image":{"@type":"ImageObject","inLanguage":"en-US","@id":"https:\/\/secure.gravatar.com\/avatar\/3075c01a99ba1b38ab876c1780b5fe86903d79b830670c26b7f45a65200e807a?s=96&d=mm&r=g","url":"https:\/\/secure.gravatar.com\/avatar\/3075c01a99ba1b38ab876c1780b5fe86903d79b830670c26b7f45a65200e807a?s=96&d=mm&r=g","contentUrl":"https:\/\/secure.gravatar.com\/avatar\/3075c01a99ba1b38ab876c1780b5fe86903d79b830670c26b7f45a65200e807a?s=96&d=mm&r=g","caption":"Beatriz Concejo"},"url":"https:\/\/hijasdejesus.org\/en\/author\/bea\/"}]}},"_links":{"self":[{"href":"https:\/\/hijasdejesus.org\/en\/wp-json\/wp\/v2\/posts\/39727","targetHints":{"allow":["GET"]}}],"collection":[{"href":"https:\/\/hijasdejesus.org\/en\/wp-json\/wp\/v2\/posts"}],"about":[{"href":"https:\/\/hijasdejesus.org\/en\/wp-json\/wp\/v2\/types\/post"}],"author":[{"embeddable":true,"href":"https:\/\/hijasdejesus.org\/en\/wp-json\/wp\/v2\/users\/2"}],"replies":[{"embeddable":true,"href":"https:\/\/hijasdejesus.org\/en\/wp-json\/wp\/v2\/comments?post=39727"}],"version-history":[{"count":1,"href":"https:\/\/hijasdejesus.org\/en\/wp-json\/wp\/v2\/posts\/39727\/revisions"}],"predecessor-version":[{"id":39730,"href":"https:\/\/hijasdejesus.org\/en\/wp-json\/wp\/v2\/posts\/39727\/revisions\/39730"}],"wp:featuredmedia":[{"embeddable":true,"href":"https:\/\/hijasdejesus.org\/en\/wp-json\/wp\/v2\/media\/39722"}],"wp:attachment":[{"href":"https:\/\/hijasdejesus.org\/en\/wp-json\/wp\/v2\/media?parent=39727"}],"wp:term":[{"taxonomy":"category","embeddable":true,"href":"https:\/\/hijasdejesus.org\/en\/wp-json\/wp\/v2\/categories?post=39727"},{"taxonomy":"post_tag","embeddable":true,"href":"https:\/\/hijasdejesus.org\/en\/wp-json\/wp\/v2\/tags?post=39727"}],"curies":[{"name":"wp","href":"https:\/\/api.w.org\/{rel}","templated":true}]}}