{"id":43630,"date":"2024-07-19T17:28:01","date_gmt":"2024-07-19T15:28:01","guid":{"rendered":"https:\/\/hijasdejesus.org\/meeting-in-rome-of-the-youth-ministry-team\/"},"modified":"2024-07-22T14:33:30","modified_gmt":"2024-07-22T12:33:30","slug":"meeting-in-rome-of-the-youth-ministry-team","status":"publish","type":"post","link":"https:\/\/hijasdejesus.org\/en\/meeting-in-rome-of-the-youth-ministry-team\/","title":{"rendered":"Meeting in Rome of the Pastoral Team with Young People and Formators"},"content":{"rendered":"\n<h2 class=\"wp-block-heading\"><strong>Content, with you Lord and committed. Experiences that expand the heart<\/strong><\/h2>\n\n<p class=\"has-medium-font-size\"><strong>We are pleased to meet you, the Curia house opens its doors to us<\/strong>.<\/p>\n\n<p>From July 3 to 9, in Rome, the General Government brought together the <strong>International Youth Ministry Team and the Formators &#8211; Postulants, Novice Mistresses and Junior Mistresses &#8211;<\/strong> who are in the service of accompanying those who have felt the call of the Lord and wish to become Daughters of Jesus.<\/p>\n\n<p><em>What joy we experience when we see them coming to this House, which is the house of all!&#8230;. With their presence they bring us closer to the universal Congregation&#8230;, they remind us that we belong to a Body that extends the frontiers of its own country and\/or its own province. We belong to the Congregation.<\/em> With these words, our Superior General, Graciela<strong><em> Superior General, Graciela Francovig.<\/em><\/strong><\/p>\n\n<figure class=\"wp-block-image size-large\"><img loading=\"lazy\" decoding=\"async\" width=\"1024\" height=\"768\" src=\"https:\/\/hijasdejesus.org\/wp-content\/uploads\/2024\/07\/1-1024x768.jpg\" alt=\"\" class=\"wp-image-43600\" srcset=\"https:\/\/hijasdejesus.org\/wp-content\/uploads\/2024\/07\/1-980x735.jpg 980w, https:\/\/hijasdejesus.org\/wp-content\/uploads\/2024\/07\/1-480x360.jpg 480w\" sizes=\"(min-width: 0px) and (max-width: 480px) 480px, (min-width: 481px) and (max-width: 980px) 980px, (min-width: 981px) 1024px, 100vw\" \/><\/figure>\n\n<p>The meeting that we lived had been dreamed of for a long time, and it was the circumstances of time and people that made this meeting happen together, both groups, being thus very much of God and a true gift <strong>that moves us to gratitude and hope<\/strong>.<\/p>\n\n<p>We discovered and confirmed that these <strong>fields of youth and formation are linked <\/strong>and that our present situation invites us to <strong>live them in an articulated and continuous way<\/strong>, building bridges between youth ministry, vocation ministry and formation.<\/p>\n\n<p class=\"has-medium-font-size\"><strong>With you, Lord, committed and walking together<\/strong><\/p>\n\n<p><strong>Our foundation is Jesus <\/strong>and, therefore, the experience of prayer with his Word and the Eucharist have been central in these days. It is our first help, every day, every moment, to remember that we have to let ourselves be guided by Him more than by our personal qualities. And that <strong>the mission that we carry out is not ours, it is God&#8217;s<\/strong>.<\/p>\n\n<p>From here <strong>we confirm that we are called by Jesus,<\/strong> from our smallness and fragility, to walk with young people, with the new generations of Daughters of Jesus who are already being formed and, especially, with <strong>any young person who would like to belong to this family<\/strong>.<\/p>\n\n<p>The way of working was accompanied by <strong>personal times of listening to God<\/strong>, <strong>listening to each other<\/strong>, allowing ourselves to be helped by the <strong>enlightenment of others <\/strong>who have offered us keys to continue caring for the young men and women we are accompanying in the stages of formation, who are sacred ground.<\/p>\n\n<p>There were also<strong> times of separate work in each team<\/strong>, returning to the assembly and putting in common the reflection of one group and another, giving time to the resonances generated by what was heard and, thus, enriching and helping each other, we created a way of working and a result of which we are very grateful for the commitment of each one accompanied by the grace of God.  <\/p>\n\n<p>These days have been an opportunity to reaffirm that <strong>young people today are one of our priorities <\/strong>. This certainty accompanies us, not because we have few or many vocations, but because our humanity is experiencing a profound existential crisis and we want to <strong>be close to and accompany them, especially the new generations<\/strong>.<\/p>\n\n<p>It is in this world that we live in that we consecrate our lives to the Lord and we commit ourselves to continue to bring out what is proper in each young person so that, by accompanying them integrally, they may<strong> discover and live their vocation, especially those who feel the call to be Daughters of Jesus<\/strong>.<\/p>\n\n<p class=\"has-medium-font-size\"><strong>Some grants received<\/strong><\/p>\n\n<p>&#8220;<strong>The task is not yours, it is God&#8217;s<\/strong>, He knows the instruments He chooses,&#8221; <strong>Fr. Herranz<\/strong>, a Jesuit who was key to our birth as a Congregation and whose birth we celebrated on July 5, <strong>reminded us<\/strong>.<\/p>\n\n<figure class=\"wp-block-image size-large\"><img loading=\"lazy\" decoding=\"async\" width=\"576\" height=\"1024\" src=\"https:\/\/hijasdejesus.org\/wp-content\/uploads\/2024\/07\/JOVENES_Enc.-Eq.-Int.-de-PconJ-Formadoras-Roma-Cuadro-Padre-Herranz-Ma.-Candida_Julio-2024-3-576x1024.jpg\" alt=\"\" class=\"wp-image-43617\"\/><\/figure>\n\n<p>Today, as in the beginning,  <strong>we do not go alone. God never tires of helping us  <\/strong>at every moment with what we need and <strong>continues to call us to accompany young people and their reality<\/strong>.<\/p>\n\n<p>For the illuminations of these days we asked our<strong> Jesuit confreres, <em>Alfonso Alonso Lasheras and Orlando Torres<\/em>,<\/strong> to share with us their experiences about the current reality of youth and formation. <strong> We thank<\/strong> them<strong> for their humility and passion to transmit their reflections and experiences<\/strong>. These have been the key for each team to carry out the task entrusted to them with solidity and foundation thanks to the enlightenment received.<\/p>\n\n<figure class=\"wp-block-gallery has-nested-images columns-default is-cropped wp-block-gallery-1 is-layout-flex wp-block-gallery-is-layout-flex\">\n<figure class=\"wp-block-image size-large\"><img loading=\"lazy\" decoding=\"async\" width=\"1024\" height=\"768\" data-id=\"43612\" src=\"https:\/\/hijasdejesus.org\/wp-content\/uploads\/2024\/07\/4-1024x768.jpg\" alt=\"\" class=\"wp-image-43612\" srcset=\"https:\/\/hijasdejesus.org\/wp-content\/uploads\/2024\/07\/4-980x735.jpg 980w, https:\/\/hijasdejesus.org\/wp-content\/uploads\/2024\/07\/4-480x360.jpg 480w\" sizes=\"(min-width: 0px) and (max-width: 480px) 480px, (min-width: 481px) and (max-width: 980px) 980px, (min-width: 981px) 1024px, 100vw\" \/><\/figure>\n\n\n\n<figure class=\"wp-block-image size-large\"><img loading=\"lazy\" decoding=\"async\" width=\"1024\" height=\"768\" data-id=\"43608\" src=\"https:\/\/hijasdejesus.org\/wp-content\/uploads\/2024\/07\/3-1024x768.jpg\" alt=\"\" class=\"wp-image-43608\" srcset=\"https:\/\/hijasdejesus.org\/wp-content\/uploads\/2024\/07\/3-980x735.jpg 980w, https:\/\/hijasdejesus.org\/wp-content\/uploads\/2024\/07\/3-480x360.jpg 480w\" sizes=\"(min-width: 0px) and (max-width: 480px) 480px, (min-width: 481px) and (max-width: 980px) 980px, (min-width: 981px) 1024px, 100vw\" \/><\/figure>\n<\/figure>\n\n<p class=\"has-medium-font-size\"><strong>The mission of the Daughters of Jesus needs new Daughters of Jesus<\/strong><\/p>\n\n<p>Sharing with Alfonso confirmed us that this time we live in <strong>is marked by a vocational crisis, that it exceeds the religious life and affects the essence of the person<\/strong>.<\/p>\n\n<p>The vocational question is sometimes absent and, in the worst cases, silenced. But we affirm that both the question and the answer that some of us can give by consecrating our lives to God and his plan of salvation <strong>remains a possible and desirable path<\/strong>.<\/p>\n\n<p>Our <strong>motivation in these fields of pastoral ministry and formation is still alive and current:<\/strong> Jesus continues to call young people. <strong>Our mission is to continue to collaborate<\/strong>, from the integral accompaniment, to awaken in each young person a vocational subject. And, as Orlando reminded us, <strong>God himself is the one who forms, and we are humble instruments for God&#8217;s action in young people <\/strong>. And, walking together with them, from the integral accompaniment, embracing all the dimensions of their person, we offer the question: <strong>Where is God in your experience, in your life, in your story, in what you narrate<\/strong>&#8230;?<\/p>\n\n<p>These days of fraternal life, formation, reflection and teamwork leave us<strong> happy<\/strong>, feeling the close presence of Jesus, expressing in the depths of our hearts and with conviction:<strong> we go with you, Lord<\/strong>. Confident in Him and<strong> committed<\/strong> to be light and life for the young people to whom each one is sent. The road continues, the heart moves as we say goodbye. We return to our local realities<strong> animated by a deep and heartfelt GO! <\/strong> <\/p>\n\n<figure class=\"wp-block-image size-large\"><img loading=\"lazy\" decoding=\"async\" width=\"1024\" height=\"768\" src=\"https:\/\/hijasdejesus.org\/wp-content\/uploads\/2024\/07\/2-1024x768.jpg\" alt=\"\" class=\"wp-image-43604\" srcset=\"https:\/\/hijasdejesus.org\/wp-content\/uploads\/2024\/07\/2-980x735.jpg 980w, https:\/\/hijasdejesus.org\/wp-content\/uploads\/2024\/07\/2-480x360.jpg 480w\" sizes=\"(min-width: 0px) and (max-width: 480px) 480px, (min-width: 481px) and (max-width: 980px) 980px, (min-width: 981px) 1024px, 100vw\" \/><\/figure>\n","protected":false},"excerpt":{"rendered":"<p>Content, with you Lord and committed. Experiences that expand the heart We are pleased to meet you, the Curia house opens its doors to us. From July 3 to 9, in Rome, the General Government brought together the International Youth Ministry Team and the Formators &#8211; Postulants, Novice Mistresses and Junior Mistresses &#8211; who are [&hellip;]<\/p>\n","protected":false},"author":2,"featured_media":43623,"comment_status":"closed","ping_status":"closed","sticky":false,"template":"","format":"standard","meta":{"_et_pb_use_builder":"off","_et_pb_old_content":"","_et_gb_content_width":"","footnotes":"","_links_to":"","_links_to_target":""},"categories":[526,412,536],"tags":[703],"class_list":["post-43630","post","type-post","status-publish","format-standard","has-post-thumbnail","hentry","category-general_government","category-news","category-youth","tag-formacion-inicial-en"],"yoast_head":"<!-- This site is optimized with the Yoast SEO plugin v27.5 - https:\/\/yoast.com\/product\/yoast-seo-wordpress\/ -->\n<title>Meeting in Rome of the Pastoral Team with Young People and Formators - Hijas de Jes\u00fas<\/title>\n<meta name=\"robots\" content=\"index, follow, max-snippet:-1, max-image-preview:large, max-video-preview:-1\" \/>\n<link rel=\"canonical\" href=\"https:\/\/hijasdejesus.org\/en\/meeting-in-rome-of-the-youth-ministry-team\/\" \/>\n<meta property=\"og:locale\" content=\"en_US\" \/>\n<meta property=\"og:type\" content=\"article\" \/>\n<meta property=\"og:title\" content=\"Meeting in Rome of the Pastoral Team with Young People and Formators - Hijas de Jes\u00fas\" \/>\n<meta property=\"og:description\" content=\"Content, with you Lord and committed. Experiences that expand the heart We are pleased to meet you, the Curia house opens its doors to us. From July 3 to 9, in Rome, the General Government brought together the International Youth Ministry Team and the Formators &#8211; Postulants, Novice Mistresses and Junior Mistresses &#8211; who are [&hellip;]\" \/>\n<meta property=\"og:url\" content=\"https:\/\/hijasdejesus.org\/en\/meeting-in-rome-of-the-youth-ministry-team\/\" \/>\n<meta property=\"og:site_name\" content=\"Hijas de Jes\u00fas\" \/>\n<meta property=\"article:publisher\" content=\"https:\/\/www.facebook.com\/hijasdejesusenelmundo\/\" \/>\n<meta property=\"article:published_time\" content=\"2024-07-19T15:28:01+00:00\" \/>\n<meta property=\"article:modified_time\" content=\"2024-07-22T12:33:30+00:00\" \/>\n<meta property=\"og:image\" content=\"https:\/\/hijasdejesus.org\/wp-content\/uploads\/2024\/07\/JOVENES_Enc.-Eq.-Int.-de-PconJ-Formadoras-Roma-Julio-2024-1.jpeg\" \/>\n\t<meta property=\"og:image:width\" content=\"2048\" \/>\n\t<meta property=\"og:image:height\" content=\"1532\" \/>\n\t<meta property=\"og:image:type\" content=\"image\/jpeg\" \/>\n<meta name=\"author\" content=\"Beatriz Concejo\" \/>\n<meta name=\"twitter:card\" content=\"summary_large_image\" \/>\n<meta name=\"twitter:creator\" content=\"@hijasdjesus\" \/>\n<meta name=\"twitter:site\" content=\"@hijasdjesus\" \/>\n<meta name=\"twitter:label1\" content=\"Written by\" \/>\n\t<meta name=\"twitter:data1\" content=\"Beatriz Concejo\" \/>\n\t<meta name=\"twitter:label2\" content=\"Est. reading time\" \/>\n\t<meta name=\"twitter:data2\" content=\"5 minutes\" \/>\n<script type=\"application\/ld+json\" class=\"yoast-schema-graph\">{\"@context\":\"https:\\\/\\\/schema.org\",\"@graph\":[{\"@type\":\"Article\",\"@id\":\"https:\\\/\\\/hijasdejesus.org\\\/en\\\/meeting-in-rome-of-the-youth-ministry-team\\\/#article\",\"isPartOf\":{\"@id\":\"https:\\\/\\\/hijasdejesus.org\\\/en\\\/meeting-in-rome-of-the-youth-ministry-team\\\/\"},\"author\":{\"name\":\"Beatriz Concejo\",\"@id\":\"https:\\\/\\\/hijasdejesus.org\\\/en\\\/#\\\/schema\\\/person\\\/a89333d7c811935bc234f49793356474\"},\"headline\":\"Meeting in Rome of the Pastoral Team with Young People and Formators\",\"datePublished\":\"2024-07-19T15:28:01+00:00\",\"dateModified\":\"2024-07-22T12:33:30+00:00\",\"mainEntityOfPage\":{\"@id\":\"https:\\\/\\\/hijasdejesus.org\\\/en\\\/meeting-in-rome-of-the-youth-ministry-team\\\/\"},\"wordCount\":997,\"publisher\":{\"@id\":\"https:\\\/\\\/hijasdejesus.org\\\/en\\\/#organization\"},\"image\":{\"@id\":\"https:\\\/\\\/hijasdejesus.org\\\/en\\\/meeting-in-rome-of-the-youth-ministry-team\\\/#primaryimage\"},\"thumbnailUrl\":\"https:\\\/\\\/hijasdejesus.org\\\/wp-content\\\/uploads\\\/2024\\\/07\\\/JOVENES_Enc.-Eq.-Int.-de-PconJ-Formadoras-Roma-Julio-2024-1.jpeg\",\"keywords\":[\"Formaci\u00f3n inicial\"],\"articleSection\":[\"General government\",\"News\",\"Youth\"],\"inLanguage\":\"en-US\"},{\"@type\":\"WebPage\",\"@id\":\"https:\\\/\\\/hijasdejesus.org\\\/en\\\/meeting-in-rome-of-the-youth-ministry-team\\\/\",\"url\":\"https:\\\/\\\/hijasdejesus.org\\\/en\\\/meeting-in-rome-of-the-youth-ministry-team\\\/\",\"name\":\"Meeting in Rome of the Pastoral Team with Young People and Formators - Hijas de Jes\u00fas\",\"isPartOf\":{\"@id\":\"https:\\\/\\\/hijasdejesus.org\\\/en\\\/#website\"},\"primaryImageOfPage\":{\"@id\":\"https:\\\/\\\/hijasdejesus.org\\\/en\\\/meeting-in-rome-of-the-youth-ministry-team\\\/#primaryimage\"},\"image\":{\"@id\":\"https:\\\/\\\/hijasdejesus.org\\\/en\\\/meeting-in-rome-of-the-youth-ministry-team\\\/#primaryimage\"},\"thumbnailUrl\":\"https:\\\/\\\/hijasdejesus.org\\\/wp-content\\\/uploads\\\/2024\\\/07\\\/JOVENES_Enc.-Eq.-Int.-de-PconJ-Formadoras-Roma-Julio-2024-1.jpeg\",\"datePublished\":\"2024-07-19T15:28:01+00:00\",\"dateModified\":\"2024-07-22T12:33:30+00:00\",\"breadcrumb\":{\"@id\":\"https:\\\/\\\/hijasdejesus.org\\\/en\\\/meeting-in-rome-of-the-youth-ministry-team\\\/#breadcrumb\"},\"inLanguage\":\"en-US\",\"potentialAction\":[{\"@type\":\"ReadAction\",\"target\":[\"https:\\\/\\\/hijasdejesus.org\\\/en\\\/meeting-in-rome-of-the-youth-ministry-team\\\/\"]}]},{\"@type\":\"ImageObject\",\"inLanguage\":\"en-US\",\"@id\":\"https:\\\/\\\/hijasdejesus.org\\\/en\\\/meeting-in-rome-of-the-youth-ministry-team\\\/#primaryimage\",\"url\":\"https:\\\/\\\/hijasdejesus.org\\\/wp-content\\\/uploads\\\/2024\\\/07\\\/JOVENES_Enc.-Eq.-Int.-de-PconJ-Formadoras-Roma-Julio-2024-1.jpeg\",\"contentUrl\":\"https:\\\/\\\/hijasdejesus.org\\\/wp-content\\\/uploads\\\/2024\\\/07\\\/JOVENES_Enc.-Eq.-Int.-de-PconJ-Formadoras-Roma-Julio-2024-1.jpeg\",\"width\":2048,\"height\":1532},{\"@type\":\"BreadcrumbList\",\"@id\":\"https:\\\/\\\/hijasdejesus.org\\\/en\\\/meeting-in-rome-of-the-youth-ministry-team\\\/#breadcrumb\",\"itemListElement\":[{\"@type\":\"ListItem\",\"position\":1,\"name\":\"Portada\",\"item\":\"https:\\\/\\\/hijasdejesus.org\\\/en\\\/\"},{\"@type\":\"ListItem\",\"position\":2,\"name\":\"Meeting in Rome of the Pastoral Team with Young People and Formators\"}]},{\"@type\":\"WebSite\",\"@id\":\"https:\\\/\\\/hijasdejesus.org\\\/en\\\/#website\",\"url\":\"https:\\\/\\\/hijasdejesus.org\\\/en\\\/\",\"name\":\"Hijas de Jes\u00fas\",\"description\":\"Despertamos a Jes\u00fas en el coraz\u00f3n, sacando lo mejor de las personas. Somos una congregaci\u00f3n religiosa ignaciana fundada por la Madre Candida\",\"publisher\":{\"@id\":\"https:\\\/\\\/hijasdejesus.org\\\/en\\\/#organization\"},\"potentialAction\":[{\"@type\":\"SearchAction\",\"target\":{\"@type\":\"EntryPoint\",\"urlTemplate\":\"https:\\\/\\\/hijasdejesus.org\\\/en\\\/?s={search_term_string}\"},\"query-input\":{\"@type\":\"PropertyValueSpecification\",\"valueRequired\":true,\"valueName\":\"search_term_string\"}}],\"inLanguage\":\"en-US\"},{\"@type\":\"Organization\",\"@id\":\"https:\\\/\\\/hijasdejesus.org\\\/en\\\/#organization\",\"name\":\"Hijas de Jes\u00fas\",\"url\":\"https:\\\/\\\/hijasdejesus.org\\\/en\\\/\",\"logo\":{\"@type\":\"ImageObject\",\"inLanguage\":\"en-US\",\"@id\":\"https:\\\/\\\/hijasdejesus.org\\\/en\\\/#\\\/schema\\\/logo\\\/image\\\/\",\"url\":\"https:\\\/\\\/hijasdejesus.org\\\/wp-content\\\/uploads\\\/2023\\\/01\\\/Hijas-de-Jesus_hor-A7C957.png\",\"contentUrl\":\"https:\\\/\\\/hijasdejesus.org\\\/wp-content\\\/uploads\\\/2023\\\/01\\\/Hijas-de-Jesus_hor-A7C957.png\",\"width\":700,\"height\":360,\"caption\":\"Hijas de Jes\u00fas\"},\"image\":{\"@id\":\"https:\\\/\\\/hijasdejesus.org\\\/en\\\/#\\\/schema\\\/logo\\\/image\\\/\"},\"sameAs\":[\"https:\\\/\\\/www.facebook.com\\\/hijasdejesusenelmundo\\\/\",\"https:\\\/\\\/x.com\\\/hijasdjesus\"]},{\"@type\":\"Person\",\"@id\":\"https:\\\/\\\/hijasdejesus.org\\\/en\\\/#\\\/schema\\\/person\\\/a89333d7c811935bc234f49793356474\",\"name\":\"Beatriz Concejo\",\"image\":{\"@type\":\"ImageObject\",\"inLanguage\":\"en-US\",\"@id\":\"https:\\\/\\\/secure.gravatar.com\\\/avatar\\\/3075c01a99ba1b38ab876c1780b5fe86903d79b830670c26b7f45a65200e807a?s=96&d=mm&r=g\",\"url\":\"https:\\\/\\\/secure.gravatar.com\\\/avatar\\\/3075c01a99ba1b38ab876c1780b5fe86903d79b830670c26b7f45a65200e807a?s=96&d=mm&r=g\",\"contentUrl\":\"https:\\\/\\\/secure.gravatar.com\\\/avatar\\\/3075c01a99ba1b38ab876c1780b5fe86903d79b830670c26b7f45a65200e807a?s=96&d=mm&r=g\",\"caption\":\"Beatriz Concejo\"},\"url\":\"https:\\\/\\\/hijasdejesus.org\\\/en\\\/author\\\/bea\\\/\"}]}<\/script>\n<!-- \/ Yoast SEO plugin. -->","yoast_head_json":{"title":"Meeting in Rome of the Pastoral Team with Young People and Formators - Hijas de Jes\u00fas","robots":{"index":"index","follow":"follow","max-snippet":"max-snippet:-1","max-image-preview":"max-image-preview:large","max-video-preview":"max-video-preview:-1"},"canonical":"https:\/\/hijasdejesus.org\/en\/meeting-in-rome-of-the-youth-ministry-team\/","og_locale":"en_US","og_type":"article","og_title":"Meeting in Rome of the Pastoral Team with Young People and Formators - Hijas de Jes\u00fas","og_description":"Content, with you Lord and committed. Experiences that expand the heart We are pleased to meet you, the Curia house opens its doors to us. From July 3 to 9, in Rome, the General Government brought together the International Youth Ministry Team and the Formators &#8211; Postulants, Novice Mistresses and Junior Mistresses &#8211; who are [&hellip;]","og_url":"https:\/\/hijasdejesus.org\/en\/meeting-in-rome-of-the-youth-ministry-team\/","og_site_name":"Hijas de Jes\u00fas","article_publisher":"https:\/\/www.facebook.com\/hijasdejesusenelmundo\/","article_published_time":"2024-07-19T15:28:01+00:00","article_modified_time":"2024-07-22T12:33:30+00:00","og_image":[{"width":2048,"height":1532,"url":"https:\/\/hijasdejesus.org\/wp-content\/uploads\/2024\/07\/JOVENES_Enc.-Eq.-Int.-de-PconJ-Formadoras-Roma-Julio-2024-1.jpeg","type":"image\/jpeg"}],"author":"Beatriz Concejo","twitter_card":"summary_large_image","twitter_creator":"@hijasdjesus","twitter_site":"@hijasdjesus","twitter_misc":{"Written by":"Beatriz Concejo","Est. reading time":"5 minutes"},"schema":{"@context":"https:\/\/schema.org","@graph":[{"@type":"Article","@id":"https:\/\/hijasdejesus.org\/en\/meeting-in-rome-of-the-youth-ministry-team\/#article","isPartOf":{"@id":"https:\/\/hijasdejesus.org\/en\/meeting-in-rome-of-the-youth-ministry-team\/"},"author":{"name":"Beatriz Concejo","@id":"https:\/\/hijasdejesus.org\/en\/#\/schema\/person\/a89333d7c811935bc234f49793356474"},"headline":"Meeting in Rome of the Pastoral Team with Young People and Formators","datePublished":"2024-07-19T15:28:01+00:00","dateModified":"2024-07-22T12:33:30+00:00","mainEntityOfPage":{"@id":"https:\/\/hijasdejesus.org\/en\/meeting-in-rome-of-the-youth-ministry-team\/"},"wordCount":997,"publisher":{"@id":"https:\/\/hijasdejesus.org\/en\/#organization"},"image":{"@id":"https:\/\/hijasdejesus.org\/en\/meeting-in-rome-of-the-youth-ministry-team\/#primaryimage"},"thumbnailUrl":"https:\/\/hijasdejesus.org\/wp-content\/uploads\/2024\/07\/JOVENES_Enc.-Eq.-Int.-de-PconJ-Formadoras-Roma-Julio-2024-1.jpeg","keywords":["Formaci\u00f3n inicial"],"articleSection":["General government","News","Youth"],"inLanguage":"en-US"},{"@type":"WebPage","@id":"https:\/\/hijasdejesus.org\/en\/meeting-in-rome-of-the-youth-ministry-team\/","url":"https:\/\/hijasdejesus.org\/en\/meeting-in-rome-of-the-youth-ministry-team\/","name":"Meeting in Rome of the Pastoral Team with Young People and Formators - Hijas de Jes\u00fas","isPartOf":{"@id":"https:\/\/hijasdejesus.org\/en\/#website"},"primaryImageOfPage":{"@id":"https:\/\/hijasdejesus.org\/en\/meeting-in-rome-of-the-youth-ministry-team\/#primaryimage"},"image":{"@id":"https:\/\/hijasdejesus.org\/en\/meeting-in-rome-of-the-youth-ministry-team\/#primaryimage"},"thumbnailUrl":"https:\/\/hijasdejesus.org\/wp-content\/uploads\/2024\/07\/JOVENES_Enc.-Eq.-Int.-de-PconJ-Formadoras-Roma-Julio-2024-1.jpeg","datePublished":"2024-07-19T15:28:01+00:00","dateModified":"2024-07-22T12:33:30+00:00","breadcrumb":{"@id":"https:\/\/hijasdejesus.org\/en\/meeting-in-rome-of-the-youth-ministry-team\/#breadcrumb"},"inLanguage":"en-US","potentialAction":[{"@type":"ReadAction","target":["https:\/\/hijasdejesus.org\/en\/meeting-in-rome-of-the-youth-ministry-team\/"]}]},{"@type":"ImageObject","inLanguage":"en-US","@id":"https:\/\/hijasdejesus.org\/en\/meeting-in-rome-of-the-youth-ministry-team\/#primaryimage","url":"https:\/\/hijasdejesus.org\/wp-content\/uploads\/2024\/07\/JOVENES_Enc.-Eq.-Int.-de-PconJ-Formadoras-Roma-Julio-2024-1.jpeg","contentUrl":"https:\/\/hijasdejesus.org\/wp-content\/uploads\/2024\/07\/JOVENES_Enc.-Eq.-Int.-de-PconJ-Formadoras-Roma-Julio-2024-1.jpeg","width":2048,"height":1532},{"@type":"BreadcrumbList","@id":"https:\/\/hijasdejesus.org\/en\/meeting-in-rome-of-the-youth-ministry-team\/#breadcrumb","itemListElement":[{"@type":"ListItem","position":1,"name":"Portada","item":"https:\/\/hijasdejesus.org\/en\/"},{"@type":"ListItem","position":2,"name":"Meeting in Rome of the Pastoral Team with Young People and Formators"}]},{"@type":"WebSite","@id":"https:\/\/hijasdejesus.org\/en\/#website","url":"https:\/\/hijasdejesus.org\/en\/","name":"Hijas de Jes\u00fas","description":"Despertamos a Jes\u00fas en el coraz\u00f3n, sacando lo mejor de las personas. Somos una congregaci\u00f3n religiosa ignaciana fundada por la Madre Candida","publisher":{"@id":"https:\/\/hijasdejesus.org\/en\/#organization"},"potentialAction":[{"@type":"SearchAction","target":{"@type":"EntryPoint","urlTemplate":"https:\/\/hijasdejesus.org\/en\/?s={search_term_string}"},"query-input":{"@type":"PropertyValueSpecification","valueRequired":true,"valueName":"search_term_string"}}],"inLanguage":"en-US"},{"@type":"Organization","@id":"https:\/\/hijasdejesus.org\/en\/#organization","name":"Hijas de Jes\u00fas","url":"https:\/\/hijasdejesus.org\/en\/","logo":{"@type":"ImageObject","inLanguage":"en-US","@id":"https:\/\/hijasdejesus.org\/en\/#\/schema\/logo\/image\/","url":"https:\/\/hijasdejesus.org\/wp-content\/uploads\/2023\/01\/Hijas-de-Jesus_hor-A7C957.png","contentUrl":"https:\/\/hijasdejesus.org\/wp-content\/uploads\/2023\/01\/Hijas-de-Jesus_hor-A7C957.png","width":700,"height":360,"caption":"Hijas de Jes\u00fas"},"image":{"@id":"https:\/\/hijasdejesus.org\/en\/#\/schema\/logo\/image\/"},"sameAs":["https:\/\/www.facebook.com\/hijasdejesusenelmundo\/","https:\/\/x.com\/hijasdjesus"]},{"@type":"Person","@id":"https:\/\/hijasdejesus.org\/en\/#\/schema\/person\/a89333d7c811935bc234f49793356474","name":"Beatriz Concejo","image":{"@type":"ImageObject","inLanguage":"en-US","@id":"https:\/\/secure.gravatar.com\/avatar\/3075c01a99ba1b38ab876c1780b5fe86903d79b830670c26b7f45a65200e807a?s=96&d=mm&r=g","url":"https:\/\/secure.gravatar.com\/avatar\/3075c01a99ba1b38ab876c1780b5fe86903d79b830670c26b7f45a65200e807a?s=96&d=mm&r=g","contentUrl":"https:\/\/secure.gravatar.com\/avatar\/3075c01a99ba1b38ab876c1780b5fe86903d79b830670c26b7f45a65200e807a?s=96&d=mm&r=g","caption":"Beatriz Concejo"},"url":"https:\/\/hijasdejesus.org\/en\/author\/bea\/"}]}},"_links":{"self":[{"href":"https:\/\/hijasdejesus.org\/en\/wp-json\/wp\/v2\/posts\/43630","targetHints":{"allow":["GET"]}}],"collection":[{"href":"https:\/\/hijasdejesus.org\/en\/wp-json\/wp\/v2\/posts"}],"about":[{"href":"https:\/\/hijasdejesus.org\/en\/wp-json\/wp\/v2\/types\/post"}],"author":[{"embeddable":true,"href":"https:\/\/hijasdejesus.org\/en\/wp-json\/wp\/v2\/users\/2"}],"replies":[{"embeddable":true,"href":"https:\/\/hijasdejesus.org\/en\/wp-json\/wp\/v2\/comments?post=43630"}],"version-history":[{"count":3,"href":"https:\/\/hijasdejesus.org\/en\/wp-json\/wp\/v2\/posts\/43630\/revisions"}],"predecessor-version":[{"id":43640,"href":"https:\/\/hijasdejesus.org\/en\/wp-json\/wp\/v2\/posts\/43630\/revisions\/43640"}],"wp:featuredmedia":[{"embeddable":true,"href":"https:\/\/hijasdejesus.org\/en\/wp-json\/wp\/v2\/media\/43623"}],"wp:attachment":[{"href":"https:\/\/hijasdejesus.org\/en\/wp-json\/wp\/v2\/media?parent=43630"}],"wp:term":[{"taxonomy":"category","embeddable":true,"href":"https:\/\/hijasdejesus.org\/en\/wp-json\/wp\/v2\/categories?post=43630"},{"taxonomy":"post_tag","embeddable":true,"href":"https:\/\/hijasdejesus.org\/en\/wp-json\/wp\/v2\/tags?post=43630"}],"curies":[{"name":"wp","href":"https:\/\/api.w.org\/{rel}","templated":true}]}}