{"id":44364,"date":"2024-10-16T20:31:46","date_gmt":"2024-10-16T18:31:46","guid":{"rendered":"https:\/\/hijasdejesus.org\/anniversary-of-mother-candidas-canonization-2\/"},"modified":"2024-10-21T10:33:22","modified_gmt":"2024-10-21T08:33:22","slug":"anniversary-of-mother-candidas-canonization-2","status":"publish","type":"post","link":"https:\/\/hijasdejesus.org\/en\/anniversary-of-mother-candidas-canonization-2\/","title":{"rendered":"Anniversary of Mother Candida&#8217;s canonization"},"content":{"rendered":"\n<p>The<strong> anniversary of Mother Candida&#8217;s canonization <\/strong>is always a good occasion to <strong>remember the event with gratitude<\/strong>, but, above all, to ask questions to oneself:  <\/p>\n\n<blockquote class=\"wp-block-quote is-layout-flow wp-block-quote-is-layout-flow\">\n<p>Posso ir t\u00e3o longe quanto a M. Candida foi?  <\/p>\n<\/blockquote>\n\n<p>  God&#8217;s call to holiness is not a &#8220;burden&#8221; to be carried, a cross to be carried, but an<strong> invitation to enter into the dynamic of his love, which is gratuitousness, Sun.<\/strong> Pope Francis emphasizes this:  <\/p>\n\n<blockquote class=\"wp-block-quote is-layout-flow wp-block-quote-is-layout-flow\">\n<p>&#8220;No in\u00edcio de nosso ser crist\u00e3o n\u00e3o est\u00e3o as doutrinas e as obras, mas o espanto de descobrir que somos amados, antes de qualquer resposta nossa. The Gospel reminds us of the truth of life: &#8220;we are loved&#8221;.  <\/p>\n<\/blockquote>\n\n<p>To be a saint is, first of all, to<strong> let oneself be enveloped by the love of a God<\/strong> who &#8220;heals us and transforms us, expands our hearts and predisposes us to love&#8221;, the rest comes by itself. To accept, in fact, that we are loved by Him means to <strong>open the doors for the Spirit <\/strong>that has the power to transform everything and, therefore, also our hearts.   <\/p>\n\n<p>Mother Candida did just that: she <strong>let herself be loved and transformed herself<\/strong>, leaving us a beautiful testimony of this love, <strong>her life given to others <\/strong>. The beauty of our vocation to holiness lies in the fact that <strong>God chose us even before coming into the world to fulfill his plan of salvation,<\/strong> a plan that each one of us must discover, patiently discerning in prayer the signs that God himself sends us.   <\/p>\n\n<figure class=\"wp-block-gallery has-nested-images columns-default is-cropped wp-block-gallery-1 is-layout-flex wp-block-gallery-is-layout-flex\">\n<figure class=\"wp-block-image size-large\"><img loading=\"lazy\" decoding=\"async\" width=\"1024\" height=\"768\" data-id=\"44331\" src=\"https:\/\/hijasdejesus.org\/wp-content\/uploads\/2024\/10\/Canonizacion-3-037-1024x768.jpg\" alt=\"\" class=\"wp-image-44331\" srcset=\"https:\/\/hijasdejesus.org\/wp-content\/uploads\/2024\/10\/Canonizacion-3-037-980x735.jpg 980w, https:\/\/hijasdejesus.org\/wp-content\/uploads\/2024\/10\/Canonizacion-3-037-480x360.jpg 480w\" sizes=\"(min-width: 0px) and (max-width: 480px) 480px, (min-width: 481px) and (max-width: 980px) 980px, (min-width: 981px) 1024px, 100vw\" \/><\/figure>\n\n\n\n<figure class=\"wp-block-image size-large\"><img loading=\"lazy\" decoding=\"async\" width=\"1024\" height=\"768\" data-id=\"44323\" src=\"https:\/\/hijasdejesus.org\/wp-content\/uploads\/2024\/10\/Canonizacion-3-043-1024x768.jpg\" alt=\"\" class=\"wp-image-44323\" srcset=\"https:\/\/hijasdejesus.org\/wp-content\/uploads\/2024\/10\/Canonizacion-3-043-980x735.jpg 980w, https:\/\/hijasdejesus.org\/wp-content\/uploads\/2024\/10\/Canonizacion-3-043-480x360.jpg 480w\" sizes=\"(min-width: 0px) and (max-width: 480px) 480px, (min-width: 481px) and (max-width: 980px) 980px, (min-width: 981px) 1024px, 100vw\" \/><\/figure>\n<\/figure>\n\n<p>She began her journey of holiness the moment she heard the Lord&#8217;s call and<strong> decided to be all and &#8220;only for God&#8221;.<\/strong> This was from beginning to end. Thinking about the <strong>day of her canonization,<\/strong> when Mother Candida&#8217;s life and work became <strong>history and an example of holiness in the Church<\/strong>, I feel filled not so much with emotion, but with <strong>gratitude to God <\/strong>, who wanted me to be part of that history, an extension &#8211; like all the Daughters of Jesus &#8211; of Saint Candida&#8217;s desire to <strong>carry the Gospel to the end of the world<\/strong>.   <\/p>\n\n<figure class=\"wp-block-gallery has-nested-images columns-default is-cropped wp-block-gallery-2 is-layout-flex wp-block-gallery-is-layout-flex\">\n<figure class=\"wp-block-image size-large\"><img loading=\"lazy\" decoding=\"async\" width=\"1024\" height=\"681\" data-id=\"44334\" src=\"https:\/\/hijasdejesus.org\/wp-content\/uploads\/2024\/10\/Canonizacion-San-Pedro-3-1-1024x681.jpg\" alt=\"\" class=\"wp-image-44334\" srcset=\"https:\/\/hijasdejesus.org\/wp-content\/uploads\/2024\/10\/Canonizacion-San-Pedro-3-1-980x652.jpg 980w, https:\/\/hijasdejesus.org\/wp-content\/uploads\/2024\/10\/Canonizacion-San-Pedro-3-1-480x319.jpg 480w\" sizes=\"(min-width: 0px) and (max-width: 480px) 480px, (min-width: 481px) and (max-width: 980px) 980px, (min-width: 981px) 1024px, 100vw\" \/><\/figure>\n\n\n\n<figure class=\"wp-block-image size-large\"><img loading=\"lazy\" decoding=\"async\" width=\"1024\" height=\"768\" data-id=\"44318\" src=\"https:\/\/hijasdejesus.org\/wp-content\/uploads\/2024\/10\/Canonizacion-032-1024x768.jpg\" alt=\"\" class=\"wp-image-44318\" srcset=\"https:\/\/hijasdejesus.org\/wp-content\/uploads\/2024\/10\/Canonizacion-032-980x735.jpg 980w, https:\/\/hijasdejesus.org\/wp-content\/uploads\/2024\/10\/Canonizacion-032-480x360.jpg 480w\" sizes=\"(min-width: 0px) and (max-width: 480px) 480px, (min-width: 481px) and (max-width: 980px) 980px, (min-width: 981px) 1024px, 100vw\" \/><\/figure>\n<\/figure>\n\n<p>I look at myself and I see again his big and deep eyes, reflecting peace, his eyes projected in another horizon, &#8220;the Other&#8221;,<strong> establishing that goal already certain in his life<\/strong>, because certain and palpable was the promise that God made him to <strong>be a docile instrument in his hands. <\/strong>Eyes from which goodness shines through, eyes that certainly cried in difficult moments when everything seemed to go against him, but that never lost the horizon&#8230; I go back in my mind to that <strong>17th of October 2010<\/strong>? I repeat to myself that holiness is not achieved by doing great things, but by doing the<strong> small daily things with great charity and fidelity to God&#8217;s plan for us, <\/strong>with joys and sufferings, like her, who knew how to live and practice that <strong> indifference that led her to desire to do only the will of God.<\/strong>     <\/p>\n\n<figure class=\"wp-block-gallery has-nested-images columns-default is-cropped wp-block-gallery-3 is-layout-flex wp-block-gallery-is-layout-flex\">\n<figure class=\"wp-block-image size-large\"><img loading=\"lazy\" decoding=\"async\" width=\"1024\" height=\"681\" data-id=\"44309\" src=\"https:\/\/hijasdejesus.org\/wp-content\/uploads\/2024\/10\/Canonizacion-San-Pedro-2-1024x681.jpg\" alt=\"\" class=\"wp-image-44309\" srcset=\"https:\/\/hijasdejesus.org\/wp-content\/uploads\/2024\/10\/Canonizacion-San-Pedro-2-980x652.jpg 980w, https:\/\/hijasdejesus.org\/wp-content\/uploads\/2024\/10\/Canonizacion-San-Pedro-2-480x319.jpg 480w\" sizes=\"(min-width: 0px) and (max-width: 480px) 480px, (min-width: 481px) and (max-width: 980px) 980px, (min-width: 981px) 1024px, 100vw\" \/><\/figure>\n\n\n\n<figure class=\"wp-block-image size-large\"><img loading=\"lazy\" decoding=\"async\" width=\"1024\" height=\"680\" data-id=\"44297\" src=\"https:\/\/hijasdejesus.org\/wp-content\/uploads\/2024\/10\/Canonizacion-San-Pedro-4-1024x680.jpg\" alt=\"\" class=\"wp-image-44297\" srcset=\"https:\/\/hijasdejesus.org\/wp-content\/uploads\/2024\/10\/Canonizacion-San-Pedro-4-980x650.jpg 980w, https:\/\/hijasdejesus.org\/wp-content\/uploads\/2024\/10\/Canonizacion-San-Pedro-4-480x319.jpg 480w\" sizes=\"(min-width: 0px) and (max-width: 480px) 480px, (min-width: 481px) and (max-width: 980px) 980px, (min-width: 981px) 1024px, 100vw\" \/><\/figure>\n\n\n\n<figure class=\"wp-block-image size-large\"><img loading=\"lazy\" decoding=\"async\" width=\"1024\" height=\"683\" data-id=\"44305\" src=\"https:\/\/hijasdejesus.org\/wp-content\/uploads\/2024\/10\/Canonizacion-San-Pedro-1-1-1024x683.jpg\" alt=\"\" class=\"wp-image-44305\" srcset=\"https:\/\/hijasdejesus.org\/wp-content\/uploads\/2024\/10\/Canonizacion-San-Pedro-1-1-980x653.jpg 980w, https:\/\/hijasdejesus.org\/wp-content\/uploads\/2024\/10\/Canonizacion-San-Pedro-1-1-480x320.jpg 480w\" sizes=\"(min-width: 0px) and (max-width: 480px) 480px, (min-width: 481px) and (max-width: 980px) 980px, (min-width: 981px) 1024px, 100vw\" \/><\/figure>\n\n\n\n<figure class=\"wp-block-image size-large\"><img loading=\"lazy\" decoding=\"async\" width=\"1024\" height=\"683\" data-id=\"44314\" src=\"https:\/\/hijasdejesus.org\/wp-content\/uploads\/2024\/10\/Canonizacion-San-Pedro-3-1024x683.jpg\" alt=\"\" class=\"wp-image-44314\" srcset=\"https:\/\/hijasdejesus.org\/wp-content\/uploads\/2024\/10\/Canonizacion-San-Pedro-3-980x653.jpg 980w, https:\/\/hijasdejesus.org\/wp-content\/uploads\/2024\/10\/Canonizacion-San-Pedro-3-480x320.jpg 480w\" sizes=\"(min-width: 0px) and (max-width: 480px) 480px, (min-width: 481px) and (max-width: 980px) 980px, (min-width: 981px) 1024px, 100vw\" \/><\/figure>\n<\/figure>\n\n<p>Mother Candida wanted to be a saint and wanted her daughters to be saints too? She wanted to &#8220;sanctify herself&#8221; and &#8220;sanctify the next&#8221;, but I don&#8217;t think she was thinking about the holiness of the altars and, however, to see her as a saint is one of the most beautiful gifts that God could give us, because, like all the saints, she is an<strong> illuminating beacon that constantly exhorts us not to be afraid <\/strong>to desire holiness, because that is what we are destined for from eternity. And may this happy day in which we remember the canonization of our Mother Candida be lived by all the Daughters of Jesus with great <strong>joy and hope, <\/strong>always ready to go <strong>&#8220;to the ends of the earth in search of souls&#8221;!<\/strong>    <\/p>\n\n<p>Obrigado a voc\u00ea, Santa C\u00e2ndida.<\/p>\n\n<p><strong><em>Caterina Ciriello FI, <\/em>Rome<\/strong><\/p>\n","protected":false},"excerpt":{"rendered":"<p>The anniversary of Mother Candida&#8217;s canonization is always a good occasion to remember the event with gratitude, but, above all, to ask questions to oneself: Posso ir t\u00e3o longe quanto a M. Candida foi? God&#8217;s call to holiness is not a &#8220;burden&#8221; to be carried, a cross to be carried, but an invitation to enter [&hellip;]<\/p>\n","protected":false},"author":2,"featured_media":36623,"comment_status":"closed","ping_status":"closed","sticky":false,"template":"","format":"standard","meta":{"_et_pb_use_builder":"off","_et_pb_old_content":"","_et_gb_content_width":"","footnotes":"","_links_to":"","_links_to_target":""},"categories":[698,528],"tags":[789],"class_list":["post-44364","post","type-post","status-publish","format-standard","has-post-thumbnail","hentry","category-featured","category-hijas-de-jesus-en","tag-saint-candida"],"yoast_head":"<!-- This site is optimized with the Yoast SEO plugin v27.4 - https:\/\/yoast.com\/product\/yoast-seo-wordpress\/ -->\n<title>Anniversary of Mother Candida&#039;s canonization - Hijas de Jes\u00fas<\/title>\n<meta name=\"robots\" content=\"index, follow, max-snippet:-1, max-image-preview:large, max-video-preview:-1\" \/>\n<link rel=\"canonical\" href=\"https:\/\/hijasdejesus.org\/en\/anniversary-of-mother-candidas-canonization-2\/\" \/>\n<meta property=\"og:locale\" content=\"en_US\" \/>\n<meta property=\"og:type\" content=\"article\" \/>\n<meta property=\"og:title\" content=\"Anniversary of Mother Candida&#039;s canonization - Hijas de Jes\u00fas\" \/>\n<meta property=\"og:description\" content=\"The anniversary of Mother Candida&#8217;s canonization is always a good occasion to remember the event with gratitude, but, above all, to ask questions to oneself: Posso ir t\u00e3o longe quanto a M. Candida foi? God&#8217;s call to holiness is not a &#8220;burden&#8221; to be carried, a cross to be carried, but an invitation to enter [&hellip;]\" \/>\n<meta property=\"og:url\" content=\"https:\/\/hijasdejesus.org\/en\/anniversary-of-mother-candidas-canonization-2\/\" \/>\n<meta property=\"og:site_name\" content=\"Hijas de Jes\u00fas\" \/>\n<meta property=\"article:publisher\" content=\"https:\/\/www.facebook.com\/hijasdejesusenelmundo\/\" \/>\n<meta property=\"article:published_time\" content=\"2024-10-16T18:31:46+00:00\" \/>\n<meta property=\"article:modified_time\" content=\"2024-10-21T08:33:22+00:00\" \/>\n<meta property=\"og:image\" content=\"https:\/\/hijasdejesus.org\/wp-content\/uploads\/2023\/05\/MADRE_CANDIDA_AZUL-1.png\" \/>\n\t<meta property=\"og:image:width\" content=\"4846\" \/>\n\t<meta property=\"og:image:height\" content=\"3900\" \/>\n\t<meta property=\"og:image:type\" content=\"image\/png\" \/>\n<meta name=\"author\" content=\"Beatriz Concejo\" \/>\n<meta name=\"twitter:card\" content=\"summary_large_image\" \/>\n<meta name=\"twitter:creator\" content=\"@hijasdjesus\" \/>\n<meta name=\"twitter:site\" content=\"@hijasdjesus\" \/>\n<meta name=\"twitter:label1\" content=\"Written by\" \/>\n\t<meta name=\"twitter:data1\" content=\"Beatriz Concejo\" \/>\n\t<meta name=\"twitter:label2\" content=\"Est. reading time\" \/>\n\t<meta name=\"twitter:data2\" content=\"3 minutes\" \/>\n<script type=\"application\/ld+json\" class=\"yoast-schema-graph\">{\"@context\":\"https:\\\/\\\/schema.org\",\"@graph\":[{\"@type\":\"Article\",\"@id\":\"https:\\\/\\\/hijasdejesus.org\\\/en\\\/anniversary-of-mother-candidas-canonization-2\\\/#article\",\"isPartOf\":{\"@id\":\"https:\\\/\\\/hijasdejesus.org\\\/en\\\/anniversary-of-mother-candidas-canonization-2\\\/\"},\"author\":{\"name\":\"Beatriz Concejo\",\"@id\":\"https:\\\/\\\/hijasdejesus.org\\\/en\\\/#\\\/schema\\\/person\\\/a89333d7c811935bc234f49793356474\"},\"headline\":\"Anniversary of Mother Candida&#8217;s canonization\",\"datePublished\":\"2024-10-16T18:31:46+00:00\",\"dateModified\":\"2024-10-21T08:33:22+00:00\",\"mainEntityOfPage\":{\"@id\":\"https:\\\/\\\/hijasdejesus.org\\\/en\\\/anniversary-of-mother-candidas-canonization-2\\\/\"},\"wordCount\":647,\"publisher\":{\"@id\":\"https:\\\/\\\/hijasdejesus.org\\\/en\\\/#organization\"},\"image\":{\"@id\":\"https:\\\/\\\/hijasdejesus.org\\\/en\\\/anniversary-of-mother-candidas-canonization-2\\\/#primaryimage\"},\"thumbnailUrl\":\"https:\\\/\\\/hijasdejesus.org\\\/wp-content\\\/uploads\\\/2023\\\/05\\\/MADRE_CANDIDA_AZUL-1.png\",\"keywords\":[\"Saint Candida\"],\"articleSection\":[\"Featured\",\"Hijas de Jes\u00fas\"],\"inLanguage\":\"en-US\"},{\"@type\":\"WebPage\",\"@id\":\"https:\\\/\\\/hijasdejesus.org\\\/en\\\/anniversary-of-mother-candidas-canonization-2\\\/\",\"url\":\"https:\\\/\\\/hijasdejesus.org\\\/en\\\/anniversary-of-mother-candidas-canonization-2\\\/\",\"name\":\"Anniversary of Mother Candida's canonization - Hijas de Jes\u00fas\",\"isPartOf\":{\"@id\":\"https:\\\/\\\/hijasdejesus.org\\\/en\\\/#website\"},\"primaryImageOfPage\":{\"@id\":\"https:\\\/\\\/hijasdejesus.org\\\/en\\\/anniversary-of-mother-candidas-canonization-2\\\/#primaryimage\"},\"image\":{\"@id\":\"https:\\\/\\\/hijasdejesus.org\\\/en\\\/anniversary-of-mother-candidas-canonization-2\\\/#primaryimage\"},\"thumbnailUrl\":\"https:\\\/\\\/hijasdejesus.org\\\/wp-content\\\/uploads\\\/2023\\\/05\\\/MADRE_CANDIDA_AZUL-1.png\",\"datePublished\":\"2024-10-16T18:31:46+00:00\",\"dateModified\":\"2024-10-21T08:33:22+00:00\",\"breadcrumb\":{\"@id\":\"https:\\\/\\\/hijasdejesus.org\\\/en\\\/anniversary-of-mother-candidas-canonization-2\\\/#breadcrumb\"},\"inLanguage\":\"en-US\",\"potentialAction\":[{\"@type\":\"ReadAction\",\"target\":[\"https:\\\/\\\/hijasdejesus.org\\\/en\\\/anniversary-of-mother-candidas-canonization-2\\\/\"]}]},{\"@type\":\"ImageObject\",\"inLanguage\":\"en-US\",\"@id\":\"https:\\\/\\\/hijasdejesus.org\\\/en\\\/anniversary-of-mother-candidas-canonization-2\\\/#primaryimage\",\"url\":\"https:\\\/\\\/hijasdejesus.org\\\/wp-content\\\/uploads\\\/2023\\\/05\\\/MADRE_CANDIDA_AZUL-1.png\",\"contentUrl\":\"https:\\\/\\\/hijasdejesus.org\\\/wp-content\\\/uploads\\\/2023\\\/05\\\/MADRE_CANDIDA_AZUL-1.png\",\"width\":4846,\"height\":3900},{\"@type\":\"BreadcrumbList\",\"@id\":\"https:\\\/\\\/hijasdejesus.org\\\/en\\\/anniversary-of-mother-candidas-canonization-2\\\/#breadcrumb\",\"itemListElement\":[{\"@type\":\"ListItem\",\"position\":1,\"name\":\"Portada\",\"item\":\"https:\\\/\\\/hijasdejesus.org\\\/en\\\/\"},{\"@type\":\"ListItem\",\"position\":2,\"name\":\"Anniversary of Mother Candida&#8217;s canonization\"}]},{\"@type\":\"WebSite\",\"@id\":\"https:\\\/\\\/hijasdejesus.org\\\/en\\\/#website\",\"url\":\"https:\\\/\\\/hijasdejesus.org\\\/en\\\/\",\"name\":\"Hijas de Jes\u00fas\",\"description\":\"Despertamos a Jes\u00fas en el coraz\u00f3n, sacando lo mejor de las personas. Somos una congregaci\u00f3n religiosa ignaciana fundada por la Madre Candida\",\"publisher\":{\"@id\":\"https:\\\/\\\/hijasdejesus.org\\\/en\\\/#organization\"},\"potentialAction\":[{\"@type\":\"SearchAction\",\"target\":{\"@type\":\"EntryPoint\",\"urlTemplate\":\"https:\\\/\\\/hijasdejesus.org\\\/en\\\/?s={search_term_string}\"},\"query-input\":{\"@type\":\"PropertyValueSpecification\",\"valueRequired\":true,\"valueName\":\"search_term_string\"}}],\"inLanguage\":\"en-US\"},{\"@type\":\"Organization\",\"@id\":\"https:\\\/\\\/hijasdejesus.org\\\/en\\\/#organization\",\"name\":\"Hijas de Jes\u00fas\",\"url\":\"https:\\\/\\\/hijasdejesus.org\\\/en\\\/\",\"logo\":{\"@type\":\"ImageObject\",\"inLanguage\":\"en-US\",\"@id\":\"https:\\\/\\\/hijasdejesus.org\\\/en\\\/#\\\/schema\\\/logo\\\/image\\\/\",\"url\":\"https:\\\/\\\/hijasdejesus.org\\\/wp-content\\\/uploads\\\/2023\\\/01\\\/Hijas-de-Jesus_hor-A7C957.png\",\"contentUrl\":\"https:\\\/\\\/hijasdejesus.org\\\/wp-content\\\/uploads\\\/2023\\\/01\\\/Hijas-de-Jesus_hor-A7C957.png\",\"width\":700,\"height\":360,\"caption\":\"Hijas de Jes\u00fas\"},\"image\":{\"@id\":\"https:\\\/\\\/hijasdejesus.org\\\/en\\\/#\\\/schema\\\/logo\\\/image\\\/\"},\"sameAs\":[\"https:\\\/\\\/www.facebook.com\\\/hijasdejesusenelmundo\\\/\",\"https:\\\/\\\/x.com\\\/hijasdjesus\"]},{\"@type\":\"Person\",\"@id\":\"https:\\\/\\\/hijasdejesus.org\\\/en\\\/#\\\/schema\\\/person\\\/a89333d7c811935bc234f49793356474\",\"name\":\"Beatriz Concejo\",\"image\":{\"@type\":\"ImageObject\",\"inLanguage\":\"en-US\",\"@id\":\"https:\\\/\\\/secure.gravatar.com\\\/avatar\\\/3075c01a99ba1b38ab876c1780b5fe86903d79b830670c26b7f45a65200e807a?s=96&d=mm&r=g\",\"url\":\"https:\\\/\\\/secure.gravatar.com\\\/avatar\\\/3075c01a99ba1b38ab876c1780b5fe86903d79b830670c26b7f45a65200e807a?s=96&d=mm&r=g\",\"contentUrl\":\"https:\\\/\\\/secure.gravatar.com\\\/avatar\\\/3075c01a99ba1b38ab876c1780b5fe86903d79b830670c26b7f45a65200e807a?s=96&d=mm&r=g\",\"caption\":\"Beatriz Concejo\"},\"url\":\"https:\\\/\\\/hijasdejesus.org\\\/en\\\/author\\\/bea\\\/\"}]}<\/script>\n<!-- \/ Yoast SEO plugin. -->","yoast_head_json":{"title":"Anniversary of Mother Candida's canonization - Hijas de Jes\u00fas","robots":{"index":"index","follow":"follow","max-snippet":"max-snippet:-1","max-image-preview":"max-image-preview:large","max-video-preview":"max-video-preview:-1"},"canonical":"https:\/\/hijasdejesus.org\/en\/anniversary-of-mother-candidas-canonization-2\/","og_locale":"en_US","og_type":"article","og_title":"Anniversary of Mother Candida's canonization - Hijas de Jes\u00fas","og_description":"The anniversary of Mother Candida&#8217;s canonization is always a good occasion to remember the event with gratitude, but, above all, to ask questions to oneself: Posso ir t\u00e3o longe quanto a M. Candida foi? God&#8217;s call to holiness is not a &#8220;burden&#8221; to be carried, a cross to be carried, but an invitation to enter [&hellip;]","og_url":"https:\/\/hijasdejesus.org\/en\/anniversary-of-mother-candidas-canonization-2\/","og_site_name":"Hijas de Jes\u00fas","article_publisher":"https:\/\/www.facebook.com\/hijasdejesusenelmundo\/","article_published_time":"2024-10-16T18:31:46+00:00","article_modified_time":"2024-10-21T08:33:22+00:00","og_image":[{"width":4846,"height":3900,"url":"https:\/\/hijasdejesus.org\/wp-content\/uploads\/2023\/05\/MADRE_CANDIDA_AZUL-1.png","type":"image\/png"}],"author":"Beatriz Concejo","twitter_card":"summary_large_image","twitter_creator":"@hijasdjesus","twitter_site":"@hijasdjesus","twitter_misc":{"Written by":"Beatriz Concejo","Est. reading time":"3 minutes"},"schema":{"@context":"https:\/\/schema.org","@graph":[{"@type":"Article","@id":"https:\/\/hijasdejesus.org\/en\/anniversary-of-mother-candidas-canonization-2\/#article","isPartOf":{"@id":"https:\/\/hijasdejesus.org\/en\/anniversary-of-mother-candidas-canonization-2\/"},"author":{"name":"Beatriz Concejo","@id":"https:\/\/hijasdejesus.org\/en\/#\/schema\/person\/a89333d7c811935bc234f49793356474"},"headline":"Anniversary of Mother Candida&#8217;s canonization","datePublished":"2024-10-16T18:31:46+00:00","dateModified":"2024-10-21T08:33:22+00:00","mainEntityOfPage":{"@id":"https:\/\/hijasdejesus.org\/en\/anniversary-of-mother-candidas-canonization-2\/"},"wordCount":647,"publisher":{"@id":"https:\/\/hijasdejesus.org\/en\/#organization"},"image":{"@id":"https:\/\/hijasdejesus.org\/en\/anniversary-of-mother-candidas-canonization-2\/#primaryimage"},"thumbnailUrl":"https:\/\/hijasdejesus.org\/wp-content\/uploads\/2023\/05\/MADRE_CANDIDA_AZUL-1.png","keywords":["Saint Candida"],"articleSection":["Featured","Hijas de Jes\u00fas"],"inLanguage":"en-US"},{"@type":"WebPage","@id":"https:\/\/hijasdejesus.org\/en\/anniversary-of-mother-candidas-canonization-2\/","url":"https:\/\/hijasdejesus.org\/en\/anniversary-of-mother-candidas-canonization-2\/","name":"Anniversary of Mother Candida's canonization - Hijas de Jes\u00fas","isPartOf":{"@id":"https:\/\/hijasdejesus.org\/en\/#website"},"primaryImageOfPage":{"@id":"https:\/\/hijasdejesus.org\/en\/anniversary-of-mother-candidas-canonization-2\/#primaryimage"},"image":{"@id":"https:\/\/hijasdejesus.org\/en\/anniversary-of-mother-candidas-canonization-2\/#primaryimage"},"thumbnailUrl":"https:\/\/hijasdejesus.org\/wp-content\/uploads\/2023\/05\/MADRE_CANDIDA_AZUL-1.png","datePublished":"2024-10-16T18:31:46+00:00","dateModified":"2024-10-21T08:33:22+00:00","breadcrumb":{"@id":"https:\/\/hijasdejesus.org\/en\/anniversary-of-mother-candidas-canonization-2\/#breadcrumb"},"inLanguage":"en-US","potentialAction":[{"@type":"ReadAction","target":["https:\/\/hijasdejesus.org\/en\/anniversary-of-mother-candidas-canonization-2\/"]}]},{"@type":"ImageObject","inLanguage":"en-US","@id":"https:\/\/hijasdejesus.org\/en\/anniversary-of-mother-candidas-canonization-2\/#primaryimage","url":"https:\/\/hijasdejesus.org\/wp-content\/uploads\/2023\/05\/MADRE_CANDIDA_AZUL-1.png","contentUrl":"https:\/\/hijasdejesus.org\/wp-content\/uploads\/2023\/05\/MADRE_CANDIDA_AZUL-1.png","width":4846,"height":3900},{"@type":"BreadcrumbList","@id":"https:\/\/hijasdejesus.org\/en\/anniversary-of-mother-candidas-canonization-2\/#breadcrumb","itemListElement":[{"@type":"ListItem","position":1,"name":"Portada","item":"https:\/\/hijasdejesus.org\/en\/"},{"@type":"ListItem","position":2,"name":"Anniversary of Mother Candida&#8217;s canonization"}]},{"@type":"WebSite","@id":"https:\/\/hijasdejesus.org\/en\/#website","url":"https:\/\/hijasdejesus.org\/en\/","name":"Hijas de Jes\u00fas","description":"Despertamos a Jes\u00fas en el coraz\u00f3n, sacando lo mejor de las personas. Somos una congregaci\u00f3n religiosa ignaciana fundada por la Madre Candida","publisher":{"@id":"https:\/\/hijasdejesus.org\/en\/#organization"},"potentialAction":[{"@type":"SearchAction","target":{"@type":"EntryPoint","urlTemplate":"https:\/\/hijasdejesus.org\/en\/?s={search_term_string}"},"query-input":{"@type":"PropertyValueSpecification","valueRequired":true,"valueName":"search_term_string"}}],"inLanguage":"en-US"},{"@type":"Organization","@id":"https:\/\/hijasdejesus.org\/en\/#organization","name":"Hijas de Jes\u00fas","url":"https:\/\/hijasdejesus.org\/en\/","logo":{"@type":"ImageObject","inLanguage":"en-US","@id":"https:\/\/hijasdejesus.org\/en\/#\/schema\/logo\/image\/","url":"https:\/\/hijasdejesus.org\/wp-content\/uploads\/2023\/01\/Hijas-de-Jesus_hor-A7C957.png","contentUrl":"https:\/\/hijasdejesus.org\/wp-content\/uploads\/2023\/01\/Hijas-de-Jesus_hor-A7C957.png","width":700,"height":360,"caption":"Hijas de Jes\u00fas"},"image":{"@id":"https:\/\/hijasdejesus.org\/en\/#\/schema\/logo\/image\/"},"sameAs":["https:\/\/www.facebook.com\/hijasdejesusenelmundo\/","https:\/\/x.com\/hijasdjesus"]},{"@type":"Person","@id":"https:\/\/hijasdejesus.org\/en\/#\/schema\/person\/a89333d7c811935bc234f49793356474","name":"Beatriz Concejo","image":{"@type":"ImageObject","inLanguage":"en-US","@id":"https:\/\/secure.gravatar.com\/avatar\/3075c01a99ba1b38ab876c1780b5fe86903d79b830670c26b7f45a65200e807a?s=96&d=mm&r=g","url":"https:\/\/secure.gravatar.com\/avatar\/3075c01a99ba1b38ab876c1780b5fe86903d79b830670c26b7f45a65200e807a?s=96&d=mm&r=g","contentUrl":"https:\/\/secure.gravatar.com\/avatar\/3075c01a99ba1b38ab876c1780b5fe86903d79b830670c26b7f45a65200e807a?s=96&d=mm&r=g","caption":"Beatriz Concejo"},"url":"https:\/\/hijasdejesus.org\/en\/author\/bea\/"}]}},"_links":{"self":[{"href":"https:\/\/hijasdejesus.org\/en\/wp-json\/wp\/v2\/posts\/44364","targetHints":{"allow":["GET"]}}],"collection":[{"href":"https:\/\/hijasdejesus.org\/en\/wp-json\/wp\/v2\/posts"}],"about":[{"href":"https:\/\/hijasdejesus.org\/en\/wp-json\/wp\/v2\/types\/post"}],"author":[{"embeddable":true,"href":"https:\/\/hijasdejesus.org\/en\/wp-json\/wp\/v2\/users\/2"}],"replies":[{"embeddable":true,"href":"https:\/\/hijasdejesus.org\/en\/wp-json\/wp\/v2\/comments?post=44364"}],"version-history":[{"count":1,"href":"https:\/\/hijasdejesus.org\/en\/wp-json\/wp\/v2\/posts\/44364\/revisions"}],"predecessor-version":[{"id":44365,"href":"https:\/\/hijasdejesus.org\/en\/wp-json\/wp\/v2\/posts\/44364\/revisions\/44365"}],"wp:featuredmedia":[{"embeddable":true,"href":"https:\/\/hijasdejesus.org\/en\/wp-json\/wp\/v2\/media\/36623"}],"wp:attachment":[{"href":"https:\/\/hijasdejesus.org\/en\/wp-json\/wp\/v2\/media?parent=44364"}],"wp:term":[{"taxonomy":"category","embeddable":true,"href":"https:\/\/hijasdejesus.org\/en\/wp-json\/wp\/v2\/categories?post=44364"},{"taxonomy":"post_tag","embeddable":true,"href":"https:\/\/hijasdejesus.org\/en\/wp-json\/wp\/v2\/tags?post=44364"}],"curies":[{"name":"wp","href":"https:\/\/api.w.org\/{rel}","templated":true}]}}