{"id":44999,"date":"2025-01-02T19:12:16","date_gmt":"2025-01-02T18:12:16","guid":{"rendered":"https:\/\/hijasdejesus.org\/spain-italy-gc-xix-electors\/"},"modified":"2025-01-03T12:53:48","modified_gmt":"2025-01-03T11:53:48","slug":"spain-italy-gc-xix-electors","status":"publish","type":"post","link":"https:\/\/hijasdejesus.org\/en\/spain-italy-gc-xix-electors\/","title":{"rendered":"Spain-Italy GC XIX Electors"},"content":{"rendered":"\n<p>At the end of the Provincial Congregation (PC) of the Province of Spain-Italy, which is taking place in Salamanca (Spain) from December 28, 2024 to January 3, 2025, we are informed of the names of the Daughters of Jesus who have been elected as electors of the XIX General Congregation.<\/p>\n\n<p>In addition to the Provincial Superior, <em><strong>Maria Rosa Espinosa<\/strong><\/em>will be in attendance:<\/p>\n\n<ul class=\"wp-block-list\">\n<li><em><strong>Raquel Amigot<\/strong><\/em><\/li>\n\n\n\n<li><strong><em>M\u00aa del Mar Dom\u00ednguez<\/em><\/strong><\/li>\n\n\n\n<li><strong><em>Mar\u00eda de la O Mart\u00ednez<\/em><\/strong><\/li>\n\n\n\n<li><strong><em>Rosa M\u00aa Romo<\/em><\/strong><\/li>\n\n\n\n<li><em><strong>M\u00aa Antonia Cantalejo<\/strong><\/em><\/li>\n\n\n\n<li><strong><em>Miren Pakea Murua<\/em><\/strong><\/li>\n\n\n\n<li><strong><em>Ana Isabel Zubiri<\/em><\/strong><\/li>\n<\/ul>\n\n<p>Alternates:<\/p>\n\n<ul class=\"wp-block-list\">\n<li><strong><em>Elena Ar\u00e1mbol<\/em><\/strong> (1st alternate)<\/li>\n\n\n\n<li><strong><em>M\u00aa Jos\u00e9 Fern\u00e1ndez<\/em><\/strong> (2nd alternate)<\/li>\n<\/ul>\n\n<p>We thank the Lord for the availability of each one of them and we pray that they may listen to the voice of his Spirit and seek, together with the rest of the congregation, what God wants from the Daughters of Jesus at this moment in history.<\/p>\n","protected":false},"excerpt":{"rendered":"<p>At the end of the Provincial Congregation (PC) of the Province of Spain-Italy, which is taking place in Salamanca (Spain) from December 28, 2024 to January 3, 2025, we are informed of the names of the Daughters of Jesus who have been elected as electors of the XIX General Congregation. In addition to the Provincial [&hellip;]<\/p>\n","protected":false},"author":7,"featured_media":44875,"comment_status":"closed","ping_status":"closed","sticky":false,"template":"","format":"standard","meta":{"_et_pb_use_builder":"off","_et_pb_old_content":"","_et_gb_content_width":"","footnotes":"","_links_to":"","_links_to_target":""},"categories":[1259,534,412,518],"tags":[1268],"class_list":["post-44999","post","type-post","status-publish","format-standard","has-post-thumbnail","hentry","category-cg-xix-en","category-italy","category-news","category-spain","tag-provincial-congregation"],"yoast_head":"<!-- This site is optimized with the Yoast SEO plugin v27.5 - https:\/\/yoast.com\/product\/yoast-seo-wordpress\/ -->\n<title>Spain-Italy GC XIX Electors - Hijas de Jes\u00fas<\/title>\n<meta name=\"robots\" content=\"index, follow, max-snippet:-1, max-image-preview:large, max-video-preview:-1\" \/>\n<link rel=\"canonical\" href=\"https:\/\/hijasdejesus.org\/en\/spain-italy-gc-xix-electors\/\" \/>\n<meta property=\"og:locale\" content=\"en_US\" \/>\n<meta property=\"og:type\" content=\"article\" \/>\n<meta property=\"og:title\" content=\"Spain-Italy GC XIX Electors - Hijas de Jes\u00fas\" \/>\n<meta property=\"og:description\" content=\"At the end of the Provincial Congregation (PC) of the Province of Spain-Italy, which is taking place in Salamanca (Spain) from December 28, 2024 to January 3, 2025, we are informed of the names of the Daughters of Jesus who have been elected as electors of the XIX General Congregation. In addition to the Provincial [&hellip;]\" \/>\n<meta property=\"og:url\" content=\"https:\/\/hijasdejesus.org\/en\/spain-italy-gc-xix-electors\/\" \/>\n<meta property=\"og:site_name\" content=\"Hijas de Jes\u00fas\" \/>\n<meta property=\"article:publisher\" content=\"https:\/\/www.facebook.com\/hijasdejesusenelmundo\/\" \/>\n<meta property=\"article:published_time\" content=\"2025-01-02T18:12:16+00:00\" \/>\n<meta property=\"article:modified_time\" content=\"2025-01-03T11:53:48+00:00\" \/>\n<meta property=\"og:image\" content=\"https:\/\/hijasdejesus.org\/wp-content\/uploads\/2024\/12\/CP-Espana-Italia-CGXIX.jpg\" \/>\n\t<meta property=\"og:image:width\" content=\"1748\" \/>\n\t<meta property=\"og:image:height\" content=\"1240\" \/>\n\t<meta property=\"og:image:type\" content=\"image\/jpeg\" \/>\n<meta name=\"author\" content=\"Maria Jose\" \/>\n<meta name=\"twitter:card\" content=\"summary_large_image\" \/>\n<meta name=\"twitter:creator\" content=\"@hijasdjesus\" \/>\n<meta name=\"twitter:site\" content=\"@hijasdjesus\" \/>\n<meta name=\"twitter:label1\" content=\"Written by\" \/>\n\t<meta name=\"twitter:data1\" content=\"Maria Jose\" \/>\n\t<meta name=\"twitter:label2\" content=\"Est. reading time\" \/>\n\t<meta name=\"twitter:data2\" content=\"1 minute\" \/>\n<script type=\"application\/ld+json\" class=\"yoast-schema-graph\">{\"@context\":\"https:\\\/\\\/schema.org\",\"@graph\":[{\"@type\":\"Article\",\"@id\":\"https:\\\/\\\/hijasdejesus.org\\\/en\\\/spain-italy-gc-xix-electors\\\/#article\",\"isPartOf\":{\"@id\":\"https:\\\/\\\/hijasdejesus.org\\\/en\\\/spain-italy-gc-xix-electors\\\/\"},\"author\":{\"name\":\"Maria Jose\",\"@id\":\"https:\\\/\\\/hijasdejesus.org\\\/en\\\/#\\\/schema\\\/person\\\/fe794e79d9d612a993451d2d887ad731\"},\"headline\":\"Spain-Italy GC XIX Electors\",\"datePublished\":\"2025-01-02T18:12:16+00:00\",\"dateModified\":\"2025-01-03T11:53:48+00:00\",\"mainEntityOfPage\":{\"@id\":\"https:\\\/\\\/hijasdejesus.org\\\/en\\\/spain-italy-gc-xix-electors\\\/\"},\"wordCount\":148,\"publisher\":{\"@id\":\"https:\\\/\\\/hijasdejesus.org\\\/en\\\/#organization\"},\"image\":{\"@id\":\"https:\\\/\\\/hijasdejesus.org\\\/en\\\/spain-italy-gc-xix-electors\\\/#primaryimage\"},\"thumbnailUrl\":\"https:\\\/\\\/hijasdejesus.org\\\/wp-content\\\/uploads\\\/2024\\\/12\\\/CP-Espana-Italia-CGXIX.jpg\",\"keywords\":[\"Provincial Congregation\"],\"articleSection\":[\"CG XIX\",\"Italy\",\"News\",\"Spain\"],\"inLanguage\":\"en-US\"},{\"@type\":\"WebPage\",\"@id\":\"https:\\\/\\\/hijasdejesus.org\\\/en\\\/spain-italy-gc-xix-electors\\\/\",\"url\":\"https:\\\/\\\/hijasdejesus.org\\\/en\\\/spain-italy-gc-xix-electors\\\/\",\"name\":\"Spain-Italy GC XIX Electors - Hijas de Jes\u00fas\",\"isPartOf\":{\"@id\":\"https:\\\/\\\/hijasdejesus.org\\\/en\\\/#website\"},\"primaryImageOfPage\":{\"@id\":\"https:\\\/\\\/hijasdejesus.org\\\/en\\\/spain-italy-gc-xix-electors\\\/#primaryimage\"},\"image\":{\"@id\":\"https:\\\/\\\/hijasdejesus.org\\\/en\\\/spain-italy-gc-xix-electors\\\/#primaryimage\"},\"thumbnailUrl\":\"https:\\\/\\\/hijasdejesus.org\\\/wp-content\\\/uploads\\\/2024\\\/12\\\/CP-Espana-Italia-CGXIX.jpg\",\"datePublished\":\"2025-01-02T18:12:16+00:00\",\"dateModified\":\"2025-01-03T11:53:48+00:00\",\"breadcrumb\":{\"@id\":\"https:\\\/\\\/hijasdejesus.org\\\/en\\\/spain-italy-gc-xix-electors\\\/#breadcrumb\"},\"inLanguage\":\"en-US\",\"potentialAction\":[{\"@type\":\"ReadAction\",\"target\":[\"https:\\\/\\\/hijasdejesus.org\\\/en\\\/spain-italy-gc-xix-electors\\\/\"]}]},{\"@type\":\"ImageObject\",\"inLanguage\":\"en-US\",\"@id\":\"https:\\\/\\\/hijasdejesus.org\\\/en\\\/spain-italy-gc-xix-electors\\\/#primaryimage\",\"url\":\"https:\\\/\\\/hijasdejesus.org\\\/wp-content\\\/uploads\\\/2024\\\/12\\\/CP-Espana-Italia-CGXIX.jpg\",\"contentUrl\":\"https:\\\/\\\/hijasdejesus.org\\\/wp-content\\\/uploads\\\/2024\\\/12\\\/CP-Espana-Italia-CGXIX.jpg\",\"width\":1748,\"height\":1240},{\"@type\":\"BreadcrumbList\",\"@id\":\"https:\\\/\\\/hijasdejesus.org\\\/en\\\/spain-italy-gc-xix-electors\\\/#breadcrumb\",\"itemListElement\":[{\"@type\":\"ListItem\",\"position\":1,\"name\":\"Portada\",\"item\":\"https:\\\/\\\/hijasdejesus.org\\\/en\\\/\"},{\"@type\":\"ListItem\",\"position\":2,\"name\":\"Spain-Italy GC XIX Electors\"}]},{\"@type\":\"WebSite\",\"@id\":\"https:\\\/\\\/hijasdejesus.org\\\/en\\\/#website\",\"url\":\"https:\\\/\\\/hijasdejesus.org\\\/en\\\/\",\"name\":\"Hijas de Jes\u00fas\",\"description\":\"Despertamos a Jes\u00fas en el coraz\u00f3n, sacando lo mejor de las personas. Somos una congregaci\u00f3n religiosa ignaciana fundada por la Madre Candida\",\"publisher\":{\"@id\":\"https:\\\/\\\/hijasdejesus.org\\\/en\\\/#organization\"},\"potentialAction\":[{\"@type\":\"SearchAction\",\"target\":{\"@type\":\"EntryPoint\",\"urlTemplate\":\"https:\\\/\\\/hijasdejesus.org\\\/en\\\/?s={search_term_string}\"},\"query-input\":{\"@type\":\"PropertyValueSpecification\",\"valueRequired\":true,\"valueName\":\"search_term_string\"}}],\"inLanguage\":\"en-US\"},{\"@type\":\"Organization\",\"@id\":\"https:\\\/\\\/hijasdejesus.org\\\/en\\\/#organization\",\"name\":\"Hijas de Jes\u00fas\",\"url\":\"https:\\\/\\\/hijasdejesus.org\\\/en\\\/\",\"logo\":{\"@type\":\"ImageObject\",\"inLanguage\":\"en-US\",\"@id\":\"https:\\\/\\\/hijasdejesus.org\\\/en\\\/#\\\/schema\\\/logo\\\/image\\\/\",\"url\":\"https:\\\/\\\/hijasdejesus.org\\\/wp-content\\\/uploads\\\/2023\\\/01\\\/Hijas-de-Jesus_hor-A7C957.png\",\"contentUrl\":\"https:\\\/\\\/hijasdejesus.org\\\/wp-content\\\/uploads\\\/2023\\\/01\\\/Hijas-de-Jesus_hor-A7C957.png\",\"width\":700,\"height\":360,\"caption\":\"Hijas de Jes\u00fas\"},\"image\":{\"@id\":\"https:\\\/\\\/hijasdejesus.org\\\/en\\\/#\\\/schema\\\/logo\\\/image\\\/\"},\"sameAs\":[\"https:\\\/\\\/www.facebook.com\\\/hijasdejesusenelmundo\\\/\",\"https:\\\/\\\/x.com\\\/hijasdjesus\"]},{\"@type\":\"Person\",\"@id\":\"https:\\\/\\\/hijasdejesus.org\\\/en\\\/#\\\/schema\\\/person\\\/fe794e79d9d612a993451d2d887ad731\",\"name\":\"Maria Jose\",\"image\":{\"@type\":\"ImageObject\",\"inLanguage\":\"en-US\",\"@id\":\"https:\\\/\\\/secure.gravatar.com\\\/avatar\\\/e4747d4a34da9de60dbc74416afcd5b48db8bf40dc7c1d42c329ff225b10b863?s=96&d=mm&r=g\",\"url\":\"https:\\\/\\\/secure.gravatar.com\\\/avatar\\\/e4747d4a34da9de60dbc74416afcd5b48db8bf40dc7c1d42c329ff225b10b863?s=96&d=mm&r=g\",\"contentUrl\":\"https:\\\/\\\/secure.gravatar.com\\\/avatar\\\/e4747d4a34da9de60dbc74416afcd5b48db8bf40dc7c1d42c329ff225b10b863?s=96&d=mm&r=g\",\"caption\":\"Maria Jose\"},\"url\":\"https:\\\/\\\/hijasdejesus.org\\\/en\\\/author\\\/mariajose\\\/\"}]}<\/script>\n<!-- \/ Yoast SEO plugin. -->","yoast_head_json":{"title":"Spain-Italy GC XIX Electors - Hijas de Jes\u00fas","robots":{"index":"index","follow":"follow","max-snippet":"max-snippet:-1","max-image-preview":"max-image-preview:large","max-video-preview":"max-video-preview:-1"},"canonical":"https:\/\/hijasdejesus.org\/en\/spain-italy-gc-xix-electors\/","og_locale":"en_US","og_type":"article","og_title":"Spain-Italy GC XIX Electors - Hijas de Jes\u00fas","og_description":"At the end of the Provincial Congregation (PC) of the Province of Spain-Italy, which is taking place in Salamanca (Spain) from December 28, 2024 to January 3, 2025, we are informed of the names of the Daughters of Jesus who have been elected as electors of the XIX General Congregation. In addition to the Provincial [&hellip;]","og_url":"https:\/\/hijasdejesus.org\/en\/spain-italy-gc-xix-electors\/","og_site_name":"Hijas de Jes\u00fas","article_publisher":"https:\/\/www.facebook.com\/hijasdejesusenelmundo\/","article_published_time":"2025-01-02T18:12:16+00:00","article_modified_time":"2025-01-03T11:53:48+00:00","og_image":[{"width":1748,"height":1240,"url":"https:\/\/hijasdejesus.org\/wp-content\/uploads\/2024\/12\/CP-Espana-Italia-CGXIX.jpg","type":"image\/jpeg"}],"author":"Maria Jose","twitter_card":"summary_large_image","twitter_creator":"@hijasdjesus","twitter_site":"@hijasdjesus","twitter_misc":{"Written by":"Maria Jose","Est. reading time":"1 minute"},"schema":{"@context":"https:\/\/schema.org","@graph":[{"@type":"Article","@id":"https:\/\/hijasdejesus.org\/en\/spain-italy-gc-xix-electors\/#article","isPartOf":{"@id":"https:\/\/hijasdejesus.org\/en\/spain-italy-gc-xix-electors\/"},"author":{"name":"Maria Jose","@id":"https:\/\/hijasdejesus.org\/en\/#\/schema\/person\/fe794e79d9d612a993451d2d887ad731"},"headline":"Spain-Italy GC XIX Electors","datePublished":"2025-01-02T18:12:16+00:00","dateModified":"2025-01-03T11:53:48+00:00","mainEntityOfPage":{"@id":"https:\/\/hijasdejesus.org\/en\/spain-italy-gc-xix-electors\/"},"wordCount":148,"publisher":{"@id":"https:\/\/hijasdejesus.org\/en\/#organization"},"image":{"@id":"https:\/\/hijasdejesus.org\/en\/spain-italy-gc-xix-electors\/#primaryimage"},"thumbnailUrl":"https:\/\/hijasdejesus.org\/wp-content\/uploads\/2024\/12\/CP-Espana-Italia-CGXIX.jpg","keywords":["Provincial Congregation"],"articleSection":["CG XIX","Italy","News","Spain"],"inLanguage":"en-US"},{"@type":"WebPage","@id":"https:\/\/hijasdejesus.org\/en\/spain-italy-gc-xix-electors\/","url":"https:\/\/hijasdejesus.org\/en\/spain-italy-gc-xix-electors\/","name":"Spain-Italy GC XIX Electors - Hijas de Jes\u00fas","isPartOf":{"@id":"https:\/\/hijasdejesus.org\/en\/#website"},"primaryImageOfPage":{"@id":"https:\/\/hijasdejesus.org\/en\/spain-italy-gc-xix-electors\/#primaryimage"},"image":{"@id":"https:\/\/hijasdejesus.org\/en\/spain-italy-gc-xix-electors\/#primaryimage"},"thumbnailUrl":"https:\/\/hijasdejesus.org\/wp-content\/uploads\/2024\/12\/CP-Espana-Italia-CGXIX.jpg","datePublished":"2025-01-02T18:12:16+00:00","dateModified":"2025-01-03T11:53:48+00:00","breadcrumb":{"@id":"https:\/\/hijasdejesus.org\/en\/spain-italy-gc-xix-electors\/#breadcrumb"},"inLanguage":"en-US","potentialAction":[{"@type":"ReadAction","target":["https:\/\/hijasdejesus.org\/en\/spain-italy-gc-xix-electors\/"]}]},{"@type":"ImageObject","inLanguage":"en-US","@id":"https:\/\/hijasdejesus.org\/en\/spain-italy-gc-xix-electors\/#primaryimage","url":"https:\/\/hijasdejesus.org\/wp-content\/uploads\/2024\/12\/CP-Espana-Italia-CGXIX.jpg","contentUrl":"https:\/\/hijasdejesus.org\/wp-content\/uploads\/2024\/12\/CP-Espana-Italia-CGXIX.jpg","width":1748,"height":1240},{"@type":"BreadcrumbList","@id":"https:\/\/hijasdejesus.org\/en\/spain-italy-gc-xix-electors\/#breadcrumb","itemListElement":[{"@type":"ListItem","position":1,"name":"Portada","item":"https:\/\/hijasdejesus.org\/en\/"},{"@type":"ListItem","position":2,"name":"Spain-Italy GC XIX Electors"}]},{"@type":"WebSite","@id":"https:\/\/hijasdejesus.org\/en\/#website","url":"https:\/\/hijasdejesus.org\/en\/","name":"Hijas de Jes\u00fas","description":"Despertamos a Jes\u00fas en el coraz\u00f3n, sacando lo mejor de las personas. Somos una congregaci\u00f3n religiosa ignaciana fundada por la Madre Candida","publisher":{"@id":"https:\/\/hijasdejesus.org\/en\/#organization"},"potentialAction":[{"@type":"SearchAction","target":{"@type":"EntryPoint","urlTemplate":"https:\/\/hijasdejesus.org\/en\/?s={search_term_string}"},"query-input":{"@type":"PropertyValueSpecification","valueRequired":true,"valueName":"search_term_string"}}],"inLanguage":"en-US"},{"@type":"Organization","@id":"https:\/\/hijasdejesus.org\/en\/#organization","name":"Hijas de Jes\u00fas","url":"https:\/\/hijasdejesus.org\/en\/","logo":{"@type":"ImageObject","inLanguage":"en-US","@id":"https:\/\/hijasdejesus.org\/en\/#\/schema\/logo\/image\/","url":"https:\/\/hijasdejesus.org\/wp-content\/uploads\/2023\/01\/Hijas-de-Jesus_hor-A7C957.png","contentUrl":"https:\/\/hijasdejesus.org\/wp-content\/uploads\/2023\/01\/Hijas-de-Jesus_hor-A7C957.png","width":700,"height":360,"caption":"Hijas de Jes\u00fas"},"image":{"@id":"https:\/\/hijasdejesus.org\/en\/#\/schema\/logo\/image\/"},"sameAs":["https:\/\/www.facebook.com\/hijasdejesusenelmundo\/","https:\/\/x.com\/hijasdjesus"]},{"@type":"Person","@id":"https:\/\/hijasdejesus.org\/en\/#\/schema\/person\/fe794e79d9d612a993451d2d887ad731","name":"Maria Jose","image":{"@type":"ImageObject","inLanguage":"en-US","@id":"https:\/\/secure.gravatar.com\/avatar\/e4747d4a34da9de60dbc74416afcd5b48db8bf40dc7c1d42c329ff225b10b863?s=96&d=mm&r=g","url":"https:\/\/secure.gravatar.com\/avatar\/e4747d4a34da9de60dbc74416afcd5b48db8bf40dc7c1d42c329ff225b10b863?s=96&d=mm&r=g","contentUrl":"https:\/\/secure.gravatar.com\/avatar\/e4747d4a34da9de60dbc74416afcd5b48db8bf40dc7c1d42c329ff225b10b863?s=96&d=mm&r=g","caption":"Maria Jose"},"url":"https:\/\/hijasdejesus.org\/en\/author\/mariajose\/"}]}},"_links":{"self":[{"href":"https:\/\/hijasdejesus.org\/en\/wp-json\/wp\/v2\/posts\/44999","targetHints":{"allow":["GET"]}}],"collection":[{"href":"https:\/\/hijasdejesus.org\/en\/wp-json\/wp\/v2\/posts"}],"about":[{"href":"https:\/\/hijasdejesus.org\/en\/wp-json\/wp\/v2\/types\/post"}],"author":[{"embeddable":true,"href":"https:\/\/hijasdejesus.org\/en\/wp-json\/wp\/v2\/users\/7"}],"replies":[{"embeddable":true,"href":"https:\/\/hijasdejesus.org\/en\/wp-json\/wp\/v2\/comments?post=44999"}],"version-history":[{"count":1,"href":"https:\/\/hijasdejesus.org\/en\/wp-json\/wp\/v2\/posts\/44999\/revisions"}],"predecessor-version":[{"id":45002,"href":"https:\/\/hijasdejesus.org\/en\/wp-json\/wp\/v2\/posts\/44999\/revisions\/45002"}],"wp:featuredmedia":[{"embeddable":true,"href":"https:\/\/hijasdejesus.org\/en\/wp-json\/wp\/v2\/media\/44875"}],"wp:attachment":[{"href":"https:\/\/hijasdejesus.org\/en\/wp-json\/wp\/v2\/media?parent=44999"}],"wp:term":[{"taxonomy":"category","embeddable":true,"href":"https:\/\/hijasdejesus.org\/en\/wp-json\/wp\/v2\/categories?post=44999"},{"taxonomy":"post_tag","embeddable":true,"href":"https:\/\/hijasdejesus.org\/en\/wp-json\/wp\/v2\/tags?post=44999"}],"curies":[{"name":"wp","href":"https:\/\/api.w.org\/{rel}","templated":true}]}}