{"id":45048,"date":"2025-01-06T00:04:04","date_gmt":"2025-01-05T23:04:04","guid":{"rendered":"https:\/\/hijasdejesus.org\/brazil-caribbean-gc-xix-electorate\/"},"modified":"2025-01-08T11:04:33","modified_gmt":"2025-01-08T10:04:33","slug":"brazil-caribbean-gc-xix-electorate","status":"publish","type":"post","link":"https:\/\/hijasdejesus.org\/en\/brazil-caribbean-gc-xix-electorate\/","title":{"rendered":"Brazil-Caribbean GC XIX Electorate"},"content":{"rendered":"\n<p>After the Provincial Congregation (PC) of the Province of Brazil-Caribbean, which took place in Belo Horizonte (Brazil) from December 29, 2024 to January 8, 2025, we are informed of the names of the Daughters of Jesus who have been elected as electors of the XIX General Congregation.<\/p>\n\n<p>In addition to the Provincial Superior, <em><strong><em><strong>Sonia Maria Soares da Rocha<\/strong><\/em><\/strong><\/em>will be in attendance:<\/p>\n\n<ul class=\"wp-block-list\">\n<li><strong><em>Altagracia Gonz\u00e1lez Ventura<\/em><\/strong> (<strong><em>Iris<\/em><\/strong>)<\/li>\n\n\n\n<li><strong><em>Leila Janaina Pereira da Silva<\/em><\/strong><\/li>\n\n\n\n<li><strong><em>Massiel Castillo Comas<\/em><\/strong><\/li>\n\n\n\n<li><strong><em>Gis\u00e9lia Maria de Sousa<\/em><\/strong><\/li>\n<\/ul>\n\n<p>Alternates:<\/p>\n\n<ul class=\"wp-block-list\">\n<li><strong><em>Arisleida Mar\u00eda Rinc\u00f3n Puello<\/em><\/strong><\/li>\n\n\n\n<li><strong><em>Regina C\u00e9lia de Oliveira<\/em><\/strong><\/li>\n<\/ul>\n\n<p>We thank the Lord for the availability of each one of them and we pray that they may listen to the voice of his Spirit and seek, together with the rest of the congregation, what God wants from the Daughters of Jesus at this moment in history.<\/p>\n","protected":false},"excerpt":{"rendered":"<p>After the Provincial Congregation (PC) of the Province of Brazil-Caribbean, which took place in Belo Horizonte (Brazil) from December 29, 2024 to January 8, 2025, we are informed of the names of the Daughters of Jesus who have been elected as electors of the XIX General Congregation. In addition to the Provincial Superior, Sonia Maria [&hellip;]<\/p>\n","protected":false},"author":7,"featured_media":44871,"comment_status":"closed","ping_status":"closed","sticky":false,"template":"","format":"standard","meta":{"_et_pb_use_builder":"off","_et_pb_old_content":"","_et_gb_content_width":"","footnotes":"","_links_to":"","_links_to_target":""},"categories":[504,506,1259,512,542,412],"tags":[1268],"class_list":["post-45048","post","type-post","status-publish","format-standard","has-post-thumbnail","hentry","category-brazil","category-brazil-caribbean","category-cg-xix-en","category-cuba-en","category-dominican-republic","category-news","tag-provincial-congregation"],"yoast_head":"<!-- This site is optimized with the Yoast SEO plugin v27.5 - https:\/\/yoast.com\/product\/yoast-seo-wordpress\/ -->\n<title>Brazil-Caribbean GC XIX Electorate - Hijas de Jes\u00fas<\/title>\n<meta name=\"robots\" content=\"index, follow, max-snippet:-1, max-image-preview:large, max-video-preview:-1\" \/>\n<link rel=\"canonical\" href=\"https:\/\/hijasdejesus.org\/en\/brazil-caribbean-gc-xix-electorate\/\" \/>\n<meta property=\"og:locale\" content=\"en_US\" \/>\n<meta property=\"og:type\" content=\"article\" \/>\n<meta property=\"og:title\" content=\"Brazil-Caribbean GC XIX Electorate - Hijas de Jes\u00fas\" \/>\n<meta property=\"og:description\" content=\"After the Provincial Congregation (PC) of the Province of Brazil-Caribbean, which took place in Belo Horizonte (Brazil) from December 29, 2024 to January 8, 2025, we are informed of the names of the Daughters of Jesus who have been elected as electors of the XIX General Congregation. In addition to the Provincial Superior, Sonia Maria [&hellip;]\" \/>\n<meta property=\"og:url\" content=\"https:\/\/hijasdejesus.org\/en\/brazil-caribbean-gc-xix-electorate\/\" \/>\n<meta property=\"og:site_name\" content=\"Hijas de Jes\u00fas\" \/>\n<meta property=\"article:publisher\" content=\"https:\/\/www.facebook.com\/hijasdejesusenelmundo\/\" \/>\n<meta property=\"article:published_time\" content=\"2025-01-05T23:04:04+00:00\" \/>\n<meta property=\"article:modified_time\" content=\"2025-01-08T10:04:33+00:00\" \/>\n<meta property=\"og:image\" content=\"https:\/\/hijasdejesus.org\/wp-content\/uploads\/2024\/12\/CP-Brasil-Caribe-CGXIX.jpg\" \/>\n\t<meta property=\"og:image:width\" content=\"1748\" \/>\n\t<meta property=\"og:image:height\" content=\"1240\" \/>\n\t<meta property=\"og:image:type\" content=\"image\/jpeg\" \/>\n<meta name=\"author\" content=\"Maria Jose\" \/>\n<meta name=\"twitter:card\" content=\"summary_large_image\" \/>\n<meta name=\"twitter:creator\" content=\"@hijasdjesus\" \/>\n<meta name=\"twitter:site\" content=\"@hijasdjesus\" \/>\n<meta name=\"twitter:label1\" content=\"Written by\" \/>\n\t<meta name=\"twitter:data1\" content=\"Maria Jose\" \/>\n\t<meta name=\"twitter:label2\" content=\"Est. reading time\" \/>\n\t<meta name=\"twitter:data2\" content=\"1 minute\" \/>\n<script type=\"application\/ld+json\" class=\"yoast-schema-graph\">{\"@context\":\"https:\\\/\\\/schema.org\",\"@graph\":[{\"@type\":\"Article\",\"@id\":\"https:\\\/\\\/hijasdejesus.org\\\/en\\\/brazil-caribbean-gc-xix-electorate\\\/#article\",\"isPartOf\":{\"@id\":\"https:\\\/\\\/hijasdejesus.org\\\/en\\\/brazil-caribbean-gc-xix-electorate\\\/\"},\"author\":{\"name\":\"Maria Jose\",\"@id\":\"https:\\\/\\\/hijasdejesus.org\\\/en\\\/#\\\/schema\\\/person\\\/fe794e79d9d612a993451d2d887ad731\"},\"headline\":\"Brazil-Caribbean GC XIX Electorate\",\"datePublished\":\"2025-01-05T23:04:04+00:00\",\"dateModified\":\"2025-01-08T10:04:33+00:00\",\"mainEntityOfPage\":{\"@id\":\"https:\\\/\\\/hijasdejesus.org\\\/en\\\/brazil-caribbean-gc-xix-electorate\\\/\"},\"wordCount\":139,\"publisher\":{\"@id\":\"https:\\\/\\\/hijasdejesus.org\\\/en\\\/#organization\"},\"image\":{\"@id\":\"https:\\\/\\\/hijasdejesus.org\\\/en\\\/brazil-caribbean-gc-xix-electorate\\\/#primaryimage\"},\"thumbnailUrl\":\"https:\\\/\\\/hijasdejesus.org\\\/wp-content\\\/uploads\\\/2024\\\/12\\\/CP-Brasil-Caribe-CGXIX.jpg\",\"keywords\":[\"Provincial Congregation\"],\"articleSection\":[\"Brazil\",\"Brazil-Caribbean\",\"CG XIX\",\"Cuba\",\"Dominican Republic\",\"News\"],\"inLanguage\":\"en-US\"},{\"@type\":\"WebPage\",\"@id\":\"https:\\\/\\\/hijasdejesus.org\\\/en\\\/brazil-caribbean-gc-xix-electorate\\\/\",\"url\":\"https:\\\/\\\/hijasdejesus.org\\\/en\\\/brazil-caribbean-gc-xix-electorate\\\/\",\"name\":\"Brazil-Caribbean GC XIX Electorate - Hijas de Jes\u00fas\",\"isPartOf\":{\"@id\":\"https:\\\/\\\/hijasdejesus.org\\\/en\\\/#website\"},\"primaryImageOfPage\":{\"@id\":\"https:\\\/\\\/hijasdejesus.org\\\/en\\\/brazil-caribbean-gc-xix-electorate\\\/#primaryimage\"},\"image\":{\"@id\":\"https:\\\/\\\/hijasdejesus.org\\\/en\\\/brazil-caribbean-gc-xix-electorate\\\/#primaryimage\"},\"thumbnailUrl\":\"https:\\\/\\\/hijasdejesus.org\\\/wp-content\\\/uploads\\\/2024\\\/12\\\/CP-Brasil-Caribe-CGXIX.jpg\",\"datePublished\":\"2025-01-05T23:04:04+00:00\",\"dateModified\":\"2025-01-08T10:04:33+00:00\",\"breadcrumb\":{\"@id\":\"https:\\\/\\\/hijasdejesus.org\\\/en\\\/brazil-caribbean-gc-xix-electorate\\\/#breadcrumb\"},\"inLanguage\":\"en-US\",\"potentialAction\":[{\"@type\":\"ReadAction\",\"target\":[\"https:\\\/\\\/hijasdejesus.org\\\/en\\\/brazil-caribbean-gc-xix-electorate\\\/\"]}]},{\"@type\":\"ImageObject\",\"inLanguage\":\"en-US\",\"@id\":\"https:\\\/\\\/hijasdejesus.org\\\/en\\\/brazil-caribbean-gc-xix-electorate\\\/#primaryimage\",\"url\":\"https:\\\/\\\/hijasdejesus.org\\\/wp-content\\\/uploads\\\/2024\\\/12\\\/CP-Brasil-Caribe-CGXIX.jpg\",\"contentUrl\":\"https:\\\/\\\/hijasdejesus.org\\\/wp-content\\\/uploads\\\/2024\\\/12\\\/CP-Brasil-Caribe-CGXIX.jpg\",\"width\":1748,\"height\":1240},{\"@type\":\"BreadcrumbList\",\"@id\":\"https:\\\/\\\/hijasdejesus.org\\\/en\\\/brazil-caribbean-gc-xix-electorate\\\/#breadcrumb\",\"itemListElement\":[{\"@type\":\"ListItem\",\"position\":1,\"name\":\"Portada\",\"item\":\"https:\\\/\\\/hijasdejesus.org\\\/en\\\/\"},{\"@type\":\"ListItem\",\"position\":2,\"name\":\"Brazil-Caribbean GC XIX Electorate\"}]},{\"@type\":\"WebSite\",\"@id\":\"https:\\\/\\\/hijasdejesus.org\\\/en\\\/#website\",\"url\":\"https:\\\/\\\/hijasdejesus.org\\\/en\\\/\",\"name\":\"Hijas de Jes\u00fas\",\"description\":\"Despertamos a Jes\u00fas en el coraz\u00f3n, sacando lo mejor de las personas. Somos una congregaci\u00f3n religiosa ignaciana fundada por la Madre Candida\",\"publisher\":{\"@id\":\"https:\\\/\\\/hijasdejesus.org\\\/en\\\/#organization\"},\"potentialAction\":[{\"@type\":\"SearchAction\",\"target\":{\"@type\":\"EntryPoint\",\"urlTemplate\":\"https:\\\/\\\/hijasdejesus.org\\\/en\\\/?s={search_term_string}\"},\"query-input\":{\"@type\":\"PropertyValueSpecification\",\"valueRequired\":true,\"valueName\":\"search_term_string\"}}],\"inLanguage\":\"en-US\"},{\"@type\":\"Organization\",\"@id\":\"https:\\\/\\\/hijasdejesus.org\\\/en\\\/#organization\",\"name\":\"Hijas de Jes\u00fas\",\"url\":\"https:\\\/\\\/hijasdejesus.org\\\/en\\\/\",\"logo\":{\"@type\":\"ImageObject\",\"inLanguage\":\"en-US\",\"@id\":\"https:\\\/\\\/hijasdejesus.org\\\/en\\\/#\\\/schema\\\/logo\\\/image\\\/\",\"url\":\"https:\\\/\\\/hijasdejesus.org\\\/wp-content\\\/uploads\\\/2023\\\/01\\\/Hijas-de-Jesus_hor-A7C957.png\",\"contentUrl\":\"https:\\\/\\\/hijasdejesus.org\\\/wp-content\\\/uploads\\\/2023\\\/01\\\/Hijas-de-Jesus_hor-A7C957.png\",\"width\":700,\"height\":360,\"caption\":\"Hijas de Jes\u00fas\"},\"image\":{\"@id\":\"https:\\\/\\\/hijasdejesus.org\\\/en\\\/#\\\/schema\\\/logo\\\/image\\\/\"},\"sameAs\":[\"https:\\\/\\\/www.facebook.com\\\/hijasdejesusenelmundo\\\/\",\"https:\\\/\\\/x.com\\\/hijasdjesus\"]},{\"@type\":\"Person\",\"@id\":\"https:\\\/\\\/hijasdejesus.org\\\/en\\\/#\\\/schema\\\/person\\\/fe794e79d9d612a993451d2d887ad731\",\"name\":\"Maria Jose\",\"image\":{\"@type\":\"ImageObject\",\"inLanguage\":\"en-US\",\"@id\":\"https:\\\/\\\/secure.gravatar.com\\\/avatar\\\/e4747d4a34da9de60dbc74416afcd5b48db8bf40dc7c1d42c329ff225b10b863?s=96&d=mm&r=g\",\"url\":\"https:\\\/\\\/secure.gravatar.com\\\/avatar\\\/e4747d4a34da9de60dbc74416afcd5b48db8bf40dc7c1d42c329ff225b10b863?s=96&d=mm&r=g\",\"contentUrl\":\"https:\\\/\\\/secure.gravatar.com\\\/avatar\\\/e4747d4a34da9de60dbc74416afcd5b48db8bf40dc7c1d42c329ff225b10b863?s=96&d=mm&r=g\",\"caption\":\"Maria Jose\"},\"url\":\"https:\\\/\\\/hijasdejesus.org\\\/en\\\/author\\\/mariajose\\\/\"}]}<\/script>\n<!-- \/ Yoast SEO plugin. -->","yoast_head_json":{"title":"Brazil-Caribbean GC XIX Electorate - Hijas de Jes\u00fas","robots":{"index":"index","follow":"follow","max-snippet":"max-snippet:-1","max-image-preview":"max-image-preview:large","max-video-preview":"max-video-preview:-1"},"canonical":"https:\/\/hijasdejesus.org\/en\/brazil-caribbean-gc-xix-electorate\/","og_locale":"en_US","og_type":"article","og_title":"Brazil-Caribbean GC XIX Electorate - Hijas de Jes\u00fas","og_description":"After the Provincial Congregation (PC) of the Province of Brazil-Caribbean, which took place in Belo Horizonte (Brazil) from December 29, 2024 to January 8, 2025, we are informed of the names of the Daughters of Jesus who have been elected as electors of the XIX General Congregation. In addition to the Provincial Superior, Sonia Maria [&hellip;]","og_url":"https:\/\/hijasdejesus.org\/en\/brazil-caribbean-gc-xix-electorate\/","og_site_name":"Hijas de Jes\u00fas","article_publisher":"https:\/\/www.facebook.com\/hijasdejesusenelmundo\/","article_published_time":"2025-01-05T23:04:04+00:00","article_modified_time":"2025-01-08T10:04:33+00:00","og_image":[{"width":1748,"height":1240,"url":"https:\/\/hijasdejesus.org\/wp-content\/uploads\/2024\/12\/CP-Brasil-Caribe-CGXIX.jpg","type":"image\/jpeg"}],"author":"Maria Jose","twitter_card":"summary_large_image","twitter_creator":"@hijasdjesus","twitter_site":"@hijasdjesus","twitter_misc":{"Written by":"Maria Jose","Est. reading time":"1 minute"},"schema":{"@context":"https:\/\/schema.org","@graph":[{"@type":"Article","@id":"https:\/\/hijasdejesus.org\/en\/brazil-caribbean-gc-xix-electorate\/#article","isPartOf":{"@id":"https:\/\/hijasdejesus.org\/en\/brazil-caribbean-gc-xix-electorate\/"},"author":{"name":"Maria Jose","@id":"https:\/\/hijasdejesus.org\/en\/#\/schema\/person\/fe794e79d9d612a993451d2d887ad731"},"headline":"Brazil-Caribbean GC XIX Electorate","datePublished":"2025-01-05T23:04:04+00:00","dateModified":"2025-01-08T10:04:33+00:00","mainEntityOfPage":{"@id":"https:\/\/hijasdejesus.org\/en\/brazil-caribbean-gc-xix-electorate\/"},"wordCount":139,"publisher":{"@id":"https:\/\/hijasdejesus.org\/en\/#organization"},"image":{"@id":"https:\/\/hijasdejesus.org\/en\/brazil-caribbean-gc-xix-electorate\/#primaryimage"},"thumbnailUrl":"https:\/\/hijasdejesus.org\/wp-content\/uploads\/2024\/12\/CP-Brasil-Caribe-CGXIX.jpg","keywords":["Provincial Congregation"],"articleSection":["Brazil","Brazil-Caribbean","CG XIX","Cuba","Dominican Republic","News"],"inLanguage":"en-US"},{"@type":"WebPage","@id":"https:\/\/hijasdejesus.org\/en\/brazil-caribbean-gc-xix-electorate\/","url":"https:\/\/hijasdejesus.org\/en\/brazil-caribbean-gc-xix-electorate\/","name":"Brazil-Caribbean GC XIX Electorate - Hijas de Jes\u00fas","isPartOf":{"@id":"https:\/\/hijasdejesus.org\/en\/#website"},"primaryImageOfPage":{"@id":"https:\/\/hijasdejesus.org\/en\/brazil-caribbean-gc-xix-electorate\/#primaryimage"},"image":{"@id":"https:\/\/hijasdejesus.org\/en\/brazil-caribbean-gc-xix-electorate\/#primaryimage"},"thumbnailUrl":"https:\/\/hijasdejesus.org\/wp-content\/uploads\/2024\/12\/CP-Brasil-Caribe-CGXIX.jpg","datePublished":"2025-01-05T23:04:04+00:00","dateModified":"2025-01-08T10:04:33+00:00","breadcrumb":{"@id":"https:\/\/hijasdejesus.org\/en\/brazil-caribbean-gc-xix-electorate\/#breadcrumb"},"inLanguage":"en-US","potentialAction":[{"@type":"ReadAction","target":["https:\/\/hijasdejesus.org\/en\/brazil-caribbean-gc-xix-electorate\/"]}]},{"@type":"ImageObject","inLanguage":"en-US","@id":"https:\/\/hijasdejesus.org\/en\/brazil-caribbean-gc-xix-electorate\/#primaryimage","url":"https:\/\/hijasdejesus.org\/wp-content\/uploads\/2024\/12\/CP-Brasil-Caribe-CGXIX.jpg","contentUrl":"https:\/\/hijasdejesus.org\/wp-content\/uploads\/2024\/12\/CP-Brasil-Caribe-CGXIX.jpg","width":1748,"height":1240},{"@type":"BreadcrumbList","@id":"https:\/\/hijasdejesus.org\/en\/brazil-caribbean-gc-xix-electorate\/#breadcrumb","itemListElement":[{"@type":"ListItem","position":1,"name":"Portada","item":"https:\/\/hijasdejesus.org\/en\/"},{"@type":"ListItem","position":2,"name":"Brazil-Caribbean GC XIX Electorate"}]},{"@type":"WebSite","@id":"https:\/\/hijasdejesus.org\/en\/#website","url":"https:\/\/hijasdejesus.org\/en\/","name":"Hijas de Jes\u00fas","description":"Despertamos a Jes\u00fas en el coraz\u00f3n, sacando lo mejor de las personas. Somos una congregaci\u00f3n religiosa ignaciana fundada por la Madre Candida","publisher":{"@id":"https:\/\/hijasdejesus.org\/en\/#organization"},"potentialAction":[{"@type":"SearchAction","target":{"@type":"EntryPoint","urlTemplate":"https:\/\/hijasdejesus.org\/en\/?s={search_term_string}"},"query-input":{"@type":"PropertyValueSpecification","valueRequired":true,"valueName":"search_term_string"}}],"inLanguage":"en-US"},{"@type":"Organization","@id":"https:\/\/hijasdejesus.org\/en\/#organization","name":"Hijas de Jes\u00fas","url":"https:\/\/hijasdejesus.org\/en\/","logo":{"@type":"ImageObject","inLanguage":"en-US","@id":"https:\/\/hijasdejesus.org\/en\/#\/schema\/logo\/image\/","url":"https:\/\/hijasdejesus.org\/wp-content\/uploads\/2023\/01\/Hijas-de-Jesus_hor-A7C957.png","contentUrl":"https:\/\/hijasdejesus.org\/wp-content\/uploads\/2023\/01\/Hijas-de-Jesus_hor-A7C957.png","width":700,"height":360,"caption":"Hijas de Jes\u00fas"},"image":{"@id":"https:\/\/hijasdejesus.org\/en\/#\/schema\/logo\/image\/"},"sameAs":["https:\/\/www.facebook.com\/hijasdejesusenelmundo\/","https:\/\/x.com\/hijasdjesus"]},{"@type":"Person","@id":"https:\/\/hijasdejesus.org\/en\/#\/schema\/person\/fe794e79d9d612a993451d2d887ad731","name":"Maria Jose","image":{"@type":"ImageObject","inLanguage":"en-US","@id":"https:\/\/secure.gravatar.com\/avatar\/e4747d4a34da9de60dbc74416afcd5b48db8bf40dc7c1d42c329ff225b10b863?s=96&d=mm&r=g","url":"https:\/\/secure.gravatar.com\/avatar\/e4747d4a34da9de60dbc74416afcd5b48db8bf40dc7c1d42c329ff225b10b863?s=96&d=mm&r=g","contentUrl":"https:\/\/secure.gravatar.com\/avatar\/e4747d4a34da9de60dbc74416afcd5b48db8bf40dc7c1d42c329ff225b10b863?s=96&d=mm&r=g","caption":"Maria Jose"},"url":"https:\/\/hijasdejesus.org\/en\/author\/mariajose\/"}]}},"_links":{"self":[{"href":"https:\/\/hijasdejesus.org\/en\/wp-json\/wp\/v2\/posts\/45048","targetHints":{"allow":["GET"]}}],"collection":[{"href":"https:\/\/hijasdejesus.org\/en\/wp-json\/wp\/v2\/posts"}],"about":[{"href":"https:\/\/hijasdejesus.org\/en\/wp-json\/wp\/v2\/types\/post"}],"author":[{"embeddable":true,"href":"https:\/\/hijasdejesus.org\/en\/wp-json\/wp\/v2\/users\/7"}],"replies":[{"embeddable":true,"href":"https:\/\/hijasdejesus.org\/en\/wp-json\/wp\/v2\/comments?post=45048"}],"version-history":[{"count":1,"href":"https:\/\/hijasdejesus.org\/en\/wp-json\/wp\/v2\/posts\/45048\/revisions"}],"predecessor-version":[{"id":45049,"href":"https:\/\/hijasdejesus.org\/en\/wp-json\/wp\/v2\/posts\/45048\/revisions\/45049"}],"wp:featuredmedia":[{"embeddable":true,"href":"https:\/\/hijasdejesus.org\/en\/wp-json\/wp\/v2\/media\/44871"}],"wp:attachment":[{"href":"https:\/\/hijasdejesus.org\/en\/wp-json\/wp\/v2\/media?parent=45048"}],"wp:term":[{"taxonomy":"category","embeddable":true,"href":"https:\/\/hijasdejesus.org\/en\/wp-json\/wp\/v2\/categories?post=45048"},{"taxonomy":"post_tag","embeddable":true,"href":"https:\/\/hijasdejesus.org\/en\/wp-json\/wp\/v2\/tags?post=45048"}],"curies":[{"name":"wp","href":"https:\/\/api.w.org\/{rel}","templated":true}]}}