{"id":49156,"date":"2025-05-29T19:29:59","date_gmt":"2025-05-29T17:29:59","guid":{"rendered":"https:\/\/hijasdejesus.org\/being-born-to-the-life-of-a-daughter-of-jesus\/"},"modified":"2025-05-30T20:15:59","modified_gmt":"2025-05-30T18:15:59","slug":"being-born-to-the-life-of-a-daughter-of-jesus","status":"publish","type":"post","link":"https:\/\/hijasdejesus.org\/en\/being-born-to-the-life-of-a-daughter-of-jesus\/","title":{"rendered":"Being Born to the Life of a Daughter of Jesus"},"content":{"rendered":"\n<p>On May 31, the Church celebrates the <strong>Visitation of Mary to her cousin Elizabeth<\/strong>. It is a feast that reminds us of Mary&#8217;s joyful readiness to bring to others the Good News that she herself had received. And on this date, we also remember the<strong> birth of Mother Candida Mary of Jesus<\/strong>. In preparation for this feast, we want to share an experience that has a profound sense of birth and sending.   <\/p>\n\n<p>For a Daughter of Jesus, the formation process is a journey of encounter, discernment and configuration with Jesus. And within this itinerary in the novitiate stage, there are <strong>three foundational experiences<\/strong>: <\/p>\n\n<ul class=\"wp-block-list\">\n<li>The <strong>Month of the Ignatian Spiritual Exercises<\/strong>, where in silence, prayer and discernment, each novice recognizes the voice of God who calls, confirms and sustains. It is a time to be born interiorly to new life in Christ and to the identity of Daughter of Jesus. <br\/><\/li>\n\n\n\n<li>The <strong>Month of Apostolic Experience<\/strong>, where we live the sending out, like Mary, to meet others, announcing the Gospel with our lives, from the closeness and dedication in a concrete presence of a community of Daughters of Jesus \u201cin any part of the world\u201d.<br\/><\/li>\n\n\n\n<li>And the <strong>Month of Abnegation<\/strong>, a space to configure oneself more deeply with the poor, humble and obedient Jesus, learning to live with greater availability and detachment.<br\/><\/li>\n<\/ul>\n\n<p>In this context, we wanted to talk with <strong>Jeniffer Castillo and Paola Mariano<\/strong>, novices of the Brazil-Caribbean Province, who share with us what they experienced during their month of Spiritual Exercises. Their words speak to us of a process that not only transforms, but also gives life. Because in this intimate encounter with God, <strong>they are being born to the life of Daughters of Jesus.<\/strong>  <\/p>\n\n<p>We invite you to watch this video and to prepare ourselves to celebrate together the faithfulness of God who continues to call, send and sustain new generations of women who, like St. Candida, want to \u201cgo to the end of the world in search of souls\u201d.<\/p>\n\n<p><\/p>\n\n<figure class=\"wp-block-embed is-type-video is-provider-youtube wp-block-embed-youtube wp-embed-aspect-16-9 wp-has-aspect-ratio\"><div class=\"wp-block-embed__wrapper\">\n<iframe loading=\"lazy\" title=\"Dialogando con las novicias\" width=\"1080\" height=\"608\" src=\"https:\/\/www.youtube.com\/embed\/ztC-MJR-_7E?feature=oembed\"  allow=\"accelerometer; autoplay; clipboard-write; encrypted-media; gyroscope; picture-in-picture; web-share\" referrerpolicy=\"strict-origin-when-cross-origin\" allowfullscreen><\/iframe>\n<\/div><\/figure>\n","protected":false},"excerpt":{"rendered":"<p>On May 31, the Church celebrates the Visitation of Mary to her cousin Elizabeth. It is a feast that reminds us of Mary&#8217;s joyful readiness to bring to others the Good News that she herself had received. And on this date, we also remember the birth of Mother Candida Mary of Jesus. In preparation for [&hellip;]<\/p>\n","protected":false},"author":36,"featured_media":49151,"comment_status":"closed","ping_status":"closed","sticky":false,"template":"","format":"standard","meta":{"_et_pb_use_builder":"","_et_pb_old_content":"","_et_gb_content_width":"","footnotes":"","_links_to":"","_links_to_target":""},"categories":[528,412],"tags":[703],"class_list":["post-49156","post","type-post","status-publish","format-standard","has-post-thumbnail","hentry","category-hijas-de-jesus-en","category-news","tag-formacion-inicial-en"],"yoast_head":"<!-- This site is optimized with the Yoast SEO plugin v27.4 - https:\/\/yoast.com\/product\/yoast-seo-wordpress\/ -->\n<title>Being Born to the Life of a Daughter of Jesus - Hijas de Jes\u00fas<\/title>\n<meta name=\"description\" content=\"Jeniffer Castillo and Paola Mariano, novices of the Brazil-Caribbean Province, share with us their experiences during their month of Spiritual Exercises.\" \/>\n<meta name=\"robots\" content=\"index, follow, max-snippet:-1, max-image-preview:large, max-video-preview:-1\" \/>\n<link rel=\"canonical\" href=\"https:\/\/hijasdejesus.org\/en\/being-born-to-the-life-of-a-daughter-of-jesus\/\" \/>\n<meta property=\"og:locale\" content=\"en_US\" \/>\n<meta property=\"og:type\" content=\"article\" \/>\n<meta property=\"og:title\" content=\"Being Born to the Life of a Daughter of Jesus - Hijas de Jes\u00fas\" \/>\n<meta property=\"og:description\" content=\"Jeniffer Castillo and Paola Mariano, novices of the Brazil-Caribbean Province, share with us their experiences during their month of Spiritual Exercises.\" \/>\n<meta property=\"og:url\" content=\"https:\/\/hijasdejesus.org\/en\/being-born-to-the-life-of-a-daughter-of-jesus\/\" \/>\n<meta property=\"og:site_name\" content=\"Hijas de Jes\u00fas\" \/>\n<meta property=\"article:publisher\" content=\"https:\/\/www.facebook.com\/hijasdejesusenelmundo\/\" \/>\n<meta property=\"article:published_time\" content=\"2025-05-29T17:29:59+00:00\" \/>\n<meta property=\"article:modified_time\" content=\"2025-05-30T18:15:59+00:00\" \/>\n<meta property=\"og:image\" content=\"https:\/\/hijasdejesus.org\/wp-content\/uploads\/2025\/05\/Fotos-para-web-1.png\" \/>\n\t<meta property=\"og:image:width\" content=\"1748\" \/>\n\t<meta property=\"og:image:height\" content=\"1240\" \/>\n\t<meta property=\"og:image:type\" content=\"image\/png\" \/>\n<meta name=\"author\" content=\"Comunicaci\u00f3n Internacional\" \/>\n<meta name=\"twitter:card\" content=\"summary_large_image\" \/>\n<meta name=\"twitter:creator\" content=\"@hijasdjesus\" \/>\n<meta name=\"twitter:site\" content=\"@hijasdjesus\" \/>\n<meta name=\"twitter:label1\" content=\"Written by\" \/>\n\t<meta name=\"twitter:data1\" content=\"Comunicaci\u00f3n Internacional\" \/>\n\t<meta name=\"twitter:label2\" content=\"Est. reading time\" \/>\n\t<meta name=\"twitter:data2\" content=\"2 minutes\" \/>\n<script type=\"application\/ld+json\" class=\"yoast-schema-graph\">{\"@context\":\"https:\\\/\\\/schema.org\",\"@graph\":[{\"@type\":\"Article\",\"@id\":\"https:\\\/\\\/hijasdejesus.org\\\/en\\\/being-born-to-the-life-of-a-daughter-of-jesus\\\/#article\",\"isPartOf\":{\"@id\":\"https:\\\/\\\/hijasdejesus.org\\\/en\\\/being-born-to-the-life-of-a-daughter-of-jesus\\\/\"},\"author\":{\"name\":\"Comunicaci\u00f3n Internacional\",\"@id\":\"https:\\\/\\\/hijasdejesus.org\\\/en\\\/#\\\/schema\\\/person\\\/91b9e676dca8842a983b89793a34e5b8\"},\"headline\":\"Being Born to the Life of a Daughter of Jesus\",\"datePublished\":\"2025-05-29T17:29:59+00:00\",\"dateModified\":\"2025-05-30T18:15:59+00:00\",\"mainEntityOfPage\":{\"@id\":\"https:\\\/\\\/hijasdejesus.org\\\/en\\\/being-born-to-the-life-of-a-daughter-of-jesus\\\/\"},\"wordCount\":346,\"publisher\":{\"@id\":\"https:\\\/\\\/hijasdejesus.org\\\/en\\\/#organization\"},\"image\":{\"@id\":\"https:\\\/\\\/hijasdejesus.org\\\/en\\\/being-born-to-the-life-of-a-daughter-of-jesus\\\/#primaryimage\"},\"thumbnailUrl\":\"https:\\\/\\\/hijasdejesus.org\\\/wp-content\\\/uploads\\\/2025\\\/05\\\/Fotos-para-web-1.png\",\"keywords\":[\"Formaci\u00f3n inicial\"],\"articleSection\":[\"Hijas de Jes\u00fas\",\"News\"],\"inLanguage\":\"en-US\"},{\"@type\":\"WebPage\",\"@id\":\"https:\\\/\\\/hijasdejesus.org\\\/en\\\/being-born-to-the-life-of-a-daughter-of-jesus\\\/\",\"url\":\"https:\\\/\\\/hijasdejesus.org\\\/en\\\/being-born-to-the-life-of-a-daughter-of-jesus\\\/\",\"name\":\"Being Born to the Life of a Daughter of Jesus - Hijas de Jes\u00fas\",\"isPartOf\":{\"@id\":\"https:\\\/\\\/hijasdejesus.org\\\/en\\\/#website\"},\"primaryImageOfPage\":{\"@id\":\"https:\\\/\\\/hijasdejesus.org\\\/en\\\/being-born-to-the-life-of-a-daughter-of-jesus\\\/#primaryimage\"},\"image\":{\"@id\":\"https:\\\/\\\/hijasdejesus.org\\\/en\\\/being-born-to-the-life-of-a-daughter-of-jesus\\\/#primaryimage\"},\"thumbnailUrl\":\"https:\\\/\\\/hijasdejesus.org\\\/wp-content\\\/uploads\\\/2025\\\/05\\\/Fotos-para-web-1.png\",\"datePublished\":\"2025-05-29T17:29:59+00:00\",\"dateModified\":\"2025-05-30T18:15:59+00:00\",\"description\":\"Jeniffer Castillo and Paola Mariano, novices of the Brazil-Caribbean Province, share with us their experiences during their month of Spiritual Exercises.\",\"breadcrumb\":{\"@id\":\"https:\\\/\\\/hijasdejesus.org\\\/en\\\/being-born-to-the-life-of-a-daughter-of-jesus\\\/#breadcrumb\"},\"inLanguage\":\"en-US\",\"potentialAction\":[{\"@type\":\"ReadAction\",\"target\":[\"https:\\\/\\\/hijasdejesus.org\\\/en\\\/being-born-to-the-life-of-a-daughter-of-jesus\\\/\"]}]},{\"@type\":\"ImageObject\",\"inLanguage\":\"en-US\",\"@id\":\"https:\\\/\\\/hijasdejesus.org\\\/en\\\/being-born-to-the-life-of-a-daughter-of-jesus\\\/#primaryimage\",\"url\":\"https:\\\/\\\/hijasdejesus.org\\\/wp-content\\\/uploads\\\/2025\\\/05\\\/Fotos-para-web-1.png\",\"contentUrl\":\"https:\\\/\\\/hijasdejesus.org\\\/wp-content\\\/uploads\\\/2025\\\/05\\\/Fotos-para-web-1.png\",\"width\":1748,\"height\":1240},{\"@type\":\"BreadcrumbList\",\"@id\":\"https:\\\/\\\/hijasdejesus.org\\\/en\\\/being-born-to-the-life-of-a-daughter-of-jesus\\\/#breadcrumb\",\"itemListElement\":[{\"@type\":\"ListItem\",\"position\":1,\"name\":\"Portada\",\"item\":\"https:\\\/\\\/hijasdejesus.org\\\/en\\\/\"},{\"@type\":\"ListItem\",\"position\":2,\"name\":\"Being Born to the Life of a Daughter of Jesus\"}]},{\"@type\":\"WebSite\",\"@id\":\"https:\\\/\\\/hijasdejesus.org\\\/en\\\/#website\",\"url\":\"https:\\\/\\\/hijasdejesus.org\\\/en\\\/\",\"name\":\"Hijas de Jes\u00fas\",\"description\":\"Despertamos a Jes\u00fas en el coraz\u00f3n, sacando lo mejor de las personas. Somos una congregaci\u00f3n religiosa ignaciana fundada por la Madre Candida\",\"publisher\":{\"@id\":\"https:\\\/\\\/hijasdejesus.org\\\/en\\\/#organization\"},\"potentialAction\":[{\"@type\":\"SearchAction\",\"target\":{\"@type\":\"EntryPoint\",\"urlTemplate\":\"https:\\\/\\\/hijasdejesus.org\\\/en\\\/?s={search_term_string}\"},\"query-input\":{\"@type\":\"PropertyValueSpecification\",\"valueRequired\":true,\"valueName\":\"search_term_string\"}}],\"inLanguage\":\"en-US\"},{\"@type\":\"Organization\",\"@id\":\"https:\\\/\\\/hijasdejesus.org\\\/en\\\/#organization\",\"name\":\"Hijas de Jes\u00fas\",\"url\":\"https:\\\/\\\/hijasdejesus.org\\\/en\\\/\",\"logo\":{\"@type\":\"ImageObject\",\"inLanguage\":\"en-US\",\"@id\":\"https:\\\/\\\/hijasdejesus.org\\\/en\\\/#\\\/schema\\\/logo\\\/image\\\/\",\"url\":\"https:\\\/\\\/hijasdejesus.org\\\/wp-content\\\/uploads\\\/2023\\\/01\\\/Hijas-de-Jesus_hor-A7C957.png\",\"contentUrl\":\"https:\\\/\\\/hijasdejesus.org\\\/wp-content\\\/uploads\\\/2023\\\/01\\\/Hijas-de-Jesus_hor-A7C957.png\",\"width\":700,\"height\":360,\"caption\":\"Hijas de Jes\u00fas\"},\"image\":{\"@id\":\"https:\\\/\\\/hijasdejesus.org\\\/en\\\/#\\\/schema\\\/logo\\\/image\\\/\"},\"sameAs\":[\"https:\\\/\\\/www.facebook.com\\\/hijasdejesusenelmundo\\\/\",\"https:\\\/\\\/x.com\\\/hijasdjesus\"]},{\"@type\":\"Person\",\"@id\":\"https:\\\/\\\/hijasdejesus.org\\\/en\\\/#\\\/schema\\\/person\\\/91b9e676dca8842a983b89793a34e5b8\",\"name\":\"Comunicaci\u00f3n Internacional\",\"image\":{\"@type\":\"ImageObject\",\"inLanguage\":\"en-US\",\"@id\":\"https:\\\/\\\/secure.gravatar.com\\\/avatar\\\/dcb9b61797c934872aa9209ebf48b92edfeb0819dcdcaa77cd84879d6def414d?s=96&d=mm&r=g\",\"url\":\"https:\\\/\\\/secure.gravatar.com\\\/avatar\\\/dcb9b61797c934872aa9209ebf48b92edfeb0819dcdcaa77cd84879d6def414d?s=96&d=mm&r=g\",\"contentUrl\":\"https:\\\/\\\/secure.gravatar.com\\\/avatar\\\/dcb9b61797c934872aa9209ebf48b92edfeb0819dcdcaa77cd84879d6def414d?s=96&d=mm&r=g\",\"caption\":\"Comunicaci\u00f3n Internacional\"},\"url\":\"https:\\\/\\\/hijasdejesus.org\\\/en\\\/author\\\/comunicacion-internacional\\\/\"}]}<\/script>\n<!-- \/ Yoast SEO plugin. -->","yoast_head_json":{"title":"Being Born to the Life of a Daughter of Jesus - Hijas de Jes\u00fas","description":"Jeniffer Castillo and Paola Mariano, novices of the Brazil-Caribbean Province, share with us their experiences during their month of Spiritual Exercises.","robots":{"index":"index","follow":"follow","max-snippet":"max-snippet:-1","max-image-preview":"max-image-preview:large","max-video-preview":"max-video-preview:-1"},"canonical":"https:\/\/hijasdejesus.org\/en\/being-born-to-the-life-of-a-daughter-of-jesus\/","og_locale":"en_US","og_type":"article","og_title":"Being Born to the Life of a Daughter of Jesus - Hijas de Jes\u00fas","og_description":"Jeniffer Castillo and Paola Mariano, novices of the Brazil-Caribbean Province, share with us their experiences during their month of Spiritual Exercises.","og_url":"https:\/\/hijasdejesus.org\/en\/being-born-to-the-life-of-a-daughter-of-jesus\/","og_site_name":"Hijas de Jes\u00fas","article_publisher":"https:\/\/www.facebook.com\/hijasdejesusenelmundo\/","article_published_time":"2025-05-29T17:29:59+00:00","article_modified_time":"2025-05-30T18:15:59+00:00","og_image":[{"width":1748,"height":1240,"url":"https:\/\/hijasdejesus.org\/wp-content\/uploads\/2025\/05\/Fotos-para-web-1.png","type":"image\/png"}],"author":"Comunicaci\u00f3n Internacional","twitter_card":"summary_large_image","twitter_creator":"@hijasdjesus","twitter_site":"@hijasdjesus","twitter_misc":{"Written by":"Comunicaci\u00f3n Internacional","Est. reading time":"2 minutes"},"schema":{"@context":"https:\/\/schema.org","@graph":[{"@type":"Article","@id":"https:\/\/hijasdejesus.org\/en\/being-born-to-the-life-of-a-daughter-of-jesus\/#article","isPartOf":{"@id":"https:\/\/hijasdejesus.org\/en\/being-born-to-the-life-of-a-daughter-of-jesus\/"},"author":{"name":"Comunicaci\u00f3n Internacional","@id":"https:\/\/hijasdejesus.org\/en\/#\/schema\/person\/91b9e676dca8842a983b89793a34e5b8"},"headline":"Being Born to the Life of a Daughter of Jesus","datePublished":"2025-05-29T17:29:59+00:00","dateModified":"2025-05-30T18:15:59+00:00","mainEntityOfPage":{"@id":"https:\/\/hijasdejesus.org\/en\/being-born-to-the-life-of-a-daughter-of-jesus\/"},"wordCount":346,"publisher":{"@id":"https:\/\/hijasdejesus.org\/en\/#organization"},"image":{"@id":"https:\/\/hijasdejesus.org\/en\/being-born-to-the-life-of-a-daughter-of-jesus\/#primaryimage"},"thumbnailUrl":"https:\/\/hijasdejesus.org\/wp-content\/uploads\/2025\/05\/Fotos-para-web-1.png","keywords":["Formaci\u00f3n inicial"],"articleSection":["Hijas de Jes\u00fas","News"],"inLanguage":"en-US"},{"@type":"WebPage","@id":"https:\/\/hijasdejesus.org\/en\/being-born-to-the-life-of-a-daughter-of-jesus\/","url":"https:\/\/hijasdejesus.org\/en\/being-born-to-the-life-of-a-daughter-of-jesus\/","name":"Being Born to the Life of a Daughter of Jesus - Hijas de Jes\u00fas","isPartOf":{"@id":"https:\/\/hijasdejesus.org\/en\/#website"},"primaryImageOfPage":{"@id":"https:\/\/hijasdejesus.org\/en\/being-born-to-the-life-of-a-daughter-of-jesus\/#primaryimage"},"image":{"@id":"https:\/\/hijasdejesus.org\/en\/being-born-to-the-life-of-a-daughter-of-jesus\/#primaryimage"},"thumbnailUrl":"https:\/\/hijasdejesus.org\/wp-content\/uploads\/2025\/05\/Fotos-para-web-1.png","datePublished":"2025-05-29T17:29:59+00:00","dateModified":"2025-05-30T18:15:59+00:00","description":"Jeniffer Castillo and Paola Mariano, novices of the Brazil-Caribbean Province, share with us their experiences during their month of Spiritual Exercises.","breadcrumb":{"@id":"https:\/\/hijasdejesus.org\/en\/being-born-to-the-life-of-a-daughter-of-jesus\/#breadcrumb"},"inLanguage":"en-US","potentialAction":[{"@type":"ReadAction","target":["https:\/\/hijasdejesus.org\/en\/being-born-to-the-life-of-a-daughter-of-jesus\/"]}]},{"@type":"ImageObject","inLanguage":"en-US","@id":"https:\/\/hijasdejesus.org\/en\/being-born-to-the-life-of-a-daughter-of-jesus\/#primaryimage","url":"https:\/\/hijasdejesus.org\/wp-content\/uploads\/2025\/05\/Fotos-para-web-1.png","contentUrl":"https:\/\/hijasdejesus.org\/wp-content\/uploads\/2025\/05\/Fotos-para-web-1.png","width":1748,"height":1240},{"@type":"BreadcrumbList","@id":"https:\/\/hijasdejesus.org\/en\/being-born-to-the-life-of-a-daughter-of-jesus\/#breadcrumb","itemListElement":[{"@type":"ListItem","position":1,"name":"Portada","item":"https:\/\/hijasdejesus.org\/en\/"},{"@type":"ListItem","position":2,"name":"Being Born to the Life of a Daughter of Jesus"}]},{"@type":"WebSite","@id":"https:\/\/hijasdejesus.org\/en\/#website","url":"https:\/\/hijasdejesus.org\/en\/","name":"Hijas de Jes\u00fas","description":"Despertamos a Jes\u00fas en el coraz\u00f3n, sacando lo mejor de las personas. Somos una congregaci\u00f3n religiosa ignaciana fundada por la Madre Candida","publisher":{"@id":"https:\/\/hijasdejesus.org\/en\/#organization"},"potentialAction":[{"@type":"SearchAction","target":{"@type":"EntryPoint","urlTemplate":"https:\/\/hijasdejesus.org\/en\/?s={search_term_string}"},"query-input":{"@type":"PropertyValueSpecification","valueRequired":true,"valueName":"search_term_string"}}],"inLanguage":"en-US"},{"@type":"Organization","@id":"https:\/\/hijasdejesus.org\/en\/#organization","name":"Hijas de Jes\u00fas","url":"https:\/\/hijasdejesus.org\/en\/","logo":{"@type":"ImageObject","inLanguage":"en-US","@id":"https:\/\/hijasdejesus.org\/en\/#\/schema\/logo\/image\/","url":"https:\/\/hijasdejesus.org\/wp-content\/uploads\/2023\/01\/Hijas-de-Jesus_hor-A7C957.png","contentUrl":"https:\/\/hijasdejesus.org\/wp-content\/uploads\/2023\/01\/Hijas-de-Jesus_hor-A7C957.png","width":700,"height":360,"caption":"Hijas de Jes\u00fas"},"image":{"@id":"https:\/\/hijasdejesus.org\/en\/#\/schema\/logo\/image\/"},"sameAs":["https:\/\/www.facebook.com\/hijasdejesusenelmundo\/","https:\/\/x.com\/hijasdjesus"]},{"@type":"Person","@id":"https:\/\/hijasdejesus.org\/en\/#\/schema\/person\/91b9e676dca8842a983b89793a34e5b8","name":"Comunicaci\u00f3n Internacional","image":{"@type":"ImageObject","inLanguage":"en-US","@id":"https:\/\/secure.gravatar.com\/avatar\/dcb9b61797c934872aa9209ebf48b92edfeb0819dcdcaa77cd84879d6def414d?s=96&d=mm&r=g","url":"https:\/\/secure.gravatar.com\/avatar\/dcb9b61797c934872aa9209ebf48b92edfeb0819dcdcaa77cd84879d6def414d?s=96&d=mm&r=g","contentUrl":"https:\/\/secure.gravatar.com\/avatar\/dcb9b61797c934872aa9209ebf48b92edfeb0819dcdcaa77cd84879d6def414d?s=96&d=mm&r=g","caption":"Comunicaci\u00f3n Internacional"},"url":"https:\/\/hijasdejesus.org\/en\/author\/comunicacion-internacional\/"}]}},"_links":{"self":[{"href":"https:\/\/hijasdejesus.org\/en\/wp-json\/wp\/v2\/posts\/49156","targetHints":{"allow":["GET"]}}],"collection":[{"href":"https:\/\/hijasdejesus.org\/en\/wp-json\/wp\/v2\/posts"}],"about":[{"href":"https:\/\/hijasdejesus.org\/en\/wp-json\/wp\/v2\/types\/post"}],"author":[{"embeddable":true,"href":"https:\/\/hijasdejesus.org\/en\/wp-json\/wp\/v2\/users\/36"}],"replies":[{"embeddable":true,"href":"https:\/\/hijasdejesus.org\/en\/wp-json\/wp\/v2\/comments?post=49156"}],"version-history":[{"count":1,"href":"https:\/\/hijasdejesus.org\/en\/wp-json\/wp\/v2\/posts\/49156\/revisions"}],"predecessor-version":[{"id":49158,"href":"https:\/\/hijasdejesus.org\/en\/wp-json\/wp\/v2\/posts\/49156\/revisions\/49158"}],"wp:featuredmedia":[{"embeddable":true,"href":"https:\/\/hijasdejesus.org\/en\/wp-json\/wp\/v2\/media\/49151"}],"wp:attachment":[{"href":"https:\/\/hijasdejesus.org\/en\/wp-json\/wp\/v2\/media?parent=49156"}],"wp:term":[{"taxonomy":"category","embeddable":true,"href":"https:\/\/hijasdejesus.org\/en\/wp-json\/wp\/v2\/categories?post=49156"},{"taxonomy":"post_tag","embeddable":true,"href":"https:\/\/hijasdejesus.org\/en\/wp-json\/wp\/v2\/tags?post=49156"}],"curies":[{"name":"wp","href":"https:\/\/api.w.org\/{rel}","templated":true}]}}