{"id":49298,"date":"2025-06-10T21:26:44","date_gmt":"2025-06-10T19:26:44","guid":{"rendered":"https:\/\/hijasdejesus.org\/mozambique-a-new-beginning-in-inhambane\/"},"modified":"2025-06-12T19:12:30","modified_gmt":"2025-06-12T17:12:30","slug":"mozambique-a-new-beginning-in-inhambane","status":"publish","type":"post","link":"https:\/\/hijasdejesus.org\/en\/mozambique-a-new-beginning-in-inhambane\/","title":{"rendered":"Mozambique: a new beginning in Inhambane"},"content":{"rendered":"\n<p>In <strong>Letter 45<\/strong>, our Superior General <strong>Graciela Francovig<\/strong> shared with us some news from the Body that invite us to gratitude, solidarity and to keep hope alive. Among them, she spoke to us about the journey of our sisters in <strong>Mozambique<\/strong>, who are living a time of changes, searches and new beginnings. <\/p>\n\n<p><strong>Just a few days ago we celebrated the feast of Pentecost<\/strong>, which reminds us of the missionary sending and the action of the Spirit that impels us to go out, to announce, to accompany and to sow hope in the midst of the people. With this same Spirit, our sisters continue their journey in Mozambique. <\/p>\n\n<p>In mid-February, the <strong>Church and the people of Metoro<\/strong> <strong>and Maputo<\/strong> bid a fond farewell to the sisters after years of presence and service in this land so dear to us. Since then, they began their journey to <strong>Inhambane<\/strong>, where two sisters from <strong>Maputo<\/strong> were already waiting for them <strong>.<\/strong> This is for them a time of getting to know, of adaptation, of encountering new realities and of taking their first steps in a mission that has just begun. Our sister <strong>Kenia Cede\u00f1o, from the Dominican Republic<\/strong>, after having been in Brazil for some time, preparing herself for this mission, learning Portuguese to be able to communicate and share better with the Mozambican people, as Graciela indicated in her letter, is already in Inhambane.  <\/p>\n\n<figure class=\"wp-block-gallery has-nested-images columns-default is-cropped wp-block-gallery-1 is-layout-flex wp-block-gallery-is-layout-flex\">\n<figure class=\"wp-block-image size-large\"><img loading=\"lazy\" decoding=\"async\" width=\"1024\" height=\"726\" data-id=\"49280\" src=\"https:\/\/hijasdejesus.org\/wp-content\/uploads\/2025\/06\/1-1024x726.png\" alt=\"\" class=\"wp-image-49280\" srcset=\"https:\/\/hijasdejesus.org\/wp-content\/uploads\/2025\/06\/1-980x695.png 980w, https:\/\/hijasdejesus.org\/wp-content\/uploads\/2025\/06\/1-480x341.png 480w\" sizes=\"(min-width: 0px) and (max-width: 480px) 480px, (min-width: 481px) and (max-width: 980px) 980px, (min-width: 981px) 1024px, 100vw\" \/><figcaption class=\"wp-element-caption\">Pilar de la Puerta, Massiel Castillo and Mar\u00eda de la O Mart\u00ednez, Daughters of Jesus.<\/figcaption><\/figure>\n\n\n\n<figure class=\"wp-block-image size-large\"><img loading=\"lazy\" decoding=\"async\" width=\"1024\" height=\"726\" data-id=\"49284\" src=\"https:\/\/hijasdejesus.org\/wp-content\/uploads\/2025\/06\/3-1024x726.png\" alt=\"\" class=\"wp-image-49284\" srcset=\"https:\/\/hijasdejesus.org\/wp-content\/uploads\/2025\/06\/3-980x695.png 980w, https:\/\/hijasdejesus.org\/wp-content\/uploads\/2025\/06\/3-480x341.png 480w\" sizes=\"(min-width: 0px) and (max-width: 480px) 480px, (min-width: 481px) and (max-width: 980px) 980px, (min-width: 981px) 1024px, 100vw\" \/><figcaption class=\"wp-element-caption\">Sanctuary of the Martyrs of Guiua<\/figcaption><\/figure>\n<\/figure>\n\n<p><\/p>\n\n<p>For her part, <strong>Maria Aparecida Ramos<\/strong> continues in <strong>Pemba<\/strong> to complete the <a href=\"https:\/\/www.ayudaalaiglesianecesitada.org\/testimonios\/mozambique-ayuda-comunidades-acn\">psychosocial accompaniment of people who have lived through the harsh traumas<\/a> of the war that recently struck the region. <em>After discerning it together<\/em>,\u201csays Graciela,\u201d they understood that <em>we could not leave without concluding this service, which is so necessary for those who suffer the most.<\/em> During these months, Aparecida is living with the <strong>Pastorelle Sisters<\/strong> of that city.<\/p>\n\n<p>In addition, <strong>Maria de la O Martinez<\/strong>, delegate of Mozambique, closely accompanies this movement and new presence. She was in Mozambique before the GCXIX to coordinate the necessary with the sisters of this Congregation and to know personally the new mission in <strong>Inhambane<\/strong>. <\/p>\n\n<figure class=\"wp-block-gallery has-nested-images columns-default is-cropped wp-block-gallery-2 is-layout-flex wp-block-gallery-is-layout-flex\">\n<figure class=\"wp-block-image size-large\"><img loading=\"lazy\" decoding=\"async\" width=\"1024\" height=\"726\" data-id=\"49276\" src=\"https:\/\/hijasdejesus.org\/wp-content\/uploads\/2025\/06\/2-1024x726.png\" alt=\"\" class=\"wp-image-49276\" srcset=\"https:\/\/hijasdejesus.org\/wp-content\/uploads\/2025\/06\/2-980x695.png 980w, https:\/\/hijasdejesus.org\/wp-content\/uploads\/2025\/06\/2-480x341.png 480w\" sizes=\"(min-width: 0px) and (max-width: 480px) 480px, (min-width: 481px) and (max-width: 980px) 980px, (min-width: 981px) 1024px, 100vw\" \/><figcaption class=\"wp-element-caption\">The director of the Training Center explaining the Center&#8217;s activities.<\/figcaption><\/figure>\n\n\n\n<figure class=\"wp-block-image size-large\"><img loading=\"lazy\" decoding=\"async\" width=\"1024\" height=\"726\" data-id=\"49272\" src=\"https:\/\/hijasdejesus.org\/wp-content\/uploads\/2025\/06\/4-1024x726.png\" alt=\"\" class=\"wp-image-49272\" srcset=\"https:\/\/hijasdejesus.org\/wp-content\/uploads\/2025\/06\/4-980x695.png 980w, https:\/\/hijasdejesus.org\/wp-content\/uploads\/2025\/06\/4-480x341.png 480w\" sizes=\"(min-width: 0px) and (max-width: 480px) 480px, (min-width: 481px) and (max-width: 980px) 980px, (min-width: 981px) 1024px, 100vw\" \/><figcaption class=\"wp-element-caption\">Mar\u00eda de la O Mart\u00ednez, FI and Bishop Ernesto Maguengue.<\/figcaption><\/figure>\n<\/figure>\n\n<p><\/p>\n\n<p>As Graciela reminded us in her letter, this time has meant many <strong>departures<\/strong> for our sisters. Not only geographical displacements or changes of diocese, but also <strong>interior departures<\/strong>, having to leave dear places and people, where the need is so great and where, humanly speaking, we feel that we should never leave. <\/p>\n\n<p>Today we want to <strong>express our profound gratitude for<\/strong> the <strong>20 years of presence<\/strong> of the Daughters of Jesus in <strong>Metoro and Pemba<\/strong>, and for all the good sown in so many lives through the patient, selfless and prophetic dedication of so many Daughters of Jesus during these years. To all of them, in the name of the Congregation: <strong>thank you, dear sisters!<\/strong> <\/p>\n\n<p><strong>With gratitude and hope<\/strong>, we share this news that, as Graciela says, <strong>moves us to go out, to seek and to trust<\/strong> that <strong>God continues to make a way with us<\/strong>, <strong>wherever we are sent<\/strong>.<\/p>\n\n<figure class=\"wp-block-gallery has-nested-images columns-default is-cropped wp-block-gallery-3 is-layout-flex wp-block-gallery-is-layout-flex\">\n<figure class=\"wp-block-image size-large\"><img loading=\"lazy\" decoding=\"async\" width=\"1024\" height=\"726\" data-id=\"49288\" src=\"https:\/\/hijasdejesus.org\/wp-content\/uploads\/2025\/06\/5-1024x726.png\" alt=\"\" class=\"wp-image-49288\" srcset=\"https:\/\/hijasdejesus.org\/wp-content\/uploads\/2025\/06\/5-980x695.png 980w, https:\/\/hijasdejesus.org\/wp-content\/uploads\/2025\/06\/5-480x341.png 480w\" sizes=\"(min-width: 0px) and (max-width: 480px) 480px, (min-width: 481px) and (max-width: 980px) 980px, (min-width: 981px) 1024px, 100vw\" \/><figcaption class=\"wp-element-caption\">Diocesan Formation Center in Guiua<\/figcaption><\/figure>\n\n\n\n<figure class=\"wp-block-image size-large\"><img loading=\"lazy\" decoding=\"async\" width=\"1024\" height=\"726\" data-id=\"49293\" src=\"https:\/\/hijasdejesus.org\/wp-content\/uploads\/2025\/06\/Portadas-web-2-1024x726.png\" alt=\"\" class=\"wp-image-49293\" srcset=\"https:\/\/hijasdejesus.org\/wp-content\/uploads\/2025\/06\/Portadas-web-2-980x695.png 980w, https:\/\/hijasdejesus.org\/wp-content\/uploads\/2025\/06\/Portadas-web-2-480x341.png 480w\" sizes=\"(min-width: 0px) and (max-width: 480px) 480px, (min-width: 481px) and (max-width: 980px) 980px, (min-width: 981px) 1024px, 100vw\" \/><\/figure>\n<\/figure>\n","protected":false},"excerpt":{"rendered":"<p>In Letter 45, our Superior General Graciela Francovig shared with us some news from the Body that invite us to gratitude, solidarity and to keep hope alive. Among them, she spoke to us about the journey of our sisters in Mozambique, who are living a time of changes, searches and new beginnings. Just a few [&hellip;]<\/p>\n","protected":false},"author":36,"featured_media":49290,"comment_status":"closed","ping_status":"closed","sticky":false,"template":"","format":"standard","meta":{"_et_pb_use_builder":"","_et_pb_old_content":"","_et_gb_content_width":"","footnotes":"","_links_to":"","_links_to_target":""},"categories":[504,542,540,412],"tags":[],"class_list":["post-49298","post","type-post","status-publish","format-standard","has-post-thumbnail","hentry","category-brazil","category-dominican-republic","category-mozambique-en","category-news"],"yoast_head":"<!-- This site is optimized with the Yoast SEO plugin v27.5 - https:\/\/yoast.com\/product\/yoast-seo-wordpress\/ -->\n<title>Mozambique: a new beginning in Inhambane - Hijas de Jes\u00fas<\/title>\n<meta name=\"description\" content=\"The Daughters of Jesus begin a new mission in Inhambane, Mozambique, after 20 years of presence in Metoro. Discover this time of sending, changes and hope.\" \/>\n<meta name=\"robots\" content=\"index, follow, max-snippet:-1, max-image-preview:large, max-video-preview:-1\" \/>\n<link rel=\"canonical\" href=\"https:\/\/hijasdejesus.org\/en\/mozambique-a-new-beginning-in-inhambane\/\" \/>\n<meta property=\"og:locale\" content=\"en_US\" \/>\n<meta property=\"og:type\" content=\"article\" \/>\n<meta property=\"og:title\" content=\"Mozambique: a new beginning in Inhambane - Hijas de Jes\u00fas\" \/>\n<meta property=\"og:description\" content=\"The Daughters of Jesus begin a new mission in Inhambane, Mozambique, after 20 years of presence in Metoro. Discover this time of sending, changes and hope.\" \/>\n<meta property=\"og:url\" content=\"https:\/\/hijasdejesus.org\/en\/mozambique-a-new-beginning-in-inhambane\/\" \/>\n<meta property=\"og:site_name\" content=\"Hijas de Jes\u00fas\" \/>\n<meta property=\"article:publisher\" content=\"https:\/\/www.facebook.com\/hijasdejesusenelmundo\/\" \/>\n<meta property=\"article:published_time\" content=\"2025-06-10T19:26:44+00:00\" \/>\n<meta property=\"article:modified_time\" content=\"2025-06-12T17:12:30+00:00\" \/>\n<meta property=\"og:image\" content=\"https:\/\/hijasdejesus.org\/wp-content\/uploads\/2025\/06\/5-1024x726.png\" \/>\n\t<meta property=\"og:image:width\" content=\"1024\" \/>\n\t<meta property=\"og:image:height\" content=\"726\" \/>\n\t<meta property=\"og:image:type\" content=\"image\/png\" \/>\n<meta name=\"author\" content=\"Comunicaci\u00f3n Internacional\" \/>\n<meta name=\"twitter:card\" content=\"summary_large_image\" \/>\n<meta name=\"twitter:creator\" content=\"@hijasdjesus\" \/>\n<meta name=\"twitter:site\" content=\"@hijasdjesus\" \/>\n<meta name=\"twitter:label1\" content=\"Written by\" \/>\n\t<meta name=\"twitter:data1\" content=\"Comunicaci\u00f3n Internacional\" \/>\n\t<meta name=\"twitter:label2\" content=\"Est. reading time\" \/>\n\t<meta name=\"twitter:data2\" content=\"3 minutes\" \/>\n<script type=\"application\/ld+json\" class=\"yoast-schema-graph\">{\"@context\":\"https:\\\/\\\/schema.org\",\"@graph\":[{\"@type\":\"Article\",\"@id\":\"https:\\\/\\\/hijasdejesus.org\\\/en\\\/mozambique-a-new-beginning-in-inhambane\\\/#article\",\"isPartOf\":{\"@id\":\"https:\\\/\\\/hijasdejesus.org\\\/en\\\/mozambique-a-new-beginning-in-inhambane\\\/\"},\"author\":{\"name\":\"Comunicaci\u00f3n Internacional\",\"@id\":\"https:\\\/\\\/hijasdejesus.org\\\/en\\\/#\\\/schema\\\/person\\\/91b9e676dca8842a983b89793a34e5b8\"},\"headline\":\"Mozambique: a new beginning in Inhambane\",\"datePublished\":\"2025-06-10T19:26:44+00:00\",\"dateModified\":\"2025-06-12T17:12:30+00:00\",\"mainEntityOfPage\":{\"@id\":\"https:\\\/\\\/hijasdejesus.org\\\/en\\\/mozambique-a-new-beginning-in-inhambane\\\/\"},\"wordCount\":550,\"publisher\":{\"@id\":\"https:\\\/\\\/hijasdejesus.org\\\/en\\\/#organization\"},\"image\":{\"@id\":\"https:\\\/\\\/hijasdejesus.org\\\/en\\\/mozambique-a-new-beginning-in-inhambane\\\/#primaryimage\"},\"thumbnailUrl\":\"https:\\\/\\\/hijasdejesus.org\\\/wp-content\\\/uploads\\\/2025\\\/06\\\/5.png\",\"articleSection\":[\"Brazil\",\"Dominican Republic\",\"Mozambique\",\"News\"],\"inLanguage\":\"en-US\"},{\"@type\":\"WebPage\",\"@id\":\"https:\\\/\\\/hijasdejesus.org\\\/en\\\/mozambique-a-new-beginning-in-inhambane\\\/\",\"url\":\"https:\\\/\\\/hijasdejesus.org\\\/en\\\/mozambique-a-new-beginning-in-inhambane\\\/\",\"name\":\"Mozambique: a new beginning in Inhambane - Hijas de Jes\u00fas\",\"isPartOf\":{\"@id\":\"https:\\\/\\\/hijasdejesus.org\\\/en\\\/#website\"},\"primaryImageOfPage\":{\"@id\":\"https:\\\/\\\/hijasdejesus.org\\\/en\\\/mozambique-a-new-beginning-in-inhambane\\\/#primaryimage\"},\"image\":{\"@id\":\"https:\\\/\\\/hijasdejesus.org\\\/en\\\/mozambique-a-new-beginning-in-inhambane\\\/#primaryimage\"},\"thumbnailUrl\":\"https:\\\/\\\/hijasdejesus.org\\\/wp-content\\\/uploads\\\/2025\\\/06\\\/5.png\",\"datePublished\":\"2025-06-10T19:26:44+00:00\",\"dateModified\":\"2025-06-12T17:12:30+00:00\",\"description\":\"The Daughters of Jesus begin a new mission in Inhambane, Mozambique, after 20 years of presence in Metoro. Discover this time of sending, changes and hope.\",\"breadcrumb\":{\"@id\":\"https:\\\/\\\/hijasdejesus.org\\\/en\\\/mozambique-a-new-beginning-in-inhambane\\\/#breadcrumb\"},\"inLanguage\":\"en-US\",\"potentialAction\":[{\"@type\":\"ReadAction\",\"target\":[\"https:\\\/\\\/hijasdejesus.org\\\/en\\\/mozambique-a-new-beginning-in-inhambane\\\/\"]}]},{\"@type\":\"ImageObject\",\"inLanguage\":\"en-US\",\"@id\":\"https:\\\/\\\/hijasdejesus.org\\\/en\\\/mozambique-a-new-beginning-in-inhambane\\\/#primaryimage\",\"url\":\"https:\\\/\\\/hijasdejesus.org\\\/wp-content\\\/uploads\\\/2025\\\/06\\\/5.png\",\"contentUrl\":\"https:\\\/\\\/hijasdejesus.org\\\/wp-content\\\/uploads\\\/2025\\\/06\\\/5.png\",\"width\":1748,\"height\":1240},{\"@type\":\"BreadcrumbList\",\"@id\":\"https:\\\/\\\/hijasdejesus.org\\\/en\\\/mozambique-a-new-beginning-in-inhambane\\\/#breadcrumb\",\"itemListElement\":[{\"@type\":\"ListItem\",\"position\":1,\"name\":\"Portada\",\"item\":\"https:\\\/\\\/hijasdejesus.org\\\/en\\\/\"},{\"@type\":\"ListItem\",\"position\":2,\"name\":\"Mozambique: a new beginning in Inhambane\"}]},{\"@type\":\"WebSite\",\"@id\":\"https:\\\/\\\/hijasdejesus.org\\\/en\\\/#website\",\"url\":\"https:\\\/\\\/hijasdejesus.org\\\/en\\\/\",\"name\":\"Hijas de Jes\u00fas\",\"description\":\"Despertamos a Jes\u00fas en el coraz\u00f3n, sacando lo mejor de las personas. Somos una congregaci\u00f3n religiosa ignaciana fundada por la Madre Candida\",\"publisher\":{\"@id\":\"https:\\\/\\\/hijasdejesus.org\\\/en\\\/#organization\"},\"potentialAction\":[{\"@type\":\"SearchAction\",\"target\":{\"@type\":\"EntryPoint\",\"urlTemplate\":\"https:\\\/\\\/hijasdejesus.org\\\/en\\\/?s={search_term_string}\"},\"query-input\":{\"@type\":\"PropertyValueSpecification\",\"valueRequired\":true,\"valueName\":\"search_term_string\"}}],\"inLanguage\":\"en-US\"},{\"@type\":\"Organization\",\"@id\":\"https:\\\/\\\/hijasdejesus.org\\\/en\\\/#organization\",\"name\":\"Hijas de Jes\u00fas\",\"url\":\"https:\\\/\\\/hijasdejesus.org\\\/en\\\/\",\"logo\":{\"@type\":\"ImageObject\",\"inLanguage\":\"en-US\",\"@id\":\"https:\\\/\\\/hijasdejesus.org\\\/en\\\/#\\\/schema\\\/logo\\\/image\\\/\",\"url\":\"https:\\\/\\\/hijasdejesus.org\\\/wp-content\\\/uploads\\\/2023\\\/01\\\/Hijas-de-Jesus_hor-A7C957.png\",\"contentUrl\":\"https:\\\/\\\/hijasdejesus.org\\\/wp-content\\\/uploads\\\/2023\\\/01\\\/Hijas-de-Jesus_hor-A7C957.png\",\"width\":700,\"height\":360,\"caption\":\"Hijas de Jes\u00fas\"},\"image\":{\"@id\":\"https:\\\/\\\/hijasdejesus.org\\\/en\\\/#\\\/schema\\\/logo\\\/image\\\/\"},\"sameAs\":[\"https:\\\/\\\/www.facebook.com\\\/hijasdejesusenelmundo\\\/\",\"https:\\\/\\\/x.com\\\/hijasdjesus\"]},{\"@type\":\"Person\",\"@id\":\"https:\\\/\\\/hijasdejesus.org\\\/en\\\/#\\\/schema\\\/person\\\/91b9e676dca8842a983b89793a34e5b8\",\"name\":\"Comunicaci\u00f3n Internacional\",\"image\":{\"@type\":\"ImageObject\",\"inLanguage\":\"en-US\",\"@id\":\"https:\\\/\\\/secure.gravatar.com\\\/avatar\\\/dcb9b61797c934872aa9209ebf48b92edfeb0819dcdcaa77cd84879d6def414d?s=96&d=mm&r=g\",\"url\":\"https:\\\/\\\/secure.gravatar.com\\\/avatar\\\/dcb9b61797c934872aa9209ebf48b92edfeb0819dcdcaa77cd84879d6def414d?s=96&d=mm&r=g\",\"contentUrl\":\"https:\\\/\\\/secure.gravatar.com\\\/avatar\\\/dcb9b61797c934872aa9209ebf48b92edfeb0819dcdcaa77cd84879d6def414d?s=96&d=mm&r=g\",\"caption\":\"Comunicaci\u00f3n Internacional\"},\"url\":\"https:\\\/\\\/hijasdejesus.org\\\/en\\\/author\\\/comunicacion-internacional\\\/\"}]}<\/script>\n<!-- \/ Yoast SEO plugin. -->","yoast_head_json":{"title":"Mozambique: a new beginning in Inhambane - Hijas de Jes\u00fas","description":"The Daughters of Jesus begin a new mission in Inhambane, Mozambique, after 20 years of presence in Metoro. Discover this time of sending, changes and hope.","robots":{"index":"index","follow":"follow","max-snippet":"max-snippet:-1","max-image-preview":"max-image-preview:large","max-video-preview":"max-video-preview:-1"},"canonical":"https:\/\/hijasdejesus.org\/en\/mozambique-a-new-beginning-in-inhambane\/","og_locale":"en_US","og_type":"article","og_title":"Mozambique: a new beginning in Inhambane - Hijas de Jes\u00fas","og_description":"The Daughters of Jesus begin a new mission in Inhambane, Mozambique, after 20 years of presence in Metoro. Discover this time of sending, changes and hope.","og_url":"https:\/\/hijasdejesus.org\/en\/mozambique-a-new-beginning-in-inhambane\/","og_site_name":"Hijas de Jes\u00fas","article_publisher":"https:\/\/www.facebook.com\/hijasdejesusenelmundo\/","article_published_time":"2025-06-10T19:26:44+00:00","article_modified_time":"2025-06-12T17:12:30+00:00","og_image":[{"width":1024,"height":726,"url":"https:\/\/hijasdejesus.org\/wp-content\/uploads\/2025\/06\/5-1024x726.png","type":"image\/png"}],"author":"Comunicaci\u00f3n Internacional","twitter_card":"summary_large_image","twitter_creator":"@hijasdjesus","twitter_site":"@hijasdjesus","twitter_misc":{"Written by":"Comunicaci\u00f3n Internacional","Est. reading time":"3 minutes"},"schema":{"@context":"https:\/\/schema.org","@graph":[{"@type":"Article","@id":"https:\/\/hijasdejesus.org\/en\/mozambique-a-new-beginning-in-inhambane\/#article","isPartOf":{"@id":"https:\/\/hijasdejesus.org\/en\/mozambique-a-new-beginning-in-inhambane\/"},"author":{"name":"Comunicaci\u00f3n Internacional","@id":"https:\/\/hijasdejesus.org\/en\/#\/schema\/person\/91b9e676dca8842a983b89793a34e5b8"},"headline":"Mozambique: a new beginning in Inhambane","datePublished":"2025-06-10T19:26:44+00:00","dateModified":"2025-06-12T17:12:30+00:00","mainEntityOfPage":{"@id":"https:\/\/hijasdejesus.org\/en\/mozambique-a-new-beginning-in-inhambane\/"},"wordCount":550,"publisher":{"@id":"https:\/\/hijasdejesus.org\/en\/#organization"},"image":{"@id":"https:\/\/hijasdejesus.org\/en\/mozambique-a-new-beginning-in-inhambane\/#primaryimage"},"thumbnailUrl":"https:\/\/hijasdejesus.org\/wp-content\/uploads\/2025\/06\/5.png","articleSection":["Brazil","Dominican Republic","Mozambique","News"],"inLanguage":"en-US"},{"@type":"WebPage","@id":"https:\/\/hijasdejesus.org\/en\/mozambique-a-new-beginning-in-inhambane\/","url":"https:\/\/hijasdejesus.org\/en\/mozambique-a-new-beginning-in-inhambane\/","name":"Mozambique: a new beginning in Inhambane - Hijas de Jes\u00fas","isPartOf":{"@id":"https:\/\/hijasdejesus.org\/en\/#website"},"primaryImageOfPage":{"@id":"https:\/\/hijasdejesus.org\/en\/mozambique-a-new-beginning-in-inhambane\/#primaryimage"},"image":{"@id":"https:\/\/hijasdejesus.org\/en\/mozambique-a-new-beginning-in-inhambane\/#primaryimage"},"thumbnailUrl":"https:\/\/hijasdejesus.org\/wp-content\/uploads\/2025\/06\/5.png","datePublished":"2025-06-10T19:26:44+00:00","dateModified":"2025-06-12T17:12:30+00:00","description":"The Daughters of Jesus begin a new mission in Inhambane, Mozambique, after 20 years of presence in Metoro. Discover this time of sending, changes and hope.","breadcrumb":{"@id":"https:\/\/hijasdejesus.org\/en\/mozambique-a-new-beginning-in-inhambane\/#breadcrumb"},"inLanguage":"en-US","potentialAction":[{"@type":"ReadAction","target":["https:\/\/hijasdejesus.org\/en\/mozambique-a-new-beginning-in-inhambane\/"]}]},{"@type":"ImageObject","inLanguage":"en-US","@id":"https:\/\/hijasdejesus.org\/en\/mozambique-a-new-beginning-in-inhambane\/#primaryimage","url":"https:\/\/hijasdejesus.org\/wp-content\/uploads\/2025\/06\/5.png","contentUrl":"https:\/\/hijasdejesus.org\/wp-content\/uploads\/2025\/06\/5.png","width":1748,"height":1240},{"@type":"BreadcrumbList","@id":"https:\/\/hijasdejesus.org\/en\/mozambique-a-new-beginning-in-inhambane\/#breadcrumb","itemListElement":[{"@type":"ListItem","position":1,"name":"Portada","item":"https:\/\/hijasdejesus.org\/en\/"},{"@type":"ListItem","position":2,"name":"Mozambique: a new beginning in Inhambane"}]},{"@type":"WebSite","@id":"https:\/\/hijasdejesus.org\/en\/#website","url":"https:\/\/hijasdejesus.org\/en\/","name":"Hijas de Jes\u00fas","description":"Despertamos a Jes\u00fas en el coraz\u00f3n, sacando lo mejor de las personas. Somos una congregaci\u00f3n religiosa ignaciana fundada por la Madre Candida","publisher":{"@id":"https:\/\/hijasdejesus.org\/en\/#organization"},"potentialAction":[{"@type":"SearchAction","target":{"@type":"EntryPoint","urlTemplate":"https:\/\/hijasdejesus.org\/en\/?s={search_term_string}"},"query-input":{"@type":"PropertyValueSpecification","valueRequired":true,"valueName":"search_term_string"}}],"inLanguage":"en-US"},{"@type":"Organization","@id":"https:\/\/hijasdejesus.org\/en\/#organization","name":"Hijas de Jes\u00fas","url":"https:\/\/hijasdejesus.org\/en\/","logo":{"@type":"ImageObject","inLanguage":"en-US","@id":"https:\/\/hijasdejesus.org\/en\/#\/schema\/logo\/image\/","url":"https:\/\/hijasdejesus.org\/wp-content\/uploads\/2023\/01\/Hijas-de-Jesus_hor-A7C957.png","contentUrl":"https:\/\/hijasdejesus.org\/wp-content\/uploads\/2023\/01\/Hijas-de-Jesus_hor-A7C957.png","width":700,"height":360,"caption":"Hijas de Jes\u00fas"},"image":{"@id":"https:\/\/hijasdejesus.org\/en\/#\/schema\/logo\/image\/"},"sameAs":["https:\/\/www.facebook.com\/hijasdejesusenelmundo\/","https:\/\/x.com\/hijasdjesus"]},{"@type":"Person","@id":"https:\/\/hijasdejesus.org\/en\/#\/schema\/person\/91b9e676dca8842a983b89793a34e5b8","name":"Comunicaci\u00f3n Internacional","image":{"@type":"ImageObject","inLanguage":"en-US","@id":"https:\/\/secure.gravatar.com\/avatar\/dcb9b61797c934872aa9209ebf48b92edfeb0819dcdcaa77cd84879d6def414d?s=96&d=mm&r=g","url":"https:\/\/secure.gravatar.com\/avatar\/dcb9b61797c934872aa9209ebf48b92edfeb0819dcdcaa77cd84879d6def414d?s=96&d=mm&r=g","contentUrl":"https:\/\/secure.gravatar.com\/avatar\/dcb9b61797c934872aa9209ebf48b92edfeb0819dcdcaa77cd84879d6def414d?s=96&d=mm&r=g","caption":"Comunicaci\u00f3n Internacional"},"url":"https:\/\/hijasdejesus.org\/en\/author\/comunicacion-internacional\/"}]}},"_links":{"self":[{"href":"https:\/\/hijasdejesus.org\/en\/wp-json\/wp\/v2\/posts\/49298","targetHints":{"allow":["GET"]}}],"collection":[{"href":"https:\/\/hijasdejesus.org\/en\/wp-json\/wp\/v2\/posts"}],"about":[{"href":"https:\/\/hijasdejesus.org\/en\/wp-json\/wp\/v2\/types\/post"}],"author":[{"embeddable":true,"href":"https:\/\/hijasdejesus.org\/en\/wp-json\/wp\/v2\/users\/36"}],"replies":[{"embeddable":true,"href":"https:\/\/hijasdejesus.org\/en\/wp-json\/wp\/v2\/comments?post=49298"}],"version-history":[{"count":1,"href":"https:\/\/hijasdejesus.org\/en\/wp-json\/wp\/v2\/posts\/49298\/revisions"}],"predecessor-version":[{"id":49303,"href":"https:\/\/hijasdejesus.org\/en\/wp-json\/wp\/v2\/posts\/49298\/revisions\/49303"}],"wp:featuredmedia":[{"embeddable":true,"href":"https:\/\/hijasdejesus.org\/en\/wp-json\/wp\/v2\/media\/49290"}],"wp:attachment":[{"href":"https:\/\/hijasdejesus.org\/en\/wp-json\/wp\/v2\/media?parent=49298"}],"wp:term":[{"taxonomy":"category","embeddable":true,"href":"https:\/\/hijasdejesus.org\/en\/wp-json\/wp\/v2\/categories?post=49298"},{"taxonomy":"post_tag","embeddable":true,"href":"https:\/\/hijasdejesus.org\/en\/wp-json\/wp\/v2\/tags?post=49298"}],"curies":[{"name":"wp","href":"https:\/\/api.w.org\/{rel}","templated":true}]}}